{"id":120827,"date":"2015-01-29T18:13:14","date_gmt":"2015-01-29T17:13:14","guid":{"rendered":"https:\/\/sandzakpress.net\/arhiva\/?p=120827"},"modified":"2015-01-29T18:13:14","modified_gmt":"2015-01-29T17:13:14","slug":"berane-na-proljece-adaptacija-fasada-u-glavnoj-ulici","status":"publish","type":"post","link":"https:\/\/sandzakpress.net\/arhiva\/berane-na-proljece-adaptacija-fasada-u-glavnoj-ulici\/","title":{"rendered":"Berane: Na prolje\u0107e adaptacija fasada u glavnoj ulici"},"content":{"rendered":"<p><a href=\"https:\/\/sandzakpress.net\/arhiva\/wp-content\/uploads\/2015\/01\/berane1.jpg\"><img loading=\"lazy\" decoding=\"async\" class=\" size-full wp-image-120828 aligncenter\" src=\"https:\/\/sandzakpress.net\/arhiva\/wp-content\/uploads\/2015\/01\/berane1.jpg\" alt=\"berane\" width=\"600\" height=\"377\" \/><\/a><\/p>\n<p><strong>Berane &#8211; Op\u0161tina Berane je jesenas zapo\u010dela aktivnosti oko preure\u0111enja glavne ulice, kada je nalo\u017eeno vlasnicima mnogobrojnih kafi\u0107a da uklone tende nad ljetnjim ba\u0161tama koje su ru\u017eile izgled grada<\/strong><\/p>\n<p>Op\u0161tina Berane pristupi\u0107e na prolje\u0107e projektu adaptacije svih fasada u glavnoj gradskoj ulici, a za te potrebe bud\u017eetom su opredijeljna sredstva u iznosu od 40.000 eura.<\/p>\n<p>To je saop\u0161teno danas na sastanku sa predstavnicima stanara zgrada koje se nalaze u ovoj ulici.<\/p>\n<p>Ukazano je na zna\u010daj ovog oprojekta koji bi trebalo da se realizuje zajedni\u010dkom aktivno\u0161\u0107u lokalne uprave i stanara stambenih zgrada.<\/p>\n<p>Dogovoreno je formiranje radne grupe za izradu idejnog rje\u0161enja adaptacije fasada, koju \u0107e \u010diniti predstavnici lokane uprave, istaknuti stru\u010dnjaci i predstavnici skup\u0161tina stanara.<\/p>\n<p>Op\u0161tina Berane je jesenas zapo\u010dela aktivnosti oko preure\u0111enja glavne ulice, kada je nalo\u017eeno vlasnicima mnogobrojnih kafi\u0107a da uklone tende nad ljetnjim ba\u0161tama koje su ru\u017eile izgled grada. Tada je saop\u0161teno da od sljede\u0107e sezone vlasnici kafi\u0107a vi\u0161e ne\u0107e mo\u0107i da postavljaju tende, ve\u0107 \u0107e morati da koriste suncobrane, najvjerovatnije jednoobrazne.<\/p>\n<p>Glavna ulica, koja nosi ime ugumana Misjije Ze\u010devi\u0107a, rekonstruisana je prije desetak godina sredstvima koja su najve\u0107im dijelom obezbije\u0111ena od USAID-a. Tada je poplo\u010dana i zatvorena za saobra\u0107aj i opretvorena u svojevrstan trg.<\/p>\n<p>Na sjednicama lokalnog parlmenta je vi\u0161e puta isticano da se i vlasnici nezavr\u0161enih objekata i oronulih ku\u0107a u glavnoj gradskoj ulici moraju privoljeti da zavr\u0161avaju zapo\u010dete i ostavljene poslove, kojima je naru\u017een izgled grada.<\/p>\n","protected":false},"excerpt":{"rendered":"<p>Berane &#8211; Op\u0161tina Berane je jesenas zapo\u010dela aktivnosti oko preure\u0111enja glavne ulice, kada je nalo\u017eeno vlasnicima mnogobrojnih kafi\u0107a da uklone tende nad ljetnjim ba\u0161tama koje su ru\u017eile izgled grada Op\u0161tina Berane pristupi\u0107e na prolje\u0107e projektu adaptacije svih fasada u glavnoj gradskoj ulici, a za te potrebe bud\u017eetom su opredijeljna sredstva u iznosu od 40.000 eura. [&hellip;]<\/p>\n","protected":false},"author":83,"featured_media":120828,"comment_status":"open","ping_status":"open","sticky":false,"template":"","format":"standard","meta":{"footnotes":""},"categories":[1,397,798],"tags":[],"class_list":{"0":"post-120827","1":"post","2":"type-post","3":"status-publish","4":"format-standard","5":"has-post-thumbnail","7":"category-politika","8":"category-berane","9":"category-teme"},"yoast_head":"<!-- This site is optimized with the Yoast SEO Premium plugin v23.1 (Yoast SEO v24.9) - https:\/\/yoast.com\/wordpress\/plugins\/seo\/ -->\n<title>Berane: Na prolje\u0107e adaptacija fasada u glavnoj ulici<\/title>\n<meta name=\"robots\" content=\"index, follow, max-snippet:-1, max-image-preview:large, max-video-preview:-1\" \/>\n<link rel=\"canonical\" href=\"https:\/\/sandzakpress.net\/arhiva\/berane-na-proljece-adaptacija-fasada-u-glavnoj-ulici\/\" \/>\n<meta property=\"og:locale\" content=\"bs_BA\" \/>\n<meta property=\"og:type\" content=\"article\" \/>\n<meta property=\"og:title\" content=\"Berane: Na prolje\u0107e adaptacija fasada u glavnoj ulici\" \/>\n<meta property=\"og:description\" content=\"Berane &#8211; Op\u0161tina Berane je jesenas zapo\u010dela aktivnosti oko preure\u0111enja glavne ulice, kada je nalo\u017eeno vlasnicima mnogobrojnih kafi\u0107a da uklone tende nad ljetnjim ba\u0161tama koje su ru\u017eile izgled grada Op\u0161tina Berane pristupi\u0107e na prolje\u0107e projektu adaptacije svih fasada u glavnoj gradskoj ulici, a za te potrebe bud\u017eetom su opredijeljna sredstva u iznosu od 40.000 eura. [&hellip;]\" \/>\n<meta property=\"og:url\" content=\"https:\/\/sandzakpress.net\/arhiva\/berane-na-proljece-adaptacija-fasada-u-glavnoj-ulici\/\" \/>\n<meta property=\"og:site_name\" content=\"Sand\u017eak PRESS\" \/>\n<meta property=\"article:published_time\" content=\"2015-01-29T17:13:14+00:00\" \/>\n<meta property=\"og:image\" content=\"https:\/\/sandzakpress.net\/arhiva\/wp-content\/uploads\/2015\/01\/berane1.jpg\" \/>\n\t<meta property=\"og:image:width\" content=\"600\" \/>\n\t<meta property=\"og:image:height\" content=\"377\" \/>\n\t<meta property=\"og:image:type\" content=\"image\/jpeg\" \/>\n<meta name=\"author\" content=\"bosniak\" \/>\n<meta name=\"twitter:card\" content=\"summary_large_image\" \/>\n<meta name=\"twitter:label1\" content=\"Written by\" \/>\n\t<meta name=\"twitter:data1\" content=\"bosniak\" \/>\n\t<meta name=\"twitter:label2\" content=\"Est. reading time\" \/>\n\t<meta name=\"twitter:data2\" content=\"1 minuta\" \/>\n<script type=\"application\/ld+json\" class=\"yoast-schema-graph\">{\"@context\":\"https:\/\/schema.org\",\"@graph\":[{\"@type\":\"Article\",\"@id\":\"https:\/\/sandzakpress.net\/arhiva\/berane-na-proljece-adaptacija-fasada-u-glavnoj-ulici\/#article\",\"isPartOf\":{\"@id\":\"https:\/\/sandzakpress.net\/arhiva\/berane-na-proljece-adaptacija-fasada-u-glavnoj-ulici\/\"},\"author\":{\"name\":\"bosniak\",\"@id\":\"https:\/\/sandzakpress.net\/arhiva\/#\/schema\/person\/c8baee722073534b583ea7bdb2e36c02\"},\"headline\":\"Berane: Na prolje\u0107e adaptacija fasada u glavnoj ulici\",\"datePublished\":\"2015-01-29T17:13:14+00:00\",\"mainEntityOfPage\":{\"@id\":\"https:\/\/sandzakpress.net\/arhiva\/berane-na-proljece-adaptacija-fasada-u-glavnoj-ulici\/\"},\"wordCount\":282,\"commentCount\":0,\"publisher\":{\"@id\":\"https:\/\/sandzakpress.net\/arhiva\/#\/schema\/person\/6e72b67d6e51910a1117b3b483ba20bd\"},\"image\":{\"@id\":\"https:\/\/sandzakpress.net\/arhiva\/berane-na-proljece-adaptacija-fasada-u-glavnoj-ulici\/#primaryimage\"},\"thumbnailUrl\":\"https:\/\/sandzakpress.net\/arhiva\/wp-content\/uploads\/2015\/01\/berane1.jpg\",\"articleSection\":[\"Politika\",\"Berane\",\"NAJNOVIJE\"],\"inLanguage\":\"bs-BA\",\"potentialAction\":[{\"@type\":\"CommentAction\",\"name\":\"Comment\",\"target\":[\"https:\/\/sandzakpress.net\/arhiva\/berane-na-proljece-adaptacija-fasada-u-glavnoj-ulici\/#respond\"]}]},{\"@type\":\"WebPage\",\"@id\":\"https:\/\/sandzakpress.net\/arhiva\/berane-na-proljece-adaptacija-fasada-u-glavnoj-ulici\/\",\"url\":\"https:\/\/sandzakpress.net\/arhiva\/berane-na-proljece-adaptacija-fasada-u-glavnoj-ulici\/\",\"name\":\"Berane: Na prolje\u0107e adaptacija fasada u glavnoj ulici\",\"isPartOf\":{\"@id\":\"https:\/\/sandzakpress.net\/arhiva\/#website\"},\"primaryImageOfPage\":{\"@id\":\"https:\/\/sandzakpress.net\/arhiva\/berane-na-proljece-adaptacija-fasada-u-glavnoj-ulici\/#primaryimage\"},\"image\":{\"@id\":\"https:\/\/sandzakpress.net\/arhiva\/berane-na-proljece-adaptacija-fasada-u-glavnoj-ulici\/#primaryimage\"},\"thumbnailUrl\":\"https:\/\/sandzakpress.net\/arhiva\/wp-content\/uploads\/2015\/01\/berane1.jpg\",\"datePublished\":\"2015-01-29T17:13:14+00:00\",\"breadcrumb\":{\"@id\":\"https:\/\/sandzakpress.net\/arhiva\/berane-na-proljece-adaptacija-fasada-u-glavnoj-ulici\/#breadcrumb\"},\"inLanguage\":\"bs-BA\",\"potentialAction\":[{\"@type\":\"ReadAction\",\"target\":[\"https:\/\/sandzakpress.net\/arhiva\/berane-na-proljece-adaptacija-fasada-u-glavnoj-ulici\/\"]}]},{\"@type\":\"ImageObject\",\"inLanguage\":\"bs-BA\",\"@id\":\"https:\/\/sandzakpress.net\/arhiva\/berane-na-proljece-adaptacija-fasada-u-glavnoj-ulici\/#primaryimage\",\"url\":\"https:\/\/sandzakpress.net\/arhiva\/wp-content\/uploads\/2015\/01\/berane1.jpg\",\"contentUrl\":\"https:\/\/sandzakpress.net\/arhiva\/wp-content\/uploads\/2015\/01\/berane1.jpg\",\"width\":600,\"height\":377},{\"@type\":\"BreadcrumbList\",\"@id\":\"https:\/\/sandzakpress.net\/arhiva\/berane-na-proljece-adaptacija-fasada-u-glavnoj-ulici\/#breadcrumb\",\"itemListElement\":[{\"@type\":\"ListItem\",\"position\":1,\"name\":\"Home\",\"item\":\"https:\/\/sandzakpress.net\/arhiva\/\"},{\"@type\":\"ListItem\",\"position\":2,\"name\":\"Berane: Na prolje\u0107e adaptacija fasada u glavnoj ulici\"}]},{\"@type\":\"WebSite\",\"@id\":\"https:\/\/sandzakpress.net\/arhiva\/#website\",\"url\":\"https:\/\/sandzakpress.net\/arhiva\/\",\"name\":\"Sand\u017eak PRESS\",\"description\":\"Prve elektronske novine u Sand\u017eaku\",\"publisher\":{\"@id\":\"https:\/\/sandzakpress.net\/arhiva\/#\/schema\/person\/6e72b67d6e51910a1117b3b483ba20bd\"},\"potentialAction\":[{\"@type\":\"SearchAction\",\"target\":{\"@type\":\"EntryPoint\",\"urlTemplate\":\"https:\/\/sandzakpress.net\/arhiva\/?s={search_term_string}\"},\"query-input\":{\"@type\":\"PropertyValueSpecification\",\"valueRequired\":true,\"valueName\":\"search_term_string\"}}],\"inLanguage\":\"bs-BA\"},{\"@type\":[\"Person\",\"Organization\"],\"@id\":\"https:\/\/sandzakpress.net\/arhiva\/#\/schema\/person\/6e72b67d6e51910a1117b3b483ba20bd\",\"name\":\"Kul\",\"image\":{\"@type\":\"ImageObject\",\"inLanguage\":\"bs-BA\",\"@id\":\"https:\/\/sandzakpress.net\/arhiva\/#\/schema\/person\/image\/\",\"url\":\"https:\/\/secure.gravatar.com\/avatar\/42263f39aa27ac04c43cab85c280eb2e?s=96&d=mm&r=pg\",\"contentUrl\":\"https:\/\/secure.gravatar.com\/avatar\/42263f39aa27ac04c43cab85c280eb2e?s=96&d=mm&r=pg\",\"caption\":\"Kul\"},\"logo\":{\"@id\":\"https:\/\/sandzakpress.net\/arhiva\/#\/schema\/person\/image\/\"}},{\"@type\":\"Person\",\"@id\":\"https:\/\/sandzakpress.net\/arhiva\/#\/schema\/person\/c8baee722073534b583ea7bdb2e36c02\",\"name\":\"bosniak\",\"image\":{\"@type\":\"ImageObject\",\"inLanguage\":\"bs-BA\",\"@id\":\"https:\/\/sandzakpress.net\/arhiva\/#\/schema\/person\/image\/\",\"url\":\"https:\/\/secure.gravatar.com\/avatar\/a04fd330bfe3a36a72a0ad4a6d89fca7?s=96&d=mm&r=pg\",\"contentUrl\":\"https:\/\/secure.gravatar.com\/avatar\/a04fd330bfe3a36a72a0ad4a6d89fca7?s=96&d=mm&r=pg\",\"caption\":\"bosniak\"},\"url\":\"https:\/\/sandzakpress.net\/arhiva\/author\/bosniak\/\"}]}<\/script>\n<!-- \/ Yoast SEO Premium plugin. -->","yoast_head_json":{"title":"Berane: Na prolje\u0107e adaptacija fasada u glavnoj ulici","robots":{"index":"index","follow":"follow","max-snippet":"max-snippet:-1","max-image-preview":"max-image-preview:large","max-video-preview":"max-video-preview:-1"},"canonical":"https:\/\/sandzakpress.net\/arhiva\/berane-na-proljece-adaptacija-fasada-u-glavnoj-ulici\/","og_locale":"bs_BA","og_type":"article","og_title":"Berane: Na prolje\u0107e adaptacija fasada u glavnoj ulici","og_description":"Berane &#8211; Op\u0161tina Berane je jesenas zapo\u010dela aktivnosti oko preure\u0111enja glavne ulice, kada je nalo\u017eeno vlasnicima mnogobrojnih kafi\u0107a da uklone tende nad ljetnjim ba\u0161tama koje su ru\u017eile izgled grada Op\u0161tina Berane pristupi\u0107e na prolje\u0107e projektu adaptacije svih fasada u glavnoj gradskoj ulici, a za te potrebe bud\u017eetom su opredijeljna sredstva u iznosu od 40.000 eura. [&hellip;]","og_url":"https:\/\/sandzakpress.net\/arhiva\/berane-na-proljece-adaptacija-fasada-u-glavnoj-ulici\/","og_site_name":"Sand\u017eak PRESS","article_published_time":"2015-01-29T17:13:14+00:00","og_image":[{"width":600,"height":377,"url":"https:\/\/sandzakpress.net\/arhiva\/wp-content\/uploads\/2015\/01\/berane1.jpg","type":"image\/jpeg"}],"author":"bosniak","twitter_card":"summary_large_image","twitter_misc":{"Written by":"bosniak","Est. reading time":"1 minuta"},"schema":{"@context":"https:\/\/schema.org","@graph":[{"@type":"Article","@id":"https:\/\/sandzakpress.net\/arhiva\/berane-na-proljece-adaptacija-fasada-u-glavnoj-ulici\/#article","isPartOf":{"@id":"https:\/\/sandzakpress.net\/arhiva\/berane-na-proljece-adaptacija-fasada-u-glavnoj-ulici\/"},"author":{"name":"bosniak","@id":"https:\/\/sandzakpress.net\/arhiva\/#\/schema\/person\/c8baee722073534b583ea7bdb2e36c02"},"headline":"Berane: Na prolje\u0107e adaptacija fasada u glavnoj ulici","datePublished":"2015-01-29T17:13:14+00:00","mainEntityOfPage":{"@id":"https:\/\/sandzakpress.net\/arhiva\/berane-na-proljece-adaptacija-fasada-u-glavnoj-ulici\/"},"wordCount":282,"commentCount":0,"publisher":{"@id":"https:\/\/sandzakpress.net\/arhiva\/#\/schema\/person\/6e72b67d6e51910a1117b3b483ba20bd"},"image":{"@id":"https:\/\/sandzakpress.net\/arhiva\/berane-na-proljece-adaptacija-fasada-u-glavnoj-ulici\/#primaryimage"},"thumbnailUrl":"https:\/\/sandzakpress.net\/arhiva\/wp-content\/uploads\/2015\/01\/berane1.jpg","articleSection":["Politika","Berane","NAJNOVIJE"],"inLanguage":"bs-BA","potentialAction":[{"@type":"CommentAction","name":"Comment","target":["https:\/\/sandzakpress.net\/arhiva\/berane-na-proljece-adaptacija-fasada-u-glavnoj-ulici\/#respond"]}]},{"@type":"WebPage","@id":"https:\/\/sandzakpress.net\/arhiva\/berane-na-proljece-adaptacija-fasada-u-glavnoj-ulici\/","url":"https:\/\/sandzakpress.net\/arhiva\/berane-na-proljece-adaptacija-fasada-u-glavnoj-ulici\/","name":"Berane: Na prolje\u0107e adaptacija fasada u glavnoj ulici","isPartOf":{"@id":"https:\/\/sandzakpress.net\/arhiva\/#website"},"primaryImageOfPage":{"@id":"https:\/\/sandzakpress.net\/arhiva\/berane-na-proljece-adaptacija-fasada-u-glavnoj-ulici\/#primaryimage"},"image":{"@id":"https:\/\/sandzakpress.net\/arhiva\/berane-na-proljece-adaptacija-fasada-u-glavnoj-ulici\/#primaryimage"},"thumbnailUrl":"https:\/\/sandzakpress.net\/arhiva\/wp-content\/uploads\/2015\/01\/berane1.jpg","datePublished":"2015-01-29T17:13:14+00:00","breadcrumb":{"@id":"https:\/\/sandzakpress.net\/arhiva\/berane-na-proljece-adaptacija-fasada-u-glavnoj-ulici\/#breadcrumb"},"inLanguage":"bs-BA","potentialAction":[{"@type":"ReadAction","target":["https:\/\/sandzakpress.net\/arhiva\/berane-na-proljece-adaptacija-fasada-u-glavnoj-ulici\/"]}]},{"@type":"ImageObject","inLanguage":"bs-BA","@id":"https:\/\/sandzakpress.net\/arhiva\/berane-na-proljece-adaptacija-fasada-u-glavnoj-ulici\/#primaryimage","url":"https:\/\/sandzakpress.net\/arhiva\/wp-content\/uploads\/2015\/01\/berane1.jpg","contentUrl":"https:\/\/sandzakpress.net\/arhiva\/wp-content\/uploads\/2015\/01\/berane1.jpg","width":600,"height":377},{"@type":"BreadcrumbList","@id":"https:\/\/sandzakpress.net\/arhiva\/berane-na-proljece-adaptacija-fasada-u-glavnoj-ulici\/#breadcrumb","itemListElement":[{"@type":"ListItem","position":1,"name":"Home","item":"https:\/\/sandzakpress.net\/arhiva\/"},{"@type":"ListItem","position":2,"name":"Berane: Na prolje\u0107e adaptacija fasada u glavnoj ulici"}]},{"@type":"WebSite","@id":"https:\/\/sandzakpress.net\/arhiva\/#website","url":"https:\/\/sandzakpress.net\/arhiva\/","name":"Sand\u017eak PRESS","description":"Prve elektronske novine u Sand\u017eaku","publisher":{"@id":"https:\/\/sandzakpress.net\/arhiva\/#\/schema\/person\/6e72b67d6e51910a1117b3b483ba20bd"},"potentialAction":[{"@type":"SearchAction","target":{"@type":"EntryPoint","urlTemplate":"https:\/\/sandzakpress.net\/arhiva\/?s={search_term_string}"},"query-input":{"@type":"PropertyValueSpecification","valueRequired":true,"valueName":"search_term_string"}}],"inLanguage":"bs-BA"},{"@type":["Person","Organization"],"@id":"https:\/\/sandzakpress.net\/arhiva\/#\/schema\/person\/6e72b67d6e51910a1117b3b483ba20bd","name":"Kul","image":{"@type":"ImageObject","inLanguage":"bs-BA","@id":"https:\/\/sandzakpress.net\/arhiva\/#\/schema\/person\/image\/","url":"https:\/\/secure.gravatar.com\/avatar\/42263f39aa27ac04c43cab85c280eb2e?s=96&d=mm&r=pg","contentUrl":"https:\/\/secure.gravatar.com\/avatar\/42263f39aa27ac04c43cab85c280eb2e?s=96&d=mm&r=pg","caption":"Kul"},"logo":{"@id":"https:\/\/sandzakpress.net\/arhiva\/#\/schema\/person\/image\/"}},{"@type":"Person","@id":"https:\/\/sandzakpress.net\/arhiva\/#\/schema\/person\/c8baee722073534b583ea7bdb2e36c02","name":"bosniak","image":{"@type":"ImageObject","inLanguage":"bs-BA","@id":"https:\/\/sandzakpress.net\/arhiva\/#\/schema\/person\/image\/","url":"https:\/\/secure.gravatar.com\/avatar\/a04fd330bfe3a36a72a0ad4a6d89fca7?s=96&d=mm&r=pg","contentUrl":"https:\/\/secure.gravatar.com\/avatar\/a04fd330bfe3a36a72a0ad4a6d89fca7?s=96&d=mm&r=pg","caption":"bosniak"},"url":"https:\/\/sandzakpress.net\/arhiva\/author\/bosniak\/"}]}},"_links":{"self":[{"href":"https:\/\/sandzakpress.net\/arhiva\/wp-json\/wp\/v2\/posts\/120827"}],"collection":[{"href":"https:\/\/sandzakpress.net\/arhiva\/wp-json\/wp\/v2\/posts"}],"about":[{"href":"https:\/\/sandzakpress.net\/arhiva\/wp-json\/wp\/v2\/types\/post"}],"author":[{"embeddable":true,"href":"https:\/\/sandzakpress.net\/arhiva\/wp-json\/wp\/v2\/users\/83"}],"replies":[{"embeddable":true,"href":"https:\/\/sandzakpress.net\/arhiva\/wp-json\/wp\/v2\/comments?post=120827"}],"version-history":[{"count":0,"href":"https:\/\/sandzakpress.net\/arhiva\/wp-json\/wp\/v2\/posts\/120827\/revisions"}],"wp:featuredmedia":[{"embeddable":true,"href":"https:\/\/sandzakpress.net\/arhiva\/wp-json\/wp\/v2\/media\/120828"}],"wp:attachment":[{"href":"https:\/\/sandzakpress.net\/arhiva\/wp-json\/wp\/v2\/media?parent=120827"}],"wp:term":[{"taxonomy":"category","embeddable":true,"href":"https:\/\/sandzakpress.net\/arhiva\/wp-json\/wp\/v2\/categories?post=120827"},{"taxonomy":"post_tag","embeddable":true,"href":"https:\/\/sandzakpress.net\/arhiva\/wp-json\/wp\/v2\/tags?post=120827"}],"curies":[{"name":"wp","href":"https:\/\/api.w.org\/{rel}","templated":true}]}}