{"id":120745,"date":"2015-01-29T10:37:23","date_gmt":"2015-01-29T09:37:23","guid":{"rendered":"https:\/\/sandzakpress.net\/arhiva\/?p=120745"},"modified":"2015-01-29T10:37:23","modified_gmt":"2015-01-29T09:37:23","slug":"sheshel-wurde-in-sandschak-mit-dem-orden-des-weisen-engel-der-ersten-ordnung-ausgezeichnet","status":"publish","type":"post","link":"https:\/\/sandzakpress.net\/arhiva\/sheshel-wurde-in-sandschak-mit-dem-orden-des-weisen-engel-der-ersten-ordnung-ausgezeichnet\/","title":{"rendered":"Sheshel wurde in Sandschak mit dem Orden des Wei\u00dfen Engel der ersten Ordnung ausgezeichnet!"},"content":{"rendered":"<p><img decoding=\"async\" src=\"http:\/\/i1.wp.com\/www.priboj033.com\/wp-content\/uploads\/2015\/01\/%C5%A0e%C5%A1elj-orden-3.jpg?resize=620%2C349\" alt=\"\u0160e\u0161elj orden 3\" \/><\/p>\n<p><strong>Prijepolje &#8211; Heute im Kloster Milescheva ist die Feier des Heiligen Sava, der Bischof von Di\u00f6zese Mileseva Filaret, hat Dr. Vojislav Sheshel mit dem Orden des Wei\u00dfen Engel der ersten Ordnung ausgezeichnet.<\/strong><\/p>\n<p>Den gleichen Orden hat Filaret im Mai.,2013 den damaligen Gesundheitsminister Slavica Djukic Dejanovic und der Staatssekret\u00e4r Ministerium f\u00fcr Gesundheit, prof. Dr. Vladimir Djukic f\u00fcr den Beitrag zur R\u00fcckgabe des Kircheneigentums ausgezeichnet.<\/p>\n<p>Filaret hat mit dem gleichen Orden auch den Au\u00dfenminister Ivica Dacic ausgezeichnet.<\/p>\n<p><img decoding=\"async\" src=\"http:\/\/i0.wp.com\/www.priboj033.com\/wp-content\/uploads\/2015\/01\/%C5%A0e%C5%A1elj-orden.jpg?resize=620%2C349\" alt=\"\u0160e\u0161elj orden\" \/><\/p>\n<p><img decoding=\"async\" src=\"http:\/\/i0.wp.com\/www.priboj033.com\/wp-content\/uploads\/2015\/01\/%C5%A0e%C5%A1elj-orden-2.jpg?resize=620%2C349\" alt=\"\u0160e\u0161elj orden 2\" \/><\/p>\n","protected":false},"excerpt":{"rendered":"<p>Prijepolje &#8211; Heute im Kloster Milescheva ist die Feier des Heiligen Sava, der Bischof von Di\u00f6zese Mileseva Filaret, hat Dr. Vojislav Sheshel mit dem Orden des Wei\u00dfen Engel der ersten Ordnung ausgezeichnet. Den gleichen Orden hat Filaret im Mai.,2013 den damaligen Gesundheitsminister Slavica Djukic Dejanovic und der Staatssekret\u00e4r Ministerium f\u00fcr Gesundheit, prof. Dr. Vladimir Djukic [&hellip;]<\/p>\n","protected":false},"author":83,"featured_media":120746,"comment_status":"open","ping_status":"open","sticky":false,"template":"","format":"standard","meta":{"footnotes":""},"categories":[10502],"tags":[],"class_list":{"0":"post-120745","1":"post","2":"type-post","3":"status-publish","4":"format-standard","5":"has-post-thumbnail","7":"category-deutsch"},"yoast_head":"<!-- This site is optimized with the Yoast SEO Premium plugin v23.1 (Yoast SEO v24.9) - https:\/\/yoast.com\/wordpress\/plugins\/seo\/ -->\n<title>Sheshel wurde in Sandschak mit dem Orden des Wei\u00dfen Engel der ersten Ordnung ausgezeichnet!<\/title>\n<meta name=\"robots\" content=\"index, follow, max-snippet:-1, max-image-preview:large, max-video-preview:-1\" \/>\n<link rel=\"canonical\" href=\"https:\/\/sandzakpress.net\/arhiva\/sheshel-wurde-in-sandschak-mit-dem-orden-des-weisen-engel-der-ersten-ordnung-ausgezeichnet\/\" \/>\n<meta property=\"og:locale\" content=\"bs_BA\" \/>\n<meta property=\"og:type\" content=\"article\" \/>\n<meta property=\"og:title\" content=\"Sheshel wurde in Sandschak mit dem Orden des Wei\u00dfen Engel der ersten Ordnung ausgezeichnet!\" \/>\n<meta property=\"og:description\" content=\"Prijepolje &#8211; Heute im Kloster Milescheva ist die Feier des Heiligen Sava, der Bischof von Di\u00f6zese Mileseva Filaret, hat Dr. Vojislav Sheshel mit dem Orden des Wei\u00dfen Engel der ersten Ordnung ausgezeichnet. Den gleichen Orden hat Filaret im Mai.,2013 den damaligen Gesundheitsminister Slavica Djukic Dejanovic und der Staatssekret\u00e4r Ministerium f\u00fcr Gesundheit, prof. Dr. Vladimir Djukic [&hellip;]\" \/>\n<meta property=\"og:url\" content=\"https:\/\/sandzakpress.net\/arhiva\/sheshel-wurde-in-sandschak-mit-dem-orden-des-weisen-engel-der-ersten-ordnung-ausgezeichnet\/\" \/>\n<meta property=\"og:site_name\" content=\"Sand\u017eak PRESS\" \/>\n<meta property=\"article:published_time\" content=\"2015-01-29T09:37:23+00:00\" \/>\n<meta property=\"og:image\" content=\"https:\/\/sandzakpress.net\/arhiva\/wp-content\/uploads\/2015\/01\/\u0160e\u0161elj-orden-32.jpg\" \/>\n\t<meta property=\"og:image:width\" content=\"620\" \/>\n\t<meta property=\"og:image:height\" content=\"349\" \/>\n\t<meta property=\"og:image:type\" content=\"image\/jpeg\" \/>\n<meta name=\"author\" content=\"bosniak\" \/>\n<meta name=\"twitter:card\" content=\"summary_large_image\" \/>\n<meta name=\"twitter:label1\" content=\"Written by\" \/>\n\t<meta name=\"twitter:data1\" content=\"bosniak\" \/>\n<script type=\"application\/ld+json\" class=\"yoast-schema-graph\">{\"@context\":\"https:\/\/schema.org\",\"@graph\":[{\"@type\":\"Article\",\"@id\":\"https:\/\/sandzakpress.net\/arhiva\/sheshel-wurde-in-sandschak-mit-dem-orden-des-weisen-engel-der-ersten-ordnung-ausgezeichnet\/#article\",\"isPartOf\":{\"@id\":\"https:\/\/sandzakpress.net\/arhiva\/sheshel-wurde-in-sandschak-mit-dem-orden-des-weisen-engel-der-ersten-ordnung-ausgezeichnet\/\"},\"author\":{\"name\":\"bosniak\",\"@id\":\"https:\/\/sandzakpress.net\/arhiva\/#\/schema\/person\/c8baee722073534b583ea7bdb2e36c02\"},\"headline\":\"Sheshel wurde in Sandschak mit dem Orden des Wei\u00dfen Engel der ersten Ordnung ausgezeichnet!\",\"datePublished\":\"2015-01-29T09:37:23+00:00\",\"mainEntityOfPage\":{\"@id\":\"https:\/\/sandzakpress.net\/arhiva\/sheshel-wurde-in-sandschak-mit-dem-orden-des-weisen-engel-der-ersten-ordnung-ausgezeichnet\/\"},\"wordCount\":97,\"commentCount\":0,\"publisher\":{\"@id\":\"https:\/\/sandzakpress.net\/arhiva\/#\/schema\/person\/6e72b67d6e51910a1117b3b483ba20bd\"},\"image\":{\"@id\":\"https:\/\/sandzakpress.net\/arhiva\/sheshel-wurde-in-sandschak-mit-dem-orden-des-weisen-engel-der-ersten-ordnung-ausgezeichnet\/#primaryimage\"},\"thumbnailUrl\":\"https:\/\/sandzakpress.net\/arhiva\/wp-content\/uploads\/2015\/01\/\u0160e\u0161elj-orden-32.jpg\",\"articleSection\":[\"Deutsch\"],\"inLanguage\":\"bs-BA\",\"potentialAction\":[{\"@type\":\"CommentAction\",\"name\":\"Comment\",\"target\":[\"https:\/\/sandzakpress.net\/arhiva\/sheshel-wurde-in-sandschak-mit-dem-orden-des-weisen-engel-der-ersten-ordnung-ausgezeichnet\/#respond\"]}]},{\"@type\":\"WebPage\",\"@id\":\"https:\/\/sandzakpress.net\/arhiva\/sheshel-wurde-in-sandschak-mit-dem-orden-des-weisen-engel-der-ersten-ordnung-ausgezeichnet\/\",\"url\":\"https:\/\/sandzakpress.net\/arhiva\/sheshel-wurde-in-sandschak-mit-dem-orden-des-weisen-engel-der-ersten-ordnung-ausgezeichnet\/\",\"name\":\"Sheshel wurde in Sandschak mit dem Orden des Wei\u00dfen Engel der ersten Ordnung ausgezeichnet!\",\"isPartOf\":{\"@id\":\"https:\/\/sandzakpress.net\/arhiva\/#website\"},\"primaryImageOfPage\":{\"@id\":\"https:\/\/sandzakpress.net\/arhiva\/sheshel-wurde-in-sandschak-mit-dem-orden-des-weisen-engel-der-ersten-ordnung-ausgezeichnet\/#primaryimage\"},\"image\":{\"@id\":\"https:\/\/sandzakpress.net\/arhiva\/sheshel-wurde-in-sandschak-mit-dem-orden-des-weisen-engel-der-ersten-ordnung-ausgezeichnet\/#primaryimage\"},\"thumbnailUrl\":\"https:\/\/sandzakpress.net\/arhiva\/wp-content\/uploads\/2015\/01\/\u0160e\u0161elj-orden-32.jpg\",\"datePublished\":\"2015-01-29T09:37:23+00:00\",\"breadcrumb\":{\"@id\":\"https:\/\/sandzakpress.net\/arhiva\/sheshel-wurde-in-sandschak-mit-dem-orden-des-weisen-engel-der-ersten-ordnung-ausgezeichnet\/#breadcrumb\"},\"inLanguage\":\"bs-BA\",\"potentialAction\":[{\"@type\":\"ReadAction\",\"target\":[\"https:\/\/sandzakpress.net\/arhiva\/sheshel-wurde-in-sandschak-mit-dem-orden-des-weisen-engel-der-ersten-ordnung-ausgezeichnet\/\"]}]},{\"@type\":\"ImageObject\",\"inLanguage\":\"bs-BA\",\"@id\":\"https:\/\/sandzakpress.net\/arhiva\/sheshel-wurde-in-sandschak-mit-dem-orden-des-weisen-engel-der-ersten-ordnung-ausgezeichnet\/#primaryimage\",\"url\":\"https:\/\/sandzakpress.net\/arhiva\/wp-content\/uploads\/2015\/01\/\u0160e\u0161elj-orden-32.jpg\",\"contentUrl\":\"https:\/\/sandzakpress.net\/arhiva\/wp-content\/uploads\/2015\/01\/\u0160e\u0161elj-orden-32.jpg\",\"width\":620,\"height\":349},{\"@type\":\"BreadcrumbList\",\"@id\":\"https:\/\/sandzakpress.net\/arhiva\/sheshel-wurde-in-sandschak-mit-dem-orden-des-weisen-engel-der-ersten-ordnung-ausgezeichnet\/#breadcrumb\",\"itemListElement\":[{\"@type\":\"ListItem\",\"position\":1,\"name\":\"Home\",\"item\":\"https:\/\/sandzakpress.net\/arhiva\/\"},{\"@type\":\"ListItem\",\"position\":2,\"name\":\"Sheshel wurde in Sandschak mit dem Orden des Wei\u00dfen Engel der ersten Ordnung ausgezeichnet!\"}]},{\"@type\":\"WebSite\",\"@id\":\"https:\/\/sandzakpress.net\/arhiva\/#website\",\"url\":\"https:\/\/sandzakpress.net\/arhiva\/\",\"name\":\"Sand\u017eak PRESS\",\"description\":\"Prve elektronske novine u Sand\u017eaku\",\"publisher\":{\"@id\":\"https:\/\/sandzakpress.net\/arhiva\/#\/schema\/person\/6e72b67d6e51910a1117b3b483ba20bd\"},\"potentialAction\":[{\"@type\":\"SearchAction\",\"target\":{\"@type\":\"EntryPoint\",\"urlTemplate\":\"https:\/\/sandzakpress.net\/arhiva\/?s={search_term_string}\"},\"query-input\":{\"@type\":\"PropertyValueSpecification\",\"valueRequired\":true,\"valueName\":\"search_term_string\"}}],\"inLanguage\":\"bs-BA\"},{\"@type\":[\"Person\",\"Organization\"],\"@id\":\"https:\/\/sandzakpress.net\/arhiva\/#\/schema\/person\/6e72b67d6e51910a1117b3b483ba20bd\",\"name\":\"Kul\",\"image\":{\"@type\":\"ImageObject\",\"inLanguage\":\"bs-BA\",\"@id\":\"https:\/\/sandzakpress.net\/arhiva\/#\/schema\/person\/image\/\",\"url\":\"https:\/\/secure.gravatar.com\/avatar\/42263f39aa27ac04c43cab85c280eb2e?s=96&d=mm&r=pg\",\"contentUrl\":\"https:\/\/secure.gravatar.com\/avatar\/42263f39aa27ac04c43cab85c280eb2e?s=96&d=mm&r=pg\",\"caption\":\"Kul\"},\"logo\":{\"@id\":\"https:\/\/sandzakpress.net\/arhiva\/#\/schema\/person\/image\/\"}},{\"@type\":\"Person\",\"@id\":\"https:\/\/sandzakpress.net\/arhiva\/#\/schema\/person\/c8baee722073534b583ea7bdb2e36c02\",\"name\":\"bosniak\",\"image\":{\"@type\":\"ImageObject\",\"inLanguage\":\"bs-BA\",\"@id\":\"https:\/\/sandzakpress.net\/arhiva\/#\/schema\/person\/image\/\",\"url\":\"https:\/\/secure.gravatar.com\/avatar\/a04fd330bfe3a36a72a0ad4a6d89fca7?s=96&d=mm&r=pg\",\"contentUrl\":\"https:\/\/secure.gravatar.com\/avatar\/a04fd330bfe3a36a72a0ad4a6d89fca7?s=96&d=mm&r=pg\",\"caption\":\"bosniak\"},\"url\":\"https:\/\/sandzakpress.net\/arhiva\/author\/bosniak\/\"}]}<\/script>\n<!-- \/ Yoast SEO Premium plugin. -->","yoast_head_json":{"title":"Sheshel wurde in Sandschak mit dem Orden des Wei\u00dfen Engel der ersten Ordnung ausgezeichnet!","robots":{"index":"index","follow":"follow","max-snippet":"max-snippet:-1","max-image-preview":"max-image-preview:large","max-video-preview":"max-video-preview:-1"},"canonical":"https:\/\/sandzakpress.net\/arhiva\/sheshel-wurde-in-sandschak-mit-dem-orden-des-weisen-engel-der-ersten-ordnung-ausgezeichnet\/","og_locale":"bs_BA","og_type":"article","og_title":"Sheshel wurde in Sandschak mit dem Orden des Wei\u00dfen Engel der ersten Ordnung ausgezeichnet!","og_description":"Prijepolje &#8211; Heute im Kloster Milescheva ist die Feier des Heiligen Sava, der Bischof von Di\u00f6zese Mileseva Filaret, hat Dr. Vojislav Sheshel mit dem Orden des Wei\u00dfen Engel der ersten Ordnung ausgezeichnet. Den gleichen Orden hat Filaret im Mai.,2013 den damaligen Gesundheitsminister Slavica Djukic Dejanovic und der Staatssekret\u00e4r Ministerium f\u00fcr Gesundheit, prof. Dr. Vladimir Djukic [&hellip;]","og_url":"https:\/\/sandzakpress.net\/arhiva\/sheshel-wurde-in-sandschak-mit-dem-orden-des-weisen-engel-der-ersten-ordnung-ausgezeichnet\/","og_site_name":"Sand\u017eak PRESS","article_published_time":"2015-01-29T09:37:23+00:00","og_image":[{"width":620,"height":349,"url":"https:\/\/sandzakpress.net\/arhiva\/wp-content\/uploads\/2015\/01\/\u0160e\u0161elj-orden-32.jpg","type":"image\/jpeg"}],"author":"bosniak","twitter_card":"summary_large_image","twitter_misc":{"Written by":"bosniak"},"schema":{"@context":"https:\/\/schema.org","@graph":[{"@type":"Article","@id":"https:\/\/sandzakpress.net\/arhiva\/sheshel-wurde-in-sandschak-mit-dem-orden-des-weisen-engel-der-ersten-ordnung-ausgezeichnet\/#article","isPartOf":{"@id":"https:\/\/sandzakpress.net\/arhiva\/sheshel-wurde-in-sandschak-mit-dem-orden-des-weisen-engel-der-ersten-ordnung-ausgezeichnet\/"},"author":{"name":"bosniak","@id":"https:\/\/sandzakpress.net\/arhiva\/#\/schema\/person\/c8baee722073534b583ea7bdb2e36c02"},"headline":"Sheshel wurde in Sandschak mit dem Orden des Wei\u00dfen Engel der ersten Ordnung ausgezeichnet!","datePublished":"2015-01-29T09:37:23+00:00","mainEntityOfPage":{"@id":"https:\/\/sandzakpress.net\/arhiva\/sheshel-wurde-in-sandschak-mit-dem-orden-des-weisen-engel-der-ersten-ordnung-ausgezeichnet\/"},"wordCount":97,"commentCount":0,"publisher":{"@id":"https:\/\/sandzakpress.net\/arhiva\/#\/schema\/person\/6e72b67d6e51910a1117b3b483ba20bd"},"image":{"@id":"https:\/\/sandzakpress.net\/arhiva\/sheshel-wurde-in-sandschak-mit-dem-orden-des-weisen-engel-der-ersten-ordnung-ausgezeichnet\/#primaryimage"},"thumbnailUrl":"https:\/\/sandzakpress.net\/arhiva\/wp-content\/uploads\/2015\/01\/\u0160e\u0161elj-orden-32.jpg","articleSection":["Deutsch"],"inLanguage":"bs-BA","potentialAction":[{"@type":"CommentAction","name":"Comment","target":["https:\/\/sandzakpress.net\/arhiva\/sheshel-wurde-in-sandschak-mit-dem-orden-des-weisen-engel-der-ersten-ordnung-ausgezeichnet\/#respond"]}]},{"@type":"WebPage","@id":"https:\/\/sandzakpress.net\/arhiva\/sheshel-wurde-in-sandschak-mit-dem-orden-des-weisen-engel-der-ersten-ordnung-ausgezeichnet\/","url":"https:\/\/sandzakpress.net\/arhiva\/sheshel-wurde-in-sandschak-mit-dem-orden-des-weisen-engel-der-ersten-ordnung-ausgezeichnet\/","name":"Sheshel wurde in Sandschak mit dem Orden des Wei\u00dfen Engel der ersten Ordnung ausgezeichnet!","isPartOf":{"@id":"https:\/\/sandzakpress.net\/arhiva\/#website"},"primaryImageOfPage":{"@id":"https:\/\/sandzakpress.net\/arhiva\/sheshel-wurde-in-sandschak-mit-dem-orden-des-weisen-engel-der-ersten-ordnung-ausgezeichnet\/#primaryimage"},"image":{"@id":"https:\/\/sandzakpress.net\/arhiva\/sheshel-wurde-in-sandschak-mit-dem-orden-des-weisen-engel-der-ersten-ordnung-ausgezeichnet\/#primaryimage"},"thumbnailUrl":"https:\/\/sandzakpress.net\/arhiva\/wp-content\/uploads\/2015\/01\/\u0160e\u0161elj-orden-32.jpg","datePublished":"2015-01-29T09:37:23+00:00","breadcrumb":{"@id":"https:\/\/sandzakpress.net\/arhiva\/sheshel-wurde-in-sandschak-mit-dem-orden-des-weisen-engel-der-ersten-ordnung-ausgezeichnet\/#breadcrumb"},"inLanguage":"bs-BA","potentialAction":[{"@type":"ReadAction","target":["https:\/\/sandzakpress.net\/arhiva\/sheshel-wurde-in-sandschak-mit-dem-orden-des-weisen-engel-der-ersten-ordnung-ausgezeichnet\/"]}]},{"@type":"ImageObject","inLanguage":"bs-BA","@id":"https:\/\/sandzakpress.net\/arhiva\/sheshel-wurde-in-sandschak-mit-dem-orden-des-weisen-engel-der-ersten-ordnung-ausgezeichnet\/#primaryimage","url":"https:\/\/sandzakpress.net\/arhiva\/wp-content\/uploads\/2015\/01\/\u0160e\u0161elj-orden-32.jpg","contentUrl":"https:\/\/sandzakpress.net\/arhiva\/wp-content\/uploads\/2015\/01\/\u0160e\u0161elj-orden-32.jpg","width":620,"height":349},{"@type":"BreadcrumbList","@id":"https:\/\/sandzakpress.net\/arhiva\/sheshel-wurde-in-sandschak-mit-dem-orden-des-weisen-engel-der-ersten-ordnung-ausgezeichnet\/#breadcrumb","itemListElement":[{"@type":"ListItem","position":1,"name":"Home","item":"https:\/\/sandzakpress.net\/arhiva\/"},{"@type":"ListItem","position":2,"name":"Sheshel wurde in Sandschak mit dem Orden des Wei\u00dfen Engel der ersten Ordnung ausgezeichnet!"}]},{"@type":"WebSite","@id":"https:\/\/sandzakpress.net\/arhiva\/#website","url":"https:\/\/sandzakpress.net\/arhiva\/","name":"Sand\u017eak PRESS","description":"Prve elektronske novine u Sand\u017eaku","publisher":{"@id":"https:\/\/sandzakpress.net\/arhiva\/#\/schema\/person\/6e72b67d6e51910a1117b3b483ba20bd"},"potentialAction":[{"@type":"SearchAction","target":{"@type":"EntryPoint","urlTemplate":"https:\/\/sandzakpress.net\/arhiva\/?s={search_term_string}"},"query-input":{"@type":"PropertyValueSpecification","valueRequired":true,"valueName":"search_term_string"}}],"inLanguage":"bs-BA"},{"@type":["Person","Organization"],"@id":"https:\/\/sandzakpress.net\/arhiva\/#\/schema\/person\/6e72b67d6e51910a1117b3b483ba20bd","name":"Kul","image":{"@type":"ImageObject","inLanguage":"bs-BA","@id":"https:\/\/sandzakpress.net\/arhiva\/#\/schema\/person\/image\/","url":"https:\/\/secure.gravatar.com\/avatar\/42263f39aa27ac04c43cab85c280eb2e?s=96&d=mm&r=pg","contentUrl":"https:\/\/secure.gravatar.com\/avatar\/42263f39aa27ac04c43cab85c280eb2e?s=96&d=mm&r=pg","caption":"Kul"},"logo":{"@id":"https:\/\/sandzakpress.net\/arhiva\/#\/schema\/person\/image\/"}},{"@type":"Person","@id":"https:\/\/sandzakpress.net\/arhiva\/#\/schema\/person\/c8baee722073534b583ea7bdb2e36c02","name":"bosniak","image":{"@type":"ImageObject","inLanguage":"bs-BA","@id":"https:\/\/sandzakpress.net\/arhiva\/#\/schema\/person\/image\/","url":"https:\/\/secure.gravatar.com\/avatar\/a04fd330bfe3a36a72a0ad4a6d89fca7?s=96&d=mm&r=pg","contentUrl":"https:\/\/secure.gravatar.com\/avatar\/a04fd330bfe3a36a72a0ad4a6d89fca7?s=96&d=mm&r=pg","caption":"bosniak"},"url":"https:\/\/sandzakpress.net\/arhiva\/author\/bosniak\/"}]}},"_links":{"self":[{"href":"https:\/\/sandzakpress.net\/arhiva\/wp-json\/wp\/v2\/posts\/120745"}],"collection":[{"href":"https:\/\/sandzakpress.net\/arhiva\/wp-json\/wp\/v2\/posts"}],"about":[{"href":"https:\/\/sandzakpress.net\/arhiva\/wp-json\/wp\/v2\/types\/post"}],"author":[{"embeddable":true,"href":"https:\/\/sandzakpress.net\/arhiva\/wp-json\/wp\/v2\/users\/83"}],"replies":[{"embeddable":true,"href":"https:\/\/sandzakpress.net\/arhiva\/wp-json\/wp\/v2\/comments?post=120745"}],"version-history":[{"count":0,"href":"https:\/\/sandzakpress.net\/arhiva\/wp-json\/wp\/v2\/posts\/120745\/revisions"}],"wp:featuredmedia":[{"embeddable":true,"href":"https:\/\/sandzakpress.net\/arhiva\/wp-json\/wp\/v2\/media\/120746"}],"wp:attachment":[{"href":"https:\/\/sandzakpress.net\/arhiva\/wp-json\/wp\/v2\/media?parent=120745"}],"wp:term":[{"taxonomy":"category","embeddable":true,"href":"https:\/\/sandzakpress.net\/arhiva\/wp-json\/wp\/v2\/categories?post=120745"},{"taxonomy":"post_tag","embeddable":true,"href":"https:\/\/sandzakpress.net\/arhiva\/wp-json\/wp\/v2\/tags?post=120745"}],"curies":[{"name":"wp","href":"https:\/\/api.w.org\/{rel}","templated":true}]}}