{"id":120533,"date":"2015-01-27T11:34:38","date_gmt":"2015-01-27T10:34:38","guid":{"rendered":"https:\/\/sandzakpress.net\/arhiva\/?p=120533"},"modified":"2015-01-27T11:34:38","modified_gmt":"2015-01-27T10:34:38","slug":"angela-merkel-nasa-obaveza-je-da-se-sjecamo-zla-koje-se-desilo-u-logoru-auschwitz","status":"publish","type":"post","link":"https:\/\/sandzakpress.net\/arhiva\/angela-merkel-nasa-obaveza-je-da-se-sjecamo-zla-koje-se-desilo-u-logoru-auschwitz\/","title":{"rendered":"Angela Merkel: Na\u0161a obaveza je da se sje\u0107amo zla koje se desilo u logoru Auschwitz"},"content":{"rendered":"<p><img decoding=\"async\" src=\"http:\/\/www.trt.net.tr\/bosanski\/fotograf\/haberler\/detay\/angela-merkel-naa-obaveza-je-da-se-sjeamo-zla_trt-bosanski-37279.jpg\" alt=\"angela-merkel-naa-obaveza-je-da-se-sjeamo-zla\" \/><\/p>\n<p><strong>Njema\u010dka &#8211; Njema\u010dka kancelarka Angela Merkel poru\u010dila da je obaveza svih da se uvijek sje\u0107aju da ono \u0161to se de\u0161avalo u zloglasnom logoru Auschwitzu, a ne samo na ove dane kada se obilje\u017eava godi\u0161njica osloba\u0111anja pre\u017eivjelih logora\u0161a.<br \/>\n<\/strong><br \/>\nPovodom 70. godi\u0161njice od osloba\u0111anja pre\u017eivjelih logora\u0161a iz logora u Auschwitzu, Me\u0111unarodni Auschwitz komitet je danas u Berlinu organirao prigodan skup na kojem se obratila i njema\u010dka kancelarka Angela Merkel.<\/p>\n<p>Merkel je u svome obra\u0107anju istakla da su zla koja su se desila u tom logoru bila napad na ponos \u010dovje\u010danstva i dodala da se Njema\u010dka stidi zbog tih de\u0161avanja u njenoj pro\u0161losti.<\/p>\n<p>&#8220;Nijemci su bili ti koji su uzrokovali smrt miliona ljudi ili gledali ta ubijanja. Bili su ti koji su vr\u0161ili zlo\u010dine, ali i ti koji su nijemo gledali i odobravali to zlo&#8221;, kazala je kancelarka Merkel.<\/p>\n<p>Naglasiv\u0161i da se protiv neprijateljstava mora boriti svim snagama, Merkel je poru\u010dila da bi svako ko Njema\u010dkoj \u017eeli dobru budu\u0107nost morao prihvatiti tu odgovornost za de\u0161avanja u pro\u0161losti.<\/p>\n<p>Isti\u010du\u0107i da se nikada ne\u0107e zaboraviti zla iz Auschwitza, Merkel je kazala da se de\u0161avanja u tom logoru ti\u010du svih Nijemaca i da je njihova obaveza da to pamte.<\/p>\n<p>Osvrnuv\u0161i se i na nedavne teroristi\u010dke napade u Parizu, Mekrel je kazala da su ti napadi na vidjelo iznijeli dva najve\u0107a problema dana\u0161njice i to islamisti\u010dki terorizam i antisemitizam. Dodala je da su milioni ljudi neposredno poslije tih napada iza\u0161li na ulice Pariza i poru\u010dili da \u017eele da \u017eive zajedno u miru i slozi, bez obzira kojoj vjeri ili rasi pripadali.<\/p>\n<p>Prisutnima se obratio i pre\u017eivjeli logora\u0161 Auschwitza Marian Turski, koji je istakao da je osnovni cilj tog logora bio da se do kraja ponize Jevreji.<\/p>\n<p>&#8220;Ukoliko negdje neko poni\u017eava nekog Tur\u010dina, Arapa, Palestinca, Izraelca, muslimana, kr\u0161\u0107anina, Jevreja ili nekog ateistu, onda to zna\u010di da ponovo po\u010dinje Auschwitz&#8221;, poru\u010dio je Turski.<\/p>\n<p>Nacisti\u010dki logor iz Drugog svjetskog rata Auschwitz nalazio se u blizini poljskog grada Krakova, a u njemu je ubijeno vi\u0161e od milion Jevreja, Roma i drugih koji su bili okarakterizirani kao neprijatelji nacista. Logor i pre\u017eivjeli logora\u0161i oslobo\u0111eni su od strane ruske Crvene armije 27. januara 1945. godine. Ovaj logor je postao jedan od simbola genocida nad Jevrejima tokom Drugog svjetskog rata.<\/p>\n<p>(Anadolu Agency)<\/p>\n","protected":false},"excerpt":{"rendered":"<p>Njema\u010dka &#8211; Njema\u010dka kancelarka Angela Merkel poru\u010dila da je obaveza svih da se uvijek sje\u0107aju da ono \u0161to se de\u0161avalo u zloglasnom logoru Auschwitzu, a ne samo na ove dane kada se obilje\u017eava godi\u0161njica osloba\u0111anja pre\u017eivjelih logora\u0161a. Povodom 70. godi\u0161njice od osloba\u0111anja pre\u017eivjelih logora\u0161a iz logora u Auschwitzu, Me\u0111unarodni Auschwitz komitet je danas u Berlinu [&hellip;]<\/p>\n","protected":false},"author":83,"featured_media":120534,"comment_status":"open","ping_status":"open","sticky":false,"template":"","format":"standard","meta":{"footnotes":""},"categories":[9538,9,798],"tags":[],"class_list":{"0":"post-120533","1":"post","2":"type-post","3":"status-publish","4":"format-standard","5":"has-post-thumbnail","7":"category-njemacka-dijaspora-gradovi-vase-vijesti","8":"category-svijet","9":"category-teme"},"yoast_head":"<!-- This site is optimized with the Yoast SEO Premium plugin v23.1 (Yoast SEO v24.9) - https:\/\/yoast.com\/wordpress\/plugins\/seo\/ -->\n<title>Angela Merkel: Na\u0161a obaveza je da se sje\u0107amo zla koje se desilo u logoru Auschwitz<\/title>\n<meta name=\"robots\" content=\"index, follow, max-snippet:-1, max-image-preview:large, max-video-preview:-1\" \/>\n<link rel=\"canonical\" href=\"https:\/\/sandzakpress.net\/arhiva\/angela-merkel-nasa-obaveza-je-da-se-sjecamo-zla-koje-se-desilo-u-logoru-auschwitz\/\" \/>\n<meta property=\"og:locale\" content=\"bs_BA\" \/>\n<meta property=\"og:type\" content=\"article\" \/>\n<meta property=\"og:title\" content=\"Angela Merkel: Na\u0161a obaveza je da se sje\u0107amo zla koje se desilo u logoru Auschwitz\" \/>\n<meta property=\"og:description\" content=\"Njema\u010dka &#8211; Njema\u010dka kancelarka Angela Merkel poru\u010dila da je obaveza svih da se uvijek sje\u0107aju da ono \u0161to se de\u0161avalo u zloglasnom logoru Auschwitzu, a ne samo na ove dane kada se obilje\u017eava godi\u0161njica osloba\u0111anja pre\u017eivjelih logora\u0161a. Povodom 70. godi\u0161njice od osloba\u0111anja pre\u017eivjelih logora\u0161a iz logora u Auschwitzu, Me\u0111unarodni Auschwitz komitet je danas u Berlinu [&hellip;]\" \/>\n<meta property=\"og:url\" content=\"https:\/\/sandzakpress.net\/arhiva\/angela-merkel-nasa-obaveza-je-da-se-sjecamo-zla-koje-se-desilo-u-logoru-auschwitz\/\" \/>\n<meta property=\"og:site_name\" content=\"Sand\u017eak PRESS\" \/>\n<meta property=\"article:published_time\" content=\"2015-01-27T10:34:38+00:00\" \/>\n<meta property=\"og:image\" content=\"https:\/\/sandzakpress.net\/arhiva\/wp-content\/uploads\/2015\/01\/angela-merkel-naa-obaveza-je-da-se-sjeamo-zla_trt-bosanski-37279.jpg\" \/>\n\t<meta property=\"og:image:width\" content=\"484\" \/>\n\t<meta property=\"og:image:height\" content=\"363\" \/>\n\t<meta property=\"og:image:type\" content=\"image\/jpeg\" \/>\n<meta name=\"author\" content=\"bosniak\" \/>\n<meta name=\"twitter:card\" content=\"summary_large_image\" \/>\n<meta name=\"twitter:label1\" content=\"Written by\" \/>\n\t<meta name=\"twitter:data1\" content=\"bosniak\" \/>\n\t<meta name=\"twitter:label2\" content=\"Est. reading time\" \/>\n\t<meta name=\"twitter:data2\" content=\"2 minute\" \/>\n<script type=\"application\/ld+json\" class=\"yoast-schema-graph\">{\"@context\":\"https:\/\/schema.org\",\"@graph\":[{\"@type\":\"Article\",\"@id\":\"https:\/\/sandzakpress.net\/arhiva\/angela-merkel-nasa-obaveza-je-da-se-sjecamo-zla-koje-se-desilo-u-logoru-auschwitz\/#article\",\"isPartOf\":{\"@id\":\"https:\/\/sandzakpress.net\/arhiva\/angela-merkel-nasa-obaveza-je-da-se-sjecamo-zla-koje-se-desilo-u-logoru-auschwitz\/\"},\"author\":{\"name\":\"bosniak\",\"@id\":\"https:\/\/sandzakpress.net\/arhiva\/#\/schema\/person\/c8baee722073534b583ea7bdb2e36c02\"},\"headline\":\"Angela Merkel: Na\u0161a obaveza je da se sje\u0107amo zla koje se desilo u logoru Auschwitz\",\"datePublished\":\"2015-01-27T10:34:38+00:00\",\"mainEntityOfPage\":{\"@id\":\"https:\/\/sandzakpress.net\/arhiva\/angela-merkel-nasa-obaveza-je-da-se-sjecamo-zla-koje-se-desilo-u-logoru-auschwitz\/\"},\"wordCount\":435,\"commentCount\":0,\"publisher\":{\"@id\":\"https:\/\/sandzakpress.net\/arhiva\/#\/schema\/person\/6e72b67d6e51910a1117b3b483ba20bd\"},\"image\":{\"@id\":\"https:\/\/sandzakpress.net\/arhiva\/angela-merkel-nasa-obaveza-je-da-se-sjecamo-zla-koje-se-desilo-u-logoru-auschwitz\/#primaryimage\"},\"thumbnailUrl\":\"https:\/\/sandzakpress.net\/arhiva\/wp-content\/uploads\/2015\/01\/angela-merkel-naa-obaveza-je-da-se-sjeamo-zla_trt-bosanski-37279.jpg\",\"articleSection\":[\"Njema\u010dka\",\"Svijet\",\"NAJNOVIJE\"],\"inLanguage\":\"bs-BA\",\"potentialAction\":[{\"@type\":\"CommentAction\",\"name\":\"Comment\",\"target\":[\"https:\/\/sandzakpress.net\/arhiva\/angela-merkel-nasa-obaveza-je-da-se-sjecamo-zla-koje-se-desilo-u-logoru-auschwitz\/#respond\"]}]},{\"@type\":\"WebPage\",\"@id\":\"https:\/\/sandzakpress.net\/arhiva\/angela-merkel-nasa-obaveza-je-da-se-sjecamo-zla-koje-se-desilo-u-logoru-auschwitz\/\",\"url\":\"https:\/\/sandzakpress.net\/arhiva\/angela-merkel-nasa-obaveza-je-da-se-sjecamo-zla-koje-se-desilo-u-logoru-auschwitz\/\",\"name\":\"Angela Merkel: Na\u0161a obaveza je da se sje\u0107amo zla koje se desilo u logoru Auschwitz\",\"isPartOf\":{\"@id\":\"https:\/\/sandzakpress.net\/arhiva\/#website\"},\"primaryImageOfPage\":{\"@id\":\"https:\/\/sandzakpress.net\/arhiva\/angela-merkel-nasa-obaveza-je-da-se-sjecamo-zla-koje-se-desilo-u-logoru-auschwitz\/#primaryimage\"},\"image\":{\"@id\":\"https:\/\/sandzakpress.net\/arhiva\/angela-merkel-nasa-obaveza-je-da-se-sjecamo-zla-koje-se-desilo-u-logoru-auschwitz\/#primaryimage\"},\"thumbnailUrl\":\"https:\/\/sandzakpress.net\/arhiva\/wp-content\/uploads\/2015\/01\/angela-merkel-naa-obaveza-je-da-se-sjeamo-zla_trt-bosanski-37279.jpg\",\"datePublished\":\"2015-01-27T10:34:38+00:00\",\"breadcrumb\":{\"@id\":\"https:\/\/sandzakpress.net\/arhiva\/angela-merkel-nasa-obaveza-je-da-se-sjecamo-zla-koje-se-desilo-u-logoru-auschwitz\/#breadcrumb\"},\"inLanguage\":\"bs-BA\",\"potentialAction\":[{\"@type\":\"ReadAction\",\"target\":[\"https:\/\/sandzakpress.net\/arhiva\/angela-merkel-nasa-obaveza-je-da-se-sjecamo-zla-koje-se-desilo-u-logoru-auschwitz\/\"]}]},{\"@type\":\"ImageObject\",\"inLanguage\":\"bs-BA\",\"@id\":\"https:\/\/sandzakpress.net\/arhiva\/angela-merkel-nasa-obaveza-je-da-se-sjecamo-zla-koje-se-desilo-u-logoru-auschwitz\/#primaryimage\",\"url\":\"https:\/\/sandzakpress.net\/arhiva\/wp-content\/uploads\/2015\/01\/angela-merkel-naa-obaveza-je-da-se-sjeamo-zla_trt-bosanski-37279.jpg\",\"contentUrl\":\"https:\/\/sandzakpress.net\/arhiva\/wp-content\/uploads\/2015\/01\/angela-merkel-naa-obaveza-je-da-se-sjeamo-zla_trt-bosanski-37279.jpg\",\"width\":484,\"height\":363},{\"@type\":\"BreadcrumbList\",\"@id\":\"https:\/\/sandzakpress.net\/arhiva\/angela-merkel-nasa-obaveza-je-da-se-sjecamo-zla-koje-se-desilo-u-logoru-auschwitz\/#breadcrumb\",\"itemListElement\":[{\"@type\":\"ListItem\",\"position\":1,\"name\":\"Home\",\"item\":\"https:\/\/sandzakpress.net\/arhiva\/\"},{\"@type\":\"ListItem\",\"position\":2,\"name\":\"Angela Merkel: Na\u0161a obaveza je da se sje\u0107amo zla koje se desilo u logoru Auschwitz\"}]},{\"@type\":\"WebSite\",\"@id\":\"https:\/\/sandzakpress.net\/arhiva\/#website\",\"url\":\"https:\/\/sandzakpress.net\/arhiva\/\",\"name\":\"Sand\u017eak PRESS\",\"description\":\"Prve elektronske novine u Sand\u017eaku\",\"publisher\":{\"@id\":\"https:\/\/sandzakpress.net\/arhiva\/#\/schema\/person\/6e72b67d6e51910a1117b3b483ba20bd\"},\"potentialAction\":[{\"@type\":\"SearchAction\",\"target\":{\"@type\":\"EntryPoint\",\"urlTemplate\":\"https:\/\/sandzakpress.net\/arhiva\/?s={search_term_string}\"},\"query-input\":{\"@type\":\"PropertyValueSpecification\",\"valueRequired\":true,\"valueName\":\"search_term_string\"}}],\"inLanguage\":\"bs-BA\"},{\"@type\":[\"Person\",\"Organization\"],\"@id\":\"https:\/\/sandzakpress.net\/arhiva\/#\/schema\/person\/6e72b67d6e51910a1117b3b483ba20bd\",\"name\":\"Kul\",\"image\":{\"@type\":\"ImageObject\",\"inLanguage\":\"bs-BA\",\"@id\":\"https:\/\/sandzakpress.net\/arhiva\/#\/schema\/person\/image\/\",\"url\":\"https:\/\/secure.gravatar.com\/avatar\/42263f39aa27ac04c43cab85c280eb2e?s=96&d=mm&r=pg\",\"contentUrl\":\"https:\/\/secure.gravatar.com\/avatar\/42263f39aa27ac04c43cab85c280eb2e?s=96&d=mm&r=pg\",\"caption\":\"Kul\"},\"logo\":{\"@id\":\"https:\/\/sandzakpress.net\/arhiva\/#\/schema\/person\/image\/\"}},{\"@type\":\"Person\",\"@id\":\"https:\/\/sandzakpress.net\/arhiva\/#\/schema\/person\/c8baee722073534b583ea7bdb2e36c02\",\"name\":\"bosniak\",\"image\":{\"@type\":\"ImageObject\",\"inLanguage\":\"bs-BA\",\"@id\":\"https:\/\/sandzakpress.net\/arhiva\/#\/schema\/person\/image\/\",\"url\":\"https:\/\/secure.gravatar.com\/avatar\/a04fd330bfe3a36a72a0ad4a6d89fca7?s=96&d=mm&r=pg\",\"contentUrl\":\"https:\/\/secure.gravatar.com\/avatar\/a04fd330bfe3a36a72a0ad4a6d89fca7?s=96&d=mm&r=pg\",\"caption\":\"bosniak\"},\"url\":\"https:\/\/sandzakpress.net\/arhiva\/author\/bosniak\/\"}]}<\/script>\n<!-- \/ Yoast SEO Premium plugin. -->","yoast_head_json":{"title":"Angela Merkel: Na\u0161a obaveza je da se sje\u0107amo zla koje se desilo u logoru Auschwitz","robots":{"index":"index","follow":"follow","max-snippet":"max-snippet:-1","max-image-preview":"max-image-preview:large","max-video-preview":"max-video-preview:-1"},"canonical":"https:\/\/sandzakpress.net\/arhiva\/angela-merkel-nasa-obaveza-je-da-se-sjecamo-zla-koje-se-desilo-u-logoru-auschwitz\/","og_locale":"bs_BA","og_type":"article","og_title":"Angela Merkel: Na\u0161a obaveza je da se sje\u0107amo zla koje se desilo u logoru Auschwitz","og_description":"Njema\u010dka &#8211; Njema\u010dka kancelarka Angela Merkel poru\u010dila da je obaveza svih da se uvijek sje\u0107aju da ono \u0161to se de\u0161avalo u zloglasnom logoru Auschwitzu, a ne samo na ove dane kada se obilje\u017eava godi\u0161njica osloba\u0111anja pre\u017eivjelih logora\u0161a. Povodom 70. godi\u0161njice od osloba\u0111anja pre\u017eivjelih logora\u0161a iz logora u Auschwitzu, Me\u0111unarodni Auschwitz komitet je danas u Berlinu [&hellip;]","og_url":"https:\/\/sandzakpress.net\/arhiva\/angela-merkel-nasa-obaveza-je-da-se-sjecamo-zla-koje-se-desilo-u-logoru-auschwitz\/","og_site_name":"Sand\u017eak PRESS","article_published_time":"2015-01-27T10:34:38+00:00","og_image":[{"width":484,"height":363,"url":"https:\/\/sandzakpress.net\/arhiva\/wp-content\/uploads\/2015\/01\/angela-merkel-naa-obaveza-je-da-se-sjeamo-zla_trt-bosanski-37279.jpg","type":"image\/jpeg"}],"author":"bosniak","twitter_card":"summary_large_image","twitter_misc":{"Written by":"bosniak","Est. reading time":"2 minute"},"schema":{"@context":"https:\/\/schema.org","@graph":[{"@type":"Article","@id":"https:\/\/sandzakpress.net\/arhiva\/angela-merkel-nasa-obaveza-je-da-se-sjecamo-zla-koje-se-desilo-u-logoru-auschwitz\/#article","isPartOf":{"@id":"https:\/\/sandzakpress.net\/arhiva\/angela-merkel-nasa-obaveza-je-da-se-sjecamo-zla-koje-se-desilo-u-logoru-auschwitz\/"},"author":{"name":"bosniak","@id":"https:\/\/sandzakpress.net\/arhiva\/#\/schema\/person\/c8baee722073534b583ea7bdb2e36c02"},"headline":"Angela Merkel: Na\u0161a obaveza je da se sje\u0107amo zla koje se desilo u logoru Auschwitz","datePublished":"2015-01-27T10:34:38+00:00","mainEntityOfPage":{"@id":"https:\/\/sandzakpress.net\/arhiva\/angela-merkel-nasa-obaveza-je-da-se-sjecamo-zla-koje-se-desilo-u-logoru-auschwitz\/"},"wordCount":435,"commentCount":0,"publisher":{"@id":"https:\/\/sandzakpress.net\/arhiva\/#\/schema\/person\/6e72b67d6e51910a1117b3b483ba20bd"},"image":{"@id":"https:\/\/sandzakpress.net\/arhiva\/angela-merkel-nasa-obaveza-je-da-se-sjecamo-zla-koje-se-desilo-u-logoru-auschwitz\/#primaryimage"},"thumbnailUrl":"https:\/\/sandzakpress.net\/arhiva\/wp-content\/uploads\/2015\/01\/angela-merkel-naa-obaveza-je-da-se-sjeamo-zla_trt-bosanski-37279.jpg","articleSection":["Njema\u010dka","Svijet","NAJNOVIJE"],"inLanguage":"bs-BA","potentialAction":[{"@type":"CommentAction","name":"Comment","target":["https:\/\/sandzakpress.net\/arhiva\/angela-merkel-nasa-obaveza-je-da-se-sjecamo-zla-koje-se-desilo-u-logoru-auschwitz\/#respond"]}]},{"@type":"WebPage","@id":"https:\/\/sandzakpress.net\/arhiva\/angela-merkel-nasa-obaveza-je-da-se-sjecamo-zla-koje-se-desilo-u-logoru-auschwitz\/","url":"https:\/\/sandzakpress.net\/arhiva\/angela-merkel-nasa-obaveza-je-da-se-sjecamo-zla-koje-se-desilo-u-logoru-auschwitz\/","name":"Angela Merkel: Na\u0161a obaveza je da se sje\u0107amo zla koje se desilo u logoru Auschwitz","isPartOf":{"@id":"https:\/\/sandzakpress.net\/arhiva\/#website"},"primaryImageOfPage":{"@id":"https:\/\/sandzakpress.net\/arhiva\/angela-merkel-nasa-obaveza-je-da-se-sjecamo-zla-koje-se-desilo-u-logoru-auschwitz\/#primaryimage"},"image":{"@id":"https:\/\/sandzakpress.net\/arhiva\/angela-merkel-nasa-obaveza-je-da-se-sjecamo-zla-koje-se-desilo-u-logoru-auschwitz\/#primaryimage"},"thumbnailUrl":"https:\/\/sandzakpress.net\/arhiva\/wp-content\/uploads\/2015\/01\/angela-merkel-naa-obaveza-je-da-se-sjeamo-zla_trt-bosanski-37279.jpg","datePublished":"2015-01-27T10:34:38+00:00","breadcrumb":{"@id":"https:\/\/sandzakpress.net\/arhiva\/angela-merkel-nasa-obaveza-je-da-se-sjecamo-zla-koje-se-desilo-u-logoru-auschwitz\/#breadcrumb"},"inLanguage":"bs-BA","potentialAction":[{"@type":"ReadAction","target":["https:\/\/sandzakpress.net\/arhiva\/angela-merkel-nasa-obaveza-je-da-se-sjecamo-zla-koje-se-desilo-u-logoru-auschwitz\/"]}]},{"@type":"ImageObject","inLanguage":"bs-BA","@id":"https:\/\/sandzakpress.net\/arhiva\/angela-merkel-nasa-obaveza-je-da-se-sjecamo-zla-koje-se-desilo-u-logoru-auschwitz\/#primaryimage","url":"https:\/\/sandzakpress.net\/arhiva\/wp-content\/uploads\/2015\/01\/angela-merkel-naa-obaveza-je-da-se-sjeamo-zla_trt-bosanski-37279.jpg","contentUrl":"https:\/\/sandzakpress.net\/arhiva\/wp-content\/uploads\/2015\/01\/angela-merkel-naa-obaveza-je-da-se-sjeamo-zla_trt-bosanski-37279.jpg","width":484,"height":363},{"@type":"BreadcrumbList","@id":"https:\/\/sandzakpress.net\/arhiva\/angela-merkel-nasa-obaveza-je-da-se-sjecamo-zla-koje-se-desilo-u-logoru-auschwitz\/#breadcrumb","itemListElement":[{"@type":"ListItem","position":1,"name":"Home","item":"https:\/\/sandzakpress.net\/arhiva\/"},{"@type":"ListItem","position":2,"name":"Angela Merkel: Na\u0161a obaveza je da se sje\u0107amo zla koje se desilo u logoru Auschwitz"}]},{"@type":"WebSite","@id":"https:\/\/sandzakpress.net\/arhiva\/#website","url":"https:\/\/sandzakpress.net\/arhiva\/","name":"Sand\u017eak PRESS","description":"Prve elektronske novine u Sand\u017eaku","publisher":{"@id":"https:\/\/sandzakpress.net\/arhiva\/#\/schema\/person\/6e72b67d6e51910a1117b3b483ba20bd"},"potentialAction":[{"@type":"SearchAction","target":{"@type":"EntryPoint","urlTemplate":"https:\/\/sandzakpress.net\/arhiva\/?s={search_term_string}"},"query-input":{"@type":"PropertyValueSpecification","valueRequired":true,"valueName":"search_term_string"}}],"inLanguage":"bs-BA"},{"@type":["Person","Organization"],"@id":"https:\/\/sandzakpress.net\/arhiva\/#\/schema\/person\/6e72b67d6e51910a1117b3b483ba20bd","name":"Kul","image":{"@type":"ImageObject","inLanguage":"bs-BA","@id":"https:\/\/sandzakpress.net\/arhiva\/#\/schema\/person\/image\/","url":"https:\/\/secure.gravatar.com\/avatar\/42263f39aa27ac04c43cab85c280eb2e?s=96&d=mm&r=pg","contentUrl":"https:\/\/secure.gravatar.com\/avatar\/42263f39aa27ac04c43cab85c280eb2e?s=96&d=mm&r=pg","caption":"Kul"},"logo":{"@id":"https:\/\/sandzakpress.net\/arhiva\/#\/schema\/person\/image\/"}},{"@type":"Person","@id":"https:\/\/sandzakpress.net\/arhiva\/#\/schema\/person\/c8baee722073534b583ea7bdb2e36c02","name":"bosniak","image":{"@type":"ImageObject","inLanguage":"bs-BA","@id":"https:\/\/sandzakpress.net\/arhiva\/#\/schema\/person\/image\/","url":"https:\/\/secure.gravatar.com\/avatar\/a04fd330bfe3a36a72a0ad4a6d89fca7?s=96&d=mm&r=pg","contentUrl":"https:\/\/secure.gravatar.com\/avatar\/a04fd330bfe3a36a72a0ad4a6d89fca7?s=96&d=mm&r=pg","caption":"bosniak"},"url":"https:\/\/sandzakpress.net\/arhiva\/author\/bosniak\/"}]}},"_links":{"self":[{"href":"https:\/\/sandzakpress.net\/arhiva\/wp-json\/wp\/v2\/posts\/120533"}],"collection":[{"href":"https:\/\/sandzakpress.net\/arhiva\/wp-json\/wp\/v2\/posts"}],"about":[{"href":"https:\/\/sandzakpress.net\/arhiva\/wp-json\/wp\/v2\/types\/post"}],"author":[{"embeddable":true,"href":"https:\/\/sandzakpress.net\/arhiva\/wp-json\/wp\/v2\/users\/83"}],"replies":[{"embeddable":true,"href":"https:\/\/sandzakpress.net\/arhiva\/wp-json\/wp\/v2\/comments?post=120533"}],"version-history":[{"count":0,"href":"https:\/\/sandzakpress.net\/arhiva\/wp-json\/wp\/v2\/posts\/120533\/revisions"}],"wp:featuredmedia":[{"embeddable":true,"href":"https:\/\/sandzakpress.net\/arhiva\/wp-json\/wp\/v2\/media\/120534"}],"wp:attachment":[{"href":"https:\/\/sandzakpress.net\/arhiva\/wp-json\/wp\/v2\/media?parent=120533"}],"wp:term":[{"taxonomy":"category","embeddable":true,"href":"https:\/\/sandzakpress.net\/arhiva\/wp-json\/wp\/v2\/categories?post=120533"},{"taxonomy":"post_tag","embeddable":true,"href":"https:\/\/sandzakpress.net\/arhiva\/wp-json\/wp\/v2\/tags?post=120533"}],"curies":[{"name":"wp","href":"https:\/\/api.w.org\/{rel}","templated":true}]}}