{"id":120460,"date":"2015-01-26T13:19:58","date_gmt":"2015-01-26T12:19:58","guid":{"rendered":"https:\/\/sandzakpress.net\/arhiva\/?p=120460"},"modified":"2015-01-26T13:19:58","modified_gmt":"2015-01-26T12:19:58","slug":"neizvjesno-kada-ce-biti-otvoren-put-podgorica-gusinje","status":"publish","type":"post","link":"https:\/\/sandzakpress.net\/arhiva\/neizvjesno-kada-ce-biti-otvoren-put-podgorica-gusinje\/","title":{"rendered":"Neizvjesno kada \u0107e biti otvoren put Podgorica-Gusinje"},"content":{"rendered":"<p><img decoding=\"async\" src=\"http:\/\/www.vijesti.me\/media\/cache\/f8\/ae\/f8aedac3fef20965148db4b2485bb146.jpg\" alt=\"Neizvjesno kada \u0107e biti otvoren put Podgorica-Gusinje\" \/><\/p>\n<p><strong>Gusinje &#8211; Iz Ambasade Albanije \u201cVijestima\u201d je saop\u0161teno da je te\u0161ko govoriti o rokovima, s obzirom na to da je rije\u010d o gradnji glavne, ujedno i najte\u017ee dionice puta, Tamara &#8211; Vrmo\u0161a, duge 28 kilometara<\/strong><\/p>\n<p>Neizvjesno je kada \u0107e biti zavr\u0161en dio puta Gusinje &#8211; Podgorica kroz Albaniju, uprkos finasijskog podr\u0161ci koju je vlada te dr\u017eave obezbijedila za gradnju.<\/p>\n<p>Iz Ambasade Albanije \u201cVijestima\u201d je saop\u0161teno da je te\u0161ko govoriti o rokovima, s obzirom na to da je rije\u010d o gradnji glavne, ujedno i najte\u017ee dionice puta, Tamara &#8211; Vrmo\u0161a, duge 28 kilometara.<\/p>\n<p>\u201cPrvi segment, du\u017eine 7,7 kilometara, vrijednosti investicije 25 miliona dolara, zavr\u0161en je. Drugi segment ove dionice, predstavlja te\u0161ke radove, jer je teren brdovit i ima mnogo objekata &#8211; mostova, \u0161to kao posljedicu ima ogromne investicije, a zbog lo\u0161ih vremenskih prilika nije mogu\u0107e da se radi du\u017e cijele godine, a to zna\u010di da je te\u0161ko ispo\u0161tovati odre\u0111eni rok\u201d, poja\u0161njeno je iz Ambasade.<\/p>\n<p>Rok za zavr\u0161etak dionice, kazali su u Ambasadi, je naredna godina.<\/p>\n<p><img loading=\"lazy\" decoding=\"async\" class=\"\" src=\"http:\/\/www.vijesti.me\/media\/cache\/56\/4e\/564eb5b9a0ab164f3ee02a9fa13f057c.jpg?id=800457\" alt=\"Zavr\u0161ena dionica od Gusinja do granice, foto: &quot;Vijesti&quot;\" width=\"901\" height=\"853\" \/><\/p>\n<p>Kom\u0161ije podsje\u0107aju i da je bio dogovor da se izgradnja puta finanisra zajedni\u010dki.<\/p>\n<p>\u201cPo jednom dogovoru, od prije dvije godine, izme\u0111u Vlade Albanije i Crne Gore, u Skadru, ministara (Ivana) Brajovi\u0107a i (Edmonda) Had\u017einasta, bilo je predvi\u0111eno zajedni\u010dko finansiranje, ali se kasnije Vlada Crne Gore povukla\u201d, tvrde u Ambasadi.<\/p>\n<p>Albanci treba da zavr\u0161e dionicu od 2,5 kilometra koja \u0107e povezati cestu sa zajedni\u010dkim prelazom Cijevna zatrijeba\u010dka &#8211; Grabon.<\/p>\n<p>\u201cPredvi\u0111eno je da se to finansira iz IPA programa, kao i izgradnja zajedni\u010dkog grani\u010dnog prelaza. Kao \u0161to znamo, radovi jo\u0161 nijesu po\u010deli iako fondovi stoje na raspolaganju\u201d, odgovoreno je \u201cVijestima\u201d iz Ambasade.<\/p>\n<p>Crnogorska strana zavr\u0161ila je samo kratku dionicu od Gusinja do granice, a na jugu treba da rekonstrui\u0161e i pro\u0161iri 20 kilometara puta od Dino\u0161e do Cijevne zatrijeba\u010dke. To se tek projektuje.<\/p>\n<p>(vijesti)<\/p>\n","protected":false},"excerpt":{"rendered":"<p>Gusinje &#8211; Iz Ambasade Albanije \u201cVijestima\u201d je saop\u0161teno da je te\u0161ko govoriti o rokovima, s obzirom na to da je rije\u010d o gradnji glavne, ujedno i najte\u017ee dionice puta, Tamara &#8211; Vrmo\u0161a, duge 28 kilometara Neizvjesno je kada \u0107e biti zavr\u0161en dio puta Gusinje &#8211; Podgorica kroz Albaniju, uprkos finasijskog podr\u0161ci koju je vlada te [&hellip;]<\/p>\n","protected":false},"author":83,"featured_media":120462,"comment_status":"open","ping_status":"open","sticky":false,"template":"","format":"standard","meta":{"footnotes":""},"categories":[3,10173,798],"tags":[],"class_list":{"0":"post-120460","1":"post","2":"type-post","3":"status-publish","4":"format-standard","5":"has-post-thumbnail","7":"category-privreda","8":"category-gusinje-vase-vijesti","9":"category-teme"},"yoast_head":"<!-- This site is optimized with the Yoast SEO Premium plugin v23.1 (Yoast SEO v24.9) - https:\/\/yoast.com\/wordpress\/plugins\/seo\/ -->\n<title>Neizvjesno kada \u0107e biti otvoren put Podgorica-Gusinje<\/title>\n<meta name=\"robots\" content=\"index, follow, max-snippet:-1, max-image-preview:large, max-video-preview:-1\" \/>\n<link rel=\"canonical\" href=\"https:\/\/sandzakpress.net\/arhiva\/neizvjesno-kada-ce-biti-otvoren-put-podgorica-gusinje\/\" \/>\n<meta property=\"og:locale\" content=\"bs_BA\" \/>\n<meta property=\"og:type\" content=\"article\" \/>\n<meta property=\"og:title\" content=\"Neizvjesno kada \u0107e biti otvoren put Podgorica-Gusinje\" \/>\n<meta property=\"og:description\" content=\"Gusinje &#8211; Iz Ambasade Albanije \u201cVijestima\u201d je saop\u0161teno da je te\u0161ko govoriti o rokovima, s obzirom na to da je rije\u010d o gradnji glavne, ujedno i najte\u017ee dionice puta, Tamara &#8211; Vrmo\u0161a, duge 28 kilometara Neizvjesno je kada \u0107e biti zavr\u0161en dio puta Gusinje &#8211; Podgorica kroz Albaniju, uprkos finasijskog podr\u0161ci koju je vlada te [&hellip;]\" \/>\n<meta property=\"og:url\" content=\"https:\/\/sandzakpress.net\/arhiva\/neizvjesno-kada-ce-biti-otvoren-put-podgorica-gusinje\/\" \/>\n<meta property=\"og:site_name\" content=\"Sand\u017eak PRESS\" \/>\n<meta property=\"article:published_time\" content=\"2015-01-26T12:19:58+00:00\" \/>\n<meta property=\"og:image\" content=\"https:\/\/sandzakpress.net\/arhiva\/wp-content\/uploads\/2015\/01\/f8aedac3fef20965148db4b2485bb146.jpg\" \/>\n\t<meta property=\"og:image:width\" content=\"560\" \/>\n\t<meta property=\"og:image:height\" content=\"352\" \/>\n\t<meta property=\"og:image:type\" content=\"image\/jpeg\" \/>\n<meta name=\"author\" content=\"bosniak\" \/>\n<meta name=\"twitter:card\" content=\"summary_large_image\" \/>\n<meta name=\"twitter:label1\" content=\"Written by\" \/>\n\t<meta name=\"twitter:data1\" content=\"bosniak\" \/>\n\t<meta name=\"twitter:label2\" content=\"Est. reading time\" \/>\n\t<meta name=\"twitter:data2\" content=\"2 minute\" \/>\n<script type=\"application\/ld+json\" class=\"yoast-schema-graph\">{\"@context\":\"https:\/\/schema.org\",\"@graph\":[{\"@type\":\"Article\",\"@id\":\"https:\/\/sandzakpress.net\/arhiva\/neizvjesno-kada-ce-biti-otvoren-put-podgorica-gusinje\/#article\",\"isPartOf\":{\"@id\":\"https:\/\/sandzakpress.net\/arhiva\/neizvjesno-kada-ce-biti-otvoren-put-podgorica-gusinje\/\"},\"author\":{\"name\":\"bosniak\",\"@id\":\"https:\/\/sandzakpress.net\/arhiva\/#\/schema\/person\/c8baee722073534b583ea7bdb2e36c02\"},\"headline\":\"Neizvjesno kada \u0107e biti otvoren put Podgorica-Gusinje\",\"datePublished\":\"2015-01-26T12:19:58+00:00\",\"mainEntityOfPage\":{\"@id\":\"https:\/\/sandzakpress.net\/arhiva\/neizvjesno-kada-ce-biti-otvoren-put-podgorica-gusinje\/\"},\"wordCount\":339,\"commentCount\":1,\"publisher\":{\"@id\":\"https:\/\/sandzakpress.net\/arhiva\/#\/schema\/person\/6e72b67d6e51910a1117b3b483ba20bd\"},\"image\":{\"@id\":\"https:\/\/sandzakpress.net\/arhiva\/neizvjesno-kada-ce-biti-otvoren-put-podgorica-gusinje\/#primaryimage\"},\"thumbnailUrl\":\"https:\/\/sandzakpress.net\/arhiva\/wp-content\/uploads\/2015\/01\/f8aedac3fef20965148db4b2485bb146.jpg\",\"articleSection\":[\"Privreda\",\"Gusinje\",\"NAJNOVIJE\"],\"inLanguage\":\"bs-BA\",\"potentialAction\":[{\"@type\":\"CommentAction\",\"name\":\"Comment\",\"target\":[\"https:\/\/sandzakpress.net\/arhiva\/neizvjesno-kada-ce-biti-otvoren-put-podgorica-gusinje\/#respond\"]}]},{\"@type\":\"WebPage\",\"@id\":\"https:\/\/sandzakpress.net\/arhiva\/neizvjesno-kada-ce-biti-otvoren-put-podgorica-gusinje\/\",\"url\":\"https:\/\/sandzakpress.net\/arhiva\/neizvjesno-kada-ce-biti-otvoren-put-podgorica-gusinje\/\",\"name\":\"Neizvjesno kada \u0107e biti otvoren put Podgorica-Gusinje\",\"isPartOf\":{\"@id\":\"https:\/\/sandzakpress.net\/arhiva\/#website\"},\"primaryImageOfPage\":{\"@id\":\"https:\/\/sandzakpress.net\/arhiva\/neizvjesno-kada-ce-biti-otvoren-put-podgorica-gusinje\/#primaryimage\"},\"image\":{\"@id\":\"https:\/\/sandzakpress.net\/arhiva\/neizvjesno-kada-ce-biti-otvoren-put-podgorica-gusinje\/#primaryimage\"},\"thumbnailUrl\":\"https:\/\/sandzakpress.net\/arhiva\/wp-content\/uploads\/2015\/01\/f8aedac3fef20965148db4b2485bb146.jpg\",\"datePublished\":\"2015-01-26T12:19:58+00:00\",\"breadcrumb\":{\"@id\":\"https:\/\/sandzakpress.net\/arhiva\/neizvjesno-kada-ce-biti-otvoren-put-podgorica-gusinje\/#breadcrumb\"},\"inLanguage\":\"bs-BA\",\"potentialAction\":[{\"@type\":\"ReadAction\",\"target\":[\"https:\/\/sandzakpress.net\/arhiva\/neizvjesno-kada-ce-biti-otvoren-put-podgorica-gusinje\/\"]}]},{\"@type\":\"ImageObject\",\"inLanguage\":\"bs-BA\",\"@id\":\"https:\/\/sandzakpress.net\/arhiva\/neizvjesno-kada-ce-biti-otvoren-put-podgorica-gusinje\/#primaryimage\",\"url\":\"https:\/\/sandzakpress.net\/arhiva\/wp-content\/uploads\/2015\/01\/f8aedac3fef20965148db4b2485bb146.jpg\",\"contentUrl\":\"https:\/\/sandzakpress.net\/arhiva\/wp-content\/uploads\/2015\/01\/f8aedac3fef20965148db4b2485bb146.jpg\",\"width\":560,\"height\":352},{\"@type\":\"BreadcrumbList\",\"@id\":\"https:\/\/sandzakpress.net\/arhiva\/neizvjesno-kada-ce-biti-otvoren-put-podgorica-gusinje\/#breadcrumb\",\"itemListElement\":[{\"@type\":\"ListItem\",\"position\":1,\"name\":\"Home\",\"item\":\"https:\/\/sandzakpress.net\/arhiva\/\"},{\"@type\":\"ListItem\",\"position\":2,\"name\":\"Neizvjesno kada \u0107e biti otvoren put Podgorica-Gusinje\"}]},{\"@type\":\"WebSite\",\"@id\":\"https:\/\/sandzakpress.net\/arhiva\/#website\",\"url\":\"https:\/\/sandzakpress.net\/arhiva\/\",\"name\":\"Sand\u017eak PRESS\",\"description\":\"Prve elektronske novine u Sand\u017eaku\",\"publisher\":{\"@id\":\"https:\/\/sandzakpress.net\/arhiva\/#\/schema\/person\/6e72b67d6e51910a1117b3b483ba20bd\"},\"potentialAction\":[{\"@type\":\"SearchAction\",\"target\":{\"@type\":\"EntryPoint\",\"urlTemplate\":\"https:\/\/sandzakpress.net\/arhiva\/?s={search_term_string}\"},\"query-input\":{\"@type\":\"PropertyValueSpecification\",\"valueRequired\":true,\"valueName\":\"search_term_string\"}}],\"inLanguage\":\"bs-BA\"},{\"@type\":[\"Person\",\"Organization\"],\"@id\":\"https:\/\/sandzakpress.net\/arhiva\/#\/schema\/person\/6e72b67d6e51910a1117b3b483ba20bd\",\"name\":\"Kul\",\"image\":{\"@type\":\"ImageObject\",\"inLanguage\":\"bs-BA\",\"@id\":\"https:\/\/sandzakpress.net\/arhiva\/#\/schema\/person\/image\/\",\"url\":\"https:\/\/secure.gravatar.com\/avatar\/42263f39aa27ac04c43cab85c280eb2e?s=96&d=mm&r=pg\",\"contentUrl\":\"https:\/\/secure.gravatar.com\/avatar\/42263f39aa27ac04c43cab85c280eb2e?s=96&d=mm&r=pg\",\"caption\":\"Kul\"},\"logo\":{\"@id\":\"https:\/\/sandzakpress.net\/arhiva\/#\/schema\/person\/image\/\"}},{\"@type\":\"Person\",\"@id\":\"https:\/\/sandzakpress.net\/arhiva\/#\/schema\/person\/c8baee722073534b583ea7bdb2e36c02\",\"name\":\"bosniak\",\"image\":{\"@type\":\"ImageObject\",\"inLanguage\":\"bs-BA\",\"@id\":\"https:\/\/sandzakpress.net\/arhiva\/#\/schema\/person\/image\/\",\"url\":\"https:\/\/secure.gravatar.com\/avatar\/a04fd330bfe3a36a72a0ad4a6d89fca7?s=96&d=mm&r=pg\",\"contentUrl\":\"https:\/\/secure.gravatar.com\/avatar\/a04fd330bfe3a36a72a0ad4a6d89fca7?s=96&d=mm&r=pg\",\"caption\":\"bosniak\"},\"url\":\"https:\/\/sandzakpress.net\/arhiva\/author\/bosniak\/\"}]}<\/script>\n<!-- \/ Yoast SEO Premium plugin. -->","yoast_head_json":{"title":"Neizvjesno kada \u0107e biti otvoren put Podgorica-Gusinje","robots":{"index":"index","follow":"follow","max-snippet":"max-snippet:-1","max-image-preview":"max-image-preview:large","max-video-preview":"max-video-preview:-1"},"canonical":"https:\/\/sandzakpress.net\/arhiva\/neizvjesno-kada-ce-biti-otvoren-put-podgorica-gusinje\/","og_locale":"bs_BA","og_type":"article","og_title":"Neizvjesno kada \u0107e biti otvoren put Podgorica-Gusinje","og_description":"Gusinje &#8211; Iz Ambasade Albanije \u201cVijestima\u201d je saop\u0161teno da je te\u0161ko govoriti o rokovima, s obzirom na to da je rije\u010d o gradnji glavne, ujedno i najte\u017ee dionice puta, Tamara &#8211; Vrmo\u0161a, duge 28 kilometara Neizvjesno je kada \u0107e biti zavr\u0161en dio puta Gusinje &#8211; Podgorica kroz Albaniju, uprkos finasijskog podr\u0161ci koju je vlada te [&hellip;]","og_url":"https:\/\/sandzakpress.net\/arhiva\/neizvjesno-kada-ce-biti-otvoren-put-podgorica-gusinje\/","og_site_name":"Sand\u017eak PRESS","article_published_time":"2015-01-26T12:19:58+00:00","og_image":[{"width":560,"height":352,"url":"https:\/\/sandzakpress.net\/arhiva\/wp-content\/uploads\/2015\/01\/f8aedac3fef20965148db4b2485bb146.jpg","type":"image\/jpeg"}],"author":"bosniak","twitter_card":"summary_large_image","twitter_misc":{"Written by":"bosniak","Est. reading time":"2 minute"},"schema":{"@context":"https:\/\/schema.org","@graph":[{"@type":"Article","@id":"https:\/\/sandzakpress.net\/arhiva\/neizvjesno-kada-ce-biti-otvoren-put-podgorica-gusinje\/#article","isPartOf":{"@id":"https:\/\/sandzakpress.net\/arhiva\/neizvjesno-kada-ce-biti-otvoren-put-podgorica-gusinje\/"},"author":{"name":"bosniak","@id":"https:\/\/sandzakpress.net\/arhiva\/#\/schema\/person\/c8baee722073534b583ea7bdb2e36c02"},"headline":"Neizvjesno kada \u0107e biti otvoren put Podgorica-Gusinje","datePublished":"2015-01-26T12:19:58+00:00","mainEntityOfPage":{"@id":"https:\/\/sandzakpress.net\/arhiva\/neizvjesno-kada-ce-biti-otvoren-put-podgorica-gusinje\/"},"wordCount":339,"commentCount":1,"publisher":{"@id":"https:\/\/sandzakpress.net\/arhiva\/#\/schema\/person\/6e72b67d6e51910a1117b3b483ba20bd"},"image":{"@id":"https:\/\/sandzakpress.net\/arhiva\/neizvjesno-kada-ce-biti-otvoren-put-podgorica-gusinje\/#primaryimage"},"thumbnailUrl":"https:\/\/sandzakpress.net\/arhiva\/wp-content\/uploads\/2015\/01\/f8aedac3fef20965148db4b2485bb146.jpg","articleSection":["Privreda","Gusinje","NAJNOVIJE"],"inLanguage":"bs-BA","potentialAction":[{"@type":"CommentAction","name":"Comment","target":["https:\/\/sandzakpress.net\/arhiva\/neizvjesno-kada-ce-biti-otvoren-put-podgorica-gusinje\/#respond"]}]},{"@type":"WebPage","@id":"https:\/\/sandzakpress.net\/arhiva\/neizvjesno-kada-ce-biti-otvoren-put-podgorica-gusinje\/","url":"https:\/\/sandzakpress.net\/arhiva\/neizvjesno-kada-ce-biti-otvoren-put-podgorica-gusinje\/","name":"Neizvjesno kada \u0107e biti otvoren put Podgorica-Gusinje","isPartOf":{"@id":"https:\/\/sandzakpress.net\/arhiva\/#website"},"primaryImageOfPage":{"@id":"https:\/\/sandzakpress.net\/arhiva\/neizvjesno-kada-ce-biti-otvoren-put-podgorica-gusinje\/#primaryimage"},"image":{"@id":"https:\/\/sandzakpress.net\/arhiva\/neizvjesno-kada-ce-biti-otvoren-put-podgorica-gusinje\/#primaryimage"},"thumbnailUrl":"https:\/\/sandzakpress.net\/arhiva\/wp-content\/uploads\/2015\/01\/f8aedac3fef20965148db4b2485bb146.jpg","datePublished":"2015-01-26T12:19:58+00:00","breadcrumb":{"@id":"https:\/\/sandzakpress.net\/arhiva\/neizvjesno-kada-ce-biti-otvoren-put-podgorica-gusinje\/#breadcrumb"},"inLanguage":"bs-BA","potentialAction":[{"@type":"ReadAction","target":["https:\/\/sandzakpress.net\/arhiva\/neizvjesno-kada-ce-biti-otvoren-put-podgorica-gusinje\/"]}]},{"@type":"ImageObject","inLanguage":"bs-BA","@id":"https:\/\/sandzakpress.net\/arhiva\/neizvjesno-kada-ce-biti-otvoren-put-podgorica-gusinje\/#primaryimage","url":"https:\/\/sandzakpress.net\/arhiva\/wp-content\/uploads\/2015\/01\/f8aedac3fef20965148db4b2485bb146.jpg","contentUrl":"https:\/\/sandzakpress.net\/arhiva\/wp-content\/uploads\/2015\/01\/f8aedac3fef20965148db4b2485bb146.jpg","width":560,"height":352},{"@type":"BreadcrumbList","@id":"https:\/\/sandzakpress.net\/arhiva\/neizvjesno-kada-ce-biti-otvoren-put-podgorica-gusinje\/#breadcrumb","itemListElement":[{"@type":"ListItem","position":1,"name":"Home","item":"https:\/\/sandzakpress.net\/arhiva\/"},{"@type":"ListItem","position":2,"name":"Neizvjesno kada \u0107e biti otvoren put Podgorica-Gusinje"}]},{"@type":"WebSite","@id":"https:\/\/sandzakpress.net\/arhiva\/#website","url":"https:\/\/sandzakpress.net\/arhiva\/","name":"Sand\u017eak PRESS","description":"Prve elektronske novine u Sand\u017eaku","publisher":{"@id":"https:\/\/sandzakpress.net\/arhiva\/#\/schema\/person\/6e72b67d6e51910a1117b3b483ba20bd"},"potentialAction":[{"@type":"SearchAction","target":{"@type":"EntryPoint","urlTemplate":"https:\/\/sandzakpress.net\/arhiva\/?s={search_term_string}"},"query-input":{"@type":"PropertyValueSpecification","valueRequired":true,"valueName":"search_term_string"}}],"inLanguage":"bs-BA"},{"@type":["Person","Organization"],"@id":"https:\/\/sandzakpress.net\/arhiva\/#\/schema\/person\/6e72b67d6e51910a1117b3b483ba20bd","name":"Kul","image":{"@type":"ImageObject","inLanguage":"bs-BA","@id":"https:\/\/sandzakpress.net\/arhiva\/#\/schema\/person\/image\/","url":"https:\/\/secure.gravatar.com\/avatar\/42263f39aa27ac04c43cab85c280eb2e?s=96&d=mm&r=pg","contentUrl":"https:\/\/secure.gravatar.com\/avatar\/42263f39aa27ac04c43cab85c280eb2e?s=96&d=mm&r=pg","caption":"Kul"},"logo":{"@id":"https:\/\/sandzakpress.net\/arhiva\/#\/schema\/person\/image\/"}},{"@type":"Person","@id":"https:\/\/sandzakpress.net\/arhiva\/#\/schema\/person\/c8baee722073534b583ea7bdb2e36c02","name":"bosniak","image":{"@type":"ImageObject","inLanguage":"bs-BA","@id":"https:\/\/sandzakpress.net\/arhiva\/#\/schema\/person\/image\/","url":"https:\/\/secure.gravatar.com\/avatar\/a04fd330bfe3a36a72a0ad4a6d89fca7?s=96&d=mm&r=pg","contentUrl":"https:\/\/secure.gravatar.com\/avatar\/a04fd330bfe3a36a72a0ad4a6d89fca7?s=96&d=mm&r=pg","caption":"bosniak"},"url":"https:\/\/sandzakpress.net\/arhiva\/author\/bosniak\/"}]}},"_links":{"self":[{"href":"https:\/\/sandzakpress.net\/arhiva\/wp-json\/wp\/v2\/posts\/120460"}],"collection":[{"href":"https:\/\/sandzakpress.net\/arhiva\/wp-json\/wp\/v2\/posts"}],"about":[{"href":"https:\/\/sandzakpress.net\/arhiva\/wp-json\/wp\/v2\/types\/post"}],"author":[{"embeddable":true,"href":"https:\/\/sandzakpress.net\/arhiva\/wp-json\/wp\/v2\/users\/83"}],"replies":[{"embeddable":true,"href":"https:\/\/sandzakpress.net\/arhiva\/wp-json\/wp\/v2\/comments?post=120460"}],"version-history":[{"count":0,"href":"https:\/\/sandzakpress.net\/arhiva\/wp-json\/wp\/v2\/posts\/120460\/revisions"}],"wp:featuredmedia":[{"embeddable":true,"href":"https:\/\/sandzakpress.net\/arhiva\/wp-json\/wp\/v2\/media\/120462"}],"wp:attachment":[{"href":"https:\/\/sandzakpress.net\/arhiva\/wp-json\/wp\/v2\/media?parent=120460"}],"wp:term":[{"taxonomy":"category","embeddable":true,"href":"https:\/\/sandzakpress.net\/arhiva\/wp-json\/wp\/v2\/categories?post=120460"},{"taxonomy":"post_tag","embeddable":true,"href":"https:\/\/sandzakpress.net\/arhiva\/wp-json\/wp\/v2\/tags?post=120460"}],"curies":[{"name":"wp","href":"https:\/\/api.w.org\/{rel}","templated":true}]}}