{"id":120456,"date":"2015-01-26T13:13:24","date_gmt":"2015-01-26T12:13:24","guid":{"rendered":"https:\/\/sandzakpress.net\/arhiva\/?p=120456"},"modified":"2015-01-26T13:13:24","modified_gmt":"2015-01-26T12:13:24","slug":"gusinje-i-plav-zele-rastanak-bez-arbitraze","status":"publish","type":"post","link":"https:\/\/sandzakpress.net\/arhiva\/gusinje-i-plav-zele-rastanak-bez-arbitraze\/","title":{"rendered":"Gusinje i Plav \u017eele rastanak bez arbitra\u017ee"},"content":{"rendered":"<p><img loading=\"lazy\" decoding=\"async\" class=\"\" src=\"http:\/\/www.vijesti.me\/media\/cache\/f2\/97\/f29744575681ac09b3ca4aaa8d6a6bac.jpg\" alt=\"Gusinje i Plav \u017eele rastanak bez arbitra\u017ee\" width=\"562\" height=\"353\" \/><\/p>\n<p><strong>Plav, Gusinje &#8211; Planirano je da se proces razdvajanja Gusinja i Plava zavr\u0161i u martu, neizvjesno kada \u0107e se podijeliti Petnjica i Berane.<br \/>\n<\/strong><br \/>\nNovoformirane op\u0161tine Gusinje i Petnjica zapo\u010dele su procese pregovora sa op\u0161tinama iz kojih su se izdvojile u pogledu teritorijalne podjele i preuzimanja slu\u017ebenika i namje\u0161tenika.<\/p>\n<p>Dok je izme\u0111u Plava i Gusinja planirano da se ti procesi dovedu do kraja u martu ove godine, za proces teritorijalne podjele izme\u0111u Berana i Petnjice se ne zna kada \u0107e biti zavr\u0161en, a dogovor oko preuzimanja lokalnih slu\u017ebenika jo\u0161 nije ni po\u010deo.<\/p>\n<p>Petnjica i Gusinje su dvije najmla\u0111e op\u0161tine u Crnoj Gori. Prva se za taj status izborila krajem 2013. godine, a vlast je formirana u novembru.<\/p>\n<p>Gusinje se iz teritorije Plava izdvojilo po\u010detkom 2014, a vlast je konstituisana nakon izbora u martu pro\u0161le godine.<\/p>\n<p>Predsjednik Op\u0161tine Plav Orhan \u0160ahmanovi\u0107 (BS) sastao se nedavno sa predsjednicom novoformirane Op\u0161tine Gusinje Anelom \u010ceki\u0107 (DPS), kako bi se dogovorili o po\u010detku aktivnosti na podjeli imovine, teritorijalnom razgrani\u010denju dviju op\u0161tina, kao i preuzimanju lokalnih slu\u017ebenika i namje\u0161tenika.<\/p>\n<p>\u0160ahmanovi\u0107 je \u201cVijestima\u201d rekao da postoji obostrana \u017eelja da se dogovori zavr\u0161e bez posredovanja, odnosno bez dr\u017eavne arbitra\u017ee:<\/p>\n<p>\u201cMi smo zajedno sa kom\u0161ijama u Gusinju formirali dvije komisije. Jednu za teritorijalno razgrani\u010denje, a drugu za podjelu op\u0161tinskih namje\u0161tenika. Komisije \u0107e vrlo brzo po\u010deti da rade\u201d.<\/p>\n<p>On o\u010dekuje da \u0107e se ti poslovi okon\u010dati u narednih dva mjeseca, kako bi i jedna i druga op\u0161tina mogle da planiraju i donesu lokalne bud\u017eete za ovu godinu:<\/p>\n<p>\u201cRok za dono\u0161enje bud\u017eeta je kraj marta. Ni mi u Plavu, ni u novoformiranoj op\u0161tini Gusinje, to ne mo\u017eemo zavr\u0161iti dok ne podijelimo slu\u017ebenike i namje\u0161tenike. Ne mo\u017eemo planirati bud\u017eet dok to ne uradimo\u201d, objasnio je \u0160ahmanovi\u0107.<\/p>\n<p>Predsjednica Op\u0161tine Gusinje zahvalna je zbog brze reakcije \u010delnika Op\u0161tine Plav u zapo\u010dinjanju zvani\u010dnih razgovora, jer mnoga pitanja zahtijevaju \u0161to hitnije rje\u0161avanje radi nesmetanog funkcionisanja op\u0161tinskih slu\u017ebi u Gusinju, koje su u fazi formiranja.<\/p>\n<p>\u010ceki\u0107eva je prva predsjednica Op\u0161tine Gusinje, nakon \u0161to se ova varo\u0161 na krajnjem sjeveroistoku Crne Gore pro\u0161le godine izborila za taj status, odnosno izdvojila iz teritorije op\u0161tine Plav.<\/p>\n<p>\u201cVijestima\u201d je iz Op\u0161tine Berane re\u010deno da komisije koje rade na snimanju terena u cilju teritorijalnog razgrani\u010denja izme\u0111u Berana i Petnjice, jo\u0161 nijesu zavr\u0161ile posao.<\/p>\n<p>\u201cSkup\u0161tine obje op\u0161tine su formirale komisije za teritorijalno razgrani\u010denje. Te dvije komisije zajedni\u010dki izlaze na teren i taj posao jo\u0161 traje\u201d, rekao je glavni menad\u017eer Op\u0161tine Berane Darko Stojanovi\u0107 (SNP).<\/p>\n<p>Nada se da \u0107e dvije komisije do\u0107i do dogovora i da ne\u0107e biti potrebe za arbitra\u017eom.<\/p>\n<p><strong>Petnjica da preuzme i dio radnika<\/strong><\/p>\n<p>Stojanovi\u0107 smatra da bi novoformirana op\u0161tina Petnjica trebalo da preuzme i jedan broj radnika koji su jo\u0161 na bud\u017eetu Op\u0161tine Berane.<\/p>\n<p>\u201cDo sada nijesmo utvrdili koliki je to broj radnika i kada \u0107e preuzimanje biti zavr\u0161eno\u201d, kazao glavni menad\u017eer Op\u0161tine Berane.<\/p>\n<p>Za razliku od Gusinja, Petnjica je imala status op\u0161tine do 1957. godine, kada je pripojena Beranama. Od tada se barata okvirnim podacima o povr\u0161ini ove op\u0161tine od sto sedamdeset \u010detiri kvadratna kilometra. Na tom prostoru \u017eivi 6,7 hiljada stanovnika.<\/p>\n<p>Na podru\u010dju op\u0161tine Gusinje \u017eivi ne\u0161to preko \u010detiri hiljade stanovnika, od \u010dega prema posljednjem popisu 1,7 hiljada \u017eivi u gradskom naselju.<\/p>\n<p>(vijesti)<\/p>\n","protected":false},"excerpt":{"rendered":"<p>Plav, Gusinje &#8211; Planirano je da se proces razdvajanja Gusinja i Plava zavr\u0161i u martu, neizvjesno kada \u0107e se podijeliti Petnjica i Berane. Novoformirane op\u0161tine Gusinje i Petnjica zapo\u010dele su procese pregovora sa op\u0161tinama iz kojih su se izdvojile u pogledu teritorijalne podjele i preuzimanja slu\u017ebenika i namje\u0161tenika. Dok je izme\u0111u Plava i Gusinja planirano [&hellip;]<\/p>\n","protected":false},"author":83,"featured_media":120459,"comment_status":"open","ping_status":"open","sticky":false,"template":"","format":"standard","meta":{"footnotes":""},"categories":[1,399,10173,798],"tags":[],"class_list":{"0":"post-120456","1":"post","2":"type-post","3":"status-publish","4":"format-standard","5":"has-post-thumbnail","7":"category-politika","8":"category-plav_","9":"category-gusinje-vase-vijesti","10":"category-teme"},"yoast_head":"<!-- This site is optimized with the Yoast SEO Premium plugin v23.1 (Yoast SEO v24.9) - https:\/\/yoast.com\/wordpress\/plugins\/seo\/ -->\n<title>Gusinje i Plav \u017eele rastanak bez arbitra\u017ee<\/title>\n<meta name=\"robots\" content=\"index, follow, max-snippet:-1, max-image-preview:large, max-video-preview:-1\" \/>\n<link rel=\"canonical\" href=\"https:\/\/sandzakpress.net\/arhiva\/gusinje-i-plav-zele-rastanak-bez-arbitraze\/\" \/>\n<meta property=\"og:locale\" content=\"bs_BA\" \/>\n<meta property=\"og:type\" content=\"article\" \/>\n<meta property=\"og:title\" content=\"Gusinje i Plav \u017eele rastanak bez arbitra\u017ee\" \/>\n<meta property=\"og:description\" content=\"Plav, Gusinje &#8211; Planirano je da se proces razdvajanja Gusinja i Plava zavr\u0161i u martu, neizvjesno kada \u0107e se podijeliti Petnjica i Berane. Novoformirane op\u0161tine Gusinje i Petnjica zapo\u010dele su procese pregovora sa op\u0161tinama iz kojih su se izdvojile u pogledu teritorijalne podjele i preuzimanja slu\u017ebenika i namje\u0161tenika. Dok je izme\u0111u Plava i Gusinja planirano [&hellip;]\" \/>\n<meta property=\"og:url\" content=\"https:\/\/sandzakpress.net\/arhiva\/gusinje-i-plav-zele-rastanak-bez-arbitraze\/\" \/>\n<meta property=\"og:site_name\" content=\"Sand\u017eak PRESS\" \/>\n<meta property=\"article:published_time\" content=\"2015-01-26T12:13:24+00:00\" \/>\n<meta property=\"og:image\" content=\"https:\/\/sandzakpress.net\/arhiva\/wp-content\/uploads\/2015\/01\/f29744575681ac09b3ca4aaa8d6a6bac.jpg\" \/>\n\t<meta property=\"og:image:width\" content=\"560\" \/>\n\t<meta property=\"og:image:height\" content=\"352\" \/>\n\t<meta property=\"og:image:type\" content=\"image\/jpeg\" \/>\n<meta name=\"author\" content=\"bosniak\" \/>\n<meta name=\"twitter:card\" content=\"summary_large_image\" \/>\n<meta name=\"twitter:label1\" content=\"Written by\" \/>\n\t<meta name=\"twitter:data1\" content=\"bosniak\" \/>\n\t<meta name=\"twitter:label2\" content=\"Est. reading time\" \/>\n\t<meta name=\"twitter:data2\" content=\"3 minute\" \/>\n<script type=\"application\/ld+json\" class=\"yoast-schema-graph\">{\"@context\":\"https:\/\/schema.org\",\"@graph\":[{\"@type\":\"Article\",\"@id\":\"https:\/\/sandzakpress.net\/arhiva\/gusinje-i-plav-zele-rastanak-bez-arbitraze\/#article\",\"isPartOf\":{\"@id\":\"https:\/\/sandzakpress.net\/arhiva\/gusinje-i-plav-zele-rastanak-bez-arbitraze\/\"},\"author\":{\"name\":\"bosniak\",\"@id\":\"https:\/\/sandzakpress.net\/arhiva\/#\/schema\/person\/c8baee722073534b583ea7bdb2e36c02\"},\"headline\":\"Gusinje i Plav \u017eele rastanak bez arbitra\u017ee\",\"datePublished\":\"2015-01-26T12:13:24+00:00\",\"mainEntityOfPage\":{\"@id\":\"https:\/\/sandzakpress.net\/arhiva\/gusinje-i-plav-zele-rastanak-bez-arbitraze\/\"},\"wordCount\":607,\"commentCount\":0,\"publisher\":{\"@id\":\"https:\/\/sandzakpress.net\/arhiva\/#\/schema\/person\/6e72b67d6e51910a1117b3b483ba20bd\"},\"image\":{\"@id\":\"https:\/\/sandzakpress.net\/arhiva\/gusinje-i-plav-zele-rastanak-bez-arbitraze\/#primaryimage\"},\"thumbnailUrl\":\"https:\/\/sandzakpress.net\/arhiva\/wp-content\/uploads\/2015\/01\/f29744575681ac09b3ca4aaa8d6a6bac.jpg\",\"articleSection\":[\"Politika\",\"Plav\",\"Gusinje\",\"NAJNOVIJE\"],\"inLanguage\":\"bs-BA\",\"potentialAction\":[{\"@type\":\"CommentAction\",\"name\":\"Comment\",\"target\":[\"https:\/\/sandzakpress.net\/arhiva\/gusinje-i-plav-zele-rastanak-bez-arbitraze\/#respond\"]}]},{\"@type\":\"WebPage\",\"@id\":\"https:\/\/sandzakpress.net\/arhiva\/gusinje-i-plav-zele-rastanak-bez-arbitraze\/\",\"url\":\"https:\/\/sandzakpress.net\/arhiva\/gusinje-i-plav-zele-rastanak-bez-arbitraze\/\",\"name\":\"Gusinje i Plav \u017eele rastanak bez arbitra\u017ee\",\"isPartOf\":{\"@id\":\"https:\/\/sandzakpress.net\/arhiva\/#website\"},\"primaryImageOfPage\":{\"@id\":\"https:\/\/sandzakpress.net\/arhiva\/gusinje-i-plav-zele-rastanak-bez-arbitraze\/#primaryimage\"},\"image\":{\"@id\":\"https:\/\/sandzakpress.net\/arhiva\/gusinje-i-plav-zele-rastanak-bez-arbitraze\/#primaryimage\"},\"thumbnailUrl\":\"https:\/\/sandzakpress.net\/arhiva\/wp-content\/uploads\/2015\/01\/f29744575681ac09b3ca4aaa8d6a6bac.jpg\",\"datePublished\":\"2015-01-26T12:13:24+00:00\",\"breadcrumb\":{\"@id\":\"https:\/\/sandzakpress.net\/arhiva\/gusinje-i-plav-zele-rastanak-bez-arbitraze\/#breadcrumb\"},\"inLanguage\":\"bs-BA\",\"potentialAction\":[{\"@type\":\"ReadAction\",\"target\":[\"https:\/\/sandzakpress.net\/arhiva\/gusinje-i-plav-zele-rastanak-bez-arbitraze\/\"]}]},{\"@type\":\"ImageObject\",\"inLanguage\":\"bs-BA\",\"@id\":\"https:\/\/sandzakpress.net\/arhiva\/gusinje-i-plav-zele-rastanak-bez-arbitraze\/#primaryimage\",\"url\":\"https:\/\/sandzakpress.net\/arhiva\/wp-content\/uploads\/2015\/01\/f29744575681ac09b3ca4aaa8d6a6bac.jpg\",\"contentUrl\":\"https:\/\/sandzakpress.net\/arhiva\/wp-content\/uploads\/2015\/01\/f29744575681ac09b3ca4aaa8d6a6bac.jpg\",\"width\":560,\"height\":352},{\"@type\":\"BreadcrumbList\",\"@id\":\"https:\/\/sandzakpress.net\/arhiva\/gusinje-i-plav-zele-rastanak-bez-arbitraze\/#breadcrumb\",\"itemListElement\":[{\"@type\":\"ListItem\",\"position\":1,\"name\":\"Home\",\"item\":\"https:\/\/sandzakpress.net\/arhiva\/\"},{\"@type\":\"ListItem\",\"position\":2,\"name\":\"Gusinje i Plav \u017eele rastanak bez arbitra\u017ee\"}]},{\"@type\":\"WebSite\",\"@id\":\"https:\/\/sandzakpress.net\/arhiva\/#website\",\"url\":\"https:\/\/sandzakpress.net\/arhiva\/\",\"name\":\"Sand\u017eak PRESS\",\"description\":\"Prve elektronske novine u Sand\u017eaku\",\"publisher\":{\"@id\":\"https:\/\/sandzakpress.net\/arhiva\/#\/schema\/person\/6e72b67d6e51910a1117b3b483ba20bd\"},\"potentialAction\":[{\"@type\":\"SearchAction\",\"target\":{\"@type\":\"EntryPoint\",\"urlTemplate\":\"https:\/\/sandzakpress.net\/arhiva\/?s={search_term_string}\"},\"query-input\":{\"@type\":\"PropertyValueSpecification\",\"valueRequired\":true,\"valueName\":\"search_term_string\"}}],\"inLanguage\":\"bs-BA\"},{\"@type\":[\"Person\",\"Organization\"],\"@id\":\"https:\/\/sandzakpress.net\/arhiva\/#\/schema\/person\/6e72b67d6e51910a1117b3b483ba20bd\",\"name\":\"Kul\",\"image\":{\"@type\":\"ImageObject\",\"inLanguage\":\"bs-BA\",\"@id\":\"https:\/\/sandzakpress.net\/arhiva\/#\/schema\/person\/image\/\",\"url\":\"https:\/\/secure.gravatar.com\/avatar\/42263f39aa27ac04c43cab85c280eb2e?s=96&d=mm&r=pg\",\"contentUrl\":\"https:\/\/secure.gravatar.com\/avatar\/42263f39aa27ac04c43cab85c280eb2e?s=96&d=mm&r=pg\",\"caption\":\"Kul\"},\"logo\":{\"@id\":\"https:\/\/sandzakpress.net\/arhiva\/#\/schema\/person\/image\/\"}},{\"@type\":\"Person\",\"@id\":\"https:\/\/sandzakpress.net\/arhiva\/#\/schema\/person\/c8baee722073534b583ea7bdb2e36c02\",\"name\":\"bosniak\",\"image\":{\"@type\":\"ImageObject\",\"inLanguage\":\"bs-BA\",\"@id\":\"https:\/\/sandzakpress.net\/arhiva\/#\/schema\/person\/image\/\",\"url\":\"https:\/\/secure.gravatar.com\/avatar\/a04fd330bfe3a36a72a0ad4a6d89fca7?s=96&d=mm&r=pg\",\"contentUrl\":\"https:\/\/secure.gravatar.com\/avatar\/a04fd330bfe3a36a72a0ad4a6d89fca7?s=96&d=mm&r=pg\",\"caption\":\"bosniak\"},\"url\":\"https:\/\/sandzakpress.net\/arhiva\/author\/bosniak\/\"}]}<\/script>\n<!-- \/ Yoast SEO Premium plugin. -->","yoast_head_json":{"title":"Gusinje i Plav \u017eele rastanak bez arbitra\u017ee","robots":{"index":"index","follow":"follow","max-snippet":"max-snippet:-1","max-image-preview":"max-image-preview:large","max-video-preview":"max-video-preview:-1"},"canonical":"https:\/\/sandzakpress.net\/arhiva\/gusinje-i-plav-zele-rastanak-bez-arbitraze\/","og_locale":"bs_BA","og_type":"article","og_title":"Gusinje i Plav \u017eele rastanak bez arbitra\u017ee","og_description":"Plav, Gusinje &#8211; Planirano je da se proces razdvajanja Gusinja i Plava zavr\u0161i u martu, neizvjesno kada \u0107e se podijeliti Petnjica i Berane. Novoformirane op\u0161tine Gusinje i Petnjica zapo\u010dele su procese pregovora sa op\u0161tinama iz kojih su se izdvojile u pogledu teritorijalne podjele i preuzimanja slu\u017ebenika i namje\u0161tenika. Dok je izme\u0111u Plava i Gusinja planirano [&hellip;]","og_url":"https:\/\/sandzakpress.net\/arhiva\/gusinje-i-plav-zele-rastanak-bez-arbitraze\/","og_site_name":"Sand\u017eak PRESS","article_published_time":"2015-01-26T12:13:24+00:00","og_image":[{"width":560,"height":352,"url":"https:\/\/sandzakpress.net\/arhiva\/wp-content\/uploads\/2015\/01\/f29744575681ac09b3ca4aaa8d6a6bac.jpg","type":"image\/jpeg"}],"author":"bosniak","twitter_card":"summary_large_image","twitter_misc":{"Written by":"bosniak","Est. reading time":"3 minute"},"schema":{"@context":"https:\/\/schema.org","@graph":[{"@type":"Article","@id":"https:\/\/sandzakpress.net\/arhiva\/gusinje-i-plav-zele-rastanak-bez-arbitraze\/#article","isPartOf":{"@id":"https:\/\/sandzakpress.net\/arhiva\/gusinje-i-plav-zele-rastanak-bez-arbitraze\/"},"author":{"name":"bosniak","@id":"https:\/\/sandzakpress.net\/arhiva\/#\/schema\/person\/c8baee722073534b583ea7bdb2e36c02"},"headline":"Gusinje i Plav \u017eele rastanak bez arbitra\u017ee","datePublished":"2015-01-26T12:13:24+00:00","mainEntityOfPage":{"@id":"https:\/\/sandzakpress.net\/arhiva\/gusinje-i-plav-zele-rastanak-bez-arbitraze\/"},"wordCount":607,"commentCount":0,"publisher":{"@id":"https:\/\/sandzakpress.net\/arhiva\/#\/schema\/person\/6e72b67d6e51910a1117b3b483ba20bd"},"image":{"@id":"https:\/\/sandzakpress.net\/arhiva\/gusinje-i-plav-zele-rastanak-bez-arbitraze\/#primaryimage"},"thumbnailUrl":"https:\/\/sandzakpress.net\/arhiva\/wp-content\/uploads\/2015\/01\/f29744575681ac09b3ca4aaa8d6a6bac.jpg","articleSection":["Politika","Plav","Gusinje","NAJNOVIJE"],"inLanguage":"bs-BA","potentialAction":[{"@type":"CommentAction","name":"Comment","target":["https:\/\/sandzakpress.net\/arhiva\/gusinje-i-plav-zele-rastanak-bez-arbitraze\/#respond"]}]},{"@type":"WebPage","@id":"https:\/\/sandzakpress.net\/arhiva\/gusinje-i-plav-zele-rastanak-bez-arbitraze\/","url":"https:\/\/sandzakpress.net\/arhiva\/gusinje-i-plav-zele-rastanak-bez-arbitraze\/","name":"Gusinje i Plav \u017eele rastanak bez arbitra\u017ee","isPartOf":{"@id":"https:\/\/sandzakpress.net\/arhiva\/#website"},"primaryImageOfPage":{"@id":"https:\/\/sandzakpress.net\/arhiva\/gusinje-i-plav-zele-rastanak-bez-arbitraze\/#primaryimage"},"image":{"@id":"https:\/\/sandzakpress.net\/arhiva\/gusinje-i-plav-zele-rastanak-bez-arbitraze\/#primaryimage"},"thumbnailUrl":"https:\/\/sandzakpress.net\/arhiva\/wp-content\/uploads\/2015\/01\/f29744575681ac09b3ca4aaa8d6a6bac.jpg","datePublished":"2015-01-26T12:13:24+00:00","breadcrumb":{"@id":"https:\/\/sandzakpress.net\/arhiva\/gusinje-i-plav-zele-rastanak-bez-arbitraze\/#breadcrumb"},"inLanguage":"bs-BA","potentialAction":[{"@type":"ReadAction","target":["https:\/\/sandzakpress.net\/arhiva\/gusinje-i-plav-zele-rastanak-bez-arbitraze\/"]}]},{"@type":"ImageObject","inLanguage":"bs-BA","@id":"https:\/\/sandzakpress.net\/arhiva\/gusinje-i-plav-zele-rastanak-bez-arbitraze\/#primaryimage","url":"https:\/\/sandzakpress.net\/arhiva\/wp-content\/uploads\/2015\/01\/f29744575681ac09b3ca4aaa8d6a6bac.jpg","contentUrl":"https:\/\/sandzakpress.net\/arhiva\/wp-content\/uploads\/2015\/01\/f29744575681ac09b3ca4aaa8d6a6bac.jpg","width":560,"height":352},{"@type":"BreadcrumbList","@id":"https:\/\/sandzakpress.net\/arhiva\/gusinje-i-plav-zele-rastanak-bez-arbitraze\/#breadcrumb","itemListElement":[{"@type":"ListItem","position":1,"name":"Home","item":"https:\/\/sandzakpress.net\/arhiva\/"},{"@type":"ListItem","position":2,"name":"Gusinje i Plav \u017eele rastanak bez arbitra\u017ee"}]},{"@type":"WebSite","@id":"https:\/\/sandzakpress.net\/arhiva\/#website","url":"https:\/\/sandzakpress.net\/arhiva\/","name":"Sand\u017eak PRESS","description":"Prve elektronske novine u Sand\u017eaku","publisher":{"@id":"https:\/\/sandzakpress.net\/arhiva\/#\/schema\/person\/6e72b67d6e51910a1117b3b483ba20bd"},"potentialAction":[{"@type":"SearchAction","target":{"@type":"EntryPoint","urlTemplate":"https:\/\/sandzakpress.net\/arhiva\/?s={search_term_string}"},"query-input":{"@type":"PropertyValueSpecification","valueRequired":true,"valueName":"search_term_string"}}],"inLanguage":"bs-BA"},{"@type":["Person","Organization"],"@id":"https:\/\/sandzakpress.net\/arhiva\/#\/schema\/person\/6e72b67d6e51910a1117b3b483ba20bd","name":"Kul","image":{"@type":"ImageObject","inLanguage":"bs-BA","@id":"https:\/\/sandzakpress.net\/arhiva\/#\/schema\/person\/image\/","url":"https:\/\/secure.gravatar.com\/avatar\/42263f39aa27ac04c43cab85c280eb2e?s=96&d=mm&r=pg","contentUrl":"https:\/\/secure.gravatar.com\/avatar\/42263f39aa27ac04c43cab85c280eb2e?s=96&d=mm&r=pg","caption":"Kul"},"logo":{"@id":"https:\/\/sandzakpress.net\/arhiva\/#\/schema\/person\/image\/"}},{"@type":"Person","@id":"https:\/\/sandzakpress.net\/arhiva\/#\/schema\/person\/c8baee722073534b583ea7bdb2e36c02","name":"bosniak","image":{"@type":"ImageObject","inLanguage":"bs-BA","@id":"https:\/\/sandzakpress.net\/arhiva\/#\/schema\/person\/image\/","url":"https:\/\/secure.gravatar.com\/avatar\/a04fd330bfe3a36a72a0ad4a6d89fca7?s=96&d=mm&r=pg","contentUrl":"https:\/\/secure.gravatar.com\/avatar\/a04fd330bfe3a36a72a0ad4a6d89fca7?s=96&d=mm&r=pg","caption":"bosniak"},"url":"https:\/\/sandzakpress.net\/arhiva\/author\/bosniak\/"}]}},"_links":{"self":[{"href":"https:\/\/sandzakpress.net\/arhiva\/wp-json\/wp\/v2\/posts\/120456"}],"collection":[{"href":"https:\/\/sandzakpress.net\/arhiva\/wp-json\/wp\/v2\/posts"}],"about":[{"href":"https:\/\/sandzakpress.net\/arhiva\/wp-json\/wp\/v2\/types\/post"}],"author":[{"embeddable":true,"href":"https:\/\/sandzakpress.net\/arhiva\/wp-json\/wp\/v2\/users\/83"}],"replies":[{"embeddable":true,"href":"https:\/\/sandzakpress.net\/arhiva\/wp-json\/wp\/v2\/comments?post=120456"}],"version-history":[{"count":0,"href":"https:\/\/sandzakpress.net\/arhiva\/wp-json\/wp\/v2\/posts\/120456\/revisions"}],"wp:featuredmedia":[{"embeddable":true,"href":"https:\/\/sandzakpress.net\/arhiva\/wp-json\/wp\/v2\/media\/120459"}],"wp:attachment":[{"href":"https:\/\/sandzakpress.net\/arhiva\/wp-json\/wp\/v2\/media?parent=120456"}],"wp:term":[{"taxonomy":"category","embeddable":true,"href":"https:\/\/sandzakpress.net\/arhiva\/wp-json\/wp\/v2\/categories?post=120456"},{"taxonomy":"post_tag","embeddable":true,"href":"https:\/\/sandzakpress.net\/arhiva\/wp-json\/wp\/v2\/tags?post=120456"}],"curies":[{"name":"wp","href":"https:\/\/api.w.org\/{rel}","templated":true}]}}