{"id":120364,"date":"2015-01-24T19:30:49","date_gmt":"2015-01-24T18:30:49","guid":{"rendered":"https:\/\/sandzakpress.net\/arhiva\/?p=120364"},"modified":"2015-01-24T19:30:49","modified_gmt":"2015-01-24T18:30:49","slug":"svakodnevni-napadi-na-muslimane-u-njemackoj","status":"publish","type":"post","link":"https:\/\/sandzakpress.net\/arhiva\/svakodnevni-napadi-na-muslimane-u-njemackoj\/","title":{"rendered":"Svakodnevni napadi na muslimane u Njema\u010dkoj"},"content":{"rendered":"<p class=\"standfirst\"><a href=\"https:\/\/sandzakpress.net\/arhiva\/wp-content\/uploads\/2015\/01\/njemacka-muslimani-radnja-prodavnica-getty-main.jpg\"><img loading=\"lazy\" decoding=\"async\" class=\" size-full wp-image-120365 aligncenter\" src=\"https:\/\/sandzakpress.net\/arhiva\/wp-content\/uploads\/2015\/01\/njemacka-muslimani-radnja-prodavnica-getty-main.jpg\" alt=\"njemacka-muslimani-radnja-prodavnica-getty-main\" width=\"600\" height=\"400\" \/><\/a><\/p>\n<p class=\"standfirst\"><strong>Njema\u010dka &#8211; \u0160ef Centralnog odbora njema\u010dkih muslimana ka\u017ee da su u toj dr\u017eavi u\u010destali napadi na muslimane i d\u017eamije.<\/strong><\/p>\n<p>U Njema\u010dkoj je u porastu nasilje usmjereno protiv muslimana i njihovih vjerskih objekata, izjavio je Aiman Mazyek, predsjednik Centralnog odbora njema\u010dkih muslimana za sedmi\u010dnik <em>Focus<\/em> u subotu.<\/p>\n<p>&#8220;Napadi na muslimane, \u010desto na \u017eene koje pokrivaju glavu, vandalizam na d\u017eamijama i nasilje protiv imama postali su svakodnevna pojava&#8221;, rekao je Mazyek.<\/p>\n<p>Prema njegovim rije\u010dima, napadi na d\u017eamije u Njema\u010dkoj doga\u0111aju se svake sedmice, prenosi Hina.<\/p>\n<p>Za porast nasilja protiv muslimana Mazyek krivi antiislamski pokret PEGIDU.<\/p>\n<p>&#8220;PEGIDA je kod mnogih ljudi indirektno izazvala smanjenje otpora diskriminaciji i napadima na muslimane&#8221;, rekao je.<\/p>\n<p><strong>Stavovi PEGIDE<\/strong><\/p>\n<p>Pokret PEGIDA (Patriotski Evropljani protiv islamizacije Zapada) tvrdi da se protivi nasilju, ali tako\u0111er poru\u010duje kako nije protiv stranaca niti protiv muslimana koji se \u017eele integrirati.<\/p>\n<p>PEGIDA svake sedmice organizira proteste u Dresdenu na istoku zemlje, u kojima sudjeluje do 25.000 ljudi.<\/p>\n<p>Prema Mazyekovim rije\u010dima, Centralni odbor njema\u010dkih muslimana nije u stanju iza\u0107i nakraj s koli\u010dinom posla koja je potrebna kako bi se sprije\u010dila radikalizacija mladih njema\u010dkih muslimana.<\/p>\n<p>&#8220;Potrebna nam je ve\u0107a podr\u0161ka dru\u0161tva i politi\u010dara. Naprimjer, imami moraju biti bolje obrazovani, tako da znaju postupati s radikalima i da mogu rano prepoznati znakove radikaliziranja&#8221;, rekao je on.<\/p>\n<p>Vo\u0111a antiislamskog pokreta PEGIDA Lutz Bachmann podnio je ostavku pro\u0161le sedmice, nakon objavljivanja fotografije na kojoj pozira kao Hitler i izvje\u0161taja da je izbjeglice nazivao &#8220;nitkovima&#8221;, zbog \u010dega je njema\u010dko tu\u017eila\u0161tvo pokrenulo istragu protiv njega zbog izazivanje mr\u017enje, prenosi Tanjug.<\/p>\n<p>Bachmannovu fotografiju sa potpisom &#8220;Pogledaj ko se vratio&#8221; sa njegovog Facebook profila objavio je tabloid <em>Bild<\/em>, koji je zajedno sa jo\u0161 jednim njema\u010dkim listom izvijestio da je on izbjeglice nazivao &#8220;\u017eivotinjama&#8221; i &#8220;nitkovima&#8221;.<\/p>\n<p><em>Izvor: Agencije<\/em><\/p>\n","protected":false},"excerpt":{"rendered":"<p>Njema\u010dka &#8211; \u0160ef Centralnog odbora njema\u010dkih muslimana ka\u017ee da su u toj dr\u017eavi u\u010destali napadi na muslimane i d\u017eamije. U Njema\u010dkoj je u porastu nasilje usmjereno protiv muslimana i njihovih vjerskih objekata, izjavio je Aiman Mazyek, predsjednik Centralnog odbora njema\u010dkih muslimana za sedmi\u010dnik Focus u subotu. &#8220;Napadi na muslimane, \u010desto na \u017eene koje pokrivaju glavu, [&hellip;]<\/p>\n","protected":false},"author":83,"featured_media":120365,"comment_status":"open","ping_status":"open","sticky":false,"template":"","format":"standard","meta":{"footnotes":""},"categories":[9538,9,798],"tags":[],"class_list":{"0":"post-120364","1":"post","2":"type-post","3":"status-publish","4":"format-standard","5":"has-post-thumbnail","7":"category-njemacka-dijaspora-gradovi-vase-vijesti","8":"category-svijet","9":"category-teme"},"yoast_head":"<!-- This site is optimized with the Yoast SEO Premium plugin v23.1 (Yoast SEO v24.9) - https:\/\/yoast.com\/wordpress\/plugins\/seo\/ -->\n<title>Svakodnevni napadi na muslimane u Njema\u010dkoj<\/title>\n<meta name=\"robots\" content=\"index, follow, max-snippet:-1, max-image-preview:large, max-video-preview:-1\" \/>\n<link rel=\"canonical\" href=\"https:\/\/sandzakpress.net\/arhiva\/svakodnevni-napadi-na-muslimane-u-njemackoj\/\" \/>\n<meta property=\"og:locale\" content=\"bs_BA\" \/>\n<meta property=\"og:type\" content=\"article\" \/>\n<meta property=\"og:title\" content=\"Svakodnevni napadi na muslimane u Njema\u010dkoj\" \/>\n<meta property=\"og:description\" content=\"Njema\u010dka &#8211; \u0160ef Centralnog odbora njema\u010dkih muslimana ka\u017ee da su u toj dr\u017eavi u\u010destali napadi na muslimane i d\u017eamije. U Njema\u010dkoj je u porastu nasilje usmjereno protiv muslimana i njihovih vjerskih objekata, izjavio je Aiman Mazyek, predsjednik Centralnog odbora njema\u010dkih muslimana za sedmi\u010dnik Focus u subotu. &#8220;Napadi na muslimane, \u010desto na \u017eene koje pokrivaju glavu, [&hellip;]\" \/>\n<meta property=\"og:url\" content=\"https:\/\/sandzakpress.net\/arhiva\/svakodnevni-napadi-na-muslimane-u-njemackoj\/\" \/>\n<meta property=\"og:site_name\" content=\"Sand\u017eak PRESS\" \/>\n<meta property=\"article:published_time\" content=\"2015-01-24T18:30:49+00:00\" \/>\n<meta property=\"og:image\" content=\"https:\/\/sandzakpress.net\/arhiva\/wp-content\/uploads\/2015\/01\/njemacka-muslimani-radnja-prodavnica-getty-main.jpg\" \/>\n\t<meta property=\"og:image:width\" content=\"600\" \/>\n\t<meta property=\"og:image:height\" content=\"400\" \/>\n\t<meta property=\"og:image:type\" content=\"image\/jpeg\" \/>\n<meta name=\"author\" content=\"bosniak\" \/>\n<meta name=\"twitter:card\" content=\"summary_large_image\" \/>\n<meta name=\"twitter:label1\" content=\"Written by\" \/>\n\t<meta name=\"twitter:data1\" content=\"bosniak\" \/>\n\t<meta name=\"twitter:label2\" content=\"Est. reading time\" \/>\n\t<meta name=\"twitter:data2\" content=\"2 minute\" \/>\n<script type=\"application\/ld+json\" class=\"yoast-schema-graph\">{\"@context\":\"https:\/\/schema.org\",\"@graph\":[{\"@type\":\"Article\",\"@id\":\"https:\/\/sandzakpress.net\/arhiva\/svakodnevni-napadi-na-muslimane-u-njemackoj\/#article\",\"isPartOf\":{\"@id\":\"https:\/\/sandzakpress.net\/arhiva\/svakodnevni-napadi-na-muslimane-u-njemackoj\/\"},\"author\":{\"name\":\"bosniak\",\"@id\":\"https:\/\/sandzakpress.net\/arhiva\/#\/schema\/person\/c8baee722073534b583ea7bdb2e36c02\"},\"headline\":\"Svakodnevni napadi na muslimane u Njema\u010dkoj\",\"datePublished\":\"2015-01-24T18:30:49+00:00\",\"mainEntityOfPage\":{\"@id\":\"https:\/\/sandzakpress.net\/arhiva\/svakodnevni-napadi-na-muslimane-u-njemackoj\/\"},\"wordCount\":324,\"commentCount\":35,\"publisher\":{\"@id\":\"https:\/\/sandzakpress.net\/arhiva\/#\/schema\/person\/6e72b67d6e51910a1117b3b483ba20bd\"},\"image\":{\"@id\":\"https:\/\/sandzakpress.net\/arhiva\/svakodnevni-napadi-na-muslimane-u-njemackoj\/#primaryimage\"},\"thumbnailUrl\":\"https:\/\/sandzakpress.net\/arhiva\/wp-content\/uploads\/2015\/01\/njemacka-muslimani-radnja-prodavnica-getty-main.jpg\",\"articleSection\":[\"Njema\u010dka\",\"Svijet\",\"NAJNOVIJE\"],\"inLanguage\":\"bs-BA\",\"potentialAction\":[{\"@type\":\"CommentAction\",\"name\":\"Comment\",\"target\":[\"https:\/\/sandzakpress.net\/arhiva\/svakodnevni-napadi-na-muslimane-u-njemackoj\/#respond\"]}]},{\"@type\":\"WebPage\",\"@id\":\"https:\/\/sandzakpress.net\/arhiva\/svakodnevni-napadi-na-muslimane-u-njemackoj\/\",\"url\":\"https:\/\/sandzakpress.net\/arhiva\/svakodnevni-napadi-na-muslimane-u-njemackoj\/\",\"name\":\"Svakodnevni napadi na muslimane u Njema\u010dkoj\",\"isPartOf\":{\"@id\":\"https:\/\/sandzakpress.net\/arhiva\/#website\"},\"primaryImageOfPage\":{\"@id\":\"https:\/\/sandzakpress.net\/arhiva\/svakodnevni-napadi-na-muslimane-u-njemackoj\/#primaryimage\"},\"image\":{\"@id\":\"https:\/\/sandzakpress.net\/arhiva\/svakodnevni-napadi-na-muslimane-u-njemackoj\/#primaryimage\"},\"thumbnailUrl\":\"https:\/\/sandzakpress.net\/arhiva\/wp-content\/uploads\/2015\/01\/njemacka-muslimani-radnja-prodavnica-getty-main.jpg\",\"datePublished\":\"2015-01-24T18:30:49+00:00\",\"breadcrumb\":{\"@id\":\"https:\/\/sandzakpress.net\/arhiva\/svakodnevni-napadi-na-muslimane-u-njemackoj\/#breadcrumb\"},\"inLanguage\":\"bs-BA\",\"potentialAction\":[{\"@type\":\"ReadAction\",\"target\":[\"https:\/\/sandzakpress.net\/arhiva\/svakodnevni-napadi-na-muslimane-u-njemackoj\/\"]}]},{\"@type\":\"ImageObject\",\"inLanguage\":\"bs-BA\",\"@id\":\"https:\/\/sandzakpress.net\/arhiva\/svakodnevni-napadi-na-muslimane-u-njemackoj\/#primaryimage\",\"url\":\"https:\/\/sandzakpress.net\/arhiva\/wp-content\/uploads\/2015\/01\/njemacka-muslimani-radnja-prodavnica-getty-main.jpg\",\"contentUrl\":\"https:\/\/sandzakpress.net\/arhiva\/wp-content\/uploads\/2015\/01\/njemacka-muslimani-radnja-prodavnica-getty-main.jpg\",\"width\":600,\"height\":400},{\"@type\":\"BreadcrumbList\",\"@id\":\"https:\/\/sandzakpress.net\/arhiva\/svakodnevni-napadi-na-muslimane-u-njemackoj\/#breadcrumb\",\"itemListElement\":[{\"@type\":\"ListItem\",\"position\":1,\"name\":\"Home\",\"item\":\"https:\/\/sandzakpress.net\/arhiva\/\"},{\"@type\":\"ListItem\",\"position\":2,\"name\":\"Svakodnevni napadi na muslimane u Njema\u010dkoj\"}]},{\"@type\":\"WebSite\",\"@id\":\"https:\/\/sandzakpress.net\/arhiva\/#website\",\"url\":\"https:\/\/sandzakpress.net\/arhiva\/\",\"name\":\"Sand\u017eak PRESS\",\"description\":\"Prve elektronske novine u Sand\u017eaku\",\"publisher\":{\"@id\":\"https:\/\/sandzakpress.net\/arhiva\/#\/schema\/person\/6e72b67d6e51910a1117b3b483ba20bd\"},\"potentialAction\":[{\"@type\":\"SearchAction\",\"target\":{\"@type\":\"EntryPoint\",\"urlTemplate\":\"https:\/\/sandzakpress.net\/arhiva\/?s={search_term_string}\"},\"query-input\":{\"@type\":\"PropertyValueSpecification\",\"valueRequired\":true,\"valueName\":\"search_term_string\"}}],\"inLanguage\":\"bs-BA\"},{\"@type\":[\"Person\",\"Organization\"],\"@id\":\"https:\/\/sandzakpress.net\/arhiva\/#\/schema\/person\/6e72b67d6e51910a1117b3b483ba20bd\",\"name\":\"Kul\",\"image\":{\"@type\":\"ImageObject\",\"inLanguage\":\"bs-BA\",\"@id\":\"https:\/\/sandzakpress.net\/arhiva\/#\/schema\/person\/image\/\",\"url\":\"https:\/\/secure.gravatar.com\/avatar\/42263f39aa27ac04c43cab85c280eb2e?s=96&d=mm&r=pg\",\"contentUrl\":\"https:\/\/secure.gravatar.com\/avatar\/42263f39aa27ac04c43cab85c280eb2e?s=96&d=mm&r=pg\",\"caption\":\"Kul\"},\"logo\":{\"@id\":\"https:\/\/sandzakpress.net\/arhiva\/#\/schema\/person\/image\/\"}},{\"@type\":\"Person\",\"@id\":\"https:\/\/sandzakpress.net\/arhiva\/#\/schema\/person\/c8baee722073534b583ea7bdb2e36c02\",\"name\":\"bosniak\",\"image\":{\"@type\":\"ImageObject\",\"inLanguage\":\"bs-BA\",\"@id\":\"https:\/\/sandzakpress.net\/arhiva\/#\/schema\/person\/image\/\",\"url\":\"https:\/\/secure.gravatar.com\/avatar\/a04fd330bfe3a36a72a0ad4a6d89fca7?s=96&d=mm&r=pg\",\"contentUrl\":\"https:\/\/secure.gravatar.com\/avatar\/a04fd330bfe3a36a72a0ad4a6d89fca7?s=96&d=mm&r=pg\",\"caption\":\"bosniak\"},\"url\":\"https:\/\/sandzakpress.net\/arhiva\/author\/bosniak\/\"}]}<\/script>\n<!-- \/ Yoast SEO Premium plugin. -->","yoast_head_json":{"title":"Svakodnevni napadi na muslimane u Njema\u010dkoj","robots":{"index":"index","follow":"follow","max-snippet":"max-snippet:-1","max-image-preview":"max-image-preview:large","max-video-preview":"max-video-preview:-1"},"canonical":"https:\/\/sandzakpress.net\/arhiva\/svakodnevni-napadi-na-muslimane-u-njemackoj\/","og_locale":"bs_BA","og_type":"article","og_title":"Svakodnevni napadi na muslimane u Njema\u010dkoj","og_description":"Njema\u010dka &#8211; \u0160ef Centralnog odbora njema\u010dkih muslimana ka\u017ee da su u toj dr\u017eavi u\u010destali napadi na muslimane i d\u017eamije. U Njema\u010dkoj je u porastu nasilje usmjereno protiv muslimana i njihovih vjerskih objekata, izjavio je Aiman Mazyek, predsjednik Centralnog odbora njema\u010dkih muslimana za sedmi\u010dnik Focus u subotu. &#8220;Napadi na muslimane, \u010desto na \u017eene koje pokrivaju glavu, [&hellip;]","og_url":"https:\/\/sandzakpress.net\/arhiva\/svakodnevni-napadi-na-muslimane-u-njemackoj\/","og_site_name":"Sand\u017eak PRESS","article_published_time":"2015-01-24T18:30:49+00:00","og_image":[{"width":600,"height":400,"url":"https:\/\/sandzakpress.net\/arhiva\/wp-content\/uploads\/2015\/01\/njemacka-muslimani-radnja-prodavnica-getty-main.jpg","type":"image\/jpeg"}],"author":"bosniak","twitter_card":"summary_large_image","twitter_misc":{"Written by":"bosniak","Est. reading time":"2 minute"},"schema":{"@context":"https:\/\/schema.org","@graph":[{"@type":"Article","@id":"https:\/\/sandzakpress.net\/arhiva\/svakodnevni-napadi-na-muslimane-u-njemackoj\/#article","isPartOf":{"@id":"https:\/\/sandzakpress.net\/arhiva\/svakodnevni-napadi-na-muslimane-u-njemackoj\/"},"author":{"name":"bosniak","@id":"https:\/\/sandzakpress.net\/arhiva\/#\/schema\/person\/c8baee722073534b583ea7bdb2e36c02"},"headline":"Svakodnevni napadi na muslimane u Njema\u010dkoj","datePublished":"2015-01-24T18:30:49+00:00","mainEntityOfPage":{"@id":"https:\/\/sandzakpress.net\/arhiva\/svakodnevni-napadi-na-muslimane-u-njemackoj\/"},"wordCount":324,"commentCount":35,"publisher":{"@id":"https:\/\/sandzakpress.net\/arhiva\/#\/schema\/person\/6e72b67d6e51910a1117b3b483ba20bd"},"image":{"@id":"https:\/\/sandzakpress.net\/arhiva\/svakodnevni-napadi-na-muslimane-u-njemackoj\/#primaryimage"},"thumbnailUrl":"https:\/\/sandzakpress.net\/arhiva\/wp-content\/uploads\/2015\/01\/njemacka-muslimani-radnja-prodavnica-getty-main.jpg","articleSection":["Njema\u010dka","Svijet","NAJNOVIJE"],"inLanguage":"bs-BA","potentialAction":[{"@type":"CommentAction","name":"Comment","target":["https:\/\/sandzakpress.net\/arhiva\/svakodnevni-napadi-na-muslimane-u-njemackoj\/#respond"]}]},{"@type":"WebPage","@id":"https:\/\/sandzakpress.net\/arhiva\/svakodnevni-napadi-na-muslimane-u-njemackoj\/","url":"https:\/\/sandzakpress.net\/arhiva\/svakodnevni-napadi-na-muslimane-u-njemackoj\/","name":"Svakodnevni napadi na muslimane u Njema\u010dkoj","isPartOf":{"@id":"https:\/\/sandzakpress.net\/arhiva\/#website"},"primaryImageOfPage":{"@id":"https:\/\/sandzakpress.net\/arhiva\/svakodnevni-napadi-na-muslimane-u-njemackoj\/#primaryimage"},"image":{"@id":"https:\/\/sandzakpress.net\/arhiva\/svakodnevni-napadi-na-muslimane-u-njemackoj\/#primaryimage"},"thumbnailUrl":"https:\/\/sandzakpress.net\/arhiva\/wp-content\/uploads\/2015\/01\/njemacka-muslimani-radnja-prodavnica-getty-main.jpg","datePublished":"2015-01-24T18:30:49+00:00","breadcrumb":{"@id":"https:\/\/sandzakpress.net\/arhiva\/svakodnevni-napadi-na-muslimane-u-njemackoj\/#breadcrumb"},"inLanguage":"bs-BA","potentialAction":[{"@type":"ReadAction","target":["https:\/\/sandzakpress.net\/arhiva\/svakodnevni-napadi-na-muslimane-u-njemackoj\/"]}]},{"@type":"ImageObject","inLanguage":"bs-BA","@id":"https:\/\/sandzakpress.net\/arhiva\/svakodnevni-napadi-na-muslimane-u-njemackoj\/#primaryimage","url":"https:\/\/sandzakpress.net\/arhiva\/wp-content\/uploads\/2015\/01\/njemacka-muslimani-radnja-prodavnica-getty-main.jpg","contentUrl":"https:\/\/sandzakpress.net\/arhiva\/wp-content\/uploads\/2015\/01\/njemacka-muslimani-radnja-prodavnica-getty-main.jpg","width":600,"height":400},{"@type":"BreadcrumbList","@id":"https:\/\/sandzakpress.net\/arhiva\/svakodnevni-napadi-na-muslimane-u-njemackoj\/#breadcrumb","itemListElement":[{"@type":"ListItem","position":1,"name":"Home","item":"https:\/\/sandzakpress.net\/arhiva\/"},{"@type":"ListItem","position":2,"name":"Svakodnevni napadi na muslimane u Njema\u010dkoj"}]},{"@type":"WebSite","@id":"https:\/\/sandzakpress.net\/arhiva\/#website","url":"https:\/\/sandzakpress.net\/arhiva\/","name":"Sand\u017eak PRESS","description":"Prve elektronske novine u Sand\u017eaku","publisher":{"@id":"https:\/\/sandzakpress.net\/arhiva\/#\/schema\/person\/6e72b67d6e51910a1117b3b483ba20bd"},"potentialAction":[{"@type":"SearchAction","target":{"@type":"EntryPoint","urlTemplate":"https:\/\/sandzakpress.net\/arhiva\/?s={search_term_string}"},"query-input":{"@type":"PropertyValueSpecification","valueRequired":true,"valueName":"search_term_string"}}],"inLanguage":"bs-BA"},{"@type":["Person","Organization"],"@id":"https:\/\/sandzakpress.net\/arhiva\/#\/schema\/person\/6e72b67d6e51910a1117b3b483ba20bd","name":"Kul","image":{"@type":"ImageObject","inLanguage":"bs-BA","@id":"https:\/\/sandzakpress.net\/arhiva\/#\/schema\/person\/image\/","url":"https:\/\/secure.gravatar.com\/avatar\/42263f39aa27ac04c43cab85c280eb2e?s=96&d=mm&r=pg","contentUrl":"https:\/\/secure.gravatar.com\/avatar\/42263f39aa27ac04c43cab85c280eb2e?s=96&d=mm&r=pg","caption":"Kul"},"logo":{"@id":"https:\/\/sandzakpress.net\/arhiva\/#\/schema\/person\/image\/"}},{"@type":"Person","@id":"https:\/\/sandzakpress.net\/arhiva\/#\/schema\/person\/c8baee722073534b583ea7bdb2e36c02","name":"bosniak","image":{"@type":"ImageObject","inLanguage":"bs-BA","@id":"https:\/\/sandzakpress.net\/arhiva\/#\/schema\/person\/image\/","url":"https:\/\/secure.gravatar.com\/avatar\/a04fd330bfe3a36a72a0ad4a6d89fca7?s=96&d=mm&r=pg","contentUrl":"https:\/\/secure.gravatar.com\/avatar\/a04fd330bfe3a36a72a0ad4a6d89fca7?s=96&d=mm&r=pg","caption":"bosniak"},"url":"https:\/\/sandzakpress.net\/arhiva\/author\/bosniak\/"}]}},"_links":{"self":[{"href":"https:\/\/sandzakpress.net\/arhiva\/wp-json\/wp\/v2\/posts\/120364"}],"collection":[{"href":"https:\/\/sandzakpress.net\/arhiva\/wp-json\/wp\/v2\/posts"}],"about":[{"href":"https:\/\/sandzakpress.net\/arhiva\/wp-json\/wp\/v2\/types\/post"}],"author":[{"embeddable":true,"href":"https:\/\/sandzakpress.net\/arhiva\/wp-json\/wp\/v2\/users\/83"}],"replies":[{"embeddable":true,"href":"https:\/\/sandzakpress.net\/arhiva\/wp-json\/wp\/v2\/comments?post=120364"}],"version-history":[{"count":0,"href":"https:\/\/sandzakpress.net\/arhiva\/wp-json\/wp\/v2\/posts\/120364\/revisions"}],"wp:featuredmedia":[{"embeddable":true,"href":"https:\/\/sandzakpress.net\/arhiva\/wp-json\/wp\/v2\/media\/120365"}],"wp:attachment":[{"href":"https:\/\/sandzakpress.net\/arhiva\/wp-json\/wp\/v2\/media?parent=120364"}],"wp:term":[{"taxonomy":"category","embeddable":true,"href":"https:\/\/sandzakpress.net\/arhiva\/wp-json\/wp\/v2\/categories?post=120364"},{"taxonomy":"post_tag","embeddable":true,"href":"https:\/\/sandzakpress.net\/arhiva\/wp-json\/wp\/v2\/tags?post=120364"}],"curies":[{"name":"wp","href":"https:\/\/api.w.org\/{rel}","templated":true}]}}