{"id":120246,"date":"2015-01-23T19:18:20","date_gmt":"2015-01-23T18:18:20","guid":{"rendered":"https:\/\/sandzakpress.net\/arhiva\/?p=120246"},"modified":"2015-01-24T09:26:18","modified_gmt":"2015-01-24T08:26:18","slug":"novi-pazar-protest-fur-den-propheten-friede-sei-mit-ihm","status":"publish","type":"post","link":"https:\/\/sandzakpress.net\/arhiva\/novi-pazar-protest-fur-den-propheten-friede-sei-mit-ihm\/","title":{"rendered":"Novi Pazar &#8211; Protest f\u00fcr den Propheten friede sei mit ihm"},"content":{"rendered":"<p><img decoding=\"async\" src=\"https:\/\/sandzakpress.net\/arhiva\/wp-content\/uploads\/2015\/01\/DSC_10252.jpg\" alt=\"DSC_1025\" \/><\/p>\n<p><strong>Novi Pazar \u2013 Das Wochenmagazin Charli Ebdo hat mit der Ver\u00f6ffentlichung von Karikaturen des Propheten Muhammed, friede sei mit ihm die Welt ersch\u00fcttert. Weltweite Proteste wurden organisiert und heute am, 23. Januar 2015 organisirte man auch einen ruhigen Protest in Novi Pazar.\u00a0<\/strong><\/p>\n<p>Auf dem Platz \u00a0Gazi Isa beg Ishakovi\u0107 versammelten sich Tausende von Gl\u00e4ubigen, um ihre Pr\u00e4senz zu zeigten und ihre Liebe zu den Propheten friede sei mit ihm. \u00a0Nach dem Protest, sprach der Gelehrter \u00a0HFZ. Irfan ef.Mali\u0107 zu den anwesenden, wo er auf \u00a0die Qualit\u00e4ten des Propheten \u00a0hinwies und \u00a0mit Ausspr\u00fcchen des Propheten die Herzen der Anwesenden ber\u00fchrte, auf deren Gesichter man Tr\u00e4nen sehen konnte.\u00a0&#8220;Frieden und Segen auf dich, mein geliebter Prophet. Am Tag des Gerichts wird jeder Prophet friede sei mit ihnen f\u00fcr sich selbst beten, und unserer Prophet Muhammed friede sei mit ihm wird zu Allah sagen: &#8220;O Herr, ich bete nicht f\u00fcr mich oder f\u00fcr meine Tochter Fatima, aber ich bete f\u00fcr meine Ummah, meine Ummah&#8221;. Von allen Muslimen und Bosniaken aus Sandzak erhaltest du segen mein geliebter Prophet.&#8221;<\/p>\n<p>Hfz. Irfan ef. \u00a0Malic kommentierte auch die Karikaturisten.<\/p>\n<p>Sie k\u00f6nnen unseren Propheten nicht verletzen, sie beschreiben den Zustand ihrer Autoren, den Grad der Moral , Erziehung und Respekt gegen\u00fcber anderen.\u00a0\u201d Egal wie\u00a0schlecht und abscheulich ihre Absichten waren, sie haben die Muslimische Welt dazu gebracht das sie nur noch mehr den Propheten erw\u00e4hnen und \u00a0Segen und Frieden auf ihn schicken. Wir in Novi Pazar reagieren auf diese Beleidigungen mit Ausdauer und mit dem folgen der Sunnah unseren Propheten friede sei mit ihm. Wir sind gegen jede art von Terrorismus&#8221;, sagte \u00a0der Gelehrte Malic.<\/p>\n<p>Mit der Ver\u00f6ffentlichung der Karikaturen zeigen sie das Gesicht der modernen Zivilisation.\u00a0Hafiz Mailc betonte, dass die Menschen dankbar sein sollten, dass der Prophet das Kalifat in das Land brachte, und nicht abf\u00e4llige Bemerkungen \u00fcber das reinste Wesen dass auf die Erde ging werfen.\u00a0Sie sind vielleicht eifers\u00fcchtig auf alles was wir haben, und sie nicht haben, und deshalb versuchen sie L\u00fcgen \u00fcber Dich zu erz\u00e4hlen.<\/p>\n<p>F\u00fcr den Atentat, dass in Paris stattfand sind Schuld diejenigen, die die Karikaturen bestellten und damit Milliarden Muslime beleidigten. Irfan ef. Malic hat eine klare Botschaft an den Westen geschickt &#8220;Das wird euch nicht mehr durchkommen, wie der 11. September in Amerika durchgekommen ist. &#8221;<\/p>\n<p>Friede sei mit dir, \u00a0mein geliebter Prophet, von Leuten die\u00a0 in den\u00a0 20.jahren Anhebung Bildungseinrichtungen und den Menschen die richtige Richtung zeigten.<\/p>\n<p>Denn wir f\u00fchlen uns verpflichtet, so gingen wir heute raus um zu zeigen, dass wir auch unser Leben geben w\u00fcrden f\u00fcr unseren geliebten Prophet friede sei mit ihm!<\/p>\n<p>Diese Jugend in Novi Pazar ist eine gesunde Jugend, und keine Terroristen! &#8220;- Sagte Hfz. Malic.<\/p>\n<p>Der Protest verlief ohne Zwischenf\u00e4lle, mit den letzten worten Friede und Segen auf dich unser geliebter Prophet gingen die Gl\u00e4ubigen auseinander.<\/p>\n<p>&nbsp;<\/p>\n<p><img decoding=\"async\" src=\"https:\/\/sandzakpress.net\/arhiva\/wp-content\/uploads\/2015\/01\/10917469_10202456282803288_2024335714_n.jpg\" alt=\"10917469_10202456282803288_2024335714_n\" \/><\/p>\n<p><img decoding=\"async\" src=\"http:\/\/sanapress.info\/wp-content\/uploads\/2015\/01\/DSC_1038.jpg\" alt=\"DSC_1038\" \/><\/p>\n<p><img decoding=\"async\" src=\"http:\/\/sanapress.info\/wp-content\/uploads\/2015\/01\/DSC_0958.jpg\" alt=\"DSC_0958\" \/><\/p>\n<p><img decoding=\"async\" src=\"http:\/\/sanapress.info\/wp-content\/uploads\/2015\/01\/DSC_1008.jpg\" alt=\"DSC_1008\" \/><\/p>\n<p><img decoding=\"async\" src=\"http:\/\/sanapress.info\/wp-content\/uploads\/2015\/01\/DSC_1009.jpg\" alt=\"DSC_1009\" \/><\/p>\n<p><img decoding=\"async\" src=\"http:\/\/sanapress.info\/wp-content\/uploads\/2015\/01\/DSC_1012.jpg\" alt=\"\" \/><\/p>\n<p><img decoding=\"async\" src=\"http:\/\/sanapress.info\/wp-content\/uploads\/2015\/01\/DSC_1015.jpg\" alt=\"DSC_1015\" \/><\/p>\n<p><img decoding=\"async\" src=\"http:\/\/sanapress.info\/wp-content\/uploads\/2015\/01\/DSC_1016.jpg\" alt=\"DSC_1016\" \/><\/p>\n<p><img decoding=\"async\" src=\"http:\/\/sanapress.info\/wp-content\/uploads\/2015\/01\/DSC_1024.jpg\" alt=\"\" \/><\/p>\n<p><img decoding=\"async\" src=\"http:\/\/sanapress.info\/wp-content\/uploads\/2015\/01\/DSC_1038.jpg\" alt=\"DSC_1038\" \/><\/p>\n<p>Quelle: Agentur SANA<\/p>\n","protected":false},"excerpt":{"rendered":"<p>Novi Pazar \u2013 Das Wochenmagazin Charli Ebdo hat mit der Ver\u00f6ffentlichung von Karikaturen des Propheten Muhammed, friede sei mit ihm die Welt ersch\u00fcttert. Weltweite Proteste wurden organisiert und heute am, 23. Januar 2015 organisirte man auch einen ruhigen Protest in Novi Pazar.\u00a0 Auf dem Platz \u00a0Gazi Isa beg Ishakovi\u0107 versammelten sich Tausende von Gl\u00e4ubigen, um [&hellip;]<\/p>\n","protected":false},"author":83,"featured_media":120208,"comment_status":"open","ping_status":"open","sticky":false,"template":"","format":"standard","meta":{"footnotes":""},"categories":[10502],"tags":[],"class_list":{"0":"post-120246","1":"post","2":"type-post","3":"status-publish","4":"format-standard","5":"has-post-thumbnail","7":"category-deutsch"},"yoast_head":"<!-- This site is optimized with the Yoast SEO Premium plugin v23.1 (Yoast SEO v24.9) - https:\/\/yoast.com\/wordpress\/plugins\/seo\/ -->\n<title>Novi Pazar - Protest f\u00fcr den Propheten friede sei mit ihm<\/title>\n<meta name=\"robots\" content=\"index, follow, max-snippet:-1, max-image-preview:large, max-video-preview:-1\" \/>\n<link rel=\"canonical\" href=\"https:\/\/sandzakpress.net\/arhiva\/novi-pazar-protest-fur-den-propheten-friede-sei-mit-ihm\/\" \/>\n<meta property=\"og:locale\" content=\"bs_BA\" \/>\n<meta property=\"og:type\" content=\"article\" \/>\n<meta property=\"og:title\" content=\"Novi Pazar - Protest f\u00fcr den Propheten friede sei mit ihm\" \/>\n<meta property=\"og:description\" content=\"Novi Pazar \u2013 Das Wochenmagazin Charli Ebdo hat mit der Ver\u00f6ffentlichung von Karikaturen des Propheten Muhammed, friede sei mit ihm die Welt ersch\u00fcttert. Weltweite Proteste wurden organisiert und heute am, 23. Januar 2015 organisirte man auch einen ruhigen Protest in Novi Pazar.\u00a0 Auf dem Platz \u00a0Gazi Isa beg Ishakovi\u0107 versammelten sich Tausende von Gl\u00e4ubigen, um [&hellip;]\" \/>\n<meta property=\"og:url\" content=\"https:\/\/sandzakpress.net\/arhiva\/novi-pazar-protest-fur-den-propheten-friede-sei-mit-ihm\/\" \/>\n<meta property=\"og:site_name\" content=\"Sand\u017eak PRESS\" \/>\n<meta property=\"article:published_time\" content=\"2015-01-23T18:18:20+00:00\" \/>\n<meta property=\"article:modified_time\" content=\"2015-01-24T08:26:18+00:00\" \/>\n<meta property=\"og:image\" content=\"https:\/\/sandzakpress.net\/arhiva\/wp-content\/uploads\/2015\/01\/DSC_10252.jpg\" \/>\n\t<meta property=\"og:image:width\" content=\"616\" \/>\n\t<meta property=\"og:image:height\" content=\"320\" \/>\n\t<meta property=\"og:image:type\" content=\"image\/jpeg\" \/>\n<meta name=\"author\" content=\"bosniak\" \/>\n<meta name=\"twitter:card\" content=\"summary_large_image\" \/>\n<meta name=\"twitter:label1\" content=\"Written by\" \/>\n\t<meta name=\"twitter:data1\" content=\"bosniak\" \/>\n\t<meta name=\"twitter:label2\" content=\"Est. reading time\" \/>\n\t<meta name=\"twitter:data2\" content=\"2 minute\" \/>\n<script type=\"application\/ld+json\" class=\"yoast-schema-graph\">{\"@context\":\"https:\/\/schema.org\",\"@graph\":[{\"@type\":\"Article\",\"@id\":\"https:\/\/sandzakpress.net\/arhiva\/novi-pazar-protest-fur-den-propheten-friede-sei-mit-ihm\/#article\",\"isPartOf\":{\"@id\":\"https:\/\/sandzakpress.net\/arhiva\/novi-pazar-protest-fur-den-propheten-friede-sei-mit-ihm\/\"},\"author\":{\"name\":\"bosniak\",\"@id\":\"https:\/\/sandzakpress.net\/arhiva\/#\/schema\/person\/c8baee722073534b583ea7bdb2e36c02\"},\"headline\":\"Novi Pazar &#8211; Protest f\u00fcr den Propheten friede sei mit ihm\",\"datePublished\":\"2015-01-23T18:18:20+00:00\",\"dateModified\":\"2015-01-24T08:26:18+00:00\",\"mainEntityOfPage\":{\"@id\":\"https:\/\/sandzakpress.net\/arhiva\/novi-pazar-protest-fur-den-propheten-friede-sei-mit-ihm\/\"},\"wordCount\":502,\"commentCount\":0,\"publisher\":{\"@id\":\"https:\/\/sandzakpress.net\/arhiva\/#\/schema\/person\/6e72b67d6e51910a1117b3b483ba20bd\"},\"image\":{\"@id\":\"https:\/\/sandzakpress.net\/arhiva\/novi-pazar-protest-fur-den-propheten-friede-sei-mit-ihm\/#primaryimage\"},\"thumbnailUrl\":\"https:\/\/sandzakpress.net\/arhiva\/wp-content\/uploads\/2015\/01\/DSC_10252.jpg\",\"articleSection\":[\"Deutsch\"],\"inLanguage\":\"bs-BA\",\"potentialAction\":[{\"@type\":\"CommentAction\",\"name\":\"Comment\",\"target\":[\"https:\/\/sandzakpress.net\/arhiva\/novi-pazar-protest-fur-den-propheten-friede-sei-mit-ihm\/#respond\"]}]},{\"@type\":\"WebPage\",\"@id\":\"https:\/\/sandzakpress.net\/arhiva\/novi-pazar-protest-fur-den-propheten-friede-sei-mit-ihm\/\",\"url\":\"https:\/\/sandzakpress.net\/arhiva\/novi-pazar-protest-fur-den-propheten-friede-sei-mit-ihm\/\",\"name\":\"Novi Pazar - Protest f\u00fcr den Propheten friede sei mit ihm\",\"isPartOf\":{\"@id\":\"https:\/\/sandzakpress.net\/arhiva\/#website\"},\"primaryImageOfPage\":{\"@id\":\"https:\/\/sandzakpress.net\/arhiva\/novi-pazar-protest-fur-den-propheten-friede-sei-mit-ihm\/#primaryimage\"},\"image\":{\"@id\":\"https:\/\/sandzakpress.net\/arhiva\/novi-pazar-protest-fur-den-propheten-friede-sei-mit-ihm\/#primaryimage\"},\"thumbnailUrl\":\"https:\/\/sandzakpress.net\/arhiva\/wp-content\/uploads\/2015\/01\/DSC_10252.jpg\",\"datePublished\":\"2015-01-23T18:18:20+00:00\",\"dateModified\":\"2015-01-24T08:26:18+00:00\",\"breadcrumb\":{\"@id\":\"https:\/\/sandzakpress.net\/arhiva\/novi-pazar-protest-fur-den-propheten-friede-sei-mit-ihm\/#breadcrumb\"},\"inLanguage\":\"bs-BA\",\"potentialAction\":[{\"@type\":\"ReadAction\",\"target\":[\"https:\/\/sandzakpress.net\/arhiva\/novi-pazar-protest-fur-den-propheten-friede-sei-mit-ihm\/\"]}]},{\"@type\":\"ImageObject\",\"inLanguage\":\"bs-BA\",\"@id\":\"https:\/\/sandzakpress.net\/arhiva\/novi-pazar-protest-fur-den-propheten-friede-sei-mit-ihm\/#primaryimage\",\"url\":\"https:\/\/sandzakpress.net\/arhiva\/wp-content\/uploads\/2015\/01\/DSC_10252.jpg\",\"contentUrl\":\"https:\/\/sandzakpress.net\/arhiva\/wp-content\/uploads\/2015\/01\/DSC_10252.jpg\",\"width\":616,\"height\":320},{\"@type\":\"BreadcrumbList\",\"@id\":\"https:\/\/sandzakpress.net\/arhiva\/novi-pazar-protest-fur-den-propheten-friede-sei-mit-ihm\/#breadcrumb\",\"itemListElement\":[{\"@type\":\"ListItem\",\"position\":1,\"name\":\"Home\",\"item\":\"https:\/\/sandzakpress.net\/arhiva\/\"},{\"@type\":\"ListItem\",\"position\":2,\"name\":\"Novi Pazar &#8211; Protest f\u00fcr den Propheten friede sei mit ihm\"}]},{\"@type\":\"WebSite\",\"@id\":\"https:\/\/sandzakpress.net\/arhiva\/#website\",\"url\":\"https:\/\/sandzakpress.net\/arhiva\/\",\"name\":\"Sand\u017eak PRESS\",\"description\":\"Prve elektronske novine u Sand\u017eaku\",\"publisher\":{\"@id\":\"https:\/\/sandzakpress.net\/arhiva\/#\/schema\/person\/6e72b67d6e51910a1117b3b483ba20bd\"},\"potentialAction\":[{\"@type\":\"SearchAction\",\"target\":{\"@type\":\"EntryPoint\",\"urlTemplate\":\"https:\/\/sandzakpress.net\/arhiva\/?s={search_term_string}\"},\"query-input\":{\"@type\":\"PropertyValueSpecification\",\"valueRequired\":true,\"valueName\":\"search_term_string\"}}],\"inLanguage\":\"bs-BA\"},{\"@type\":[\"Person\",\"Organization\"],\"@id\":\"https:\/\/sandzakpress.net\/arhiva\/#\/schema\/person\/6e72b67d6e51910a1117b3b483ba20bd\",\"name\":\"Kul\",\"image\":{\"@type\":\"ImageObject\",\"inLanguage\":\"bs-BA\",\"@id\":\"https:\/\/sandzakpress.net\/arhiva\/#\/schema\/person\/image\/\",\"url\":\"https:\/\/secure.gravatar.com\/avatar\/42263f39aa27ac04c43cab85c280eb2e?s=96&d=mm&r=pg\",\"contentUrl\":\"https:\/\/secure.gravatar.com\/avatar\/42263f39aa27ac04c43cab85c280eb2e?s=96&d=mm&r=pg\",\"caption\":\"Kul\"},\"logo\":{\"@id\":\"https:\/\/sandzakpress.net\/arhiva\/#\/schema\/person\/image\/\"}},{\"@type\":\"Person\",\"@id\":\"https:\/\/sandzakpress.net\/arhiva\/#\/schema\/person\/c8baee722073534b583ea7bdb2e36c02\",\"name\":\"bosniak\",\"image\":{\"@type\":\"ImageObject\",\"inLanguage\":\"bs-BA\",\"@id\":\"https:\/\/sandzakpress.net\/arhiva\/#\/schema\/person\/image\/\",\"url\":\"https:\/\/secure.gravatar.com\/avatar\/a04fd330bfe3a36a72a0ad4a6d89fca7?s=96&d=mm&r=pg\",\"contentUrl\":\"https:\/\/secure.gravatar.com\/avatar\/a04fd330bfe3a36a72a0ad4a6d89fca7?s=96&d=mm&r=pg\",\"caption\":\"bosniak\"},\"url\":\"https:\/\/sandzakpress.net\/arhiva\/author\/bosniak\/\"}]}<\/script>\n<!-- \/ Yoast SEO Premium plugin. -->","yoast_head_json":{"title":"Novi Pazar - Protest f\u00fcr den Propheten friede sei mit ihm","robots":{"index":"index","follow":"follow","max-snippet":"max-snippet:-1","max-image-preview":"max-image-preview:large","max-video-preview":"max-video-preview:-1"},"canonical":"https:\/\/sandzakpress.net\/arhiva\/novi-pazar-protest-fur-den-propheten-friede-sei-mit-ihm\/","og_locale":"bs_BA","og_type":"article","og_title":"Novi Pazar - Protest f\u00fcr den Propheten friede sei mit ihm","og_description":"Novi Pazar \u2013 Das Wochenmagazin Charli Ebdo hat mit der Ver\u00f6ffentlichung von Karikaturen des Propheten Muhammed, friede sei mit ihm die Welt ersch\u00fcttert. Weltweite Proteste wurden organisiert und heute am, 23. Januar 2015 organisirte man auch einen ruhigen Protest in Novi Pazar.\u00a0 Auf dem Platz \u00a0Gazi Isa beg Ishakovi\u0107 versammelten sich Tausende von Gl\u00e4ubigen, um [&hellip;]","og_url":"https:\/\/sandzakpress.net\/arhiva\/novi-pazar-protest-fur-den-propheten-friede-sei-mit-ihm\/","og_site_name":"Sand\u017eak PRESS","article_published_time":"2015-01-23T18:18:20+00:00","article_modified_time":"2015-01-24T08:26:18+00:00","og_image":[{"width":616,"height":320,"url":"https:\/\/sandzakpress.net\/arhiva\/wp-content\/uploads\/2015\/01\/DSC_10252.jpg","type":"image\/jpeg"}],"author":"bosniak","twitter_card":"summary_large_image","twitter_misc":{"Written by":"bosniak","Est. reading time":"2 minute"},"schema":{"@context":"https:\/\/schema.org","@graph":[{"@type":"Article","@id":"https:\/\/sandzakpress.net\/arhiva\/novi-pazar-protest-fur-den-propheten-friede-sei-mit-ihm\/#article","isPartOf":{"@id":"https:\/\/sandzakpress.net\/arhiva\/novi-pazar-protest-fur-den-propheten-friede-sei-mit-ihm\/"},"author":{"name":"bosniak","@id":"https:\/\/sandzakpress.net\/arhiva\/#\/schema\/person\/c8baee722073534b583ea7bdb2e36c02"},"headline":"Novi Pazar &#8211; Protest f\u00fcr den Propheten friede sei mit ihm","datePublished":"2015-01-23T18:18:20+00:00","dateModified":"2015-01-24T08:26:18+00:00","mainEntityOfPage":{"@id":"https:\/\/sandzakpress.net\/arhiva\/novi-pazar-protest-fur-den-propheten-friede-sei-mit-ihm\/"},"wordCount":502,"commentCount":0,"publisher":{"@id":"https:\/\/sandzakpress.net\/arhiva\/#\/schema\/person\/6e72b67d6e51910a1117b3b483ba20bd"},"image":{"@id":"https:\/\/sandzakpress.net\/arhiva\/novi-pazar-protest-fur-den-propheten-friede-sei-mit-ihm\/#primaryimage"},"thumbnailUrl":"https:\/\/sandzakpress.net\/arhiva\/wp-content\/uploads\/2015\/01\/DSC_10252.jpg","articleSection":["Deutsch"],"inLanguage":"bs-BA","potentialAction":[{"@type":"CommentAction","name":"Comment","target":["https:\/\/sandzakpress.net\/arhiva\/novi-pazar-protest-fur-den-propheten-friede-sei-mit-ihm\/#respond"]}]},{"@type":"WebPage","@id":"https:\/\/sandzakpress.net\/arhiva\/novi-pazar-protest-fur-den-propheten-friede-sei-mit-ihm\/","url":"https:\/\/sandzakpress.net\/arhiva\/novi-pazar-protest-fur-den-propheten-friede-sei-mit-ihm\/","name":"Novi Pazar - Protest f\u00fcr den Propheten friede sei mit ihm","isPartOf":{"@id":"https:\/\/sandzakpress.net\/arhiva\/#website"},"primaryImageOfPage":{"@id":"https:\/\/sandzakpress.net\/arhiva\/novi-pazar-protest-fur-den-propheten-friede-sei-mit-ihm\/#primaryimage"},"image":{"@id":"https:\/\/sandzakpress.net\/arhiva\/novi-pazar-protest-fur-den-propheten-friede-sei-mit-ihm\/#primaryimage"},"thumbnailUrl":"https:\/\/sandzakpress.net\/arhiva\/wp-content\/uploads\/2015\/01\/DSC_10252.jpg","datePublished":"2015-01-23T18:18:20+00:00","dateModified":"2015-01-24T08:26:18+00:00","breadcrumb":{"@id":"https:\/\/sandzakpress.net\/arhiva\/novi-pazar-protest-fur-den-propheten-friede-sei-mit-ihm\/#breadcrumb"},"inLanguage":"bs-BA","potentialAction":[{"@type":"ReadAction","target":["https:\/\/sandzakpress.net\/arhiva\/novi-pazar-protest-fur-den-propheten-friede-sei-mit-ihm\/"]}]},{"@type":"ImageObject","inLanguage":"bs-BA","@id":"https:\/\/sandzakpress.net\/arhiva\/novi-pazar-protest-fur-den-propheten-friede-sei-mit-ihm\/#primaryimage","url":"https:\/\/sandzakpress.net\/arhiva\/wp-content\/uploads\/2015\/01\/DSC_10252.jpg","contentUrl":"https:\/\/sandzakpress.net\/arhiva\/wp-content\/uploads\/2015\/01\/DSC_10252.jpg","width":616,"height":320},{"@type":"BreadcrumbList","@id":"https:\/\/sandzakpress.net\/arhiva\/novi-pazar-protest-fur-den-propheten-friede-sei-mit-ihm\/#breadcrumb","itemListElement":[{"@type":"ListItem","position":1,"name":"Home","item":"https:\/\/sandzakpress.net\/arhiva\/"},{"@type":"ListItem","position":2,"name":"Novi Pazar &#8211; Protest f\u00fcr den Propheten friede sei mit ihm"}]},{"@type":"WebSite","@id":"https:\/\/sandzakpress.net\/arhiva\/#website","url":"https:\/\/sandzakpress.net\/arhiva\/","name":"Sand\u017eak PRESS","description":"Prve elektronske novine u Sand\u017eaku","publisher":{"@id":"https:\/\/sandzakpress.net\/arhiva\/#\/schema\/person\/6e72b67d6e51910a1117b3b483ba20bd"},"potentialAction":[{"@type":"SearchAction","target":{"@type":"EntryPoint","urlTemplate":"https:\/\/sandzakpress.net\/arhiva\/?s={search_term_string}"},"query-input":{"@type":"PropertyValueSpecification","valueRequired":true,"valueName":"search_term_string"}}],"inLanguage":"bs-BA"},{"@type":["Person","Organization"],"@id":"https:\/\/sandzakpress.net\/arhiva\/#\/schema\/person\/6e72b67d6e51910a1117b3b483ba20bd","name":"Kul","image":{"@type":"ImageObject","inLanguage":"bs-BA","@id":"https:\/\/sandzakpress.net\/arhiva\/#\/schema\/person\/image\/","url":"https:\/\/secure.gravatar.com\/avatar\/42263f39aa27ac04c43cab85c280eb2e?s=96&d=mm&r=pg","contentUrl":"https:\/\/secure.gravatar.com\/avatar\/42263f39aa27ac04c43cab85c280eb2e?s=96&d=mm&r=pg","caption":"Kul"},"logo":{"@id":"https:\/\/sandzakpress.net\/arhiva\/#\/schema\/person\/image\/"}},{"@type":"Person","@id":"https:\/\/sandzakpress.net\/arhiva\/#\/schema\/person\/c8baee722073534b583ea7bdb2e36c02","name":"bosniak","image":{"@type":"ImageObject","inLanguage":"bs-BA","@id":"https:\/\/sandzakpress.net\/arhiva\/#\/schema\/person\/image\/","url":"https:\/\/secure.gravatar.com\/avatar\/a04fd330bfe3a36a72a0ad4a6d89fca7?s=96&d=mm&r=pg","contentUrl":"https:\/\/secure.gravatar.com\/avatar\/a04fd330bfe3a36a72a0ad4a6d89fca7?s=96&d=mm&r=pg","caption":"bosniak"},"url":"https:\/\/sandzakpress.net\/arhiva\/author\/bosniak\/"}]}},"_links":{"self":[{"href":"https:\/\/sandzakpress.net\/arhiva\/wp-json\/wp\/v2\/posts\/120246"}],"collection":[{"href":"https:\/\/sandzakpress.net\/arhiva\/wp-json\/wp\/v2\/posts"}],"about":[{"href":"https:\/\/sandzakpress.net\/arhiva\/wp-json\/wp\/v2\/types\/post"}],"author":[{"embeddable":true,"href":"https:\/\/sandzakpress.net\/arhiva\/wp-json\/wp\/v2\/users\/83"}],"replies":[{"embeddable":true,"href":"https:\/\/sandzakpress.net\/arhiva\/wp-json\/wp\/v2\/comments?post=120246"}],"version-history":[{"count":0,"href":"https:\/\/sandzakpress.net\/arhiva\/wp-json\/wp\/v2\/posts\/120246\/revisions"}],"wp:featuredmedia":[{"embeddable":true,"href":"https:\/\/sandzakpress.net\/arhiva\/wp-json\/wp\/v2\/media\/120208"}],"wp:attachment":[{"href":"https:\/\/sandzakpress.net\/arhiva\/wp-json\/wp\/v2\/media?parent=120246"}],"wp:term":[{"taxonomy":"category","embeddable":true,"href":"https:\/\/sandzakpress.net\/arhiva\/wp-json\/wp\/v2\/categories?post=120246"},{"taxonomy":"post_tag","embeddable":true,"href":"https:\/\/sandzakpress.net\/arhiva\/wp-json\/wp\/v2\/tags?post=120246"}],"curies":[{"name":"wp","href":"https:\/\/api.w.org\/{rel}","templated":true}]}}