{"id":120204,"date":"2015-01-23T13:58:27","date_gmt":"2015-01-23T12:58:27","guid":{"rendered":"https:\/\/sandzakpress.net\/arhiva\/?p=120204"},"modified":"2015-01-23T19:40:04","modified_gmt":"2015-01-23T18:40:04","slug":"novi-pazar-odrzan-protest-za-poslanika-s-a-w-s","status":"publish","type":"post","link":"https:\/\/sandzakpress.net\/arhiva\/novi-pazar-odrzan-protest-za-poslanika-s-a-w-s\/","title":{"rendered":"Novi Pazar &#8211; Odr\u017ean Protest za Poslanika, s.a.v.s."},"content":{"rendered":"<header class=\"entry-header\">\n<div class=\"entry-meta\">\u00a0<img loading=\"lazy\" decoding=\"async\" class=\"aligncenter size-full wp-image-120208\" src=\"https:\/\/sandzakpress.net\/arhiva\/wp-content\/uploads\/2015\/01\/DSC_10252.jpg\" alt=\"DSC_1025\" width=\"616\" height=\"320\" \/><\/div>\n<div class=\"entry-meta\" style=\"text-align: center;\">\n<p style=\"text-align: left;\"><strong>Novi Pazar &#8211; Nedeljni \u010dasopis \u0160arli Ebdo je objavljivanjem karikatura Muhammeda.a.s.uzdrmao svijet. \u0160irom svijeta organizirani su protesti, a danas, 23. januar 2015.godine odr\u017eana je protestna \u0161etnja i u Novom Pazaru.<\/strong><\/p>\n<p style=\"text-align: left;\">Na trgu Gazi Isa-bega Ishakovi\u0107a vi\u0161e hiljada vjernika okupilo se kako bi svojim prisustvom pokazali svoju ljubav prema Poslaniku.a.s.<\/p>\n<p style=\"text-align: left;\">Uz tekbire i salavate, mirna \u0161etnja je krenula od trga Gazi Isa-bega Ishakovi\u0107a predvo\u0111ena direktorom \u0161kole Kur'ana \u010casnog hfz. Irfanom ef. Mali\u0107em.<\/p>\n<p style=\"text-align: left;\">Nakon protestne \u0161etnje skupu se obratio hfz. Irfan ef.Mali\u0107 koji je predo\u010dio kvalitete Poslanika a.s. uz razne predaje i hadise Hafiz je razgalio srca prisutnih, na \u010dijim licima su se mogle vidjeti i suze.<\/p>\n<p style=\"text-align: left;\">\u201eNeka je Salavat i Selam na tebe ja Resulallah. Na Sudnjem danu \u0107e svaki Poslanik a.s. moliti za sebe, a ti \u0107e\u0161 Poslani\u010de moliti \u201e O Gospodaru, ja ne molim za sebe niti za svoju k\u0107erku Fatimu, ve\u0107 te molim za moj ummet, moj ummet\u201c. Od svakog muslimana i Bo\u0161njaka iz Sand\u017eaka primi selam ja Resulallah.\u201c<\/p>\n<p style=\"text-align: left;\">Hafiz Irfan Mali\u0107 se osvrnuo i na karikaturiste.<\/p>\n<p style=\"text-align: left;\">\u201eOni ti ne mogu nauditi jer si ti visoko i ne osvr\u0107e\u0161 se na lave\u017e pasa. I koliko god njihove namjere bile lo\u0161e i gnusne, u\u010dinile su da te muslimani svijeta spominju i salavat i selam na tebe donose. Mi u Novom Pazaru \u0107emo na ove uvrede odgovoriti ustrajno\u0161\u0107u i slije\u0111enjem sunneta. Mi smo protiv svakog terorizma\u201c, naglasio je hafiz Mali\u0107.<\/p>\n<p><span style=\"text-decoration: underline;\"><strong>Inserti sa protesta<\/strong><\/span><\/p>\n<div class=\"youtube-embed\" data-video_id=\"YzC7NbbY2HI\"><iframe loading=\"lazy\" title=\"Inserti sa Protesta za Poslanika, a.s., u Novom Pazaru\" width=\"696\" height=\"522\" src=\"https:\/\/www.youtube.com\/embed\/YzC7NbbY2HI?feature=oembed&#038;enablejsapi=1\" frameborder=\"0\" allow=\"accelerometer; autoplay; encrypted-media; gyroscope; picture-in-picture\" allowfullscreen><\/iframe><\/div>\n<p><span style=\"text-decoration: underline;\"><strong>Prilog agencije SANA<br \/>\n<\/strong><\/span><\/p>\n<div class=\"youtube-embed\" data-video_id=\"lpexWqejBiI\"><iframe loading=\"lazy\" title=\"Protest za Poslanika a.s. u Novom Pazaru\" width=\"696\" height=\"522\" src=\"https:\/\/www.youtube.com\/embed\/lpexWqejBiI?feature=oembed&#038;enablejsapi=1\" frameborder=\"0\" allow=\"accelerometer; autoplay; encrypted-media; gyroscope; picture-in-picture\" allowfullscreen><\/iframe><\/div>\n<p><span style=\"text-decoration: underline;\"><strong>Snimak cijelog protesta<\/strong><\/span><\/p>\n<div class=\"youtube-embed\" data-video_id=\"Vq4J36Z258E\"><iframe loading=\"lazy\" title=\"Protestna \u0161etnja protiv karikatura Poslanika a.s. Novi Pazar\" width=\"696\" height=\"522\" src=\"https:\/\/www.youtube.com\/embed\/Vq4J36Z258E?feature=oembed&#038;enablejsapi=1\" frameborder=\"0\" allow=\"accelerometer; autoplay; encrypted-media; gyroscope; picture-in-picture\" allowfullscreen><\/iframe><\/div>\n<p style=\"text-align: left;\">Objavljivanje karikatura oslikava lice savremene civilizacije.<\/p>\n<p style=\"text-align: left;\">\u201eTo \u0161to su u\u010dinili govori o njima, to govori da je civilizacija u vjerskoj krizi\u201c; kazao je Hafiz.<\/p>\n<p style=\"text-align: left;\">Hafiz Mail\u0107 je naglasio da \u010dovje\u010danstvo treba da je Poslaniku zahvalno jer je on donio hilafet na zemlji, ne da bacaju ljagu na Naj\u010distije stvorenje koje je zemljom hodalo.<\/p>\n<p style=\"text-align: left;\">\u201eOni su mo\u017eda ljubomorni na sve \u0161to mi imamo a oni nemaju, i zato poku\u0161aju bacati ljagu na tebe.\u201d<\/p>\n<p style=\"text-align: left;\">Za atentat koji se desio u Parizu, krivi su oni koji su naru\u010dili karikature i time uvrijedili milijarde muslimana. Hafiz Mali\u0107 je poslao jasni poruku zapadu \u201eOVO VAM NE\u0106E PRO\u0106I KAO \u0160TO JE PRO\u0160AO 11. SEPTEMBAR U AMERICI.\u201c<\/p>\n<p style=\"text-align: left;\">\u201eSelam na tebe ja Resulallah od narada koji je zadnjih 20.godina podizao odgojno-obrazovne ustanove i skretao narod u pravom smjeru. Za to smo ti du\u017eni i osje\u0107amo obavezu, zato smo danas iza\u0161li da bi pokazali da bi i \u017eivot svoj dali za tebe ja Resulullah! Ova omladina u Novom Pazaru je zdrava omladina, nisu to teroristi!\u201c-naglasio je hafiz Mali\u0107.<\/p>\n<p style=\"text-align: left;\">Skup je zavr\u0161en bez incidenata, uz posljednji salavat, vjernici su se razi\u0161li.<\/p>\n<p style=\"text-align: left;\">SANA &#8211; Nermina Rebronja<\/p>\n<p style=\"text-align: left;\"><img loading=\"lazy\" decoding=\"async\" class=\"aligncenter size-full wp-image-120212\" src=\"https:\/\/sandzakpress.net\/arhiva\/wp-content\/uploads\/2015\/01\/10917469_10202456282803288_2024335714_n.jpg\" alt=\"10917469_10202456282803288_2024335714_n\" width=\"616\" height=\"616\" srcset=\"https:\/\/sandzakpress.net\/arhiva\/wp-content\/uploads\/2015\/01\/10917469_10202456282803288_2024335714_n.jpg 616w, https:\/\/sandzakpress.net\/arhiva\/wp-content\/uploads\/2015\/01\/10917469_10202456282803288_2024335714_n-150x150.jpg 150w, https:\/\/sandzakpress.net\/arhiva\/wp-content\/uploads\/2015\/01\/10917469_10202456282803288_2024335714_n-90x90.jpg 90w, https:\/\/sandzakpress.net\/arhiva\/wp-content\/uploads\/2015\/01\/10917469_10202456282803288_2024335714_n-380x380.jpg 380w, https:\/\/sandzakpress.net\/arhiva\/wp-content\/uploads\/2015\/01\/10917469_10202456282803288_2024335714_n-125x125.jpg 125w\" sizes=\"(max-width: 616px) 100vw, 616px\" \/><\/p>\n<p><a style=\"line-height: 1.5;\" href=\"http:\/\/sanapress.info\/wp-content\/uploads\/2015\/01\/DSC_0958.jpg\"><img loading=\"lazy\" decoding=\"async\" class=\"alignnone size-full wp-image-21488\" src=\"http:\/\/sanapress.info\/wp-content\/uploads\/2015\/01\/DSC_0958.jpg\" alt=\"DSC_0958\" width=\"616\" height=\"409\" \/><\/a><a style=\"line-height: 1.5;\" href=\"http:\/\/sanapress.info\/wp-content\/uploads\/2015\/01\/DSC_1008.jpg\"><img loading=\"lazy\" decoding=\"async\" class=\"alignnone  wp-image-21489\" src=\"http:\/\/sanapress.info\/wp-content\/uploads\/2015\/01\/DSC_1008.jpg\" alt=\"DSC_1008\" width=\"600\" height=\"398\" \/><\/a><a style=\"line-height: 1.5;\" href=\"http:\/\/sanapress.info\/wp-content\/uploads\/2015\/01\/DSC_1009.jpg\"><img loading=\"lazy\" decoding=\"async\" class=\"alignnone  wp-image-21490\" src=\"http:\/\/sanapress.info\/wp-content\/uploads\/2015\/01\/DSC_1009.jpg\" alt=\"DSC_1009\" width=\"611\" height=\"405\" \/><img decoding=\"async\" src=\"http:\/\/sanapress.info\/wp-content\/uploads\/2015\/01\/DSC_1012.jpg\" alt=\"\" \/><\/a><a style=\"line-height: 1.5;\" href=\"http:\/\/sanapress.info\/wp-content\/uploads\/2015\/01\/DSC_1015.jpg\"><img loading=\"lazy\" decoding=\"async\" class=\"alignnone  wp-image-21493\" src=\"http:\/\/sanapress.info\/wp-content\/uploads\/2015\/01\/DSC_1015.jpg\" alt=\"DSC_1015\" width=\"635\" height=\"421\" \/><\/a><a style=\"line-height: 1.5;\" href=\"http:\/\/sanapress.info\/wp-content\/uploads\/2015\/01\/DSC_1016.jpg\"><img loading=\"lazy\" decoding=\"async\" class=\"alignnone  wp-image-21494\" src=\"http:\/\/sanapress.info\/wp-content\/uploads\/2015\/01\/DSC_1016.jpg\" alt=\"DSC_1016\" width=\"579\" height=\"384\" \/><img decoding=\"async\" src=\"http:\/\/sanapress.info\/wp-content\/uploads\/2015\/01\/DSC_1024.jpg\" alt=\"\" \/><\/a><a style=\"line-height: 1.5;\" href=\"http:\/\/sanapress.info\/wp-content\/uploads\/2015\/01\/DSC_1038.jpg\"><img loading=\"lazy\" decoding=\"async\" class=\"alignnone  wp-image-21497\" src=\"http:\/\/sanapress.info\/wp-content\/uploads\/2015\/01\/DSC_1038.jpg\" alt=\"DSC_1038\" width=\"598\" height=\"397\" \/><\/a><\/p>\n<\/div>\n<\/header>\n<div class=\"entry-content\">\n<p>&nbsp;<\/p>\n<p>Izvor: Agencija SANA<\/p>\n<p>&nbsp;<\/p>\n<\/div>\n","protected":false},"excerpt":{"rendered":"<p>O\u010dekujte na ovom linku video snimak &#8230;<\/p>\n","protected":false},"author":83,"featured_media":120209,"comment_status":"open","ping_status":"open","sticky":false,"template":"","format":"standard","meta":{"footnotes":""},"categories":[72,398,800,9538,52,9539,9550,327,392,396,9544,393,9543,394,399,9549,8957,10429],"tags":[10336],"class_list":{"0":"post-120204","1":"post","2":"type-post","3":"status-publish","4":"format-standard","5":"has-post-thumbnail","7":"category-novi-pazar","8":"category-rozaje","9":"category-nacija","10":"category-njemacka-dijaspora-gradovi-vase-vijesti","11":"category-sjenica","12":"category-austrija-dijaspora-gradovi-vase-vijesti","13":"category-francuska-dijaspora-gradovi-vase-vijesti","14":"category-tutin","15":"category-prijepolje_","16":"category-bijelo_polje","17":"category-svicarska-dijaspora-gradovi-vase-vijesti","18":"category-priboj","19":"category-svedska-dijaspora-gradovi-vase-vijesti","20":"category-nova-varos","21":"category-plav_","22":"category-luxemburg","23":"category-vijesti-dana","24":"category-vazno","25":"tag-protesti-u-sandzaku"},"yoast_head":"<!-- This site is optimized with the Yoast SEO Premium plugin v23.1 (Yoast SEO v24.9) - https:\/\/yoast.com\/wordpress\/plugins\/seo\/ -->\n<title>Novi Pazar - Odr\u017ean Protest za Poslanika, s.a.v.s.<\/title>\n<meta name=\"robots\" content=\"index, follow, max-snippet:-1, max-image-preview:large, max-video-preview:-1\" \/>\n<link rel=\"canonical\" href=\"https:\/\/sandzakpress.net\/arhiva\/novi-pazar-odrzan-protest-za-poslanika-s-a-w-s\/\" \/>\n<meta property=\"og:locale\" content=\"bs_BA\" \/>\n<meta property=\"og:type\" content=\"article\" \/>\n<meta property=\"og:title\" content=\"Novi Pazar - Odr\u017ean Protest za Poslanika, s.a.v.s.\" \/>\n<meta property=\"og:description\" content=\"O\u010dekujte na ovom linku video snimak ...\" \/>\n<meta property=\"og:url\" content=\"https:\/\/sandzakpress.net\/arhiva\/novi-pazar-odrzan-protest-za-poslanika-s-a-w-s\/\" \/>\n<meta property=\"og:site_name\" content=\"Sand\u017eak PRESS\" \/>\n<meta property=\"article:published_time\" content=\"2015-01-23T12:58:27+00:00\" \/>\n<meta property=\"article:modified_time\" content=\"2015-01-23T18:40:04+00:00\" \/>\n<meta property=\"og:image\" content=\"https:\/\/sandzakpress.net\/arhiva\/wp-content\/uploads\/2015\/01\/DSC_1038.jpg\" \/>\n\t<meta property=\"og:image:width\" content=\"616\" \/>\n\t<meta property=\"og:image:height\" content=\"409\" \/>\n\t<meta property=\"og:image:type\" content=\"image\/jpeg\" \/>\n<meta name=\"author\" content=\"bosniak\" \/>\n<meta name=\"twitter:card\" content=\"summary_large_image\" \/>\n<meta name=\"twitter:label1\" content=\"Written by\" \/>\n\t<meta name=\"twitter:data1\" content=\"bosniak\" \/>\n\t<meta name=\"twitter:label2\" content=\"Est. reading time\" \/>\n\t<meta name=\"twitter:data2\" content=\"2 minute\" \/>\n<script type=\"application\/ld+json\" class=\"yoast-schema-graph\">{\"@context\":\"https:\/\/schema.org\",\"@graph\":[{\"@type\":\"Article\",\"@id\":\"https:\/\/sandzakpress.net\/arhiva\/novi-pazar-odrzan-protest-za-poslanika-s-a-w-s\/#article\",\"isPartOf\":{\"@id\":\"https:\/\/sandzakpress.net\/arhiva\/novi-pazar-odrzan-protest-za-poslanika-s-a-w-s\/\"},\"author\":{\"name\":\"bosniak\",\"@id\":\"https:\/\/sandzakpress.net\/arhiva\/#\/schema\/person\/c8baee722073534b583ea7bdb2e36c02\"},\"headline\":\"Novi Pazar &#8211; Odr\u017ean Protest za Poslanika, s.a.v.s.\",\"datePublished\":\"2015-01-23T12:58:27+00:00\",\"dateModified\":\"2015-01-23T18:40:04+00:00\",\"mainEntityOfPage\":{\"@id\":\"https:\/\/sandzakpress.net\/arhiva\/novi-pazar-odrzan-protest-za-poslanika-s-a-w-s\/\"},\"wordCount\":504,\"commentCount\":89,\"publisher\":{\"@id\":\"https:\/\/sandzakpress.net\/arhiva\/#\/schema\/person\/6e72b67d6e51910a1117b3b483ba20bd\"},\"image\":{\"@id\":\"https:\/\/sandzakpress.net\/arhiva\/novi-pazar-odrzan-protest-za-poslanika-s-a-w-s\/#primaryimage\"},\"thumbnailUrl\":\"https:\/\/sandzakpress.net\/arhiva\/wp-content\/uploads\/2015\/01\/DSC_1038.jpg\",\"keywords\":[\"protesti u Sand\u017eaku\"],\"articleSection\":[\"Novi Pazar\",\"Ro\u017eaje\",\"Nacija\",\"Njema\u010dka\",\"Sjenica\",\"Austrija\",\"Francuska\",\"Tutin\",\"Prijepolje\",\"Bijelo Polje\",\"\u0160vicarska\",\"Priboj\",\"\u0160vedska\",\"Nova Varo\u0161\",\"Plav\",\"Luksemburg\",\"VIJESTI DANA\",\"VA\u017dNO!\"],\"inLanguage\":\"bs-BA\",\"potentialAction\":[{\"@type\":\"CommentAction\",\"name\":\"Comment\",\"target\":[\"https:\/\/sandzakpress.net\/arhiva\/novi-pazar-odrzan-protest-za-poslanika-s-a-w-s\/#respond\"]}]},{\"@type\":\"WebPage\",\"@id\":\"https:\/\/sandzakpress.net\/arhiva\/novi-pazar-odrzan-protest-za-poslanika-s-a-w-s\/\",\"url\":\"https:\/\/sandzakpress.net\/arhiva\/novi-pazar-odrzan-protest-za-poslanika-s-a-w-s\/\",\"name\":\"Novi Pazar - Odr\u017ean Protest za Poslanika, s.a.v.s.\",\"isPartOf\":{\"@id\":\"https:\/\/sandzakpress.net\/arhiva\/#website\"},\"primaryImageOfPage\":{\"@id\":\"https:\/\/sandzakpress.net\/arhiva\/novi-pazar-odrzan-protest-za-poslanika-s-a-w-s\/#primaryimage\"},\"image\":{\"@id\":\"https:\/\/sandzakpress.net\/arhiva\/novi-pazar-odrzan-protest-za-poslanika-s-a-w-s\/#primaryimage\"},\"thumbnailUrl\":\"https:\/\/sandzakpress.net\/arhiva\/wp-content\/uploads\/2015\/01\/DSC_1038.jpg\",\"datePublished\":\"2015-01-23T12:58:27+00:00\",\"dateModified\":\"2015-01-23T18:40:04+00:00\",\"breadcrumb\":{\"@id\":\"https:\/\/sandzakpress.net\/arhiva\/novi-pazar-odrzan-protest-za-poslanika-s-a-w-s\/#breadcrumb\"},\"inLanguage\":\"bs-BA\",\"potentialAction\":[{\"@type\":\"ReadAction\",\"target\":[\"https:\/\/sandzakpress.net\/arhiva\/novi-pazar-odrzan-protest-za-poslanika-s-a-w-s\/\"]}]},{\"@type\":\"ImageObject\",\"inLanguage\":\"bs-BA\",\"@id\":\"https:\/\/sandzakpress.net\/arhiva\/novi-pazar-odrzan-protest-za-poslanika-s-a-w-s\/#primaryimage\",\"url\":\"https:\/\/sandzakpress.net\/arhiva\/wp-content\/uploads\/2015\/01\/DSC_1038.jpg\",\"contentUrl\":\"https:\/\/sandzakpress.net\/arhiva\/wp-content\/uploads\/2015\/01\/DSC_1038.jpg\",\"width\":616,\"height\":409},{\"@type\":\"BreadcrumbList\",\"@id\":\"https:\/\/sandzakpress.net\/arhiva\/novi-pazar-odrzan-protest-za-poslanika-s-a-w-s\/#breadcrumb\",\"itemListElement\":[{\"@type\":\"ListItem\",\"position\":1,\"name\":\"Home\",\"item\":\"https:\/\/sandzakpress.net\/arhiva\/\"},{\"@type\":\"ListItem\",\"position\":2,\"name\":\"Novi Pazar &#8211; Odr\u017ean Protest za Poslanika, s.a.v.s.\"}]},{\"@type\":\"WebSite\",\"@id\":\"https:\/\/sandzakpress.net\/arhiva\/#website\",\"url\":\"https:\/\/sandzakpress.net\/arhiva\/\",\"name\":\"Sand\u017eak PRESS\",\"description\":\"Prve elektronske novine u Sand\u017eaku\",\"publisher\":{\"@id\":\"https:\/\/sandzakpress.net\/arhiva\/#\/schema\/person\/6e72b67d6e51910a1117b3b483ba20bd\"},\"potentialAction\":[{\"@type\":\"SearchAction\",\"target\":{\"@type\":\"EntryPoint\",\"urlTemplate\":\"https:\/\/sandzakpress.net\/arhiva\/?s={search_term_string}\"},\"query-input\":{\"@type\":\"PropertyValueSpecification\",\"valueRequired\":true,\"valueName\":\"search_term_string\"}}],\"inLanguage\":\"bs-BA\"},{\"@type\":[\"Person\",\"Organization\"],\"@id\":\"https:\/\/sandzakpress.net\/arhiva\/#\/schema\/person\/6e72b67d6e51910a1117b3b483ba20bd\",\"name\":\"Kul\",\"image\":{\"@type\":\"ImageObject\",\"inLanguage\":\"bs-BA\",\"@id\":\"https:\/\/sandzakpress.net\/arhiva\/#\/schema\/person\/image\/\",\"url\":\"https:\/\/secure.gravatar.com\/avatar\/42263f39aa27ac04c43cab85c280eb2e?s=96&d=mm&r=pg\",\"contentUrl\":\"https:\/\/secure.gravatar.com\/avatar\/42263f39aa27ac04c43cab85c280eb2e?s=96&d=mm&r=pg\",\"caption\":\"Kul\"},\"logo\":{\"@id\":\"https:\/\/sandzakpress.net\/arhiva\/#\/schema\/person\/image\/\"}},{\"@type\":\"Person\",\"@id\":\"https:\/\/sandzakpress.net\/arhiva\/#\/schema\/person\/c8baee722073534b583ea7bdb2e36c02\",\"name\":\"bosniak\",\"image\":{\"@type\":\"ImageObject\",\"inLanguage\":\"bs-BA\",\"@id\":\"https:\/\/sandzakpress.net\/arhiva\/#\/schema\/person\/image\/\",\"url\":\"https:\/\/secure.gravatar.com\/avatar\/a04fd330bfe3a36a72a0ad4a6d89fca7?s=96&d=mm&r=pg\",\"contentUrl\":\"https:\/\/secure.gravatar.com\/avatar\/a04fd330bfe3a36a72a0ad4a6d89fca7?s=96&d=mm&r=pg\",\"caption\":\"bosniak\"},\"url\":\"https:\/\/sandzakpress.net\/arhiva\/author\/bosniak\/\"}]}<\/script>\n<!-- \/ Yoast SEO Premium plugin. -->","yoast_head_json":{"title":"Novi Pazar - Odr\u017ean Protest za Poslanika, s.a.v.s.","robots":{"index":"index","follow":"follow","max-snippet":"max-snippet:-1","max-image-preview":"max-image-preview:large","max-video-preview":"max-video-preview:-1"},"canonical":"https:\/\/sandzakpress.net\/arhiva\/novi-pazar-odrzan-protest-za-poslanika-s-a-w-s\/","og_locale":"bs_BA","og_type":"article","og_title":"Novi Pazar - Odr\u017ean Protest za Poslanika, s.a.v.s.","og_description":"O\u010dekujte na ovom linku video snimak ...","og_url":"https:\/\/sandzakpress.net\/arhiva\/novi-pazar-odrzan-protest-za-poslanika-s-a-w-s\/","og_site_name":"Sand\u017eak PRESS","article_published_time":"2015-01-23T12:58:27+00:00","article_modified_time":"2015-01-23T18:40:04+00:00","og_image":[{"width":616,"height":409,"url":"https:\/\/sandzakpress.net\/arhiva\/wp-content\/uploads\/2015\/01\/DSC_1038.jpg","type":"image\/jpeg"}],"author":"bosniak","twitter_card":"summary_large_image","twitter_misc":{"Written by":"bosniak","Est. reading time":"2 minute"},"schema":{"@context":"https:\/\/schema.org","@graph":[{"@type":"Article","@id":"https:\/\/sandzakpress.net\/arhiva\/novi-pazar-odrzan-protest-za-poslanika-s-a-w-s\/#article","isPartOf":{"@id":"https:\/\/sandzakpress.net\/arhiva\/novi-pazar-odrzan-protest-za-poslanika-s-a-w-s\/"},"author":{"name":"bosniak","@id":"https:\/\/sandzakpress.net\/arhiva\/#\/schema\/person\/c8baee722073534b583ea7bdb2e36c02"},"headline":"Novi Pazar &#8211; Odr\u017ean Protest za Poslanika, s.a.v.s.","datePublished":"2015-01-23T12:58:27+00:00","dateModified":"2015-01-23T18:40:04+00:00","mainEntityOfPage":{"@id":"https:\/\/sandzakpress.net\/arhiva\/novi-pazar-odrzan-protest-za-poslanika-s-a-w-s\/"},"wordCount":504,"commentCount":89,"publisher":{"@id":"https:\/\/sandzakpress.net\/arhiva\/#\/schema\/person\/6e72b67d6e51910a1117b3b483ba20bd"},"image":{"@id":"https:\/\/sandzakpress.net\/arhiva\/novi-pazar-odrzan-protest-za-poslanika-s-a-w-s\/#primaryimage"},"thumbnailUrl":"https:\/\/sandzakpress.net\/arhiva\/wp-content\/uploads\/2015\/01\/DSC_1038.jpg","keywords":["protesti u Sand\u017eaku"],"articleSection":["Novi Pazar","Ro\u017eaje","Nacija","Njema\u010dka","Sjenica","Austrija","Francuska","Tutin","Prijepolje","Bijelo Polje","\u0160vicarska","Priboj","\u0160vedska","Nova Varo\u0161","Plav","Luksemburg","VIJESTI DANA","VA\u017dNO!"],"inLanguage":"bs-BA","potentialAction":[{"@type":"CommentAction","name":"Comment","target":["https:\/\/sandzakpress.net\/arhiva\/novi-pazar-odrzan-protest-za-poslanika-s-a-w-s\/#respond"]}]},{"@type":"WebPage","@id":"https:\/\/sandzakpress.net\/arhiva\/novi-pazar-odrzan-protest-za-poslanika-s-a-w-s\/","url":"https:\/\/sandzakpress.net\/arhiva\/novi-pazar-odrzan-protest-za-poslanika-s-a-w-s\/","name":"Novi Pazar - Odr\u017ean Protest za Poslanika, s.a.v.s.","isPartOf":{"@id":"https:\/\/sandzakpress.net\/arhiva\/#website"},"primaryImageOfPage":{"@id":"https:\/\/sandzakpress.net\/arhiva\/novi-pazar-odrzan-protest-za-poslanika-s-a-w-s\/#primaryimage"},"image":{"@id":"https:\/\/sandzakpress.net\/arhiva\/novi-pazar-odrzan-protest-za-poslanika-s-a-w-s\/#primaryimage"},"thumbnailUrl":"https:\/\/sandzakpress.net\/arhiva\/wp-content\/uploads\/2015\/01\/DSC_1038.jpg","datePublished":"2015-01-23T12:58:27+00:00","dateModified":"2015-01-23T18:40:04+00:00","breadcrumb":{"@id":"https:\/\/sandzakpress.net\/arhiva\/novi-pazar-odrzan-protest-za-poslanika-s-a-w-s\/#breadcrumb"},"inLanguage":"bs-BA","potentialAction":[{"@type":"ReadAction","target":["https:\/\/sandzakpress.net\/arhiva\/novi-pazar-odrzan-protest-za-poslanika-s-a-w-s\/"]}]},{"@type":"ImageObject","inLanguage":"bs-BA","@id":"https:\/\/sandzakpress.net\/arhiva\/novi-pazar-odrzan-protest-za-poslanika-s-a-w-s\/#primaryimage","url":"https:\/\/sandzakpress.net\/arhiva\/wp-content\/uploads\/2015\/01\/DSC_1038.jpg","contentUrl":"https:\/\/sandzakpress.net\/arhiva\/wp-content\/uploads\/2015\/01\/DSC_1038.jpg","width":616,"height":409},{"@type":"BreadcrumbList","@id":"https:\/\/sandzakpress.net\/arhiva\/novi-pazar-odrzan-protest-za-poslanika-s-a-w-s\/#breadcrumb","itemListElement":[{"@type":"ListItem","position":1,"name":"Home","item":"https:\/\/sandzakpress.net\/arhiva\/"},{"@type":"ListItem","position":2,"name":"Novi Pazar &#8211; Odr\u017ean Protest za Poslanika, s.a.v.s."}]},{"@type":"WebSite","@id":"https:\/\/sandzakpress.net\/arhiva\/#website","url":"https:\/\/sandzakpress.net\/arhiva\/","name":"Sand\u017eak PRESS","description":"Prve elektronske novine u Sand\u017eaku","publisher":{"@id":"https:\/\/sandzakpress.net\/arhiva\/#\/schema\/person\/6e72b67d6e51910a1117b3b483ba20bd"},"potentialAction":[{"@type":"SearchAction","target":{"@type":"EntryPoint","urlTemplate":"https:\/\/sandzakpress.net\/arhiva\/?s={search_term_string}"},"query-input":{"@type":"PropertyValueSpecification","valueRequired":true,"valueName":"search_term_string"}}],"inLanguage":"bs-BA"},{"@type":["Person","Organization"],"@id":"https:\/\/sandzakpress.net\/arhiva\/#\/schema\/person\/6e72b67d6e51910a1117b3b483ba20bd","name":"Kul","image":{"@type":"ImageObject","inLanguage":"bs-BA","@id":"https:\/\/sandzakpress.net\/arhiva\/#\/schema\/person\/image\/","url":"https:\/\/secure.gravatar.com\/avatar\/42263f39aa27ac04c43cab85c280eb2e?s=96&d=mm&r=pg","contentUrl":"https:\/\/secure.gravatar.com\/avatar\/42263f39aa27ac04c43cab85c280eb2e?s=96&d=mm&r=pg","caption":"Kul"},"logo":{"@id":"https:\/\/sandzakpress.net\/arhiva\/#\/schema\/person\/image\/"}},{"@type":"Person","@id":"https:\/\/sandzakpress.net\/arhiva\/#\/schema\/person\/c8baee722073534b583ea7bdb2e36c02","name":"bosniak","image":{"@type":"ImageObject","inLanguage":"bs-BA","@id":"https:\/\/sandzakpress.net\/arhiva\/#\/schema\/person\/image\/","url":"https:\/\/secure.gravatar.com\/avatar\/a04fd330bfe3a36a72a0ad4a6d89fca7?s=96&d=mm&r=pg","contentUrl":"https:\/\/secure.gravatar.com\/avatar\/a04fd330bfe3a36a72a0ad4a6d89fca7?s=96&d=mm&r=pg","caption":"bosniak"},"url":"https:\/\/sandzakpress.net\/arhiva\/author\/bosniak\/"}]}},"_links":{"self":[{"href":"https:\/\/sandzakpress.net\/arhiva\/wp-json\/wp\/v2\/posts\/120204"}],"collection":[{"href":"https:\/\/sandzakpress.net\/arhiva\/wp-json\/wp\/v2\/posts"}],"about":[{"href":"https:\/\/sandzakpress.net\/arhiva\/wp-json\/wp\/v2\/types\/post"}],"author":[{"embeddable":true,"href":"https:\/\/sandzakpress.net\/arhiva\/wp-json\/wp\/v2\/users\/83"}],"replies":[{"embeddable":true,"href":"https:\/\/sandzakpress.net\/arhiva\/wp-json\/wp\/v2\/comments?post=120204"}],"version-history":[{"count":0,"href":"https:\/\/sandzakpress.net\/arhiva\/wp-json\/wp\/v2\/posts\/120204\/revisions"}],"wp:featuredmedia":[{"embeddable":true,"href":"https:\/\/sandzakpress.net\/arhiva\/wp-json\/wp\/v2\/media\/120209"}],"wp:attachment":[{"href":"https:\/\/sandzakpress.net\/arhiva\/wp-json\/wp\/v2\/media?parent=120204"}],"wp:term":[{"taxonomy":"category","embeddable":true,"href":"https:\/\/sandzakpress.net\/arhiva\/wp-json\/wp\/v2\/categories?post=120204"},{"taxonomy":"post_tag","embeddable":true,"href":"https:\/\/sandzakpress.net\/arhiva\/wp-json\/wp\/v2\/tags?post=120204"}],"curies":[{"name":"wp","href":"https:\/\/api.w.org\/{rel}","templated":true}]}}