{"id":120199,"date":"2015-01-23T10:53:29","date_gmt":"2015-01-23T09:53:29","guid":{"rendered":"https:\/\/sandzakpress.net\/arhiva\/?p=120199"},"modified":"2015-01-23T10:54:02","modified_gmt":"2015-01-23T09:54:02","slug":"podsjecamo-erdogan-ljutito-u-facu-predsjedniku-izraela-vi-ubijate-ljude-sjecam-se-ubijene-djece-na-plazi-video","status":"publish","type":"post","link":"https:\/\/sandzakpress.net\/arhiva\/podsjecamo-erdogan-ljutito-u-facu-predsjedniku-izraela-vi-ubijate-ljude-sjecam-se-ubijene-djece-na-plazi-video\/","title":{"rendered":"Podsje\u0107amo &#8211; Erdogan ljutito u facu predsjedniku Izraela: Vi ubijate ljude, sje\u0107am se ubijene djece na pla\u017ei \u2013 VIDEO"},"content":{"rendered":"<p><img loading=\"lazy\" decoding=\"async\" class=\"aligncenter size-full wp-image-120200\" src=\"https:\/\/sandzakpress.net\/arhiva\/wp-content\/uploads\/2015\/01\/Shimon_Peres_Erdogan_Davos.jpg\" alt=\"Shimon_Peres_Erdogan_Davos\" width=\"600\" height=\"400\" \/><\/p>\n<p><strong>Turska &#8211; U mjesecu januaru na Svjetskom Ekonomskom Forumu u Davosu, turski premijer Red\u017eep Tajip Erdogan i izraelski predsjednik \u0160imon Peres razmjenili su o\u0161tre rije\u010di a Erdogan je i napustio skup. Peres se kasnije telefonom izvinio Erdoganu koji je na povratku u Tursku na aerodromu do\u010dekan kao heroj.<\/strong><\/p>\n<p>[ads1]<\/p>\n<p>Tokom debate o Bliskom istoku Peres je 2009. godine pasionirano branio napad njegove zemlje na Gazu govore\u0107i vrlo glasno, ma\u0161u\u0107i prstom i pitaju\u0107i Erdogana:<br \/>\n\u2018\u0160ta bi uradila bilo koja druga zemlja? \u0160ta biste vi uradili da na Istanbul pada desetine ili stotine raketa svake no\u0107i? Izrael ne \u017eeli da ubija. Za nas su djeca najva\u017enija.\u2019<br \/>\nTurski premijer Erdogan je neposredno prije nego \u0161to je napustio skup, jer nije dobio dovoljno vremena da odgovori Peresu, rekao:<\/p>\n<p>\u2018Gospodine Peres, stariji ste od mene i imate prili\u010dno prodoran glas. Mo\u017eda se osje\u0107ate krivim i mo\u017eda ste zbog toga jaki na rije\u010dima i govorite toliko glasno. Vi ubijate ljude. Sje\u0107am se ubijene djece na pla\u017ei.\u2019<br \/>\nMe\u0111utim, Erdogan je prekinut na kraju sesije. Moderator, koluminista Va\u0161ington posta Dejvid Ignatijus rekao je da je vrijeme ve\u0107 probijeno.<br \/>\nErdogan: \u201cIzvinite \u2026\u201d<br \/>\nIgnatijus: \u201cGospodine premijeru, ja se izvinjavam gospodine Erdogan\u2026\u201d<br \/>\nErdogan: \u201cJedan minut, jedan minut, jedan minut\u2026\u201d<br \/>\nI moderator je pristao na jedan minut, \u0161to je propra\u0107eno aplauzom u sali. No, nakon tog minuta kolumnista Va\u0161ington posta je opet prekinuo Erdogana:<\/p>\n<p>\u2019Izvinite gospodine premijeru, ne mo\u017eemo da zapo\u010dnemo debatu iznova, molim vas. Mi zaista nemamo vremena.\u201d<br \/>\nNa to je Erdogan po\u010deo da govori na turskom i Ignatijus je uz izvinjenje rekao da gosti zaista treba da krenu na ve\u010deru. Turski premijer je tada napustio forum uz rije\u010di:<br \/>\n\u201cZa mene, od danas Davos je zavr\u0161en. Ne \u017eelim da se vratim u Davos poslije ovoga. Vi mi niste dozvolili da govorim. Izraelski predsjednik Peres govorio je 25 minuta, a meni ste omogu\u0107ili samo 12 minuta. To je neprihvatljivo.\u201d<\/p>\n<p>Pogledajte video prilog koji datira iz 2009. godine.<\/p>\n<div class=\"youtube-embed\" data-video_id=\"UcWGgtR1sOI\"><iframe loading=\"lazy\" title=\"Recep Tayyip Erdogan Davos konu\u015fmas\u0131 English subtitle\" width=\"696\" height=\"392\" src=\"https:\/\/www.youtube.com\/embed\/UcWGgtR1sOI?feature=oembed&#038;enablejsapi=1\" frameborder=\"0\" allow=\"accelerometer; autoplay; encrypted-media; gyroscope; picture-in-picture\" allowfullscreen><\/iframe><\/div>\n","protected":false},"excerpt":{"rendered":"<p>Turska &#8211; U mjesecu januaru na Svjetskom Ekonomskom Forumu u Davosu, turski premijer Red\u017eep Tajip Erdogan i izraelski predsjednik \u0160imon Peres razmjenili su o\u0161tre rije\u010di a Erdogan je i napustio skup. Peres se kasnije telefonom izvinio Erdoganu koji je na povratku u Tursku na aerodromu do\u010dekan kao heroj. [ads1] Tokom debate o Bliskom istoku Peres [&hellip;]<\/p>\n","protected":false},"author":83,"featured_media":120200,"comment_status":"open","ping_status":"open","sticky":false,"template":"","format":"standard","meta":{"footnotes":""},"categories":[9,798,2692],"tags":[10249],"class_list":{"0":"post-120199","1":"post","2":"type-post","3":"status-publish","4":"format-standard","5":"has-post-thumbnail","7":"category-svijet","8":"category-teme","9":"category-turska-gradovi","10":"tag-palestina"},"yoast_head":"<!-- This site is optimized with the Yoast SEO Premium plugin v23.1 (Yoast SEO v24.9) - https:\/\/yoast.com\/wordpress\/plugins\/seo\/ -->\n<title>Podsje\u0107amo - Erdogan ljutito u facu predsjedniku Izraela: Vi ubijate ljude, sje\u0107am se ubijene djece na pla\u017ei \u2013 VIDEO<\/title>\n<meta name=\"robots\" content=\"index, follow, max-snippet:-1, max-image-preview:large, max-video-preview:-1\" \/>\n<link rel=\"canonical\" href=\"https:\/\/sandzakpress.net\/arhiva\/podsjecamo-erdogan-ljutito-u-facu-predsjedniku-izraela-vi-ubijate-ljude-sjecam-se-ubijene-djece-na-plazi-video\/\" \/>\n<meta property=\"og:locale\" content=\"bs_BA\" \/>\n<meta property=\"og:type\" content=\"article\" \/>\n<meta property=\"og:title\" content=\"Podsje\u0107amo - Erdogan ljutito u facu predsjedniku Izraela: Vi ubijate ljude, sje\u0107am se ubijene djece na pla\u017ei \u2013 VIDEO\" \/>\n<meta property=\"og:description\" content=\"Turska &#8211; U mjesecu januaru na Svjetskom Ekonomskom Forumu u Davosu, turski premijer Red\u017eep Tajip Erdogan i izraelski predsjednik \u0160imon Peres razmjenili su o\u0161tre rije\u010di a Erdogan je i napustio skup. Peres se kasnije telefonom izvinio Erdoganu koji je na povratku u Tursku na aerodromu do\u010dekan kao heroj. [ads1] Tokom debate o Bliskom istoku Peres [&hellip;]\" \/>\n<meta property=\"og:url\" content=\"https:\/\/sandzakpress.net\/arhiva\/podsjecamo-erdogan-ljutito-u-facu-predsjedniku-izraela-vi-ubijate-ljude-sjecam-se-ubijene-djece-na-plazi-video\/\" \/>\n<meta property=\"og:site_name\" content=\"Sand\u017eak PRESS\" \/>\n<meta property=\"article:published_time\" content=\"2015-01-23T09:53:29+00:00\" \/>\n<meta property=\"article:modified_time\" content=\"2015-01-23T09:54:02+00:00\" \/>\n<meta property=\"og:image\" content=\"https:\/\/sandzakpress.net\/arhiva\/wp-content\/uploads\/2015\/01\/Shimon_Peres_Erdogan_Davos.jpg\" \/>\n\t<meta property=\"og:image:width\" content=\"600\" \/>\n\t<meta property=\"og:image:height\" content=\"400\" \/>\n\t<meta property=\"og:image:type\" content=\"image\/jpeg\" \/>\n<meta name=\"author\" content=\"bosniak\" \/>\n<meta name=\"twitter:card\" content=\"summary_large_image\" \/>\n<meta name=\"twitter:label1\" content=\"Written by\" \/>\n\t<meta name=\"twitter:data1\" content=\"bosniak\" \/>\n\t<meta name=\"twitter:label2\" content=\"Est. reading time\" \/>\n\t<meta name=\"twitter:data2\" content=\"2 minute\" \/>\n<script type=\"application\/ld+json\" class=\"yoast-schema-graph\">{\"@context\":\"https:\/\/schema.org\",\"@graph\":[{\"@type\":\"Article\",\"@id\":\"https:\/\/sandzakpress.net\/arhiva\/podsjecamo-erdogan-ljutito-u-facu-predsjedniku-izraela-vi-ubijate-ljude-sjecam-se-ubijene-djece-na-plazi-video\/#article\",\"isPartOf\":{\"@id\":\"https:\/\/sandzakpress.net\/arhiva\/podsjecamo-erdogan-ljutito-u-facu-predsjedniku-izraela-vi-ubijate-ljude-sjecam-se-ubijene-djece-na-plazi-video\/\"},\"author\":{\"name\":\"bosniak\",\"@id\":\"https:\/\/sandzakpress.net\/arhiva\/#\/schema\/person\/c8baee722073534b583ea7bdb2e36c02\"},\"headline\":\"Podsje\u0107amo &#8211; Erdogan ljutito u facu predsjedniku Izraela: Vi ubijate ljude, sje\u0107am se ubijene djece na pla\u017ei \u2013 VIDEO\",\"datePublished\":\"2015-01-23T09:53:29+00:00\",\"dateModified\":\"2015-01-23T09:54:02+00:00\",\"mainEntityOfPage\":{\"@id\":\"https:\/\/sandzakpress.net\/arhiva\/podsjecamo-erdogan-ljutito-u-facu-predsjedniku-izraela-vi-ubijate-ljude-sjecam-se-ubijene-djece-na-plazi-video\/\"},\"wordCount\":367,\"commentCount\":19,\"publisher\":{\"@id\":\"https:\/\/sandzakpress.net\/arhiva\/#\/schema\/person\/6e72b67d6e51910a1117b3b483ba20bd\"},\"image\":{\"@id\":\"https:\/\/sandzakpress.net\/arhiva\/podsjecamo-erdogan-ljutito-u-facu-predsjedniku-izraela-vi-ubijate-ljude-sjecam-se-ubijene-djece-na-plazi-video\/#primaryimage\"},\"thumbnailUrl\":\"https:\/\/sandzakpress.net\/arhiva\/wp-content\/uploads\/2015\/01\/Shimon_Peres_Erdogan_Davos.jpg\",\"keywords\":[\"Palestina\"],\"articleSection\":[\"Svijet\",\"NAJNOVIJE\",\"Turska\"],\"inLanguage\":\"bs-BA\",\"potentialAction\":[{\"@type\":\"CommentAction\",\"name\":\"Comment\",\"target\":[\"https:\/\/sandzakpress.net\/arhiva\/podsjecamo-erdogan-ljutito-u-facu-predsjedniku-izraela-vi-ubijate-ljude-sjecam-se-ubijene-djece-na-plazi-video\/#respond\"]}]},{\"@type\":\"WebPage\",\"@id\":\"https:\/\/sandzakpress.net\/arhiva\/podsjecamo-erdogan-ljutito-u-facu-predsjedniku-izraela-vi-ubijate-ljude-sjecam-se-ubijene-djece-na-plazi-video\/\",\"url\":\"https:\/\/sandzakpress.net\/arhiva\/podsjecamo-erdogan-ljutito-u-facu-predsjedniku-izraela-vi-ubijate-ljude-sjecam-se-ubijene-djece-na-plazi-video\/\",\"name\":\"Podsje\u0107amo - Erdogan ljutito u facu predsjedniku Izraela: Vi ubijate ljude, sje\u0107am se ubijene djece na pla\u017ei \u2013 VIDEO\",\"isPartOf\":{\"@id\":\"https:\/\/sandzakpress.net\/arhiva\/#website\"},\"primaryImageOfPage\":{\"@id\":\"https:\/\/sandzakpress.net\/arhiva\/podsjecamo-erdogan-ljutito-u-facu-predsjedniku-izraela-vi-ubijate-ljude-sjecam-se-ubijene-djece-na-plazi-video\/#primaryimage\"},\"image\":{\"@id\":\"https:\/\/sandzakpress.net\/arhiva\/podsjecamo-erdogan-ljutito-u-facu-predsjedniku-izraela-vi-ubijate-ljude-sjecam-se-ubijene-djece-na-plazi-video\/#primaryimage\"},\"thumbnailUrl\":\"https:\/\/sandzakpress.net\/arhiva\/wp-content\/uploads\/2015\/01\/Shimon_Peres_Erdogan_Davos.jpg\",\"datePublished\":\"2015-01-23T09:53:29+00:00\",\"dateModified\":\"2015-01-23T09:54:02+00:00\",\"breadcrumb\":{\"@id\":\"https:\/\/sandzakpress.net\/arhiva\/podsjecamo-erdogan-ljutito-u-facu-predsjedniku-izraela-vi-ubijate-ljude-sjecam-se-ubijene-djece-na-plazi-video\/#breadcrumb\"},\"inLanguage\":\"bs-BA\",\"potentialAction\":[{\"@type\":\"ReadAction\",\"target\":[\"https:\/\/sandzakpress.net\/arhiva\/podsjecamo-erdogan-ljutito-u-facu-predsjedniku-izraela-vi-ubijate-ljude-sjecam-se-ubijene-djece-na-plazi-video\/\"]}]},{\"@type\":\"ImageObject\",\"inLanguage\":\"bs-BA\",\"@id\":\"https:\/\/sandzakpress.net\/arhiva\/podsjecamo-erdogan-ljutito-u-facu-predsjedniku-izraela-vi-ubijate-ljude-sjecam-se-ubijene-djece-na-plazi-video\/#primaryimage\",\"url\":\"https:\/\/sandzakpress.net\/arhiva\/wp-content\/uploads\/2015\/01\/Shimon_Peres_Erdogan_Davos.jpg\",\"contentUrl\":\"https:\/\/sandzakpress.net\/arhiva\/wp-content\/uploads\/2015\/01\/Shimon_Peres_Erdogan_Davos.jpg\",\"width\":600,\"height\":400},{\"@type\":\"BreadcrumbList\",\"@id\":\"https:\/\/sandzakpress.net\/arhiva\/podsjecamo-erdogan-ljutito-u-facu-predsjedniku-izraela-vi-ubijate-ljude-sjecam-se-ubijene-djece-na-plazi-video\/#breadcrumb\",\"itemListElement\":[{\"@type\":\"ListItem\",\"position\":1,\"name\":\"Home\",\"item\":\"https:\/\/sandzakpress.net\/arhiva\/\"},{\"@type\":\"ListItem\",\"position\":2,\"name\":\"Podsje\u0107amo &#8211; Erdogan ljutito u facu predsjedniku Izraela: Vi ubijate ljude, sje\u0107am se ubijene djece na pla\u017ei \u2013 VIDEO\"}]},{\"@type\":\"WebSite\",\"@id\":\"https:\/\/sandzakpress.net\/arhiva\/#website\",\"url\":\"https:\/\/sandzakpress.net\/arhiva\/\",\"name\":\"Sand\u017eak PRESS\",\"description\":\"Prve elektronske novine u Sand\u017eaku\",\"publisher\":{\"@id\":\"https:\/\/sandzakpress.net\/arhiva\/#\/schema\/person\/6e72b67d6e51910a1117b3b483ba20bd\"},\"potentialAction\":[{\"@type\":\"SearchAction\",\"target\":{\"@type\":\"EntryPoint\",\"urlTemplate\":\"https:\/\/sandzakpress.net\/arhiva\/?s={search_term_string}\"},\"query-input\":{\"@type\":\"PropertyValueSpecification\",\"valueRequired\":true,\"valueName\":\"search_term_string\"}}],\"inLanguage\":\"bs-BA\"},{\"@type\":[\"Person\",\"Organization\"],\"@id\":\"https:\/\/sandzakpress.net\/arhiva\/#\/schema\/person\/6e72b67d6e51910a1117b3b483ba20bd\",\"name\":\"Kul\",\"image\":{\"@type\":\"ImageObject\",\"inLanguage\":\"bs-BA\",\"@id\":\"https:\/\/sandzakpress.net\/arhiva\/#\/schema\/person\/image\/\",\"url\":\"https:\/\/secure.gravatar.com\/avatar\/42263f39aa27ac04c43cab85c280eb2e?s=96&d=mm&r=pg\",\"contentUrl\":\"https:\/\/secure.gravatar.com\/avatar\/42263f39aa27ac04c43cab85c280eb2e?s=96&d=mm&r=pg\",\"caption\":\"Kul\"},\"logo\":{\"@id\":\"https:\/\/sandzakpress.net\/arhiva\/#\/schema\/person\/image\/\"}},{\"@type\":\"Person\",\"@id\":\"https:\/\/sandzakpress.net\/arhiva\/#\/schema\/person\/c8baee722073534b583ea7bdb2e36c02\",\"name\":\"bosniak\",\"image\":{\"@type\":\"ImageObject\",\"inLanguage\":\"bs-BA\",\"@id\":\"https:\/\/sandzakpress.net\/arhiva\/#\/schema\/person\/image\/\",\"url\":\"https:\/\/secure.gravatar.com\/avatar\/a04fd330bfe3a36a72a0ad4a6d89fca7?s=96&d=mm&r=pg\",\"contentUrl\":\"https:\/\/secure.gravatar.com\/avatar\/a04fd330bfe3a36a72a0ad4a6d89fca7?s=96&d=mm&r=pg\",\"caption\":\"bosniak\"},\"url\":\"https:\/\/sandzakpress.net\/arhiva\/author\/bosniak\/\"}]}<\/script>\n<!-- \/ Yoast SEO Premium plugin. -->","yoast_head_json":{"title":"Podsje\u0107amo - Erdogan ljutito u facu predsjedniku Izraela: Vi ubijate ljude, sje\u0107am se ubijene djece na pla\u017ei \u2013 VIDEO","robots":{"index":"index","follow":"follow","max-snippet":"max-snippet:-1","max-image-preview":"max-image-preview:large","max-video-preview":"max-video-preview:-1"},"canonical":"https:\/\/sandzakpress.net\/arhiva\/podsjecamo-erdogan-ljutito-u-facu-predsjedniku-izraela-vi-ubijate-ljude-sjecam-se-ubijene-djece-na-plazi-video\/","og_locale":"bs_BA","og_type":"article","og_title":"Podsje\u0107amo - Erdogan ljutito u facu predsjedniku Izraela: Vi ubijate ljude, sje\u0107am se ubijene djece na pla\u017ei \u2013 VIDEO","og_description":"Turska &#8211; U mjesecu januaru na Svjetskom Ekonomskom Forumu u Davosu, turski premijer Red\u017eep Tajip Erdogan i izraelski predsjednik \u0160imon Peres razmjenili su o\u0161tre rije\u010di a Erdogan je i napustio skup. Peres se kasnije telefonom izvinio Erdoganu koji je na povratku u Tursku na aerodromu do\u010dekan kao heroj. [ads1] Tokom debate o Bliskom istoku Peres [&hellip;]","og_url":"https:\/\/sandzakpress.net\/arhiva\/podsjecamo-erdogan-ljutito-u-facu-predsjedniku-izraela-vi-ubijate-ljude-sjecam-se-ubijene-djece-na-plazi-video\/","og_site_name":"Sand\u017eak PRESS","article_published_time":"2015-01-23T09:53:29+00:00","article_modified_time":"2015-01-23T09:54:02+00:00","og_image":[{"width":600,"height":400,"url":"https:\/\/sandzakpress.net\/arhiva\/wp-content\/uploads\/2015\/01\/Shimon_Peres_Erdogan_Davos.jpg","type":"image\/jpeg"}],"author":"bosniak","twitter_card":"summary_large_image","twitter_misc":{"Written by":"bosniak","Est. reading time":"2 minute"},"schema":{"@context":"https:\/\/schema.org","@graph":[{"@type":"Article","@id":"https:\/\/sandzakpress.net\/arhiva\/podsjecamo-erdogan-ljutito-u-facu-predsjedniku-izraela-vi-ubijate-ljude-sjecam-se-ubijene-djece-na-plazi-video\/#article","isPartOf":{"@id":"https:\/\/sandzakpress.net\/arhiva\/podsjecamo-erdogan-ljutito-u-facu-predsjedniku-izraela-vi-ubijate-ljude-sjecam-se-ubijene-djece-na-plazi-video\/"},"author":{"name":"bosniak","@id":"https:\/\/sandzakpress.net\/arhiva\/#\/schema\/person\/c8baee722073534b583ea7bdb2e36c02"},"headline":"Podsje\u0107amo &#8211; Erdogan ljutito u facu predsjedniku Izraela: Vi ubijate ljude, sje\u0107am se ubijene djece na pla\u017ei \u2013 VIDEO","datePublished":"2015-01-23T09:53:29+00:00","dateModified":"2015-01-23T09:54:02+00:00","mainEntityOfPage":{"@id":"https:\/\/sandzakpress.net\/arhiva\/podsjecamo-erdogan-ljutito-u-facu-predsjedniku-izraela-vi-ubijate-ljude-sjecam-se-ubijene-djece-na-plazi-video\/"},"wordCount":367,"commentCount":19,"publisher":{"@id":"https:\/\/sandzakpress.net\/arhiva\/#\/schema\/person\/6e72b67d6e51910a1117b3b483ba20bd"},"image":{"@id":"https:\/\/sandzakpress.net\/arhiva\/podsjecamo-erdogan-ljutito-u-facu-predsjedniku-izraela-vi-ubijate-ljude-sjecam-se-ubijene-djece-na-plazi-video\/#primaryimage"},"thumbnailUrl":"https:\/\/sandzakpress.net\/arhiva\/wp-content\/uploads\/2015\/01\/Shimon_Peres_Erdogan_Davos.jpg","keywords":["Palestina"],"articleSection":["Svijet","NAJNOVIJE","Turska"],"inLanguage":"bs-BA","potentialAction":[{"@type":"CommentAction","name":"Comment","target":["https:\/\/sandzakpress.net\/arhiva\/podsjecamo-erdogan-ljutito-u-facu-predsjedniku-izraela-vi-ubijate-ljude-sjecam-se-ubijene-djece-na-plazi-video\/#respond"]}]},{"@type":"WebPage","@id":"https:\/\/sandzakpress.net\/arhiva\/podsjecamo-erdogan-ljutito-u-facu-predsjedniku-izraela-vi-ubijate-ljude-sjecam-se-ubijene-djece-na-plazi-video\/","url":"https:\/\/sandzakpress.net\/arhiva\/podsjecamo-erdogan-ljutito-u-facu-predsjedniku-izraela-vi-ubijate-ljude-sjecam-se-ubijene-djece-na-plazi-video\/","name":"Podsje\u0107amo - Erdogan ljutito u facu predsjedniku Izraela: Vi ubijate ljude, sje\u0107am se ubijene djece na pla\u017ei \u2013 VIDEO","isPartOf":{"@id":"https:\/\/sandzakpress.net\/arhiva\/#website"},"primaryImageOfPage":{"@id":"https:\/\/sandzakpress.net\/arhiva\/podsjecamo-erdogan-ljutito-u-facu-predsjedniku-izraela-vi-ubijate-ljude-sjecam-se-ubijene-djece-na-plazi-video\/#primaryimage"},"image":{"@id":"https:\/\/sandzakpress.net\/arhiva\/podsjecamo-erdogan-ljutito-u-facu-predsjedniku-izraela-vi-ubijate-ljude-sjecam-se-ubijene-djece-na-plazi-video\/#primaryimage"},"thumbnailUrl":"https:\/\/sandzakpress.net\/arhiva\/wp-content\/uploads\/2015\/01\/Shimon_Peres_Erdogan_Davos.jpg","datePublished":"2015-01-23T09:53:29+00:00","dateModified":"2015-01-23T09:54:02+00:00","breadcrumb":{"@id":"https:\/\/sandzakpress.net\/arhiva\/podsjecamo-erdogan-ljutito-u-facu-predsjedniku-izraela-vi-ubijate-ljude-sjecam-se-ubijene-djece-na-plazi-video\/#breadcrumb"},"inLanguage":"bs-BA","potentialAction":[{"@type":"ReadAction","target":["https:\/\/sandzakpress.net\/arhiva\/podsjecamo-erdogan-ljutito-u-facu-predsjedniku-izraela-vi-ubijate-ljude-sjecam-se-ubijene-djece-na-plazi-video\/"]}]},{"@type":"ImageObject","inLanguage":"bs-BA","@id":"https:\/\/sandzakpress.net\/arhiva\/podsjecamo-erdogan-ljutito-u-facu-predsjedniku-izraela-vi-ubijate-ljude-sjecam-se-ubijene-djece-na-plazi-video\/#primaryimage","url":"https:\/\/sandzakpress.net\/arhiva\/wp-content\/uploads\/2015\/01\/Shimon_Peres_Erdogan_Davos.jpg","contentUrl":"https:\/\/sandzakpress.net\/arhiva\/wp-content\/uploads\/2015\/01\/Shimon_Peres_Erdogan_Davos.jpg","width":600,"height":400},{"@type":"BreadcrumbList","@id":"https:\/\/sandzakpress.net\/arhiva\/podsjecamo-erdogan-ljutito-u-facu-predsjedniku-izraela-vi-ubijate-ljude-sjecam-se-ubijene-djece-na-plazi-video\/#breadcrumb","itemListElement":[{"@type":"ListItem","position":1,"name":"Home","item":"https:\/\/sandzakpress.net\/arhiva\/"},{"@type":"ListItem","position":2,"name":"Podsje\u0107amo &#8211; Erdogan ljutito u facu predsjedniku Izraela: Vi ubijate ljude, sje\u0107am se ubijene djece na pla\u017ei \u2013 VIDEO"}]},{"@type":"WebSite","@id":"https:\/\/sandzakpress.net\/arhiva\/#website","url":"https:\/\/sandzakpress.net\/arhiva\/","name":"Sand\u017eak PRESS","description":"Prve elektronske novine u Sand\u017eaku","publisher":{"@id":"https:\/\/sandzakpress.net\/arhiva\/#\/schema\/person\/6e72b67d6e51910a1117b3b483ba20bd"},"potentialAction":[{"@type":"SearchAction","target":{"@type":"EntryPoint","urlTemplate":"https:\/\/sandzakpress.net\/arhiva\/?s={search_term_string}"},"query-input":{"@type":"PropertyValueSpecification","valueRequired":true,"valueName":"search_term_string"}}],"inLanguage":"bs-BA"},{"@type":["Person","Organization"],"@id":"https:\/\/sandzakpress.net\/arhiva\/#\/schema\/person\/6e72b67d6e51910a1117b3b483ba20bd","name":"Kul","image":{"@type":"ImageObject","inLanguage":"bs-BA","@id":"https:\/\/sandzakpress.net\/arhiva\/#\/schema\/person\/image\/","url":"https:\/\/secure.gravatar.com\/avatar\/42263f39aa27ac04c43cab85c280eb2e?s=96&d=mm&r=pg","contentUrl":"https:\/\/secure.gravatar.com\/avatar\/42263f39aa27ac04c43cab85c280eb2e?s=96&d=mm&r=pg","caption":"Kul"},"logo":{"@id":"https:\/\/sandzakpress.net\/arhiva\/#\/schema\/person\/image\/"}},{"@type":"Person","@id":"https:\/\/sandzakpress.net\/arhiva\/#\/schema\/person\/c8baee722073534b583ea7bdb2e36c02","name":"bosniak","image":{"@type":"ImageObject","inLanguage":"bs-BA","@id":"https:\/\/sandzakpress.net\/arhiva\/#\/schema\/person\/image\/","url":"https:\/\/secure.gravatar.com\/avatar\/a04fd330bfe3a36a72a0ad4a6d89fca7?s=96&d=mm&r=pg","contentUrl":"https:\/\/secure.gravatar.com\/avatar\/a04fd330bfe3a36a72a0ad4a6d89fca7?s=96&d=mm&r=pg","caption":"bosniak"},"url":"https:\/\/sandzakpress.net\/arhiva\/author\/bosniak\/"}]}},"_links":{"self":[{"href":"https:\/\/sandzakpress.net\/arhiva\/wp-json\/wp\/v2\/posts\/120199"}],"collection":[{"href":"https:\/\/sandzakpress.net\/arhiva\/wp-json\/wp\/v2\/posts"}],"about":[{"href":"https:\/\/sandzakpress.net\/arhiva\/wp-json\/wp\/v2\/types\/post"}],"author":[{"embeddable":true,"href":"https:\/\/sandzakpress.net\/arhiva\/wp-json\/wp\/v2\/users\/83"}],"replies":[{"embeddable":true,"href":"https:\/\/sandzakpress.net\/arhiva\/wp-json\/wp\/v2\/comments?post=120199"}],"version-history":[{"count":0,"href":"https:\/\/sandzakpress.net\/arhiva\/wp-json\/wp\/v2\/posts\/120199\/revisions"}],"wp:featuredmedia":[{"embeddable":true,"href":"https:\/\/sandzakpress.net\/arhiva\/wp-json\/wp\/v2\/media\/120200"}],"wp:attachment":[{"href":"https:\/\/sandzakpress.net\/arhiva\/wp-json\/wp\/v2\/media?parent=120199"}],"wp:term":[{"taxonomy":"category","embeddable":true,"href":"https:\/\/sandzakpress.net\/arhiva\/wp-json\/wp\/v2\/categories?post=120199"},{"taxonomy":"post_tag","embeddable":true,"href":"https:\/\/sandzakpress.net\/arhiva\/wp-json\/wp\/v2\/tags?post=120199"}],"curies":[{"name":"wp","href":"https:\/\/api.w.org\/{rel}","templated":true}]}}