{"id":120161,"date":"2015-01-23T09:31:32","date_gmt":"2015-01-23T08:31:32","guid":{"rendered":"https:\/\/sandzakpress.net\/arhiva\/?p=120161"},"modified":"2015-01-23T09:32:13","modified_gmt":"2015-01-23T08:32:13","slug":"endlich-eine-gute-nachricht-aus-europa-der-islam-wurde-in-luxemburg-anerkannt","status":"publish","type":"post","link":"https:\/\/sandzakpress.net\/arhiva\/endlich-eine-gute-nachricht-aus-europa-der-islam-wurde-in-luxemburg-anerkannt\/","title":{"rendered":"Endlich eine gute Nachricht aus Europa, der Islam wurde in Luxemburg anerkannt"},"content":{"rendered":"<p><img decoding=\"async\" src=\"https:\/\/sandzakpress.net\/arhiva\/wp-content\/uploads\/2015\/01\/lux.jpg\" alt=\"\" \/><\/p>\n<p>Luxemburg: Islam wird anerkannte und gleichberechtigte Religionsgemeinschaft<br \/>\nRat besteht zuk\u00fcnftig aus f\u00fcnf Imamen und einem Mufti als religi\u00f6sem Oberhaupt<\/p>\n<p>Der Islam erh\u00e4lt in Luxemburg die gleichen Rechte wie die anderen Glaubensgemeinschaften. Kultusminister Fran\u00e7ois Biltgen stellte am Dienstag eine Konvention vor, die das Verh\u00e4ltnis zwischen den Muslimen im Land und dem Staat regelt.<\/p>\n<p>Die muslimische Glaubensgemeinschaften werden zuk\u00fcnftig von einem Rat aus f\u00fcnf Imamen und einem Mufti als religi\u00f6sem Oberhaupt vertreten. Dieser Rat &#8211; &#8220;Schura&#8221; genannt &#8211; fungiert als Ansprechpartner f\u00fcr den Staat, seine Mitglieder werden wie Staatsbeamte bezahlt. Der Mufti schw\u00f6rt einen Eid auf den Gro\u00dfherzog und die Verfassung des Landes und verpflichtet sich damit, dass seine Glaubensgemeinschaft die Gesetze und die \u00f6ffentliche Ordnung einh\u00e4lt.<\/p>\n<p>&#8220;Die Konvention gibt keiner Religionsgemeinschaft weitere Rechte als die, die in Verfassung festgeschrieben sind&#8221;, sagte Minister Biltgen. \u00c4hnliche Konventionen gibt es bereits seit 1998 mit der katholischen und evangelischen Kirche, der orthodoxen Glaubensgemeinschaft und der j\u00fcdischen Gemeinde.<\/p>\n<p>Bereits unter Kultusministerin Erna Hennicot-Schoepges hatten sich die Muslime in Luxemburg darum bem\u00fcht, als Religionsgemeinschaft anerkannt zu werden. Nach Aussagen von Minister Biltgen war eine Voraussetzung f\u00fcr diesen Schritt, dass ein einziges Gremium f\u00fcr alle Muslime geschaffen wird.<br \/>\nMit der Konvention m\u00f6chte die Regierung den Islam besser in die juristische Landschaft in Luxemburg einbinden. Weil der Islam keine zentralisierten Strukturen kennt, f\u00fchren die verschiedenen Glaubensrichtungen ein Eigenleben. Verhandlungen zwischen Staat und Moslems waren dadurch bisher erschwert worden.<\/p>\n<p>Die etwa 8000 Muslime in Luxemburg kommen haupts\u00e4chlich aus den ehemals jugoslawischen Republiken Montenegro und Bosnien-Herzegowina. Doch in den vergangenen Jahren ist auch ein Zuzug von Muslimen aus anderen L\u00e4ndern festzustellen.<\/p>\n<p>QUELLE: www.islam.de<\/p>\n","protected":false},"excerpt":{"rendered":"<p>Luxemburg: Islam wird anerkannte und gleichberechtigte Religionsgemeinschaft Rat besteht zuk\u00fcnftig aus f\u00fcnf Imamen und einem Mufti als religi\u00f6sem Oberhaupt Der Islam erh\u00e4lt in Luxemburg die gleichen Rechte wie die anderen Glaubensgemeinschaften. Kultusminister Fran\u00e7ois Biltgen stellte am Dienstag eine Konvention vor, die das Verh\u00e4ltnis zwischen den Muslimen im Land und dem Staat regelt. Die muslimische Glaubensgemeinschaften [&hellip;]<\/p>\n","protected":false},"author":83,"featured_media":120041,"comment_status":"open","ping_status":"open","sticky":false,"template":"","format":"standard","meta":{"footnotes":""},"categories":[10502],"tags":[],"class_list":{"0":"post-120161","1":"post","2":"type-post","3":"status-publish","4":"format-standard","5":"has-post-thumbnail","7":"category-deutsch"},"yoast_head":"<!-- This site is optimized with the Yoast SEO Premium plugin v23.1 (Yoast SEO v24.9) - https:\/\/yoast.com\/wordpress\/plugins\/seo\/ -->\n<title>Endlich eine gute Nachricht aus Europa, der Islam wurde in Luxemburg anerkannt<\/title>\n<meta name=\"robots\" content=\"index, follow, max-snippet:-1, max-image-preview:large, max-video-preview:-1\" \/>\n<link rel=\"canonical\" href=\"https:\/\/sandzakpress.net\/arhiva\/endlich-eine-gute-nachricht-aus-europa-der-islam-wurde-in-luxemburg-anerkannt\/\" \/>\n<meta property=\"og:locale\" content=\"bs_BA\" \/>\n<meta property=\"og:type\" content=\"article\" \/>\n<meta property=\"og:title\" content=\"Endlich eine gute Nachricht aus Europa, der Islam wurde in Luxemburg anerkannt\" \/>\n<meta property=\"og:description\" content=\"Luxemburg: Islam wird anerkannte und gleichberechtigte Religionsgemeinschaft Rat besteht zuk\u00fcnftig aus f\u00fcnf Imamen und einem Mufti als religi\u00f6sem Oberhaupt Der Islam erh\u00e4lt in Luxemburg die gleichen Rechte wie die anderen Glaubensgemeinschaften. Kultusminister Fran\u00e7ois Biltgen stellte am Dienstag eine Konvention vor, die das Verh\u00e4ltnis zwischen den Muslimen im Land und dem Staat regelt. Die muslimische Glaubensgemeinschaften [&hellip;]\" \/>\n<meta property=\"og:url\" content=\"https:\/\/sandzakpress.net\/arhiva\/endlich-eine-gute-nachricht-aus-europa-der-islam-wurde-in-luxemburg-anerkannt\/\" \/>\n<meta property=\"og:site_name\" content=\"Sand\u017eak PRESS\" \/>\n<meta property=\"article:published_time\" content=\"2015-01-23T08:31:32+00:00\" \/>\n<meta property=\"article:modified_time\" content=\"2015-01-23T08:32:13+00:00\" \/>\n<meta property=\"og:image\" content=\"https:\/\/sandzakpress.net\/arhiva\/wp-content\/uploads\/2015\/01\/lux.jpg\" \/>\n\t<meta property=\"og:image:width\" content=\"616\" \/>\n\t<meta property=\"og:image:height\" content=\"301\" \/>\n\t<meta property=\"og:image:type\" content=\"image\/jpeg\" \/>\n<meta name=\"author\" content=\"bosniak\" \/>\n<meta name=\"twitter:card\" content=\"summary_large_image\" \/>\n<meta name=\"twitter:label1\" content=\"Written by\" \/>\n\t<meta name=\"twitter:data1\" content=\"bosniak\" \/>\n\t<meta name=\"twitter:label2\" content=\"Est. reading time\" \/>\n\t<meta name=\"twitter:data2\" content=\"1 minuta\" \/>\n<script type=\"application\/ld+json\" class=\"yoast-schema-graph\">{\"@context\":\"https:\/\/schema.org\",\"@graph\":[{\"@type\":\"Article\",\"@id\":\"https:\/\/sandzakpress.net\/arhiva\/endlich-eine-gute-nachricht-aus-europa-der-islam-wurde-in-luxemburg-anerkannt\/#article\",\"isPartOf\":{\"@id\":\"https:\/\/sandzakpress.net\/arhiva\/endlich-eine-gute-nachricht-aus-europa-der-islam-wurde-in-luxemburg-anerkannt\/\"},\"author\":{\"name\":\"bosniak\",\"@id\":\"https:\/\/sandzakpress.net\/arhiva\/#\/schema\/person\/c8baee722073534b583ea7bdb2e36c02\"},\"headline\":\"Endlich eine gute Nachricht aus Europa, der Islam wurde in Luxemburg anerkannt\",\"datePublished\":\"2015-01-23T08:31:32+00:00\",\"dateModified\":\"2015-01-23T08:32:13+00:00\",\"mainEntityOfPage\":{\"@id\":\"https:\/\/sandzakpress.net\/arhiva\/endlich-eine-gute-nachricht-aus-europa-der-islam-wurde-in-luxemburg-anerkannt\/\"},\"wordCount\":295,\"commentCount\":0,\"publisher\":{\"@id\":\"https:\/\/sandzakpress.net\/arhiva\/#\/schema\/person\/6e72b67d6e51910a1117b3b483ba20bd\"},\"image\":{\"@id\":\"https:\/\/sandzakpress.net\/arhiva\/endlich-eine-gute-nachricht-aus-europa-der-islam-wurde-in-luxemburg-anerkannt\/#primaryimage\"},\"thumbnailUrl\":\"https:\/\/sandzakpress.net\/arhiva\/wp-content\/uploads\/2015\/01\/lux.jpg\",\"articleSection\":[\"Deutsch\"],\"inLanguage\":\"bs-BA\",\"potentialAction\":[{\"@type\":\"CommentAction\",\"name\":\"Comment\",\"target\":[\"https:\/\/sandzakpress.net\/arhiva\/endlich-eine-gute-nachricht-aus-europa-der-islam-wurde-in-luxemburg-anerkannt\/#respond\"]}]},{\"@type\":\"WebPage\",\"@id\":\"https:\/\/sandzakpress.net\/arhiva\/endlich-eine-gute-nachricht-aus-europa-der-islam-wurde-in-luxemburg-anerkannt\/\",\"url\":\"https:\/\/sandzakpress.net\/arhiva\/endlich-eine-gute-nachricht-aus-europa-der-islam-wurde-in-luxemburg-anerkannt\/\",\"name\":\"Endlich eine gute Nachricht aus Europa, der Islam wurde in Luxemburg anerkannt\",\"isPartOf\":{\"@id\":\"https:\/\/sandzakpress.net\/arhiva\/#website\"},\"primaryImageOfPage\":{\"@id\":\"https:\/\/sandzakpress.net\/arhiva\/endlich-eine-gute-nachricht-aus-europa-der-islam-wurde-in-luxemburg-anerkannt\/#primaryimage\"},\"image\":{\"@id\":\"https:\/\/sandzakpress.net\/arhiva\/endlich-eine-gute-nachricht-aus-europa-der-islam-wurde-in-luxemburg-anerkannt\/#primaryimage\"},\"thumbnailUrl\":\"https:\/\/sandzakpress.net\/arhiva\/wp-content\/uploads\/2015\/01\/lux.jpg\",\"datePublished\":\"2015-01-23T08:31:32+00:00\",\"dateModified\":\"2015-01-23T08:32:13+00:00\",\"breadcrumb\":{\"@id\":\"https:\/\/sandzakpress.net\/arhiva\/endlich-eine-gute-nachricht-aus-europa-der-islam-wurde-in-luxemburg-anerkannt\/#breadcrumb\"},\"inLanguage\":\"bs-BA\",\"potentialAction\":[{\"@type\":\"ReadAction\",\"target\":[\"https:\/\/sandzakpress.net\/arhiva\/endlich-eine-gute-nachricht-aus-europa-der-islam-wurde-in-luxemburg-anerkannt\/\"]}]},{\"@type\":\"ImageObject\",\"inLanguage\":\"bs-BA\",\"@id\":\"https:\/\/sandzakpress.net\/arhiva\/endlich-eine-gute-nachricht-aus-europa-der-islam-wurde-in-luxemburg-anerkannt\/#primaryimage\",\"url\":\"https:\/\/sandzakpress.net\/arhiva\/wp-content\/uploads\/2015\/01\/lux.jpg\",\"contentUrl\":\"https:\/\/sandzakpress.net\/arhiva\/wp-content\/uploads\/2015\/01\/lux.jpg\",\"width\":616,\"height\":301},{\"@type\":\"BreadcrumbList\",\"@id\":\"https:\/\/sandzakpress.net\/arhiva\/endlich-eine-gute-nachricht-aus-europa-der-islam-wurde-in-luxemburg-anerkannt\/#breadcrumb\",\"itemListElement\":[{\"@type\":\"ListItem\",\"position\":1,\"name\":\"Home\",\"item\":\"https:\/\/sandzakpress.net\/arhiva\/\"},{\"@type\":\"ListItem\",\"position\":2,\"name\":\"Endlich eine gute Nachricht aus Europa, der Islam wurde in Luxemburg anerkannt\"}]},{\"@type\":\"WebSite\",\"@id\":\"https:\/\/sandzakpress.net\/arhiva\/#website\",\"url\":\"https:\/\/sandzakpress.net\/arhiva\/\",\"name\":\"Sand\u017eak PRESS\",\"description\":\"Prve elektronske novine u Sand\u017eaku\",\"publisher\":{\"@id\":\"https:\/\/sandzakpress.net\/arhiva\/#\/schema\/person\/6e72b67d6e51910a1117b3b483ba20bd\"},\"potentialAction\":[{\"@type\":\"SearchAction\",\"target\":{\"@type\":\"EntryPoint\",\"urlTemplate\":\"https:\/\/sandzakpress.net\/arhiva\/?s={search_term_string}\"},\"query-input\":{\"@type\":\"PropertyValueSpecification\",\"valueRequired\":true,\"valueName\":\"search_term_string\"}}],\"inLanguage\":\"bs-BA\"},{\"@type\":[\"Person\",\"Organization\"],\"@id\":\"https:\/\/sandzakpress.net\/arhiva\/#\/schema\/person\/6e72b67d6e51910a1117b3b483ba20bd\",\"name\":\"Kul\",\"image\":{\"@type\":\"ImageObject\",\"inLanguage\":\"bs-BA\",\"@id\":\"https:\/\/sandzakpress.net\/arhiva\/#\/schema\/person\/image\/\",\"url\":\"https:\/\/secure.gravatar.com\/avatar\/42263f39aa27ac04c43cab85c280eb2e?s=96&d=mm&r=pg\",\"contentUrl\":\"https:\/\/secure.gravatar.com\/avatar\/42263f39aa27ac04c43cab85c280eb2e?s=96&d=mm&r=pg\",\"caption\":\"Kul\"},\"logo\":{\"@id\":\"https:\/\/sandzakpress.net\/arhiva\/#\/schema\/person\/image\/\"}},{\"@type\":\"Person\",\"@id\":\"https:\/\/sandzakpress.net\/arhiva\/#\/schema\/person\/c8baee722073534b583ea7bdb2e36c02\",\"name\":\"bosniak\",\"image\":{\"@type\":\"ImageObject\",\"inLanguage\":\"bs-BA\",\"@id\":\"https:\/\/sandzakpress.net\/arhiva\/#\/schema\/person\/image\/\",\"url\":\"https:\/\/secure.gravatar.com\/avatar\/a04fd330bfe3a36a72a0ad4a6d89fca7?s=96&d=mm&r=pg\",\"contentUrl\":\"https:\/\/secure.gravatar.com\/avatar\/a04fd330bfe3a36a72a0ad4a6d89fca7?s=96&d=mm&r=pg\",\"caption\":\"bosniak\"},\"url\":\"https:\/\/sandzakpress.net\/arhiva\/author\/bosniak\/\"}]}<\/script>\n<!-- \/ Yoast SEO Premium plugin. -->","yoast_head_json":{"title":"Endlich eine gute Nachricht aus Europa, der Islam wurde in Luxemburg anerkannt","robots":{"index":"index","follow":"follow","max-snippet":"max-snippet:-1","max-image-preview":"max-image-preview:large","max-video-preview":"max-video-preview:-1"},"canonical":"https:\/\/sandzakpress.net\/arhiva\/endlich-eine-gute-nachricht-aus-europa-der-islam-wurde-in-luxemburg-anerkannt\/","og_locale":"bs_BA","og_type":"article","og_title":"Endlich eine gute Nachricht aus Europa, der Islam wurde in Luxemburg anerkannt","og_description":"Luxemburg: Islam wird anerkannte und gleichberechtigte Religionsgemeinschaft Rat besteht zuk\u00fcnftig aus f\u00fcnf Imamen und einem Mufti als religi\u00f6sem Oberhaupt Der Islam erh\u00e4lt in Luxemburg die gleichen Rechte wie die anderen Glaubensgemeinschaften. Kultusminister Fran\u00e7ois Biltgen stellte am Dienstag eine Konvention vor, die das Verh\u00e4ltnis zwischen den Muslimen im Land und dem Staat regelt. Die muslimische Glaubensgemeinschaften [&hellip;]","og_url":"https:\/\/sandzakpress.net\/arhiva\/endlich-eine-gute-nachricht-aus-europa-der-islam-wurde-in-luxemburg-anerkannt\/","og_site_name":"Sand\u017eak PRESS","article_published_time":"2015-01-23T08:31:32+00:00","article_modified_time":"2015-01-23T08:32:13+00:00","og_image":[{"width":616,"height":301,"url":"https:\/\/sandzakpress.net\/arhiva\/wp-content\/uploads\/2015\/01\/lux.jpg","type":"image\/jpeg"}],"author":"bosniak","twitter_card":"summary_large_image","twitter_misc":{"Written by":"bosniak","Est. reading time":"1 minuta"},"schema":{"@context":"https:\/\/schema.org","@graph":[{"@type":"Article","@id":"https:\/\/sandzakpress.net\/arhiva\/endlich-eine-gute-nachricht-aus-europa-der-islam-wurde-in-luxemburg-anerkannt\/#article","isPartOf":{"@id":"https:\/\/sandzakpress.net\/arhiva\/endlich-eine-gute-nachricht-aus-europa-der-islam-wurde-in-luxemburg-anerkannt\/"},"author":{"name":"bosniak","@id":"https:\/\/sandzakpress.net\/arhiva\/#\/schema\/person\/c8baee722073534b583ea7bdb2e36c02"},"headline":"Endlich eine gute Nachricht aus Europa, der Islam wurde in Luxemburg anerkannt","datePublished":"2015-01-23T08:31:32+00:00","dateModified":"2015-01-23T08:32:13+00:00","mainEntityOfPage":{"@id":"https:\/\/sandzakpress.net\/arhiva\/endlich-eine-gute-nachricht-aus-europa-der-islam-wurde-in-luxemburg-anerkannt\/"},"wordCount":295,"commentCount":0,"publisher":{"@id":"https:\/\/sandzakpress.net\/arhiva\/#\/schema\/person\/6e72b67d6e51910a1117b3b483ba20bd"},"image":{"@id":"https:\/\/sandzakpress.net\/arhiva\/endlich-eine-gute-nachricht-aus-europa-der-islam-wurde-in-luxemburg-anerkannt\/#primaryimage"},"thumbnailUrl":"https:\/\/sandzakpress.net\/arhiva\/wp-content\/uploads\/2015\/01\/lux.jpg","articleSection":["Deutsch"],"inLanguage":"bs-BA","potentialAction":[{"@type":"CommentAction","name":"Comment","target":["https:\/\/sandzakpress.net\/arhiva\/endlich-eine-gute-nachricht-aus-europa-der-islam-wurde-in-luxemburg-anerkannt\/#respond"]}]},{"@type":"WebPage","@id":"https:\/\/sandzakpress.net\/arhiva\/endlich-eine-gute-nachricht-aus-europa-der-islam-wurde-in-luxemburg-anerkannt\/","url":"https:\/\/sandzakpress.net\/arhiva\/endlich-eine-gute-nachricht-aus-europa-der-islam-wurde-in-luxemburg-anerkannt\/","name":"Endlich eine gute Nachricht aus Europa, der Islam wurde in Luxemburg anerkannt","isPartOf":{"@id":"https:\/\/sandzakpress.net\/arhiva\/#website"},"primaryImageOfPage":{"@id":"https:\/\/sandzakpress.net\/arhiva\/endlich-eine-gute-nachricht-aus-europa-der-islam-wurde-in-luxemburg-anerkannt\/#primaryimage"},"image":{"@id":"https:\/\/sandzakpress.net\/arhiva\/endlich-eine-gute-nachricht-aus-europa-der-islam-wurde-in-luxemburg-anerkannt\/#primaryimage"},"thumbnailUrl":"https:\/\/sandzakpress.net\/arhiva\/wp-content\/uploads\/2015\/01\/lux.jpg","datePublished":"2015-01-23T08:31:32+00:00","dateModified":"2015-01-23T08:32:13+00:00","breadcrumb":{"@id":"https:\/\/sandzakpress.net\/arhiva\/endlich-eine-gute-nachricht-aus-europa-der-islam-wurde-in-luxemburg-anerkannt\/#breadcrumb"},"inLanguage":"bs-BA","potentialAction":[{"@type":"ReadAction","target":["https:\/\/sandzakpress.net\/arhiva\/endlich-eine-gute-nachricht-aus-europa-der-islam-wurde-in-luxemburg-anerkannt\/"]}]},{"@type":"ImageObject","inLanguage":"bs-BA","@id":"https:\/\/sandzakpress.net\/arhiva\/endlich-eine-gute-nachricht-aus-europa-der-islam-wurde-in-luxemburg-anerkannt\/#primaryimage","url":"https:\/\/sandzakpress.net\/arhiva\/wp-content\/uploads\/2015\/01\/lux.jpg","contentUrl":"https:\/\/sandzakpress.net\/arhiva\/wp-content\/uploads\/2015\/01\/lux.jpg","width":616,"height":301},{"@type":"BreadcrumbList","@id":"https:\/\/sandzakpress.net\/arhiva\/endlich-eine-gute-nachricht-aus-europa-der-islam-wurde-in-luxemburg-anerkannt\/#breadcrumb","itemListElement":[{"@type":"ListItem","position":1,"name":"Home","item":"https:\/\/sandzakpress.net\/arhiva\/"},{"@type":"ListItem","position":2,"name":"Endlich eine gute Nachricht aus Europa, der Islam wurde in Luxemburg anerkannt"}]},{"@type":"WebSite","@id":"https:\/\/sandzakpress.net\/arhiva\/#website","url":"https:\/\/sandzakpress.net\/arhiva\/","name":"Sand\u017eak PRESS","description":"Prve elektronske novine u Sand\u017eaku","publisher":{"@id":"https:\/\/sandzakpress.net\/arhiva\/#\/schema\/person\/6e72b67d6e51910a1117b3b483ba20bd"},"potentialAction":[{"@type":"SearchAction","target":{"@type":"EntryPoint","urlTemplate":"https:\/\/sandzakpress.net\/arhiva\/?s={search_term_string}"},"query-input":{"@type":"PropertyValueSpecification","valueRequired":true,"valueName":"search_term_string"}}],"inLanguage":"bs-BA"},{"@type":["Person","Organization"],"@id":"https:\/\/sandzakpress.net\/arhiva\/#\/schema\/person\/6e72b67d6e51910a1117b3b483ba20bd","name":"Kul","image":{"@type":"ImageObject","inLanguage":"bs-BA","@id":"https:\/\/sandzakpress.net\/arhiva\/#\/schema\/person\/image\/","url":"https:\/\/secure.gravatar.com\/avatar\/42263f39aa27ac04c43cab85c280eb2e?s=96&d=mm&r=pg","contentUrl":"https:\/\/secure.gravatar.com\/avatar\/42263f39aa27ac04c43cab85c280eb2e?s=96&d=mm&r=pg","caption":"Kul"},"logo":{"@id":"https:\/\/sandzakpress.net\/arhiva\/#\/schema\/person\/image\/"}},{"@type":"Person","@id":"https:\/\/sandzakpress.net\/arhiva\/#\/schema\/person\/c8baee722073534b583ea7bdb2e36c02","name":"bosniak","image":{"@type":"ImageObject","inLanguage":"bs-BA","@id":"https:\/\/sandzakpress.net\/arhiva\/#\/schema\/person\/image\/","url":"https:\/\/secure.gravatar.com\/avatar\/a04fd330bfe3a36a72a0ad4a6d89fca7?s=96&d=mm&r=pg","contentUrl":"https:\/\/secure.gravatar.com\/avatar\/a04fd330bfe3a36a72a0ad4a6d89fca7?s=96&d=mm&r=pg","caption":"bosniak"},"url":"https:\/\/sandzakpress.net\/arhiva\/author\/bosniak\/"}]}},"_links":{"self":[{"href":"https:\/\/sandzakpress.net\/arhiva\/wp-json\/wp\/v2\/posts\/120161"}],"collection":[{"href":"https:\/\/sandzakpress.net\/arhiva\/wp-json\/wp\/v2\/posts"}],"about":[{"href":"https:\/\/sandzakpress.net\/arhiva\/wp-json\/wp\/v2\/types\/post"}],"author":[{"embeddable":true,"href":"https:\/\/sandzakpress.net\/arhiva\/wp-json\/wp\/v2\/users\/83"}],"replies":[{"embeddable":true,"href":"https:\/\/sandzakpress.net\/arhiva\/wp-json\/wp\/v2\/comments?post=120161"}],"version-history":[{"count":0,"href":"https:\/\/sandzakpress.net\/arhiva\/wp-json\/wp\/v2\/posts\/120161\/revisions"}],"wp:featuredmedia":[{"embeddable":true,"href":"https:\/\/sandzakpress.net\/arhiva\/wp-json\/wp\/v2\/media\/120041"}],"wp:attachment":[{"href":"https:\/\/sandzakpress.net\/arhiva\/wp-json\/wp\/v2\/media?parent=120161"}],"wp:term":[{"taxonomy":"category","embeddable":true,"href":"https:\/\/sandzakpress.net\/arhiva\/wp-json\/wp\/v2\/categories?post=120161"},{"taxonomy":"post_tag","embeddable":true,"href":"https:\/\/sandzakpress.net\/arhiva\/wp-json\/wp\/v2\/tags?post=120161"}],"curies":[{"name":"wp","href":"https:\/\/api.w.org\/{rel}","templated":true}]}}