{"id":120152,"date":"2015-01-22T20:41:14","date_gmt":"2015-01-22T19:41:14","guid":{"rendered":"https:\/\/sandzakpress.net\/arhiva\/?p=120152"},"modified":"2015-01-22T20:41:14","modified_gmt":"2015-01-22T19:41:14","slug":"djelovi-petnjice-i-berana-sjutra-bez-struje","status":"publish","type":"post","link":"https:\/\/sandzakpress.net\/arhiva\/djelovi-petnjice-i-berana-sjutra-bez-struje\/","title":{"rendered":"Djelovi, Petnjice i Berana sjutra bez struje"},"content":{"rendered":"<p><a href=\"https:\/\/sandzakpress.net\/arhiva\/wp-content\/uploads\/2015\/01\/radovi_na_mrezi.jpg\"><img loading=\"lazy\" decoding=\"async\" class=\" size-full wp-image-120154 aligncenter\" src=\"https:\/\/sandzakpress.net\/arhiva\/wp-content\/uploads\/2015\/01\/radovi_na_mrezi.jpg\" alt=\"radovi_na_mrezi\" width=\"616\" height=\"411\" \/><\/a><\/p>\n<p><strong>Petnjica, Berane &#8211; U Petnjici zbog radova u trafostanici 10\/0.4 kV Ponor, od 10 do 15 sati, bez napajanja elektri\u010dnom energijom osta\u0107e svi potro\u0161a\u010di koji se napajaju sa pomenute trafostanice.<\/strong><\/p>\n<p>U Beranama zbog radova u trafostanici Njego\u0161ev Trg, od 10 do 14 sati, bez napajanja elektri\u010dnom energijom osta\u0107e \u00a0dio ulice Milo\u0161a Mali\u0161i\u0107a, dio ulice Mojsije Ze\u010devi\u0107a, dio ulice trinaestojulske i Tr\u017eni centar u Njego\u0161evom trgu.<\/p>\n<p>&#8220;Navedeni radovi se izvode u cilju kvalitetnijeg i sigurnijeg napajanja elektri\u010dnom energijom.\u00a0U slu\u010daju lo\u0161ih vremenskih uslova radovi \u0107e se odgoditi&#8221;, saop\u0161teno je iz EPCG.<\/p>\n<p>(cdm)<\/p>\n<p>&nbsp;<\/p>\n","protected":false},"excerpt":{"rendered":"<p>Petnjica, Berane &#8211; U Petnjici zbog radova u trafostanici 10\/0.4 kV Ponor, od 10 do 15 sati, bez napajanja elektri\u010dnom energijom osta\u0107e svi potro\u0161a\u010di koji se napajaju sa pomenute trafostanice. U Beranama zbog radova u trafostanici Njego\u0161ev Trg, od 10 do 14 sati, bez napajanja elektri\u010dnom energijom osta\u0107e \u00a0dio ulice Milo\u0161a Mali\u0161i\u0107a, dio ulice Mojsije [&hellip;]<\/p>\n","protected":false},"author":83,"featured_media":120154,"comment_status":"open","ping_status":"open","sticky":false,"template":"","format":"standard","meta":{"footnotes":""},"categories":[397,10174,3,798],"tags":[],"class_list":{"0":"post-120152","1":"post","2":"type-post","3":"status-publish","4":"format-standard","5":"has-post-thumbnail","7":"category-berane","8":"category-petnjica-vase-vijesti","9":"category-privreda","10":"category-teme"},"yoast_head":"<!-- This site is optimized with the Yoast SEO Premium plugin v23.1 (Yoast SEO v24.9) - https:\/\/yoast.com\/wordpress\/plugins\/seo\/ -->\n<title>Djelovi, Petnjice i Berana sjutra bez struje<\/title>\n<meta name=\"robots\" content=\"index, follow, max-snippet:-1, max-image-preview:large, max-video-preview:-1\" \/>\n<link rel=\"canonical\" href=\"https:\/\/sandzakpress.net\/arhiva\/djelovi-petnjice-i-berana-sjutra-bez-struje\/\" \/>\n<meta property=\"og:locale\" content=\"bs_BA\" \/>\n<meta property=\"og:type\" content=\"article\" \/>\n<meta property=\"og:title\" content=\"Djelovi, Petnjice i Berana sjutra bez struje\" \/>\n<meta property=\"og:description\" content=\"Petnjica, Berane &#8211; U Petnjici zbog radova u trafostanici 10\/0.4 kV Ponor, od 10 do 15 sati, bez napajanja elektri\u010dnom energijom osta\u0107e svi potro\u0161a\u010di koji se napajaju sa pomenute trafostanice. U Beranama zbog radova u trafostanici Njego\u0161ev Trg, od 10 do 14 sati, bez napajanja elektri\u010dnom energijom osta\u0107e \u00a0dio ulice Milo\u0161a Mali\u0161i\u0107a, dio ulice Mojsije [&hellip;]\" \/>\n<meta property=\"og:url\" content=\"https:\/\/sandzakpress.net\/arhiva\/djelovi-petnjice-i-berana-sjutra-bez-struje\/\" \/>\n<meta property=\"og:site_name\" content=\"Sand\u017eak PRESS\" \/>\n<meta property=\"article:published_time\" content=\"2015-01-22T19:41:14+00:00\" \/>\n<meta property=\"og:image\" content=\"https:\/\/sandzakpress.net\/arhiva\/wp-content\/uploads\/2015\/01\/radovi_na_mrezi.jpg\" \/>\n\t<meta property=\"og:image:width\" content=\"616\" \/>\n\t<meta property=\"og:image:height\" content=\"411\" \/>\n\t<meta property=\"og:image:type\" content=\"image\/jpeg\" \/>\n<meta name=\"author\" content=\"bosniak\" \/>\n<meta name=\"twitter:card\" content=\"summary_large_image\" \/>\n<meta name=\"twitter:label1\" content=\"Written by\" \/>\n\t<meta name=\"twitter:data1\" content=\"bosniak\" \/>\n\t<meta name=\"twitter:label2\" content=\"Est. reading time\" \/>\n\t<meta name=\"twitter:data2\" content=\"1 minuta\" \/>\n<script type=\"application\/ld+json\" class=\"yoast-schema-graph\">{\"@context\":\"https:\/\/schema.org\",\"@graph\":[{\"@type\":\"Article\",\"@id\":\"https:\/\/sandzakpress.net\/arhiva\/djelovi-petnjice-i-berana-sjutra-bez-struje\/#article\",\"isPartOf\":{\"@id\":\"https:\/\/sandzakpress.net\/arhiva\/djelovi-petnjice-i-berana-sjutra-bez-struje\/\"},\"author\":{\"name\":\"bosniak\",\"@id\":\"https:\/\/sandzakpress.net\/arhiva\/#\/schema\/person\/c8baee722073534b583ea7bdb2e36c02\"},\"headline\":\"Djelovi, Petnjice i Berana sjutra bez struje\",\"datePublished\":\"2015-01-22T19:41:14+00:00\",\"mainEntityOfPage\":{\"@id\":\"https:\/\/sandzakpress.net\/arhiva\/djelovi-petnjice-i-berana-sjutra-bez-struje\/\"},\"wordCount\":112,\"commentCount\":0,\"publisher\":{\"@id\":\"https:\/\/sandzakpress.net\/arhiva\/#\/schema\/person\/6e72b67d6e51910a1117b3b483ba20bd\"},\"image\":{\"@id\":\"https:\/\/sandzakpress.net\/arhiva\/djelovi-petnjice-i-berana-sjutra-bez-struje\/#primaryimage\"},\"thumbnailUrl\":\"https:\/\/sandzakpress.net\/arhiva\/wp-content\/uploads\/2015\/01\/radovi_na_mrezi.jpg\",\"articleSection\":[\"Berane\",\"Petnjica\",\"Privreda\",\"NAJNOVIJE\"],\"inLanguage\":\"bs-BA\",\"potentialAction\":[{\"@type\":\"CommentAction\",\"name\":\"Comment\",\"target\":[\"https:\/\/sandzakpress.net\/arhiva\/djelovi-petnjice-i-berana-sjutra-bez-struje\/#respond\"]}]},{\"@type\":\"WebPage\",\"@id\":\"https:\/\/sandzakpress.net\/arhiva\/djelovi-petnjice-i-berana-sjutra-bez-struje\/\",\"url\":\"https:\/\/sandzakpress.net\/arhiva\/djelovi-petnjice-i-berana-sjutra-bez-struje\/\",\"name\":\"Djelovi, Petnjice i Berana sjutra bez struje\",\"isPartOf\":{\"@id\":\"https:\/\/sandzakpress.net\/arhiva\/#website\"},\"primaryImageOfPage\":{\"@id\":\"https:\/\/sandzakpress.net\/arhiva\/djelovi-petnjice-i-berana-sjutra-bez-struje\/#primaryimage\"},\"image\":{\"@id\":\"https:\/\/sandzakpress.net\/arhiva\/djelovi-petnjice-i-berana-sjutra-bez-struje\/#primaryimage\"},\"thumbnailUrl\":\"https:\/\/sandzakpress.net\/arhiva\/wp-content\/uploads\/2015\/01\/radovi_na_mrezi.jpg\",\"datePublished\":\"2015-01-22T19:41:14+00:00\",\"breadcrumb\":{\"@id\":\"https:\/\/sandzakpress.net\/arhiva\/djelovi-petnjice-i-berana-sjutra-bez-struje\/#breadcrumb\"},\"inLanguage\":\"bs-BA\",\"potentialAction\":[{\"@type\":\"ReadAction\",\"target\":[\"https:\/\/sandzakpress.net\/arhiva\/djelovi-petnjice-i-berana-sjutra-bez-struje\/\"]}]},{\"@type\":\"ImageObject\",\"inLanguage\":\"bs-BA\",\"@id\":\"https:\/\/sandzakpress.net\/arhiva\/djelovi-petnjice-i-berana-sjutra-bez-struje\/#primaryimage\",\"url\":\"https:\/\/sandzakpress.net\/arhiva\/wp-content\/uploads\/2015\/01\/radovi_na_mrezi.jpg\",\"contentUrl\":\"https:\/\/sandzakpress.net\/arhiva\/wp-content\/uploads\/2015\/01\/radovi_na_mrezi.jpg\",\"width\":616,\"height\":411},{\"@type\":\"BreadcrumbList\",\"@id\":\"https:\/\/sandzakpress.net\/arhiva\/djelovi-petnjice-i-berana-sjutra-bez-struje\/#breadcrumb\",\"itemListElement\":[{\"@type\":\"ListItem\",\"position\":1,\"name\":\"Home\",\"item\":\"https:\/\/sandzakpress.net\/arhiva\/\"},{\"@type\":\"ListItem\",\"position\":2,\"name\":\"Djelovi, Petnjice i Berana sjutra bez struje\"}]},{\"@type\":\"WebSite\",\"@id\":\"https:\/\/sandzakpress.net\/arhiva\/#website\",\"url\":\"https:\/\/sandzakpress.net\/arhiva\/\",\"name\":\"Sand\u017eak PRESS\",\"description\":\"Prve elektronske novine u Sand\u017eaku\",\"publisher\":{\"@id\":\"https:\/\/sandzakpress.net\/arhiva\/#\/schema\/person\/6e72b67d6e51910a1117b3b483ba20bd\"},\"potentialAction\":[{\"@type\":\"SearchAction\",\"target\":{\"@type\":\"EntryPoint\",\"urlTemplate\":\"https:\/\/sandzakpress.net\/arhiva\/?s={search_term_string}\"},\"query-input\":{\"@type\":\"PropertyValueSpecification\",\"valueRequired\":true,\"valueName\":\"search_term_string\"}}],\"inLanguage\":\"bs-BA\"},{\"@type\":[\"Person\",\"Organization\"],\"@id\":\"https:\/\/sandzakpress.net\/arhiva\/#\/schema\/person\/6e72b67d6e51910a1117b3b483ba20bd\",\"name\":\"Kul\",\"image\":{\"@type\":\"ImageObject\",\"inLanguage\":\"bs-BA\",\"@id\":\"https:\/\/sandzakpress.net\/arhiva\/#\/schema\/person\/image\/\",\"url\":\"https:\/\/secure.gravatar.com\/avatar\/42263f39aa27ac04c43cab85c280eb2e?s=96&d=mm&r=pg\",\"contentUrl\":\"https:\/\/secure.gravatar.com\/avatar\/42263f39aa27ac04c43cab85c280eb2e?s=96&d=mm&r=pg\",\"caption\":\"Kul\"},\"logo\":{\"@id\":\"https:\/\/sandzakpress.net\/arhiva\/#\/schema\/person\/image\/\"}},{\"@type\":\"Person\",\"@id\":\"https:\/\/sandzakpress.net\/arhiva\/#\/schema\/person\/c8baee722073534b583ea7bdb2e36c02\",\"name\":\"bosniak\",\"image\":{\"@type\":\"ImageObject\",\"inLanguage\":\"bs-BA\",\"@id\":\"https:\/\/sandzakpress.net\/arhiva\/#\/schema\/person\/image\/\",\"url\":\"https:\/\/secure.gravatar.com\/avatar\/a04fd330bfe3a36a72a0ad4a6d89fca7?s=96&d=mm&r=pg\",\"contentUrl\":\"https:\/\/secure.gravatar.com\/avatar\/a04fd330bfe3a36a72a0ad4a6d89fca7?s=96&d=mm&r=pg\",\"caption\":\"bosniak\"},\"url\":\"https:\/\/sandzakpress.net\/arhiva\/author\/bosniak\/\"}]}<\/script>\n<!-- \/ Yoast SEO Premium plugin. -->","yoast_head_json":{"title":"Djelovi, Petnjice i Berana sjutra bez struje","robots":{"index":"index","follow":"follow","max-snippet":"max-snippet:-1","max-image-preview":"max-image-preview:large","max-video-preview":"max-video-preview:-1"},"canonical":"https:\/\/sandzakpress.net\/arhiva\/djelovi-petnjice-i-berana-sjutra-bez-struje\/","og_locale":"bs_BA","og_type":"article","og_title":"Djelovi, Petnjice i Berana sjutra bez struje","og_description":"Petnjica, Berane &#8211; U Petnjici zbog radova u trafostanici 10\/0.4 kV Ponor, od 10 do 15 sati, bez napajanja elektri\u010dnom energijom osta\u0107e svi potro\u0161a\u010di koji se napajaju sa pomenute trafostanice. U Beranama zbog radova u trafostanici Njego\u0161ev Trg, od 10 do 14 sati, bez napajanja elektri\u010dnom energijom osta\u0107e \u00a0dio ulice Milo\u0161a Mali\u0161i\u0107a, dio ulice Mojsije [&hellip;]","og_url":"https:\/\/sandzakpress.net\/arhiva\/djelovi-petnjice-i-berana-sjutra-bez-struje\/","og_site_name":"Sand\u017eak PRESS","article_published_time":"2015-01-22T19:41:14+00:00","og_image":[{"width":616,"height":411,"url":"https:\/\/sandzakpress.net\/arhiva\/wp-content\/uploads\/2015\/01\/radovi_na_mrezi.jpg","type":"image\/jpeg"}],"author":"bosniak","twitter_card":"summary_large_image","twitter_misc":{"Written by":"bosniak","Est. reading time":"1 minuta"},"schema":{"@context":"https:\/\/schema.org","@graph":[{"@type":"Article","@id":"https:\/\/sandzakpress.net\/arhiva\/djelovi-petnjice-i-berana-sjutra-bez-struje\/#article","isPartOf":{"@id":"https:\/\/sandzakpress.net\/arhiva\/djelovi-petnjice-i-berana-sjutra-bez-struje\/"},"author":{"name":"bosniak","@id":"https:\/\/sandzakpress.net\/arhiva\/#\/schema\/person\/c8baee722073534b583ea7bdb2e36c02"},"headline":"Djelovi, Petnjice i Berana sjutra bez struje","datePublished":"2015-01-22T19:41:14+00:00","mainEntityOfPage":{"@id":"https:\/\/sandzakpress.net\/arhiva\/djelovi-petnjice-i-berana-sjutra-bez-struje\/"},"wordCount":112,"commentCount":0,"publisher":{"@id":"https:\/\/sandzakpress.net\/arhiva\/#\/schema\/person\/6e72b67d6e51910a1117b3b483ba20bd"},"image":{"@id":"https:\/\/sandzakpress.net\/arhiva\/djelovi-petnjice-i-berana-sjutra-bez-struje\/#primaryimage"},"thumbnailUrl":"https:\/\/sandzakpress.net\/arhiva\/wp-content\/uploads\/2015\/01\/radovi_na_mrezi.jpg","articleSection":["Berane","Petnjica","Privreda","NAJNOVIJE"],"inLanguage":"bs-BA","potentialAction":[{"@type":"CommentAction","name":"Comment","target":["https:\/\/sandzakpress.net\/arhiva\/djelovi-petnjice-i-berana-sjutra-bez-struje\/#respond"]}]},{"@type":"WebPage","@id":"https:\/\/sandzakpress.net\/arhiva\/djelovi-petnjice-i-berana-sjutra-bez-struje\/","url":"https:\/\/sandzakpress.net\/arhiva\/djelovi-petnjice-i-berana-sjutra-bez-struje\/","name":"Djelovi, Petnjice i Berana sjutra bez struje","isPartOf":{"@id":"https:\/\/sandzakpress.net\/arhiva\/#website"},"primaryImageOfPage":{"@id":"https:\/\/sandzakpress.net\/arhiva\/djelovi-petnjice-i-berana-sjutra-bez-struje\/#primaryimage"},"image":{"@id":"https:\/\/sandzakpress.net\/arhiva\/djelovi-petnjice-i-berana-sjutra-bez-struje\/#primaryimage"},"thumbnailUrl":"https:\/\/sandzakpress.net\/arhiva\/wp-content\/uploads\/2015\/01\/radovi_na_mrezi.jpg","datePublished":"2015-01-22T19:41:14+00:00","breadcrumb":{"@id":"https:\/\/sandzakpress.net\/arhiva\/djelovi-petnjice-i-berana-sjutra-bez-struje\/#breadcrumb"},"inLanguage":"bs-BA","potentialAction":[{"@type":"ReadAction","target":["https:\/\/sandzakpress.net\/arhiva\/djelovi-petnjice-i-berana-sjutra-bez-struje\/"]}]},{"@type":"ImageObject","inLanguage":"bs-BA","@id":"https:\/\/sandzakpress.net\/arhiva\/djelovi-petnjice-i-berana-sjutra-bez-struje\/#primaryimage","url":"https:\/\/sandzakpress.net\/arhiva\/wp-content\/uploads\/2015\/01\/radovi_na_mrezi.jpg","contentUrl":"https:\/\/sandzakpress.net\/arhiva\/wp-content\/uploads\/2015\/01\/radovi_na_mrezi.jpg","width":616,"height":411},{"@type":"BreadcrumbList","@id":"https:\/\/sandzakpress.net\/arhiva\/djelovi-petnjice-i-berana-sjutra-bez-struje\/#breadcrumb","itemListElement":[{"@type":"ListItem","position":1,"name":"Home","item":"https:\/\/sandzakpress.net\/arhiva\/"},{"@type":"ListItem","position":2,"name":"Djelovi, Petnjice i Berana sjutra bez struje"}]},{"@type":"WebSite","@id":"https:\/\/sandzakpress.net\/arhiva\/#website","url":"https:\/\/sandzakpress.net\/arhiva\/","name":"Sand\u017eak PRESS","description":"Prve elektronske novine u Sand\u017eaku","publisher":{"@id":"https:\/\/sandzakpress.net\/arhiva\/#\/schema\/person\/6e72b67d6e51910a1117b3b483ba20bd"},"potentialAction":[{"@type":"SearchAction","target":{"@type":"EntryPoint","urlTemplate":"https:\/\/sandzakpress.net\/arhiva\/?s={search_term_string}"},"query-input":{"@type":"PropertyValueSpecification","valueRequired":true,"valueName":"search_term_string"}}],"inLanguage":"bs-BA"},{"@type":["Person","Organization"],"@id":"https:\/\/sandzakpress.net\/arhiva\/#\/schema\/person\/6e72b67d6e51910a1117b3b483ba20bd","name":"Kul","image":{"@type":"ImageObject","inLanguage":"bs-BA","@id":"https:\/\/sandzakpress.net\/arhiva\/#\/schema\/person\/image\/","url":"https:\/\/secure.gravatar.com\/avatar\/42263f39aa27ac04c43cab85c280eb2e?s=96&d=mm&r=pg","contentUrl":"https:\/\/secure.gravatar.com\/avatar\/42263f39aa27ac04c43cab85c280eb2e?s=96&d=mm&r=pg","caption":"Kul"},"logo":{"@id":"https:\/\/sandzakpress.net\/arhiva\/#\/schema\/person\/image\/"}},{"@type":"Person","@id":"https:\/\/sandzakpress.net\/arhiva\/#\/schema\/person\/c8baee722073534b583ea7bdb2e36c02","name":"bosniak","image":{"@type":"ImageObject","inLanguage":"bs-BA","@id":"https:\/\/sandzakpress.net\/arhiva\/#\/schema\/person\/image\/","url":"https:\/\/secure.gravatar.com\/avatar\/a04fd330bfe3a36a72a0ad4a6d89fca7?s=96&d=mm&r=pg","contentUrl":"https:\/\/secure.gravatar.com\/avatar\/a04fd330bfe3a36a72a0ad4a6d89fca7?s=96&d=mm&r=pg","caption":"bosniak"},"url":"https:\/\/sandzakpress.net\/arhiva\/author\/bosniak\/"}]}},"_links":{"self":[{"href":"https:\/\/sandzakpress.net\/arhiva\/wp-json\/wp\/v2\/posts\/120152"}],"collection":[{"href":"https:\/\/sandzakpress.net\/arhiva\/wp-json\/wp\/v2\/posts"}],"about":[{"href":"https:\/\/sandzakpress.net\/arhiva\/wp-json\/wp\/v2\/types\/post"}],"author":[{"embeddable":true,"href":"https:\/\/sandzakpress.net\/arhiva\/wp-json\/wp\/v2\/users\/83"}],"replies":[{"embeddable":true,"href":"https:\/\/sandzakpress.net\/arhiva\/wp-json\/wp\/v2\/comments?post=120152"}],"version-history":[{"count":0,"href":"https:\/\/sandzakpress.net\/arhiva\/wp-json\/wp\/v2\/posts\/120152\/revisions"}],"wp:featuredmedia":[{"embeddable":true,"href":"https:\/\/sandzakpress.net\/arhiva\/wp-json\/wp\/v2\/media\/120154"}],"wp:attachment":[{"href":"https:\/\/sandzakpress.net\/arhiva\/wp-json\/wp\/v2\/media?parent=120152"}],"wp:term":[{"taxonomy":"category","embeddable":true,"href":"https:\/\/sandzakpress.net\/arhiva\/wp-json\/wp\/v2\/categories?post=120152"},{"taxonomy":"post_tag","embeddable":true,"href":"https:\/\/sandzakpress.net\/arhiva\/wp-json\/wp\/v2\/tags?post=120152"}],"curies":[{"name":"wp","href":"https:\/\/api.w.org\/{rel}","templated":true}]}}