{"id":119947,"date":"2015-01-21T10:23:46","date_gmt":"2015-01-21T09:23:46","guid":{"rendered":"https:\/\/sandzakpress.net\/arhiva\/?p=119947"},"modified":"2015-01-21T13:32:03","modified_gmt":"2015-01-21T12:32:03","slug":"wie-spiegelt-sich-das-problem-der-islamophobie-in-sandzak","status":"publish","type":"post","link":"https:\/\/sandzakpress.net\/arhiva\/wie-spiegelt-sich-das-problem-der-islamophobie-in-sandzak\/","title":{"rendered":"Wie spiegelt sich das Problem der Islamophobie in Sandschak?"},"content":{"rendered":"<p><img decoding=\"async\" src=\"https:\/\/sandzakpress.net\/arhiva\/wp-content\/uploads\/2015\/01\/Capture15.jpg\" alt=\"Capture\" \/><\/p>\n<p>Sandschak &#8211; Jeden Montag um 20Uhr auf Sandschak TV, haben die Fernsehzuschauer die M\u00f6glichkeit, die Show &#8221; Durchsuchung&#8221; anzuschauen. Die G\u00e4ste, bei der Gestrigen Show waren Dr. Enver ef. Gici\u0107, Dekan des FIS (Fakult\u00e4t f\u00fcr Islamische Studien), Samir Shabania, Analyst und Amela Bajrovi\u0107, eine bekannte Journalistin. Sie sprachen \u00fcber das Thema Islamophobie, tats\u00e4chliche oder ein projiziertes Problem?<\/p>\n<p>Der Analyst Samir Shabania sprach \u00fcber die umstrittenen Karikaturen in der Tageszeitung &#8220;Blic&#8221;, wo er ein offenes brief an der redaktion schickte, auf die er keine Antwort erhielt.&#8221;Das ist eine Chronologie, die sicher nicht seit gestern passiert. Dies ist die Chronologie, die wir in fr\u00fcheren Zeiten gesehen haben, wo sie noch einige umstrittene Karikaturen zeigten und das auf der selben Tageszeitung &#8220;Blic&#8221;. Wir dachten, als B\u00fcrger, als Bosniaken, als Muslime, das sowas nicht mehr vorkommt, dass es jemand stoppt, oder der Staat oder die Redaktion, dass der Einzelne sich von solcher vulg\u00e4ritet, primitivitet und von solchen niedrigen Arten der Unwahrheitlichen\u00a0 Pr\u00e4sentation distanziert. So sind wir alle verletzt, und ich f\u00fcrchte dass dies eine Frage einer Epidemie ist die sich so schnell verbreitet durch den Medienkrieg der dazu f\u00fchrt&#8221;, sagt Samir Shabania.\u00a0&#8221;<\/p>\n<p>Wir sind Zeugen eines der Boulevardjournalismus, nicht nur in Serbien, sondern das auch in der ganzen Welt herrscht, und es scheint mir dass dies derzeit ein gro\u00dfes Problem in diesem Gesch\u00e4ft ist &#8220;, sagt die Journalistin Amela Bajrovi\u0107. Sie weist darauf \u00a0hin, dass Blic die einzige Zeitung in Serbien ist die, die umstrittenen Karikaturen der \u00a0Zeitung &#8221; Charlie Hebdo &#8221; ver\u00f6ffentlichten.<\/p>\n<p>Dekan des FIS (Fakult\u00e4t f\u00fcr Islamische Studien). \u00a0Dr. Enver Gici\u0107 kommentiert journalistische Qualifikationen des islamischen Terrorismus, er sagte Islam bedeutet Freiden und das Terrorismus und Gewalt nichts mit dem Islam zu tun haben. &#8221; Und nur diejenigen, die Anh\u00e4nger des Islam sind werden Terroristen genannt. Wir erlebten, vor ein paar Jahren, dass ein Mann mehrere Menschen die auf der Reise waren get\u00f6tet hat und er wurde nicht einmal als Terrorist bezeichnet, sie sagten: dass es sich um einen Mann handelt der krank ist, der psychische Probleme hat, und er wurde absolut nicht einmal als Terrorist genannt, w\u00e4hrend derjenige der ein Mitglied der Islamschen religion ist, dann wird er sofort als ein Terrorist bezeichnet,&#8221; sagte\u00a0 Dr. Gici\u0107.<\/p>\n<p>Die Journalistin Amela Bajrovi\u0107 begann auch \u00fcber die Graffiti in Priboj zu reden das \u00a0vor ein paar Tagen geschah, wo drauf stand (Wer wird schneller, wer will vor um T\u00fcrkisches blud zu vergissen). &#8220;Eigentlich haben keine anderen medien dar\u00fcber berichtet, au\u00dfer die Agentur SANA. Leider sind wir zeugen, dass es auch heute \u00a0nach so vielen Jahren junge Leute gibt die \u00a0auf diese Weise versuchen zu\u00a0 Provozieren und negative Gef\u00fchle in denn jungen Leuten zu setzen, sagte die Journalistin Bajrovi\u0107.<\/p>\n<p>Dr. Gici\u0107 bezeichnete sich noch einmal auf die Tageszeitung &#8220;Blic&#8221; &#8220;Er sagte: vor ein paar Jahren hatte die gleiche Tageszeitung Blic eine negative Einstellung gegen\u00fcber unseren W\u00fcrdentr\u00e4ger Mufti rausgebracht. Vielleicht erinnern Sie sich diese Karikaturen \u00fcber unseren Mufti, wo sie ihn mit einer Krone und einem Kreuz auf dem Kopf zeichneten, \u00a0so wollten sie ihn dem\u00fctigen. Ich frage mich, mit wem wollten sie damals sympathisieren?&#8221; sagte, Dr. Enver Gici\u0107.<\/p>\n<p>Der Analyst Samir Shabania sagte am Ende: &#8220;Alle diese Projekte sind diktiert zur Zerst\u00f6rung von\u00a0 unseren traditionellen Werten, die wir alle sch\u00e4tzen und den Islam als Religion und wir Bosnier\u00a0 hier als Ureinwohner in Sandschak und allgemein auf dem Balkan&#8221;, sagte der Analyst Samir Shabania.<\/p>\n<p>Agentur\/SANA<\/p>\n","protected":false},"excerpt":{"rendered":"<p>Sandschak &#8211; Jeden Montag um 20Uhr auf Sandschak TV, haben die Fernsehzuschauer die M\u00f6glichkeit, die Show &#8221; Durchsuchung&#8221; anzuschauen. Die G\u00e4ste, bei der Gestrigen Show waren Dr. Enver ef. Gici\u0107, Dekan des FIS (Fakult\u00e4t f\u00fcr Islamische Studien), Samir Shabania, Analyst und Amela Bajrovi\u0107, eine bekannte Journalistin. Sie sprachen \u00fcber das Thema Islamophobie, tats\u00e4chliche oder ein [&hellip;]<\/p>\n","protected":false},"author":83,"featured_media":119850,"comment_status":"open","ping_status":"open","sticky":false,"template":"","format":"standard","meta":{"footnotes":""},"categories":[10502],"tags":[],"class_list":{"0":"post-119947","1":"post","2":"type-post","3":"status-publish","4":"format-standard","5":"has-post-thumbnail","7":"category-deutsch"},"yoast_head":"<!-- This site is optimized with the Yoast SEO Premium plugin v23.1 (Yoast SEO v24.9) - https:\/\/yoast.com\/wordpress\/plugins\/seo\/ -->\n<title>Wie spiegelt sich das Problem der Islamophobie in Sandschak?<\/title>\n<meta name=\"robots\" content=\"index, follow, max-snippet:-1, max-image-preview:large, max-video-preview:-1\" \/>\n<link rel=\"canonical\" href=\"https:\/\/sandzakpress.net\/arhiva\/wie-spiegelt-sich-das-problem-der-islamophobie-in-sandzak\/\" \/>\n<meta property=\"og:locale\" content=\"bs_BA\" \/>\n<meta property=\"og:type\" content=\"article\" \/>\n<meta property=\"og:title\" content=\"Wie spiegelt sich das Problem der Islamophobie in Sandschak?\" \/>\n<meta property=\"og:description\" content=\"Sandschak &#8211; Jeden Montag um 20Uhr auf Sandschak TV, haben die Fernsehzuschauer die M\u00f6glichkeit, die Show &#8221; Durchsuchung&#8221; anzuschauen. Die G\u00e4ste, bei der Gestrigen Show waren Dr. Enver ef. Gici\u0107, Dekan des FIS (Fakult\u00e4t f\u00fcr Islamische Studien), Samir Shabania, Analyst und Amela Bajrovi\u0107, eine bekannte Journalistin. Sie sprachen \u00fcber das Thema Islamophobie, tats\u00e4chliche oder ein [&hellip;]\" \/>\n<meta property=\"og:url\" content=\"https:\/\/sandzakpress.net\/arhiva\/wie-spiegelt-sich-das-problem-der-islamophobie-in-sandzak\/\" \/>\n<meta property=\"og:site_name\" content=\"Sand\u017eak PRESS\" \/>\n<meta property=\"article:published_time\" content=\"2015-01-21T09:23:46+00:00\" \/>\n<meta property=\"article:modified_time\" content=\"2015-01-21T12:32:03+00:00\" \/>\n<meta property=\"og:image\" content=\"https:\/\/sandzakpress.net\/arhiva\/wp-content\/uploads\/2015\/01\/Capture15.jpg\" \/>\n\t<meta property=\"og:image:width\" content=\"613\" \/>\n\t<meta property=\"og:image:height\" content=\"459\" \/>\n\t<meta property=\"og:image:type\" content=\"image\/jpeg\" \/>\n<meta name=\"author\" content=\"bosniak\" \/>\n<meta name=\"twitter:card\" content=\"summary_large_image\" \/>\n<meta name=\"twitter:label1\" content=\"Written by\" \/>\n\t<meta name=\"twitter:data1\" content=\"bosniak\" \/>\n\t<meta name=\"twitter:label2\" content=\"Est. reading time\" \/>\n\t<meta name=\"twitter:data2\" content=\"3 minute\" \/>\n<script type=\"application\/ld+json\" class=\"yoast-schema-graph\">{\"@context\":\"https:\/\/schema.org\",\"@graph\":[{\"@type\":\"Article\",\"@id\":\"https:\/\/sandzakpress.net\/arhiva\/wie-spiegelt-sich-das-problem-der-islamophobie-in-sandzak\/#article\",\"isPartOf\":{\"@id\":\"https:\/\/sandzakpress.net\/arhiva\/wie-spiegelt-sich-das-problem-der-islamophobie-in-sandzak\/\"},\"author\":{\"name\":\"bosniak\",\"@id\":\"https:\/\/sandzakpress.net\/arhiva\/#\/schema\/person\/c8baee722073534b583ea7bdb2e36c02\"},\"headline\":\"Wie spiegelt sich das Problem der Islamophobie in Sandschak?\",\"datePublished\":\"2015-01-21T09:23:46+00:00\",\"dateModified\":\"2015-01-21T12:32:03+00:00\",\"mainEntityOfPage\":{\"@id\":\"https:\/\/sandzakpress.net\/arhiva\/wie-spiegelt-sich-das-problem-der-islamophobie-in-sandzak\/\"},\"wordCount\":594,\"commentCount\":0,\"publisher\":{\"@id\":\"https:\/\/sandzakpress.net\/arhiva\/#\/schema\/person\/6e72b67d6e51910a1117b3b483ba20bd\"},\"image\":{\"@id\":\"https:\/\/sandzakpress.net\/arhiva\/wie-spiegelt-sich-das-problem-der-islamophobie-in-sandzak\/#primaryimage\"},\"thumbnailUrl\":\"https:\/\/sandzakpress.net\/arhiva\/wp-content\/uploads\/2015\/01\/Capture15.jpg\",\"articleSection\":[\"Deutsch\"],\"inLanguage\":\"bs-BA\",\"potentialAction\":[{\"@type\":\"CommentAction\",\"name\":\"Comment\",\"target\":[\"https:\/\/sandzakpress.net\/arhiva\/wie-spiegelt-sich-das-problem-der-islamophobie-in-sandzak\/#respond\"]}]},{\"@type\":\"WebPage\",\"@id\":\"https:\/\/sandzakpress.net\/arhiva\/wie-spiegelt-sich-das-problem-der-islamophobie-in-sandzak\/\",\"url\":\"https:\/\/sandzakpress.net\/arhiva\/wie-spiegelt-sich-das-problem-der-islamophobie-in-sandzak\/\",\"name\":\"Wie spiegelt sich das Problem der Islamophobie in Sandschak?\",\"isPartOf\":{\"@id\":\"https:\/\/sandzakpress.net\/arhiva\/#website\"},\"primaryImageOfPage\":{\"@id\":\"https:\/\/sandzakpress.net\/arhiva\/wie-spiegelt-sich-das-problem-der-islamophobie-in-sandzak\/#primaryimage\"},\"image\":{\"@id\":\"https:\/\/sandzakpress.net\/arhiva\/wie-spiegelt-sich-das-problem-der-islamophobie-in-sandzak\/#primaryimage\"},\"thumbnailUrl\":\"https:\/\/sandzakpress.net\/arhiva\/wp-content\/uploads\/2015\/01\/Capture15.jpg\",\"datePublished\":\"2015-01-21T09:23:46+00:00\",\"dateModified\":\"2015-01-21T12:32:03+00:00\",\"breadcrumb\":{\"@id\":\"https:\/\/sandzakpress.net\/arhiva\/wie-spiegelt-sich-das-problem-der-islamophobie-in-sandzak\/#breadcrumb\"},\"inLanguage\":\"bs-BA\",\"potentialAction\":[{\"@type\":\"ReadAction\",\"target\":[\"https:\/\/sandzakpress.net\/arhiva\/wie-spiegelt-sich-das-problem-der-islamophobie-in-sandzak\/\"]}]},{\"@type\":\"ImageObject\",\"inLanguage\":\"bs-BA\",\"@id\":\"https:\/\/sandzakpress.net\/arhiva\/wie-spiegelt-sich-das-problem-der-islamophobie-in-sandzak\/#primaryimage\",\"url\":\"https:\/\/sandzakpress.net\/arhiva\/wp-content\/uploads\/2015\/01\/Capture15.jpg\",\"contentUrl\":\"https:\/\/sandzakpress.net\/arhiva\/wp-content\/uploads\/2015\/01\/Capture15.jpg\",\"width\":613,\"height\":459},{\"@type\":\"BreadcrumbList\",\"@id\":\"https:\/\/sandzakpress.net\/arhiva\/wie-spiegelt-sich-das-problem-der-islamophobie-in-sandzak\/#breadcrumb\",\"itemListElement\":[{\"@type\":\"ListItem\",\"position\":1,\"name\":\"Home\",\"item\":\"https:\/\/sandzakpress.net\/arhiva\/\"},{\"@type\":\"ListItem\",\"position\":2,\"name\":\"Wie spiegelt sich das Problem der Islamophobie in Sandschak?\"}]},{\"@type\":\"WebSite\",\"@id\":\"https:\/\/sandzakpress.net\/arhiva\/#website\",\"url\":\"https:\/\/sandzakpress.net\/arhiva\/\",\"name\":\"Sand\u017eak PRESS\",\"description\":\"Prve elektronske novine u Sand\u017eaku\",\"publisher\":{\"@id\":\"https:\/\/sandzakpress.net\/arhiva\/#\/schema\/person\/6e72b67d6e51910a1117b3b483ba20bd\"},\"potentialAction\":[{\"@type\":\"SearchAction\",\"target\":{\"@type\":\"EntryPoint\",\"urlTemplate\":\"https:\/\/sandzakpress.net\/arhiva\/?s={search_term_string}\"},\"query-input\":{\"@type\":\"PropertyValueSpecification\",\"valueRequired\":true,\"valueName\":\"search_term_string\"}}],\"inLanguage\":\"bs-BA\"},{\"@type\":[\"Person\",\"Organization\"],\"@id\":\"https:\/\/sandzakpress.net\/arhiva\/#\/schema\/person\/6e72b67d6e51910a1117b3b483ba20bd\",\"name\":\"Kul\",\"image\":{\"@type\":\"ImageObject\",\"inLanguage\":\"bs-BA\",\"@id\":\"https:\/\/sandzakpress.net\/arhiva\/#\/schema\/person\/image\/\",\"url\":\"https:\/\/secure.gravatar.com\/avatar\/42263f39aa27ac04c43cab85c280eb2e?s=96&d=mm&r=pg\",\"contentUrl\":\"https:\/\/secure.gravatar.com\/avatar\/42263f39aa27ac04c43cab85c280eb2e?s=96&d=mm&r=pg\",\"caption\":\"Kul\"},\"logo\":{\"@id\":\"https:\/\/sandzakpress.net\/arhiva\/#\/schema\/person\/image\/\"}},{\"@type\":\"Person\",\"@id\":\"https:\/\/sandzakpress.net\/arhiva\/#\/schema\/person\/c8baee722073534b583ea7bdb2e36c02\",\"name\":\"bosniak\",\"image\":{\"@type\":\"ImageObject\",\"inLanguage\":\"bs-BA\",\"@id\":\"https:\/\/sandzakpress.net\/arhiva\/#\/schema\/person\/image\/\",\"url\":\"https:\/\/secure.gravatar.com\/avatar\/a04fd330bfe3a36a72a0ad4a6d89fca7?s=96&d=mm&r=pg\",\"contentUrl\":\"https:\/\/secure.gravatar.com\/avatar\/a04fd330bfe3a36a72a0ad4a6d89fca7?s=96&d=mm&r=pg\",\"caption\":\"bosniak\"},\"url\":\"https:\/\/sandzakpress.net\/arhiva\/author\/bosniak\/\"}]}<\/script>\n<!-- \/ Yoast SEO Premium plugin. -->","yoast_head_json":{"title":"Wie spiegelt sich das Problem der Islamophobie in Sandschak?","robots":{"index":"index","follow":"follow","max-snippet":"max-snippet:-1","max-image-preview":"max-image-preview:large","max-video-preview":"max-video-preview:-1"},"canonical":"https:\/\/sandzakpress.net\/arhiva\/wie-spiegelt-sich-das-problem-der-islamophobie-in-sandzak\/","og_locale":"bs_BA","og_type":"article","og_title":"Wie spiegelt sich das Problem der Islamophobie in Sandschak?","og_description":"Sandschak &#8211; Jeden Montag um 20Uhr auf Sandschak TV, haben die Fernsehzuschauer die M\u00f6glichkeit, die Show &#8221; Durchsuchung&#8221; anzuschauen. Die G\u00e4ste, bei der Gestrigen Show waren Dr. Enver ef. Gici\u0107, Dekan des FIS (Fakult\u00e4t f\u00fcr Islamische Studien), Samir Shabania, Analyst und Amela Bajrovi\u0107, eine bekannte Journalistin. Sie sprachen \u00fcber das Thema Islamophobie, tats\u00e4chliche oder ein [&hellip;]","og_url":"https:\/\/sandzakpress.net\/arhiva\/wie-spiegelt-sich-das-problem-der-islamophobie-in-sandzak\/","og_site_name":"Sand\u017eak PRESS","article_published_time":"2015-01-21T09:23:46+00:00","article_modified_time":"2015-01-21T12:32:03+00:00","og_image":[{"width":613,"height":459,"url":"https:\/\/sandzakpress.net\/arhiva\/wp-content\/uploads\/2015\/01\/Capture15.jpg","type":"image\/jpeg"}],"author":"bosniak","twitter_card":"summary_large_image","twitter_misc":{"Written by":"bosniak","Est. reading time":"3 minute"},"schema":{"@context":"https:\/\/schema.org","@graph":[{"@type":"Article","@id":"https:\/\/sandzakpress.net\/arhiva\/wie-spiegelt-sich-das-problem-der-islamophobie-in-sandzak\/#article","isPartOf":{"@id":"https:\/\/sandzakpress.net\/arhiva\/wie-spiegelt-sich-das-problem-der-islamophobie-in-sandzak\/"},"author":{"name":"bosniak","@id":"https:\/\/sandzakpress.net\/arhiva\/#\/schema\/person\/c8baee722073534b583ea7bdb2e36c02"},"headline":"Wie spiegelt sich das Problem der Islamophobie in Sandschak?","datePublished":"2015-01-21T09:23:46+00:00","dateModified":"2015-01-21T12:32:03+00:00","mainEntityOfPage":{"@id":"https:\/\/sandzakpress.net\/arhiva\/wie-spiegelt-sich-das-problem-der-islamophobie-in-sandzak\/"},"wordCount":594,"commentCount":0,"publisher":{"@id":"https:\/\/sandzakpress.net\/arhiva\/#\/schema\/person\/6e72b67d6e51910a1117b3b483ba20bd"},"image":{"@id":"https:\/\/sandzakpress.net\/arhiva\/wie-spiegelt-sich-das-problem-der-islamophobie-in-sandzak\/#primaryimage"},"thumbnailUrl":"https:\/\/sandzakpress.net\/arhiva\/wp-content\/uploads\/2015\/01\/Capture15.jpg","articleSection":["Deutsch"],"inLanguage":"bs-BA","potentialAction":[{"@type":"CommentAction","name":"Comment","target":["https:\/\/sandzakpress.net\/arhiva\/wie-spiegelt-sich-das-problem-der-islamophobie-in-sandzak\/#respond"]}]},{"@type":"WebPage","@id":"https:\/\/sandzakpress.net\/arhiva\/wie-spiegelt-sich-das-problem-der-islamophobie-in-sandzak\/","url":"https:\/\/sandzakpress.net\/arhiva\/wie-spiegelt-sich-das-problem-der-islamophobie-in-sandzak\/","name":"Wie spiegelt sich das Problem der Islamophobie in Sandschak?","isPartOf":{"@id":"https:\/\/sandzakpress.net\/arhiva\/#website"},"primaryImageOfPage":{"@id":"https:\/\/sandzakpress.net\/arhiva\/wie-spiegelt-sich-das-problem-der-islamophobie-in-sandzak\/#primaryimage"},"image":{"@id":"https:\/\/sandzakpress.net\/arhiva\/wie-spiegelt-sich-das-problem-der-islamophobie-in-sandzak\/#primaryimage"},"thumbnailUrl":"https:\/\/sandzakpress.net\/arhiva\/wp-content\/uploads\/2015\/01\/Capture15.jpg","datePublished":"2015-01-21T09:23:46+00:00","dateModified":"2015-01-21T12:32:03+00:00","breadcrumb":{"@id":"https:\/\/sandzakpress.net\/arhiva\/wie-spiegelt-sich-das-problem-der-islamophobie-in-sandzak\/#breadcrumb"},"inLanguage":"bs-BA","potentialAction":[{"@type":"ReadAction","target":["https:\/\/sandzakpress.net\/arhiva\/wie-spiegelt-sich-das-problem-der-islamophobie-in-sandzak\/"]}]},{"@type":"ImageObject","inLanguage":"bs-BA","@id":"https:\/\/sandzakpress.net\/arhiva\/wie-spiegelt-sich-das-problem-der-islamophobie-in-sandzak\/#primaryimage","url":"https:\/\/sandzakpress.net\/arhiva\/wp-content\/uploads\/2015\/01\/Capture15.jpg","contentUrl":"https:\/\/sandzakpress.net\/arhiva\/wp-content\/uploads\/2015\/01\/Capture15.jpg","width":613,"height":459},{"@type":"BreadcrumbList","@id":"https:\/\/sandzakpress.net\/arhiva\/wie-spiegelt-sich-das-problem-der-islamophobie-in-sandzak\/#breadcrumb","itemListElement":[{"@type":"ListItem","position":1,"name":"Home","item":"https:\/\/sandzakpress.net\/arhiva\/"},{"@type":"ListItem","position":2,"name":"Wie spiegelt sich das Problem der Islamophobie in Sandschak?"}]},{"@type":"WebSite","@id":"https:\/\/sandzakpress.net\/arhiva\/#website","url":"https:\/\/sandzakpress.net\/arhiva\/","name":"Sand\u017eak PRESS","description":"Prve elektronske novine u Sand\u017eaku","publisher":{"@id":"https:\/\/sandzakpress.net\/arhiva\/#\/schema\/person\/6e72b67d6e51910a1117b3b483ba20bd"},"potentialAction":[{"@type":"SearchAction","target":{"@type":"EntryPoint","urlTemplate":"https:\/\/sandzakpress.net\/arhiva\/?s={search_term_string}"},"query-input":{"@type":"PropertyValueSpecification","valueRequired":true,"valueName":"search_term_string"}}],"inLanguage":"bs-BA"},{"@type":["Person","Organization"],"@id":"https:\/\/sandzakpress.net\/arhiva\/#\/schema\/person\/6e72b67d6e51910a1117b3b483ba20bd","name":"Kul","image":{"@type":"ImageObject","inLanguage":"bs-BA","@id":"https:\/\/sandzakpress.net\/arhiva\/#\/schema\/person\/image\/","url":"https:\/\/secure.gravatar.com\/avatar\/42263f39aa27ac04c43cab85c280eb2e?s=96&d=mm&r=pg","contentUrl":"https:\/\/secure.gravatar.com\/avatar\/42263f39aa27ac04c43cab85c280eb2e?s=96&d=mm&r=pg","caption":"Kul"},"logo":{"@id":"https:\/\/sandzakpress.net\/arhiva\/#\/schema\/person\/image\/"}},{"@type":"Person","@id":"https:\/\/sandzakpress.net\/arhiva\/#\/schema\/person\/c8baee722073534b583ea7bdb2e36c02","name":"bosniak","image":{"@type":"ImageObject","inLanguage":"bs-BA","@id":"https:\/\/sandzakpress.net\/arhiva\/#\/schema\/person\/image\/","url":"https:\/\/secure.gravatar.com\/avatar\/a04fd330bfe3a36a72a0ad4a6d89fca7?s=96&d=mm&r=pg","contentUrl":"https:\/\/secure.gravatar.com\/avatar\/a04fd330bfe3a36a72a0ad4a6d89fca7?s=96&d=mm&r=pg","caption":"bosniak"},"url":"https:\/\/sandzakpress.net\/arhiva\/author\/bosniak\/"}]}},"_links":{"self":[{"href":"https:\/\/sandzakpress.net\/arhiva\/wp-json\/wp\/v2\/posts\/119947"}],"collection":[{"href":"https:\/\/sandzakpress.net\/arhiva\/wp-json\/wp\/v2\/posts"}],"about":[{"href":"https:\/\/sandzakpress.net\/arhiva\/wp-json\/wp\/v2\/types\/post"}],"author":[{"embeddable":true,"href":"https:\/\/sandzakpress.net\/arhiva\/wp-json\/wp\/v2\/users\/83"}],"replies":[{"embeddable":true,"href":"https:\/\/sandzakpress.net\/arhiva\/wp-json\/wp\/v2\/comments?post=119947"}],"version-history":[{"count":0,"href":"https:\/\/sandzakpress.net\/arhiva\/wp-json\/wp\/v2\/posts\/119947\/revisions"}],"wp:featuredmedia":[{"embeddable":true,"href":"https:\/\/sandzakpress.net\/arhiva\/wp-json\/wp\/v2\/media\/119850"}],"wp:attachment":[{"href":"https:\/\/sandzakpress.net\/arhiva\/wp-json\/wp\/v2\/media?parent=119947"}],"wp:term":[{"taxonomy":"category","embeddable":true,"href":"https:\/\/sandzakpress.net\/arhiva\/wp-json\/wp\/v2\/categories?post=119947"},{"taxonomy":"post_tag","embeddable":true,"href":"https:\/\/sandzakpress.net\/arhiva\/wp-json\/wp\/v2\/tags?post=119947"}],"curies":[{"name":"wp","href":"https:\/\/api.w.org\/{rel}","templated":true}]}}