{"id":119916,"date":"2015-01-20T22:29:49","date_gmt":"2015-01-20T21:29:49","guid":{"rendered":"https:\/\/sandzakpress.net\/arhiva\/?p=119916"},"modified":"2015-01-20T22:29:49","modified_gmt":"2015-01-20T21:29:49","slug":"otac-i-kci-ocevi-odrede-temelj-buducih-veza-svoje-kcerke","status":"publish","type":"post","link":"https:\/\/sandzakpress.net\/arhiva\/otac-i-kci-ocevi-odrede-temelj-buducih-veza-svoje-kcerke\/","title":{"rendered":"Otac i k\u0107i: O\u010devi odrede temelj budu\u0107ih veza svoje k\u0107erke"},"content":{"rendered":"<p><strong><img decoding=\"async\" class=\" aligncenter\" src=\"http:\/\/images.idiva.com\/media\/content\/2011\/Jun\/memorable_father_daughter_moments.jpg\" alt=\"\" \/><\/strong><\/p>\n<p><strong>Poseban odnos: Ona je njegova malena princeza i uvijek \u0107e je tako do\u017eivljavati, a ona \u0107e u njemu tra\u017eiti posebno razumijevanje i za\u0161titu. No, i negativno se prenosi.<\/strong><\/p>\n<p>Tijekom \u017eivota gradimo mnogo odnosa i svaki je poseban na neki na\u010din, ali je jedan od onih koji nas najvi\u0161e odrede za \u017eivot onaj koji gradimo s roditeljima. Naravno da su oba roditelja va\u017ena za zdravo i uravnote\u017eeno odrastanje, ipak \u010desto samo s jednim od njih stvorimo poseban odnos. \u010cesto se majke nje\u017enije pove\u017eu sa sinovima, k\u0107eri s o\u010devima. Odnos o\u010deva i njihovih mezimica poseban je i u mnogome \u0107e odrediti k\u0107erin \u017eivot.<\/p>\n<p>Ona je njegova malena princeza i uvijek \u0107e je tako do\u017eivljavati, ma kako joj \u017eivot izgledao. Ona \u0107e pak njemu bje\u017eati u trenucima kad zatreba posebno razumijevanje i za\u0161titu. Otac \u0107e biti mjera za promatranje i mjerenje osoba suprotna spola, ali i vi\u0161e od toga, oni svojim pona\u0161anjem i postupcima postavljaju mjerila budu\u0107eg \u017eivota i o\u010dekivanja od partnera. Zato je jako va\u017eno da o\u010devi toga budu svjesni, i uz malu pomo\u0107 majki, kako bi svojoj djevoj\u010dici usadili \u0161to va\u017enije parametre i uzore.<\/p>\n<p>Psihologinja dr. Jennifer Kromberg posvetila je dosta vremena toj temi i zaklju\u010dila da tate oblikuju k\u0107erima svjesna i podsvjesna o\u010dekivanja. I to po\u010dinje ve\u0107 kod izgleda: \u010desto \u0107e se djevoj\u010dicama svi\u0111ati upravo mu\u0161karci i fizi\u010dki sli\u010dniji ocu. Mo\u017eda se i vama dogodilo da vam se djevoj\u010dica zatr\u010dala prema nekome za koga je mislila da je njezin otac, a ispostavilo se da je to samo netko njemu jako sli\u010dan.<\/p>\n<p>Stru\u010dnjaci smatraju da takve situacije nisu samo rezultat povr\u0161ne sli\u010dnosti nego i znak ne\u010deg dubljega. Djeca u najranijim danima \u017eivota sve \u0161to u\u010de u svijetu najprije u\u010de od roditelja i iz njihova pona\u0161anja i oblikuju sliku svijeta i svoja o\u010dekivanja prema njima. Odnos s ocem, pokazala su istra\u017eivanja, povezan je s dru\u0161tvenom stabilno\u0161\u0107u i postignu\u0107ima u \u0161koli, ali prema istra\u017eivanju objavljenom nedavno u Journalu of Genetic Psychology, oblikuje i budu\u0107u bra\u010dnu vezu.<\/p>\n<p>O\u010devi u ranim danima udaraju temelje budu\u0107eg \u017eivota svojih k\u0107erkica. Na\u0161a prva iskustva o vezama pou\u010dit \u0107e nas kako se nositi s o\u010dekivanjima, kako izraziti ljubav, kako se pona\u0161ati u situacijama neslaganja, kako se nositi s razli\u010ditim osje\u0107ajima. Na\u0161i roditelji, isti\u010de dr. Kromberg, daju boju le\u0107ama kroz koje \u0107emo gledati \u017eivot i oblikovati svoju va\u017enost u me\u0111uljudskim odnosima.<\/p>\n<p>O\u010devi \u0107e \u010desto pristati na sve \u0161to mama nije htjela jer ne mo\u017ee odoljeti \u0161armu svoje djevoj\u010dice. Ma koliko va\u0161a mezimica bila slatka i neodoljiva, imajte na umu da je u odgoju najva\u017enija dosljednost, \u0161to jedan roditelj odlu\u010di, drugi mora po\u0161tivati. Ako je otac posebno pa\u017eljiv prema svojoj mezimici, ali pokazao je svakakva pona\u0161anja prema drugim \u017eenama u svom \u017eivotu, k\u0107er ne\u0107e \u201cupiti\u201d samo odnos koji je ostvario s njom nego i modele odnosa koje je ostvario s drugim \u017eenama. \u00a0Osim toga i mu\u0161karci mogu uz svoju djevoj\u010dicu napokon nau\u010diti pone\u0161to o \u017eenama.<\/p>\n<p>One unose mnogo emocija u stvari koje mu\u0161karcima izgledaju smije\u0161no. Tako \u0107e se jednom sasvim sigurno na\u0107i u situaciji kad \u0107e mezimica biti izlu\u0111ena time \u0161to ne mo\u017ee na\u0107i ljubi\u010daste \u0161tramplice koje jedine idu uz njezinu omiljenu haljinicu koju je odabrala nositi taj dan. Ni\u0161ta im ne\u0107e pomo\u0107i obja\u0161njavanje da mo\u017ee navu\u0107i i bijele \u0161tramplice jer su jednako lijepe, tada \u0107e morati shvatiti da moraju najprije poslu\u0161ati dijete i shvatiti njegov problem.<\/p>\n<p>Dakle, u tom je odnosu najva\u017enije, isti\u010de Kromberg, da se ostvari po\u0161tovanje i razumijevanje, da se odnos zasniva na iskrenom razgovoru, na stalnom emotivnom povezivanju i edukativnom djelovanju. \u010cak i onda kada mlade \u017eene iz nekog razloga ne slijede izravno o\u010dev primjer, to\u010dnije ne tra\u017ee fizi\u010dki ili psihi\u010dki sli\u010dnog partnera, isti\u010de dr. Kromberg, \u010dak i one koje idu suprotno od o\u010deva primjera, zapravo se ravnaju prema ocu i koriste ga kao orijentir.<\/p>\n<p>&nbsp;<\/p>\n<p>&nbsp;<\/p>\n<p>Izvor: <strong>24sata.hr<\/strong><\/p>\n<p>&nbsp;<\/p>\n","protected":false},"excerpt":{"rendered":"<p>Poseban odnos: Ona je njegova malena princeza i uvijek \u0107e je tako do\u017eivljavati, a ona \u0107e u njemu tra\u017eiti posebno razumijevanje i za\u0161titu. No, i negativno se prenosi. Tijekom \u017eivota gradimo mnogo odnosa i svaki je poseban na neki na\u010din, ali je jedan od onih koji nas najvi\u0161e odrede za \u017eivot onaj koji gradimo s [&hellip;]<\/p>\n","protected":false},"author":125,"featured_media":119917,"comment_status":"open","ping_status":"open","sticky":false,"template":"","format":"standard","meta":{"footnotes":""},"categories":[807],"tags":[],"class_list":{"0":"post-119916","1":"post","2":"type-post","3":"status-publish","4":"format-standard","5":"has-post-thumbnail","7":"category-zivot"},"yoast_head":"<!-- This site is optimized with the Yoast SEO Premium plugin v23.1 (Yoast SEO v24.9) - https:\/\/yoast.com\/wordpress\/plugins\/seo\/ -->\n<title>Otac i k\u0107i: O\u010devi odrede temelj budu\u0107ih veza svoje k\u0107erke<\/title>\n<meta name=\"robots\" content=\"index, follow, max-snippet:-1, max-image-preview:large, max-video-preview:-1\" \/>\n<link rel=\"canonical\" href=\"https:\/\/sandzakpress.net\/arhiva\/otac-i-kci-ocevi-odrede-temelj-buducih-veza-svoje-kcerke\/\" \/>\n<meta property=\"og:locale\" content=\"bs_BA\" \/>\n<meta property=\"og:type\" content=\"article\" \/>\n<meta property=\"og:title\" content=\"Otac i k\u0107i: O\u010devi odrede temelj budu\u0107ih veza svoje k\u0107erke\" \/>\n<meta property=\"og:description\" content=\"Poseban odnos: Ona je njegova malena princeza i uvijek \u0107e je tako do\u017eivljavati, a ona \u0107e u njemu tra\u017eiti posebno razumijevanje i za\u0161titu. No, i negativno se prenosi. Tijekom \u017eivota gradimo mnogo odnosa i svaki je poseban na neki na\u010din, ali je jedan od onih koji nas najvi\u0161e odrede za \u017eivot onaj koji gradimo s [&hellip;]\" \/>\n<meta property=\"og:url\" content=\"https:\/\/sandzakpress.net\/arhiva\/otac-i-kci-ocevi-odrede-temelj-buducih-veza-svoje-kcerke\/\" \/>\n<meta property=\"og:site_name\" content=\"Sand\u017eak PRESS\" \/>\n<meta property=\"article:published_time\" content=\"2015-01-20T21:29:49+00:00\" \/>\n<meta property=\"og:image\" content=\"https:\/\/sandzakpress.net\/arhiva\/wp-content\/uploads\/2015\/01\/memorable_father_daughter_moments.jpg\" \/>\n\t<meta property=\"og:image:width\" content=\"600\" \/>\n\t<meta property=\"og:image:height\" content=\"450\" \/>\n\t<meta property=\"og:image:type\" content=\"image\/jpeg\" \/>\n<meta name=\"author\" content=\"Korektor\" \/>\n<meta name=\"twitter:card\" content=\"summary_large_image\" \/>\n<meta name=\"twitter:label1\" content=\"Written by\" \/>\n\t<meta name=\"twitter:data1\" content=\"Korektor\" \/>\n\t<meta name=\"twitter:label2\" content=\"Est. reading time\" \/>\n\t<meta name=\"twitter:data2\" content=\"4 minute\" \/>\n<script type=\"application\/ld+json\" class=\"yoast-schema-graph\">{\"@context\":\"https:\/\/schema.org\",\"@graph\":[{\"@type\":\"Article\",\"@id\":\"https:\/\/sandzakpress.net\/arhiva\/otac-i-kci-ocevi-odrede-temelj-buducih-veza-svoje-kcerke\/#article\",\"isPartOf\":{\"@id\":\"https:\/\/sandzakpress.net\/arhiva\/otac-i-kci-ocevi-odrede-temelj-buducih-veza-svoje-kcerke\/\"},\"author\":{\"name\":\"Korektor\",\"@id\":\"https:\/\/sandzakpress.net\/arhiva\/#\/schema\/person\/b71f9565a8a6ce38c0200f1cf59c368c\"},\"headline\":\"Otac i k\u0107i: O\u010devi odrede temelj budu\u0107ih veza svoje k\u0107erke\",\"datePublished\":\"2015-01-20T21:29:49+00:00\",\"mainEntityOfPage\":{\"@id\":\"https:\/\/sandzakpress.net\/arhiva\/otac-i-kci-ocevi-odrede-temelj-buducih-veza-svoje-kcerke\/\"},\"wordCount\":744,\"commentCount\":0,\"publisher\":{\"@id\":\"https:\/\/sandzakpress.net\/arhiva\/#\/schema\/person\/6e72b67d6e51910a1117b3b483ba20bd\"},\"image\":{\"@id\":\"https:\/\/sandzakpress.net\/arhiva\/otac-i-kci-ocevi-odrede-temelj-buducih-veza-svoje-kcerke\/#primaryimage\"},\"thumbnailUrl\":\"https:\/\/sandzakpress.net\/arhiva\/wp-content\/uploads\/2015\/01\/memorable_father_daughter_moments.jpg\",\"articleSection\":[\"\u017divot\"],\"inLanguage\":\"bs-BA\",\"potentialAction\":[{\"@type\":\"CommentAction\",\"name\":\"Comment\",\"target\":[\"https:\/\/sandzakpress.net\/arhiva\/otac-i-kci-ocevi-odrede-temelj-buducih-veza-svoje-kcerke\/#respond\"]}]},{\"@type\":\"WebPage\",\"@id\":\"https:\/\/sandzakpress.net\/arhiva\/otac-i-kci-ocevi-odrede-temelj-buducih-veza-svoje-kcerke\/\",\"url\":\"https:\/\/sandzakpress.net\/arhiva\/otac-i-kci-ocevi-odrede-temelj-buducih-veza-svoje-kcerke\/\",\"name\":\"Otac i k\u0107i: O\u010devi odrede temelj budu\u0107ih veza svoje k\u0107erke\",\"isPartOf\":{\"@id\":\"https:\/\/sandzakpress.net\/arhiva\/#website\"},\"primaryImageOfPage\":{\"@id\":\"https:\/\/sandzakpress.net\/arhiva\/otac-i-kci-ocevi-odrede-temelj-buducih-veza-svoje-kcerke\/#primaryimage\"},\"image\":{\"@id\":\"https:\/\/sandzakpress.net\/arhiva\/otac-i-kci-ocevi-odrede-temelj-buducih-veza-svoje-kcerke\/#primaryimage\"},\"thumbnailUrl\":\"https:\/\/sandzakpress.net\/arhiva\/wp-content\/uploads\/2015\/01\/memorable_father_daughter_moments.jpg\",\"datePublished\":\"2015-01-20T21:29:49+00:00\",\"breadcrumb\":{\"@id\":\"https:\/\/sandzakpress.net\/arhiva\/otac-i-kci-ocevi-odrede-temelj-buducih-veza-svoje-kcerke\/#breadcrumb\"},\"inLanguage\":\"bs-BA\",\"potentialAction\":[{\"@type\":\"ReadAction\",\"target\":[\"https:\/\/sandzakpress.net\/arhiva\/otac-i-kci-ocevi-odrede-temelj-buducih-veza-svoje-kcerke\/\"]}]},{\"@type\":\"ImageObject\",\"inLanguage\":\"bs-BA\",\"@id\":\"https:\/\/sandzakpress.net\/arhiva\/otac-i-kci-ocevi-odrede-temelj-buducih-veza-svoje-kcerke\/#primaryimage\",\"url\":\"https:\/\/sandzakpress.net\/arhiva\/wp-content\/uploads\/2015\/01\/memorable_father_daughter_moments.jpg\",\"contentUrl\":\"https:\/\/sandzakpress.net\/arhiva\/wp-content\/uploads\/2015\/01\/memorable_father_daughter_moments.jpg\",\"width\":600,\"height\":450},{\"@type\":\"BreadcrumbList\",\"@id\":\"https:\/\/sandzakpress.net\/arhiva\/otac-i-kci-ocevi-odrede-temelj-buducih-veza-svoje-kcerke\/#breadcrumb\",\"itemListElement\":[{\"@type\":\"ListItem\",\"position\":1,\"name\":\"Home\",\"item\":\"https:\/\/sandzakpress.net\/arhiva\/\"},{\"@type\":\"ListItem\",\"position\":2,\"name\":\"Otac i k\u0107i: O\u010devi odrede temelj budu\u0107ih veza svoje k\u0107erke\"}]},{\"@type\":\"WebSite\",\"@id\":\"https:\/\/sandzakpress.net\/arhiva\/#website\",\"url\":\"https:\/\/sandzakpress.net\/arhiva\/\",\"name\":\"Sand\u017eak PRESS\",\"description\":\"Prve elektronske novine u Sand\u017eaku\",\"publisher\":{\"@id\":\"https:\/\/sandzakpress.net\/arhiva\/#\/schema\/person\/6e72b67d6e51910a1117b3b483ba20bd\"},\"potentialAction\":[{\"@type\":\"SearchAction\",\"target\":{\"@type\":\"EntryPoint\",\"urlTemplate\":\"https:\/\/sandzakpress.net\/arhiva\/?s={search_term_string}\"},\"query-input\":{\"@type\":\"PropertyValueSpecification\",\"valueRequired\":true,\"valueName\":\"search_term_string\"}}],\"inLanguage\":\"bs-BA\"},{\"@type\":[\"Person\",\"Organization\"],\"@id\":\"https:\/\/sandzakpress.net\/arhiva\/#\/schema\/person\/6e72b67d6e51910a1117b3b483ba20bd\",\"name\":\"Kul\",\"image\":{\"@type\":\"ImageObject\",\"inLanguage\":\"bs-BA\",\"@id\":\"https:\/\/sandzakpress.net\/arhiva\/#\/schema\/person\/image\/\",\"url\":\"https:\/\/secure.gravatar.com\/avatar\/42263f39aa27ac04c43cab85c280eb2e?s=96&d=mm&r=pg\",\"contentUrl\":\"https:\/\/secure.gravatar.com\/avatar\/42263f39aa27ac04c43cab85c280eb2e?s=96&d=mm&r=pg\",\"caption\":\"Kul\"},\"logo\":{\"@id\":\"https:\/\/sandzakpress.net\/arhiva\/#\/schema\/person\/image\/\"}},{\"@type\":\"Person\",\"@id\":\"https:\/\/sandzakpress.net\/arhiva\/#\/schema\/person\/b71f9565a8a6ce38c0200f1cf59c368c\",\"name\":\"Korektor\",\"image\":{\"@type\":\"ImageObject\",\"inLanguage\":\"bs-BA\",\"@id\":\"https:\/\/sandzakpress.net\/arhiva\/#\/schema\/person\/image\/\",\"url\":\"https:\/\/secure.gravatar.com\/avatar\/ae3388ff9b8eb74e0751a069466905f6?s=96&d=mm&r=pg\",\"contentUrl\":\"https:\/\/secure.gravatar.com\/avatar\/ae3388ff9b8eb74e0751a069466905f6?s=96&d=mm&r=pg\",\"caption\":\"Korektor\"},\"url\":\"https:\/\/sandzakpress.net\/arhiva\/author\/korektor\/\"}]}<\/script>\n<!-- \/ Yoast SEO Premium plugin. -->","yoast_head_json":{"title":"Otac i k\u0107i: O\u010devi odrede temelj budu\u0107ih veza svoje k\u0107erke","robots":{"index":"index","follow":"follow","max-snippet":"max-snippet:-1","max-image-preview":"max-image-preview:large","max-video-preview":"max-video-preview:-1"},"canonical":"https:\/\/sandzakpress.net\/arhiva\/otac-i-kci-ocevi-odrede-temelj-buducih-veza-svoje-kcerke\/","og_locale":"bs_BA","og_type":"article","og_title":"Otac i k\u0107i: O\u010devi odrede temelj budu\u0107ih veza svoje k\u0107erke","og_description":"Poseban odnos: Ona je njegova malena princeza i uvijek \u0107e je tako do\u017eivljavati, a ona \u0107e u njemu tra\u017eiti posebno razumijevanje i za\u0161titu. No, i negativno se prenosi. Tijekom \u017eivota gradimo mnogo odnosa i svaki je poseban na neki na\u010din, ali je jedan od onih koji nas najvi\u0161e odrede za \u017eivot onaj koji gradimo s [&hellip;]","og_url":"https:\/\/sandzakpress.net\/arhiva\/otac-i-kci-ocevi-odrede-temelj-buducih-veza-svoje-kcerke\/","og_site_name":"Sand\u017eak PRESS","article_published_time":"2015-01-20T21:29:49+00:00","og_image":[{"width":600,"height":450,"url":"https:\/\/sandzakpress.net\/arhiva\/wp-content\/uploads\/2015\/01\/memorable_father_daughter_moments.jpg","type":"image\/jpeg"}],"author":"Korektor","twitter_card":"summary_large_image","twitter_misc":{"Written by":"Korektor","Est. reading time":"4 minute"},"schema":{"@context":"https:\/\/schema.org","@graph":[{"@type":"Article","@id":"https:\/\/sandzakpress.net\/arhiva\/otac-i-kci-ocevi-odrede-temelj-buducih-veza-svoje-kcerke\/#article","isPartOf":{"@id":"https:\/\/sandzakpress.net\/arhiva\/otac-i-kci-ocevi-odrede-temelj-buducih-veza-svoje-kcerke\/"},"author":{"name":"Korektor","@id":"https:\/\/sandzakpress.net\/arhiva\/#\/schema\/person\/b71f9565a8a6ce38c0200f1cf59c368c"},"headline":"Otac i k\u0107i: O\u010devi odrede temelj budu\u0107ih veza svoje k\u0107erke","datePublished":"2015-01-20T21:29:49+00:00","mainEntityOfPage":{"@id":"https:\/\/sandzakpress.net\/arhiva\/otac-i-kci-ocevi-odrede-temelj-buducih-veza-svoje-kcerke\/"},"wordCount":744,"commentCount":0,"publisher":{"@id":"https:\/\/sandzakpress.net\/arhiva\/#\/schema\/person\/6e72b67d6e51910a1117b3b483ba20bd"},"image":{"@id":"https:\/\/sandzakpress.net\/arhiva\/otac-i-kci-ocevi-odrede-temelj-buducih-veza-svoje-kcerke\/#primaryimage"},"thumbnailUrl":"https:\/\/sandzakpress.net\/arhiva\/wp-content\/uploads\/2015\/01\/memorable_father_daughter_moments.jpg","articleSection":["\u017divot"],"inLanguage":"bs-BA","potentialAction":[{"@type":"CommentAction","name":"Comment","target":["https:\/\/sandzakpress.net\/arhiva\/otac-i-kci-ocevi-odrede-temelj-buducih-veza-svoje-kcerke\/#respond"]}]},{"@type":"WebPage","@id":"https:\/\/sandzakpress.net\/arhiva\/otac-i-kci-ocevi-odrede-temelj-buducih-veza-svoje-kcerke\/","url":"https:\/\/sandzakpress.net\/arhiva\/otac-i-kci-ocevi-odrede-temelj-buducih-veza-svoje-kcerke\/","name":"Otac i k\u0107i: O\u010devi odrede temelj budu\u0107ih veza svoje k\u0107erke","isPartOf":{"@id":"https:\/\/sandzakpress.net\/arhiva\/#website"},"primaryImageOfPage":{"@id":"https:\/\/sandzakpress.net\/arhiva\/otac-i-kci-ocevi-odrede-temelj-buducih-veza-svoje-kcerke\/#primaryimage"},"image":{"@id":"https:\/\/sandzakpress.net\/arhiva\/otac-i-kci-ocevi-odrede-temelj-buducih-veza-svoje-kcerke\/#primaryimage"},"thumbnailUrl":"https:\/\/sandzakpress.net\/arhiva\/wp-content\/uploads\/2015\/01\/memorable_father_daughter_moments.jpg","datePublished":"2015-01-20T21:29:49+00:00","breadcrumb":{"@id":"https:\/\/sandzakpress.net\/arhiva\/otac-i-kci-ocevi-odrede-temelj-buducih-veza-svoje-kcerke\/#breadcrumb"},"inLanguage":"bs-BA","potentialAction":[{"@type":"ReadAction","target":["https:\/\/sandzakpress.net\/arhiva\/otac-i-kci-ocevi-odrede-temelj-buducih-veza-svoje-kcerke\/"]}]},{"@type":"ImageObject","inLanguage":"bs-BA","@id":"https:\/\/sandzakpress.net\/arhiva\/otac-i-kci-ocevi-odrede-temelj-buducih-veza-svoje-kcerke\/#primaryimage","url":"https:\/\/sandzakpress.net\/arhiva\/wp-content\/uploads\/2015\/01\/memorable_father_daughter_moments.jpg","contentUrl":"https:\/\/sandzakpress.net\/arhiva\/wp-content\/uploads\/2015\/01\/memorable_father_daughter_moments.jpg","width":600,"height":450},{"@type":"BreadcrumbList","@id":"https:\/\/sandzakpress.net\/arhiva\/otac-i-kci-ocevi-odrede-temelj-buducih-veza-svoje-kcerke\/#breadcrumb","itemListElement":[{"@type":"ListItem","position":1,"name":"Home","item":"https:\/\/sandzakpress.net\/arhiva\/"},{"@type":"ListItem","position":2,"name":"Otac i k\u0107i: O\u010devi odrede temelj budu\u0107ih veza svoje k\u0107erke"}]},{"@type":"WebSite","@id":"https:\/\/sandzakpress.net\/arhiva\/#website","url":"https:\/\/sandzakpress.net\/arhiva\/","name":"Sand\u017eak PRESS","description":"Prve elektronske novine u Sand\u017eaku","publisher":{"@id":"https:\/\/sandzakpress.net\/arhiva\/#\/schema\/person\/6e72b67d6e51910a1117b3b483ba20bd"},"potentialAction":[{"@type":"SearchAction","target":{"@type":"EntryPoint","urlTemplate":"https:\/\/sandzakpress.net\/arhiva\/?s={search_term_string}"},"query-input":{"@type":"PropertyValueSpecification","valueRequired":true,"valueName":"search_term_string"}}],"inLanguage":"bs-BA"},{"@type":["Person","Organization"],"@id":"https:\/\/sandzakpress.net\/arhiva\/#\/schema\/person\/6e72b67d6e51910a1117b3b483ba20bd","name":"Kul","image":{"@type":"ImageObject","inLanguage":"bs-BA","@id":"https:\/\/sandzakpress.net\/arhiva\/#\/schema\/person\/image\/","url":"https:\/\/secure.gravatar.com\/avatar\/42263f39aa27ac04c43cab85c280eb2e?s=96&d=mm&r=pg","contentUrl":"https:\/\/secure.gravatar.com\/avatar\/42263f39aa27ac04c43cab85c280eb2e?s=96&d=mm&r=pg","caption":"Kul"},"logo":{"@id":"https:\/\/sandzakpress.net\/arhiva\/#\/schema\/person\/image\/"}},{"@type":"Person","@id":"https:\/\/sandzakpress.net\/arhiva\/#\/schema\/person\/b71f9565a8a6ce38c0200f1cf59c368c","name":"Korektor","image":{"@type":"ImageObject","inLanguage":"bs-BA","@id":"https:\/\/sandzakpress.net\/arhiva\/#\/schema\/person\/image\/","url":"https:\/\/secure.gravatar.com\/avatar\/ae3388ff9b8eb74e0751a069466905f6?s=96&d=mm&r=pg","contentUrl":"https:\/\/secure.gravatar.com\/avatar\/ae3388ff9b8eb74e0751a069466905f6?s=96&d=mm&r=pg","caption":"Korektor"},"url":"https:\/\/sandzakpress.net\/arhiva\/author\/korektor\/"}]}},"_links":{"self":[{"href":"https:\/\/sandzakpress.net\/arhiva\/wp-json\/wp\/v2\/posts\/119916"}],"collection":[{"href":"https:\/\/sandzakpress.net\/arhiva\/wp-json\/wp\/v2\/posts"}],"about":[{"href":"https:\/\/sandzakpress.net\/arhiva\/wp-json\/wp\/v2\/types\/post"}],"author":[{"embeddable":true,"href":"https:\/\/sandzakpress.net\/arhiva\/wp-json\/wp\/v2\/users\/125"}],"replies":[{"embeddable":true,"href":"https:\/\/sandzakpress.net\/arhiva\/wp-json\/wp\/v2\/comments?post=119916"}],"version-history":[{"count":0,"href":"https:\/\/sandzakpress.net\/arhiva\/wp-json\/wp\/v2\/posts\/119916\/revisions"}],"wp:featuredmedia":[{"embeddable":true,"href":"https:\/\/sandzakpress.net\/arhiva\/wp-json\/wp\/v2\/media\/119917"}],"wp:attachment":[{"href":"https:\/\/sandzakpress.net\/arhiva\/wp-json\/wp\/v2\/media?parent=119916"}],"wp:term":[{"taxonomy":"category","embeddable":true,"href":"https:\/\/sandzakpress.net\/arhiva\/wp-json\/wp\/v2\/categories?post=119916"},{"taxonomy":"post_tag","embeddable":true,"href":"https:\/\/sandzakpress.net\/arhiva\/wp-json\/wp\/v2\/tags?post=119916"}],"curies":[{"name":"wp","href":"https:\/\/api.w.org\/{rel}","templated":true}]}}