{"id":119702,"date":"2015-01-19T12:28:48","date_gmt":"2015-01-19T11:28:48","guid":{"rendered":"https:\/\/sandzakpress.net\/arhiva\/?p=119702"},"modified":"2015-01-19T12:50:49","modified_gmt":"2015-01-19T11:50:49","slug":"pocela-sa-radom-sandzak-press-deutsch","status":"publish","type":"post","link":"https:\/\/sandzakpress.net\/arhiva\/pocela-sa-radom-sandzak-press-deutsch\/","title":{"rendered":"Po\u010dela sa radom Sand\u017eak PRESS Deutsch"},"content":{"rendered":"<p><a href=\"https:\/\/sandzakpress.net\/arhiva\/Deutsch\"><img loading=\"lazy\" decoding=\"async\" class=\"aligncenter size-full wp-image-119721\" src=\"https:\/\/sandzakpress.net\/arhiva\/wp-content\/uploads\/2015\/01\/Capture22.jpg\" alt=\"Capture22\" width=\"642\" height=\"585\" srcset=\"https:\/\/sandzakpress.net\/arhiva\/wp-content\/uploads\/2015\/01\/Capture22.jpg 642w, https:\/\/sandzakpress.net\/arhiva\/wp-content\/uploads\/2015\/01\/Capture22-616x561.jpg 616w\" sizes=\"(max-width: 642px) 100vw, 642px\" \/><\/a><\/p>\n<p style=\"text-align: center;\"><a href=\"https:\/\/sandzakpress.net\/arhiva\/Deutsch\"><span style=\"text-decoration: underline;\"><strong>OTVORI<\/strong><\/span><\/a><\/p>\n<p><strong>Sand\u017eak \u2013 U\u00a0cilju oboga\u0107ivanja svog sadr\u017eaja i \u0161irenja\u00a0sand\u017ea\u010dkih vijesti na \u0161to \u0161ire polje, \u00a0uklju\u010duju\u0107i i me\u0111unarodnu zajednicu i faktore, kao i svjetske medije na njema\u010dkom\u00a0jeziku, Sand\u017eak PRESS je po\u010deo sa objavljivanje svojih vijesti na njema\u010dkom\u00a0jeziku.<\/strong><\/p>\n<p>Svaki posjetilac stranac sa njema\u010dkog govornog podru\u010dija \u0107e od sada imati priliku \u010ditati vijesti na njema\u010dkom\u00a0jeziku, klikom na rubriku DEUTSCH\u00a0koja se nalazi na vrhu stranice.<\/p>\n<p>Sand\u017eak PRESS ima cilj pro\u0161iriti svoje kapacitete i na druga jezi\u010dka podru\u010dija.<\/p>\n<div class=\"fb-like-box\" data-href=\"https:\/\/www.facebook.com\/pages\/Sandzak-PRESS-Deutsch\/1527284110879787\" data-width=\"600\" data-colorscheme=\"light\" data-show-faces=\"true\" data-header=\"false\" data-stream=\"false\" data-show-border=\"true\"><\/div>\n<p>(Sand\u017eak PRESS)<\/p>\n","protected":false},"excerpt":{"rendered":"<p>OTVORI Sand\u017eak \u2013 U\u00a0cilju oboga\u0107ivanja svog sadr\u017eaja i \u0161irenja\u00a0sand\u017ea\u010dkih vijesti na \u0161to \u0161ire polje, \u00a0uklju\u010duju\u0107i i me\u0111unarodnu zajednicu i faktore, kao i svjetske medije na njema\u010dkom\u00a0jeziku, Sand\u017eak PRESS je po\u010deo sa objavljivanje svojih vijesti na njema\u010dkom\u00a0jeziku. Svaki posjetilac stranac sa njema\u010dkog govornog podru\u010dija \u0107e od sada imati priliku \u010ditati vijesti na njema\u010dkom\u00a0jeziku, klikom na rubriku [&hellip;]<\/p>\n","protected":false},"author":83,"featured_media":119721,"comment_status":"open","ping_status":"open","sticky":false,"template":"","format":"standard","meta":{"footnotes":""},"categories":[800,9538,9539,9544,8957],"tags":[10481],"class_list":{"0":"post-119702","1":"post","2":"type-post","3":"status-publish","4":"format-standard","5":"has-post-thumbnail","7":"category-nacija","8":"category-njemacka-dijaspora-gradovi-vase-vijesti","9":"category-austrija-dijaspora-gradovi-vase-vijesti","10":"category-svicarska-dijaspora-gradovi-vase-vijesti","11":"category-vijesti-dana","12":"tag-sandzak-press"},"yoast_head":"<!-- This site is optimized with the Yoast SEO Premium plugin v23.1 (Yoast SEO v24.9) - https:\/\/yoast.com\/wordpress\/plugins\/seo\/ -->\n<title>Po\u010dela sa radom Sand\u017eak PRESS Deutsch<\/title>\n<meta name=\"robots\" content=\"index, follow, max-snippet:-1, max-image-preview:large, max-video-preview:-1\" \/>\n<link rel=\"canonical\" href=\"https:\/\/sandzakpress.net\/arhiva\/pocela-sa-radom-sandzak-press-deutsch\/\" \/>\n<meta property=\"og:locale\" content=\"bs_BA\" \/>\n<meta property=\"og:type\" content=\"article\" \/>\n<meta property=\"og:title\" content=\"Po\u010dela sa radom Sand\u017eak PRESS Deutsch\" \/>\n<meta property=\"og:description\" content=\"OTVORI Sand\u017eak \u2013 U\u00a0cilju oboga\u0107ivanja svog sadr\u017eaja i \u0161irenja\u00a0sand\u017ea\u010dkih vijesti na \u0161to \u0161ire polje, \u00a0uklju\u010duju\u0107i i me\u0111unarodnu zajednicu i faktore, kao i svjetske medije na njema\u010dkom\u00a0jeziku, Sand\u017eak PRESS je po\u010deo sa objavljivanje svojih vijesti na njema\u010dkom\u00a0jeziku. Svaki posjetilac stranac sa njema\u010dkog govornog podru\u010dija \u0107e od sada imati priliku \u010ditati vijesti na njema\u010dkom\u00a0jeziku, klikom na rubriku [&hellip;]\" \/>\n<meta property=\"og:url\" content=\"https:\/\/sandzakpress.net\/arhiva\/pocela-sa-radom-sandzak-press-deutsch\/\" \/>\n<meta property=\"og:site_name\" content=\"Sand\u017eak PRESS\" \/>\n<meta property=\"article:published_time\" content=\"2015-01-19T11:28:48+00:00\" \/>\n<meta property=\"article:modified_time\" content=\"2015-01-19T11:50:49+00:00\" \/>\n<meta property=\"og:image\" content=\"https:\/\/sandzakpress.net\/arhiva\/wp-content\/uploads\/2015\/01\/Capture22.jpg\" \/>\n\t<meta property=\"og:image:width\" content=\"642\" \/>\n\t<meta property=\"og:image:height\" content=\"585\" \/>\n\t<meta property=\"og:image:type\" content=\"image\/jpeg\" \/>\n<meta name=\"author\" content=\"bosniak\" \/>\n<meta name=\"twitter:card\" content=\"summary_large_image\" \/>\n<meta name=\"twitter:label1\" content=\"Written by\" \/>\n\t<meta name=\"twitter:data1\" content=\"bosniak\" \/>\n\t<meta name=\"twitter:label2\" content=\"Est. reading time\" \/>\n\t<meta name=\"twitter:data2\" content=\"1 minuta\" \/>\n<script type=\"application\/ld+json\" class=\"yoast-schema-graph\">{\"@context\":\"https:\/\/schema.org\",\"@graph\":[{\"@type\":\"Article\",\"@id\":\"https:\/\/sandzakpress.net\/arhiva\/pocela-sa-radom-sandzak-press-deutsch\/#article\",\"isPartOf\":{\"@id\":\"https:\/\/sandzakpress.net\/arhiva\/pocela-sa-radom-sandzak-press-deutsch\/\"},\"author\":{\"name\":\"bosniak\",\"@id\":\"https:\/\/sandzakpress.net\/arhiva\/#\/schema\/person\/c8baee722073534b583ea7bdb2e36c02\"},\"headline\":\"Po\u010dela sa radom Sand\u017eak PRESS Deutsch\",\"datePublished\":\"2015-01-19T11:28:48+00:00\",\"dateModified\":\"2015-01-19T11:50:49+00:00\",\"mainEntityOfPage\":{\"@id\":\"https:\/\/sandzakpress.net\/arhiva\/pocela-sa-radom-sandzak-press-deutsch\/\"},\"wordCount\":108,\"commentCount\":7,\"publisher\":{\"@id\":\"https:\/\/sandzakpress.net\/arhiva\/#\/schema\/person\/6e72b67d6e51910a1117b3b483ba20bd\"},\"image\":{\"@id\":\"https:\/\/sandzakpress.net\/arhiva\/pocela-sa-radom-sandzak-press-deutsch\/#primaryimage\"},\"thumbnailUrl\":\"https:\/\/sandzakpress.net\/arhiva\/wp-content\/uploads\/2015\/01\/Capture22.jpg\",\"keywords\":[\"Sand\u017eak PRESS\"],\"articleSection\":[\"Nacija\",\"Njema\u010dka\",\"Austrija\",\"\u0160vicarska\",\"VIJESTI DANA\"],\"inLanguage\":\"bs-BA\",\"potentialAction\":[{\"@type\":\"CommentAction\",\"name\":\"Comment\",\"target\":[\"https:\/\/sandzakpress.net\/arhiva\/pocela-sa-radom-sandzak-press-deutsch\/#respond\"]}]},{\"@type\":\"WebPage\",\"@id\":\"https:\/\/sandzakpress.net\/arhiva\/pocela-sa-radom-sandzak-press-deutsch\/\",\"url\":\"https:\/\/sandzakpress.net\/arhiva\/pocela-sa-radom-sandzak-press-deutsch\/\",\"name\":\"Po\u010dela sa radom Sand\u017eak PRESS Deutsch\",\"isPartOf\":{\"@id\":\"https:\/\/sandzakpress.net\/arhiva\/#website\"},\"primaryImageOfPage\":{\"@id\":\"https:\/\/sandzakpress.net\/arhiva\/pocela-sa-radom-sandzak-press-deutsch\/#primaryimage\"},\"image\":{\"@id\":\"https:\/\/sandzakpress.net\/arhiva\/pocela-sa-radom-sandzak-press-deutsch\/#primaryimage\"},\"thumbnailUrl\":\"https:\/\/sandzakpress.net\/arhiva\/wp-content\/uploads\/2015\/01\/Capture22.jpg\",\"datePublished\":\"2015-01-19T11:28:48+00:00\",\"dateModified\":\"2015-01-19T11:50:49+00:00\",\"breadcrumb\":{\"@id\":\"https:\/\/sandzakpress.net\/arhiva\/pocela-sa-radom-sandzak-press-deutsch\/#breadcrumb\"},\"inLanguage\":\"bs-BA\",\"potentialAction\":[{\"@type\":\"ReadAction\",\"target\":[\"https:\/\/sandzakpress.net\/arhiva\/pocela-sa-radom-sandzak-press-deutsch\/\"]}]},{\"@type\":\"ImageObject\",\"inLanguage\":\"bs-BA\",\"@id\":\"https:\/\/sandzakpress.net\/arhiva\/pocela-sa-radom-sandzak-press-deutsch\/#primaryimage\",\"url\":\"https:\/\/sandzakpress.net\/arhiva\/wp-content\/uploads\/2015\/01\/Capture22.jpg\",\"contentUrl\":\"https:\/\/sandzakpress.net\/arhiva\/wp-content\/uploads\/2015\/01\/Capture22.jpg\",\"width\":642,\"height\":585},{\"@type\":\"BreadcrumbList\",\"@id\":\"https:\/\/sandzakpress.net\/arhiva\/pocela-sa-radom-sandzak-press-deutsch\/#breadcrumb\",\"itemListElement\":[{\"@type\":\"ListItem\",\"position\":1,\"name\":\"Home\",\"item\":\"https:\/\/sandzakpress.net\/arhiva\/\"},{\"@type\":\"ListItem\",\"position\":2,\"name\":\"Po\u010dela sa radom Sand\u017eak PRESS Deutsch\"}]},{\"@type\":\"WebSite\",\"@id\":\"https:\/\/sandzakpress.net\/arhiva\/#website\",\"url\":\"https:\/\/sandzakpress.net\/arhiva\/\",\"name\":\"Sand\u017eak PRESS\",\"description\":\"Prve elektronske novine u Sand\u017eaku\",\"publisher\":{\"@id\":\"https:\/\/sandzakpress.net\/arhiva\/#\/schema\/person\/6e72b67d6e51910a1117b3b483ba20bd\"},\"potentialAction\":[{\"@type\":\"SearchAction\",\"target\":{\"@type\":\"EntryPoint\",\"urlTemplate\":\"https:\/\/sandzakpress.net\/arhiva\/?s={search_term_string}\"},\"query-input\":{\"@type\":\"PropertyValueSpecification\",\"valueRequired\":true,\"valueName\":\"search_term_string\"}}],\"inLanguage\":\"bs-BA\"},{\"@type\":[\"Person\",\"Organization\"],\"@id\":\"https:\/\/sandzakpress.net\/arhiva\/#\/schema\/person\/6e72b67d6e51910a1117b3b483ba20bd\",\"name\":\"Kul\",\"image\":{\"@type\":\"ImageObject\",\"inLanguage\":\"bs-BA\",\"@id\":\"https:\/\/sandzakpress.net\/arhiva\/#\/schema\/person\/image\/\",\"url\":\"https:\/\/secure.gravatar.com\/avatar\/42263f39aa27ac04c43cab85c280eb2e?s=96&d=mm&r=pg\",\"contentUrl\":\"https:\/\/secure.gravatar.com\/avatar\/42263f39aa27ac04c43cab85c280eb2e?s=96&d=mm&r=pg\",\"caption\":\"Kul\"},\"logo\":{\"@id\":\"https:\/\/sandzakpress.net\/arhiva\/#\/schema\/person\/image\/\"}},{\"@type\":\"Person\",\"@id\":\"https:\/\/sandzakpress.net\/arhiva\/#\/schema\/person\/c8baee722073534b583ea7bdb2e36c02\",\"name\":\"bosniak\",\"image\":{\"@type\":\"ImageObject\",\"inLanguage\":\"bs-BA\",\"@id\":\"https:\/\/sandzakpress.net\/arhiva\/#\/schema\/person\/image\/\",\"url\":\"https:\/\/secure.gravatar.com\/avatar\/a04fd330bfe3a36a72a0ad4a6d89fca7?s=96&d=mm&r=pg\",\"contentUrl\":\"https:\/\/secure.gravatar.com\/avatar\/a04fd330bfe3a36a72a0ad4a6d89fca7?s=96&d=mm&r=pg\",\"caption\":\"bosniak\"},\"url\":\"https:\/\/sandzakpress.net\/arhiva\/author\/bosniak\/\"}]}<\/script>\n<!-- \/ Yoast SEO Premium plugin. -->","yoast_head_json":{"title":"Po\u010dela sa radom Sand\u017eak PRESS Deutsch","robots":{"index":"index","follow":"follow","max-snippet":"max-snippet:-1","max-image-preview":"max-image-preview:large","max-video-preview":"max-video-preview:-1"},"canonical":"https:\/\/sandzakpress.net\/arhiva\/pocela-sa-radom-sandzak-press-deutsch\/","og_locale":"bs_BA","og_type":"article","og_title":"Po\u010dela sa radom Sand\u017eak PRESS Deutsch","og_description":"OTVORI Sand\u017eak \u2013 U\u00a0cilju oboga\u0107ivanja svog sadr\u017eaja i \u0161irenja\u00a0sand\u017ea\u010dkih vijesti na \u0161to \u0161ire polje, \u00a0uklju\u010duju\u0107i i me\u0111unarodnu zajednicu i faktore, kao i svjetske medije na njema\u010dkom\u00a0jeziku, Sand\u017eak PRESS je po\u010deo sa objavljivanje svojih vijesti na njema\u010dkom\u00a0jeziku. Svaki posjetilac stranac sa njema\u010dkog govornog podru\u010dija \u0107e od sada imati priliku \u010ditati vijesti na njema\u010dkom\u00a0jeziku, klikom na rubriku [&hellip;]","og_url":"https:\/\/sandzakpress.net\/arhiva\/pocela-sa-radom-sandzak-press-deutsch\/","og_site_name":"Sand\u017eak PRESS","article_published_time":"2015-01-19T11:28:48+00:00","article_modified_time":"2015-01-19T11:50:49+00:00","og_image":[{"width":642,"height":585,"url":"https:\/\/sandzakpress.net\/arhiva\/wp-content\/uploads\/2015\/01\/Capture22.jpg","type":"image\/jpeg"}],"author":"bosniak","twitter_card":"summary_large_image","twitter_misc":{"Written by":"bosniak","Est. reading time":"1 minuta"},"schema":{"@context":"https:\/\/schema.org","@graph":[{"@type":"Article","@id":"https:\/\/sandzakpress.net\/arhiva\/pocela-sa-radom-sandzak-press-deutsch\/#article","isPartOf":{"@id":"https:\/\/sandzakpress.net\/arhiva\/pocela-sa-radom-sandzak-press-deutsch\/"},"author":{"name":"bosniak","@id":"https:\/\/sandzakpress.net\/arhiva\/#\/schema\/person\/c8baee722073534b583ea7bdb2e36c02"},"headline":"Po\u010dela sa radom Sand\u017eak PRESS Deutsch","datePublished":"2015-01-19T11:28:48+00:00","dateModified":"2015-01-19T11:50:49+00:00","mainEntityOfPage":{"@id":"https:\/\/sandzakpress.net\/arhiva\/pocela-sa-radom-sandzak-press-deutsch\/"},"wordCount":108,"commentCount":7,"publisher":{"@id":"https:\/\/sandzakpress.net\/arhiva\/#\/schema\/person\/6e72b67d6e51910a1117b3b483ba20bd"},"image":{"@id":"https:\/\/sandzakpress.net\/arhiva\/pocela-sa-radom-sandzak-press-deutsch\/#primaryimage"},"thumbnailUrl":"https:\/\/sandzakpress.net\/arhiva\/wp-content\/uploads\/2015\/01\/Capture22.jpg","keywords":["Sand\u017eak PRESS"],"articleSection":["Nacija","Njema\u010dka","Austrija","\u0160vicarska","VIJESTI DANA"],"inLanguage":"bs-BA","potentialAction":[{"@type":"CommentAction","name":"Comment","target":["https:\/\/sandzakpress.net\/arhiva\/pocela-sa-radom-sandzak-press-deutsch\/#respond"]}]},{"@type":"WebPage","@id":"https:\/\/sandzakpress.net\/arhiva\/pocela-sa-radom-sandzak-press-deutsch\/","url":"https:\/\/sandzakpress.net\/arhiva\/pocela-sa-radom-sandzak-press-deutsch\/","name":"Po\u010dela sa radom Sand\u017eak PRESS Deutsch","isPartOf":{"@id":"https:\/\/sandzakpress.net\/arhiva\/#website"},"primaryImageOfPage":{"@id":"https:\/\/sandzakpress.net\/arhiva\/pocela-sa-radom-sandzak-press-deutsch\/#primaryimage"},"image":{"@id":"https:\/\/sandzakpress.net\/arhiva\/pocela-sa-radom-sandzak-press-deutsch\/#primaryimage"},"thumbnailUrl":"https:\/\/sandzakpress.net\/arhiva\/wp-content\/uploads\/2015\/01\/Capture22.jpg","datePublished":"2015-01-19T11:28:48+00:00","dateModified":"2015-01-19T11:50:49+00:00","breadcrumb":{"@id":"https:\/\/sandzakpress.net\/arhiva\/pocela-sa-radom-sandzak-press-deutsch\/#breadcrumb"},"inLanguage":"bs-BA","potentialAction":[{"@type":"ReadAction","target":["https:\/\/sandzakpress.net\/arhiva\/pocela-sa-radom-sandzak-press-deutsch\/"]}]},{"@type":"ImageObject","inLanguage":"bs-BA","@id":"https:\/\/sandzakpress.net\/arhiva\/pocela-sa-radom-sandzak-press-deutsch\/#primaryimage","url":"https:\/\/sandzakpress.net\/arhiva\/wp-content\/uploads\/2015\/01\/Capture22.jpg","contentUrl":"https:\/\/sandzakpress.net\/arhiva\/wp-content\/uploads\/2015\/01\/Capture22.jpg","width":642,"height":585},{"@type":"BreadcrumbList","@id":"https:\/\/sandzakpress.net\/arhiva\/pocela-sa-radom-sandzak-press-deutsch\/#breadcrumb","itemListElement":[{"@type":"ListItem","position":1,"name":"Home","item":"https:\/\/sandzakpress.net\/arhiva\/"},{"@type":"ListItem","position":2,"name":"Po\u010dela sa radom Sand\u017eak PRESS Deutsch"}]},{"@type":"WebSite","@id":"https:\/\/sandzakpress.net\/arhiva\/#website","url":"https:\/\/sandzakpress.net\/arhiva\/","name":"Sand\u017eak PRESS","description":"Prve elektronske novine u Sand\u017eaku","publisher":{"@id":"https:\/\/sandzakpress.net\/arhiva\/#\/schema\/person\/6e72b67d6e51910a1117b3b483ba20bd"},"potentialAction":[{"@type":"SearchAction","target":{"@type":"EntryPoint","urlTemplate":"https:\/\/sandzakpress.net\/arhiva\/?s={search_term_string}"},"query-input":{"@type":"PropertyValueSpecification","valueRequired":true,"valueName":"search_term_string"}}],"inLanguage":"bs-BA"},{"@type":["Person","Organization"],"@id":"https:\/\/sandzakpress.net\/arhiva\/#\/schema\/person\/6e72b67d6e51910a1117b3b483ba20bd","name":"Kul","image":{"@type":"ImageObject","inLanguage":"bs-BA","@id":"https:\/\/sandzakpress.net\/arhiva\/#\/schema\/person\/image\/","url":"https:\/\/secure.gravatar.com\/avatar\/42263f39aa27ac04c43cab85c280eb2e?s=96&d=mm&r=pg","contentUrl":"https:\/\/secure.gravatar.com\/avatar\/42263f39aa27ac04c43cab85c280eb2e?s=96&d=mm&r=pg","caption":"Kul"},"logo":{"@id":"https:\/\/sandzakpress.net\/arhiva\/#\/schema\/person\/image\/"}},{"@type":"Person","@id":"https:\/\/sandzakpress.net\/arhiva\/#\/schema\/person\/c8baee722073534b583ea7bdb2e36c02","name":"bosniak","image":{"@type":"ImageObject","inLanguage":"bs-BA","@id":"https:\/\/sandzakpress.net\/arhiva\/#\/schema\/person\/image\/","url":"https:\/\/secure.gravatar.com\/avatar\/a04fd330bfe3a36a72a0ad4a6d89fca7?s=96&d=mm&r=pg","contentUrl":"https:\/\/secure.gravatar.com\/avatar\/a04fd330bfe3a36a72a0ad4a6d89fca7?s=96&d=mm&r=pg","caption":"bosniak"},"url":"https:\/\/sandzakpress.net\/arhiva\/author\/bosniak\/"}]}},"_links":{"self":[{"href":"https:\/\/sandzakpress.net\/arhiva\/wp-json\/wp\/v2\/posts\/119702"}],"collection":[{"href":"https:\/\/sandzakpress.net\/arhiva\/wp-json\/wp\/v2\/posts"}],"about":[{"href":"https:\/\/sandzakpress.net\/arhiva\/wp-json\/wp\/v2\/types\/post"}],"author":[{"embeddable":true,"href":"https:\/\/sandzakpress.net\/arhiva\/wp-json\/wp\/v2\/users\/83"}],"replies":[{"embeddable":true,"href":"https:\/\/sandzakpress.net\/arhiva\/wp-json\/wp\/v2\/comments?post=119702"}],"version-history":[{"count":0,"href":"https:\/\/sandzakpress.net\/arhiva\/wp-json\/wp\/v2\/posts\/119702\/revisions"}],"wp:featuredmedia":[{"embeddable":true,"href":"https:\/\/sandzakpress.net\/arhiva\/wp-json\/wp\/v2\/media\/119721"}],"wp:attachment":[{"href":"https:\/\/sandzakpress.net\/arhiva\/wp-json\/wp\/v2\/media?parent=119702"}],"wp:term":[{"taxonomy":"category","embeddable":true,"href":"https:\/\/sandzakpress.net\/arhiva\/wp-json\/wp\/v2\/categories?post=119702"},{"taxonomy":"post_tag","embeddable":true,"href":"https:\/\/sandzakpress.net\/arhiva\/wp-json\/wp\/v2\/tags?post=119702"}],"curies":[{"name":"wp","href":"https:\/\/api.w.org\/{rel}","templated":true}]}}