{"id":119417,"date":"2015-01-15T13:37:54","date_gmt":"2015-01-15T12:37:54","guid":{"rendered":"https:\/\/sandzakpress.net\/arhiva\/?p=119417"},"modified":"2015-01-16T22:22:43","modified_gmt":"2015-01-16T21:22:43","slug":"sarli-ebdo-casopis-koji-je-zloupotrebio-slobodu","status":"publish","type":"post","link":"https:\/\/sandzakpress.net\/arhiva\/sarli-ebdo-casopis-koji-je-zloupotrebio-slobodu\/","title":{"rendered":"&#8220;\u0160arli Ebdo&#8221; \u010dasopis koji je zloupotrebio slobodu"},"content":{"rendered":"<p><img loading=\"lazy\" decoding=\"async\" class=\"aligncenter size-full wp-image-119433\" src=\"https:\/\/sandzakpress.net\/arhiva\/wp-content\/uploads\/2015\/01\/Adrin-Ku\u010d.jpg\" alt=\"Adrin Ku\u010d\" width=\"620\" height=\"336\" srcset=\"https:\/\/sandzakpress.net\/arhiva\/wp-content\/uploads\/2015\/01\/Adrin-Ku\u010d.jpg 620w, https:\/\/sandzakpress.net\/arhiva\/wp-content\/uploads\/2015\/01\/Adrin-Ku\u010d-616x333.jpg 616w\" sizes=\"(max-width: 620px) 100vw, 620px\" \/>Satiri\u010dni list &#8221;\u0160arli Ebdo&#8221; je dokazao da sloboda mi\u0161ljenja mo\u017ee biti strijela koja proma\u0161uje svoju su\u0161tinu jer je taoc pokvarenog luka.<\/p>\n<p>To je uzrokovalo nepotrebnu smrt dvanaestoro ljudi iz uredni\u0161tva tog lista a \u010dini mi se jo\u0161 dalekose\u017enije posljedice a ti\u010du se duboke uvrede muslimana. I &#8221; Ja nisam \u0160arli &#8221;. To govorim iz razloga \u0161to zapadna civilizacija \u017eeli da nacionalnim zastavicama, tehnolo\u0161kom superiorno\u0161\u0107u, diplomatskim smotrama, medijskim osudama odbrani slobodu govora , koja je po njima jo\u0161 1215. godine ustanovljena &#8221;Velikom poveljom o slobodama(Magna charta libertarum)&#8221;.<\/p>\n<p>Tada je kralj svojom bahatom samovoljom sprovodio vlast nad feudalcima koji su ga sprije\u010dili poveljom da ne ismijava svoj narod te da im da pravo tim \u0161to \u0107e biti ograni\u010den. &#8221;\u0160arli Ebdo&#8221; je dana\u0161nji kralj te Povelje , a muslimani su ti radikalni feudalci koji su uvrije\u0111eni. &#8221;\u0160arli Ebdo&#8221; do\u017eivljava slobodu govora kao svoj presti\u017e, kao hranu, ovla\u0161\u0107enje koje nikog ne treba uznemiriti i uvrijediti, jer su oni novinari ili karikaturisti, ekspresija koja vlada nad svima.<\/p>\n<p>Takvi jednosmjerni nagoni su identi\u010dni sa \u017eivotinjskim , to je zloupotreba slobode! Sloboda je povezana sa spoznajom ,tolerancijom, istinom i po\u0161tovanjem, kultom. Teroristi koji su ih napali ne zaslu\u017euju moju pa\u017enju . Upravo dana\u0161nje medijsko oko gleda zapad kao centar svijeta.<\/p>\n<p>Tada pojedinac sa druga\u010dijim identitetom pogubi svoje samopouzdanje, uvu\u010de se u sebe jer sve \u0161to gleda nije ono u \u0161ta on vjeruje. Preporu\u010dujem im da idu korak naprijed, mo\u017eda je njihovo uvjerenje toliko duboko u njima da se od tame ne vidi, neka znanjem prosvijetle sebe.<\/p>\n<p>Senzacionalisti\u010dki naslovi u na\u0161im medijima slu\u017ee da bi se izvr\u0161ila manipulacija ljudima, samo da bi medijski zadovoljili sebe i svoje finansijere. Preno\u0161enje bilo kakve vijesti je velika odgovornost i prenosit je nije lako.<\/p>\n<p><strong>Omladini je koprena stavljena jo\u0161 u kolijevci<\/strong><\/p>\n<p>Kada je va\u0161a svijest pod anestezijom istih ljudi, istih gre\u0161aka, iste tromosti , onda molite Boga da se \u0161to prije osjetite svojim, da se probudite. Volju su izgubili \u010dini mi se prije nego su ro\u0111eni, a koprena im je stavljena jo\u0161 u kolijevci. Volja za promjenama kao misija treba da se razvija generacijama, na\u0161i stariji trebaju da posiju bunt, da bi sa nama iznikao. Koprena je zapravo razna propaganda sa raznih ili istih izvora koja nas ukalupljuje i stvara od nas robove. Vjera je to \u0161to mijenja nas a tim i \u010ditav svijet.<\/p>\n<p><strong><span style=\"font-size: 13px;\">Obrazovni sistem jedne dr\u017eave mora biti \u010dist od\u00a0 ideologija<\/span><\/strong><\/p>\n<p><span style=\"font-size: 13px;\">Prije svega obrazovni sistem jedne dr\u017eave mora biti \u010dist od tendencija svakojakih ideologija i da je odgovaraju\u0107i za sve, ne samo za jedne. Ono \u0161to je Istorija kao predmet u \u0161kolama za jedne, za druge je propaganda zlo\u010dina i tu se mora sprovesti istina do kraja, no , to je proces.Smatram da ulaganje u \u0161kolstvo jeste bitno ali onda kada se kadar iskristalizuje u prave profesore, neutralne, efikasne i u skladu sa vremenom.<\/span><\/p>\n<p>Autor: Misli sand\u017ea\u010dke omladine &#8211; Ardin Ku\u010d<\/p>\n<p>Izvor: SANA<\/p>\n<p>&nbsp;<\/p>\n","protected":false},"excerpt":{"rendered":"<p>Adrin Ku\u010d<\/p>\n","protected":false},"author":83,"featured_media":119433,"comment_status":"open","ping_status":"open","sticky":false,"template":"","format":"standard","meta":{"footnotes":""},"categories":[10196,16],"tags":[],"class_list":{"0":"post-119417","1":"post","2":"type-post","3":"status-publish","4":"format-standard","5":"has-post-thumbnail","7":"category-iz-pera-nasih-autora","8":"category-novine"},"yoast_head":"<!-- This site is optimized with the Yoast SEO Premium plugin v23.1 (Yoast SEO v24.9) - https:\/\/yoast.com\/wordpress\/plugins\/seo\/ -->\n<title>&quot;\u0160arli Ebdo&quot; \u010dasopis koji je zloupotrebio slobodu<\/title>\n<meta name=\"robots\" content=\"index, follow, max-snippet:-1, max-image-preview:large, max-video-preview:-1\" \/>\n<link rel=\"canonical\" href=\"https:\/\/sandzakpress.net\/arhiva\/sarli-ebdo-casopis-koji-je-zloupotrebio-slobodu\/\" \/>\n<meta property=\"og:locale\" content=\"bs_BA\" \/>\n<meta property=\"og:type\" content=\"article\" \/>\n<meta property=\"og:title\" content=\"&quot;\u0160arli Ebdo&quot; \u010dasopis koji je zloupotrebio slobodu\" \/>\n<meta property=\"og:description\" content=\"Adrin Ku\u010d\" \/>\n<meta property=\"og:url\" content=\"https:\/\/sandzakpress.net\/arhiva\/sarli-ebdo-casopis-koji-je-zloupotrebio-slobodu\/\" \/>\n<meta property=\"og:site_name\" content=\"Sand\u017eak PRESS\" \/>\n<meta property=\"article:published_time\" content=\"2015-01-15T12:37:54+00:00\" \/>\n<meta property=\"article:modified_time\" content=\"2015-01-16T21:22:43+00:00\" \/>\n<meta property=\"og:image\" content=\"https:\/\/sandzakpress.net\/arhiva\/wp-content\/uploads\/2015\/01\/Adrin-Ku\u010d.jpg\" \/>\n\t<meta property=\"og:image:width\" content=\"620\" \/>\n\t<meta property=\"og:image:height\" content=\"336\" \/>\n\t<meta property=\"og:image:type\" content=\"image\/jpeg\" \/>\n<meta name=\"author\" content=\"bosniak\" \/>\n<meta name=\"twitter:card\" content=\"summary_large_image\" \/>\n<meta name=\"twitter:label1\" content=\"Written by\" \/>\n\t<meta name=\"twitter:data1\" content=\"bosniak\" \/>\n\t<meta name=\"twitter:label2\" content=\"Est. reading time\" \/>\n\t<meta name=\"twitter:data2\" content=\"3 minute\" \/>\n<script type=\"application\/ld+json\" class=\"yoast-schema-graph\">{\"@context\":\"https:\/\/schema.org\",\"@graph\":[{\"@type\":\"Article\",\"@id\":\"https:\/\/sandzakpress.net\/arhiva\/sarli-ebdo-casopis-koji-je-zloupotrebio-slobodu\/#article\",\"isPartOf\":{\"@id\":\"https:\/\/sandzakpress.net\/arhiva\/sarli-ebdo-casopis-koji-je-zloupotrebio-slobodu\/\"},\"author\":{\"name\":\"bosniak\",\"@id\":\"https:\/\/sandzakpress.net\/arhiva\/#\/schema\/person\/c8baee722073534b583ea7bdb2e36c02\"},\"headline\":\"&#8220;\u0160arli Ebdo&#8221; \u010dasopis koji je zloupotrebio slobodu\",\"datePublished\":\"2015-01-15T12:37:54+00:00\",\"dateModified\":\"2015-01-16T21:22:43+00:00\",\"mainEntityOfPage\":{\"@id\":\"https:\/\/sandzakpress.net\/arhiva\/sarli-ebdo-casopis-koji-je-zloupotrebio-slobodu\/\"},\"wordCount\":514,\"commentCount\":1,\"publisher\":{\"@id\":\"https:\/\/sandzakpress.net\/arhiva\/#\/schema\/person\/6e72b67d6e51910a1117b3b483ba20bd\"},\"image\":{\"@id\":\"https:\/\/sandzakpress.net\/arhiva\/sarli-ebdo-casopis-koji-je-zloupotrebio-slobodu\/#primaryimage\"},\"thumbnailUrl\":\"https:\/\/sandzakpress.net\/arhiva\/wp-content\/uploads\/2015\/01\/Adrin-Ku\u010d.jpg\",\"articleSection\":[\"Iz pera na\u0161ih autora\",\"Novine\"],\"inLanguage\":\"bs-BA\",\"potentialAction\":[{\"@type\":\"CommentAction\",\"name\":\"Comment\",\"target\":[\"https:\/\/sandzakpress.net\/arhiva\/sarli-ebdo-casopis-koji-je-zloupotrebio-slobodu\/#respond\"]}]},{\"@type\":\"WebPage\",\"@id\":\"https:\/\/sandzakpress.net\/arhiva\/sarli-ebdo-casopis-koji-je-zloupotrebio-slobodu\/\",\"url\":\"https:\/\/sandzakpress.net\/arhiva\/sarli-ebdo-casopis-koji-je-zloupotrebio-slobodu\/\",\"name\":\"\\\"\u0160arli Ebdo\\\" \u010dasopis koji je zloupotrebio slobodu\",\"isPartOf\":{\"@id\":\"https:\/\/sandzakpress.net\/arhiva\/#website\"},\"primaryImageOfPage\":{\"@id\":\"https:\/\/sandzakpress.net\/arhiva\/sarli-ebdo-casopis-koji-je-zloupotrebio-slobodu\/#primaryimage\"},\"image\":{\"@id\":\"https:\/\/sandzakpress.net\/arhiva\/sarli-ebdo-casopis-koji-je-zloupotrebio-slobodu\/#primaryimage\"},\"thumbnailUrl\":\"https:\/\/sandzakpress.net\/arhiva\/wp-content\/uploads\/2015\/01\/Adrin-Ku\u010d.jpg\",\"datePublished\":\"2015-01-15T12:37:54+00:00\",\"dateModified\":\"2015-01-16T21:22:43+00:00\",\"breadcrumb\":{\"@id\":\"https:\/\/sandzakpress.net\/arhiva\/sarli-ebdo-casopis-koji-je-zloupotrebio-slobodu\/#breadcrumb\"},\"inLanguage\":\"bs-BA\",\"potentialAction\":[{\"@type\":\"ReadAction\",\"target\":[\"https:\/\/sandzakpress.net\/arhiva\/sarli-ebdo-casopis-koji-je-zloupotrebio-slobodu\/\"]}]},{\"@type\":\"ImageObject\",\"inLanguage\":\"bs-BA\",\"@id\":\"https:\/\/sandzakpress.net\/arhiva\/sarli-ebdo-casopis-koji-je-zloupotrebio-slobodu\/#primaryimage\",\"url\":\"https:\/\/sandzakpress.net\/arhiva\/wp-content\/uploads\/2015\/01\/Adrin-Ku\u010d.jpg\",\"contentUrl\":\"https:\/\/sandzakpress.net\/arhiva\/wp-content\/uploads\/2015\/01\/Adrin-Ku\u010d.jpg\",\"width\":620,\"height\":336},{\"@type\":\"BreadcrumbList\",\"@id\":\"https:\/\/sandzakpress.net\/arhiva\/sarli-ebdo-casopis-koji-je-zloupotrebio-slobodu\/#breadcrumb\",\"itemListElement\":[{\"@type\":\"ListItem\",\"position\":1,\"name\":\"Home\",\"item\":\"https:\/\/sandzakpress.net\/arhiva\/\"},{\"@type\":\"ListItem\",\"position\":2,\"name\":\"&#8220;\u0160arli Ebdo&#8221; \u010dasopis koji je zloupotrebio slobodu\"}]},{\"@type\":\"WebSite\",\"@id\":\"https:\/\/sandzakpress.net\/arhiva\/#website\",\"url\":\"https:\/\/sandzakpress.net\/arhiva\/\",\"name\":\"Sand\u017eak PRESS\",\"description\":\"Prve elektronske novine u Sand\u017eaku\",\"publisher\":{\"@id\":\"https:\/\/sandzakpress.net\/arhiva\/#\/schema\/person\/6e72b67d6e51910a1117b3b483ba20bd\"},\"potentialAction\":[{\"@type\":\"SearchAction\",\"target\":{\"@type\":\"EntryPoint\",\"urlTemplate\":\"https:\/\/sandzakpress.net\/arhiva\/?s={search_term_string}\"},\"query-input\":{\"@type\":\"PropertyValueSpecification\",\"valueRequired\":true,\"valueName\":\"search_term_string\"}}],\"inLanguage\":\"bs-BA\"},{\"@type\":[\"Person\",\"Organization\"],\"@id\":\"https:\/\/sandzakpress.net\/arhiva\/#\/schema\/person\/6e72b67d6e51910a1117b3b483ba20bd\",\"name\":\"Kul\",\"image\":{\"@type\":\"ImageObject\",\"inLanguage\":\"bs-BA\",\"@id\":\"https:\/\/sandzakpress.net\/arhiva\/#\/schema\/person\/image\/\",\"url\":\"https:\/\/secure.gravatar.com\/avatar\/42263f39aa27ac04c43cab85c280eb2e?s=96&d=mm&r=pg\",\"contentUrl\":\"https:\/\/secure.gravatar.com\/avatar\/42263f39aa27ac04c43cab85c280eb2e?s=96&d=mm&r=pg\",\"caption\":\"Kul\"},\"logo\":{\"@id\":\"https:\/\/sandzakpress.net\/arhiva\/#\/schema\/person\/image\/\"}},{\"@type\":\"Person\",\"@id\":\"https:\/\/sandzakpress.net\/arhiva\/#\/schema\/person\/c8baee722073534b583ea7bdb2e36c02\",\"name\":\"bosniak\",\"image\":{\"@type\":\"ImageObject\",\"inLanguage\":\"bs-BA\",\"@id\":\"https:\/\/sandzakpress.net\/arhiva\/#\/schema\/person\/image\/\",\"url\":\"https:\/\/secure.gravatar.com\/avatar\/a04fd330bfe3a36a72a0ad4a6d89fca7?s=96&d=mm&r=pg\",\"contentUrl\":\"https:\/\/secure.gravatar.com\/avatar\/a04fd330bfe3a36a72a0ad4a6d89fca7?s=96&d=mm&r=pg\",\"caption\":\"bosniak\"},\"url\":\"https:\/\/sandzakpress.net\/arhiva\/author\/bosniak\/\"}]}<\/script>\n<!-- \/ Yoast SEO Premium plugin. -->","yoast_head_json":{"title":"\"\u0160arli Ebdo\" \u010dasopis koji je zloupotrebio slobodu","robots":{"index":"index","follow":"follow","max-snippet":"max-snippet:-1","max-image-preview":"max-image-preview:large","max-video-preview":"max-video-preview:-1"},"canonical":"https:\/\/sandzakpress.net\/arhiva\/sarli-ebdo-casopis-koji-je-zloupotrebio-slobodu\/","og_locale":"bs_BA","og_type":"article","og_title":"\"\u0160arli Ebdo\" \u010dasopis koji je zloupotrebio slobodu","og_description":"Adrin Ku\u010d","og_url":"https:\/\/sandzakpress.net\/arhiva\/sarli-ebdo-casopis-koji-je-zloupotrebio-slobodu\/","og_site_name":"Sand\u017eak PRESS","article_published_time":"2015-01-15T12:37:54+00:00","article_modified_time":"2015-01-16T21:22:43+00:00","og_image":[{"width":620,"height":336,"url":"https:\/\/sandzakpress.net\/arhiva\/wp-content\/uploads\/2015\/01\/Adrin-Ku\u010d.jpg","type":"image\/jpeg"}],"author":"bosniak","twitter_card":"summary_large_image","twitter_misc":{"Written by":"bosniak","Est. reading time":"3 minute"},"schema":{"@context":"https:\/\/schema.org","@graph":[{"@type":"Article","@id":"https:\/\/sandzakpress.net\/arhiva\/sarli-ebdo-casopis-koji-je-zloupotrebio-slobodu\/#article","isPartOf":{"@id":"https:\/\/sandzakpress.net\/arhiva\/sarli-ebdo-casopis-koji-je-zloupotrebio-slobodu\/"},"author":{"name":"bosniak","@id":"https:\/\/sandzakpress.net\/arhiva\/#\/schema\/person\/c8baee722073534b583ea7bdb2e36c02"},"headline":"&#8220;\u0160arli Ebdo&#8221; \u010dasopis koji je zloupotrebio slobodu","datePublished":"2015-01-15T12:37:54+00:00","dateModified":"2015-01-16T21:22:43+00:00","mainEntityOfPage":{"@id":"https:\/\/sandzakpress.net\/arhiva\/sarli-ebdo-casopis-koji-je-zloupotrebio-slobodu\/"},"wordCount":514,"commentCount":1,"publisher":{"@id":"https:\/\/sandzakpress.net\/arhiva\/#\/schema\/person\/6e72b67d6e51910a1117b3b483ba20bd"},"image":{"@id":"https:\/\/sandzakpress.net\/arhiva\/sarli-ebdo-casopis-koji-je-zloupotrebio-slobodu\/#primaryimage"},"thumbnailUrl":"https:\/\/sandzakpress.net\/arhiva\/wp-content\/uploads\/2015\/01\/Adrin-Ku\u010d.jpg","articleSection":["Iz pera na\u0161ih autora","Novine"],"inLanguage":"bs-BA","potentialAction":[{"@type":"CommentAction","name":"Comment","target":["https:\/\/sandzakpress.net\/arhiva\/sarli-ebdo-casopis-koji-je-zloupotrebio-slobodu\/#respond"]}]},{"@type":"WebPage","@id":"https:\/\/sandzakpress.net\/arhiva\/sarli-ebdo-casopis-koji-je-zloupotrebio-slobodu\/","url":"https:\/\/sandzakpress.net\/arhiva\/sarli-ebdo-casopis-koji-je-zloupotrebio-slobodu\/","name":"\"\u0160arli Ebdo\" \u010dasopis koji je zloupotrebio slobodu","isPartOf":{"@id":"https:\/\/sandzakpress.net\/arhiva\/#website"},"primaryImageOfPage":{"@id":"https:\/\/sandzakpress.net\/arhiva\/sarli-ebdo-casopis-koji-je-zloupotrebio-slobodu\/#primaryimage"},"image":{"@id":"https:\/\/sandzakpress.net\/arhiva\/sarli-ebdo-casopis-koji-je-zloupotrebio-slobodu\/#primaryimage"},"thumbnailUrl":"https:\/\/sandzakpress.net\/arhiva\/wp-content\/uploads\/2015\/01\/Adrin-Ku\u010d.jpg","datePublished":"2015-01-15T12:37:54+00:00","dateModified":"2015-01-16T21:22:43+00:00","breadcrumb":{"@id":"https:\/\/sandzakpress.net\/arhiva\/sarli-ebdo-casopis-koji-je-zloupotrebio-slobodu\/#breadcrumb"},"inLanguage":"bs-BA","potentialAction":[{"@type":"ReadAction","target":["https:\/\/sandzakpress.net\/arhiva\/sarli-ebdo-casopis-koji-je-zloupotrebio-slobodu\/"]}]},{"@type":"ImageObject","inLanguage":"bs-BA","@id":"https:\/\/sandzakpress.net\/arhiva\/sarli-ebdo-casopis-koji-je-zloupotrebio-slobodu\/#primaryimage","url":"https:\/\/sandzakpress.net\/arhiva\/wp-content\/uploads\/2015\/01\/Adrin-Ku\u010d.jpg","contentUrl":"https:\/\/sandzakpress.net\/arhiva\/wp-content\/uploads\/2015\/01\/Adrin-Ku\u010d.jpg","width":620,"height":336},{"@type":"BreadcrumbList","@id":"https:\/\/sandzakpress.net\/arhiva\/sarli-ebdo-casopis-koji-je-zloupotrebio-slobodu\/#breadcrumb","itemListElement":[{"@type":"ListItem","position":1,"name":"Home","item":"https:\/\/sandzakpress.net\/arhiva\/"},{"@type":"ListItem","position":2,"name":"&#8220;\u0160arli Ebdo&#8221; \u010dasopis koji je zloupotrebio slobodu"}]},{"@type":"WebSite","@id":"https:\/\/sandzakpress.net\/arhiva\/#website","url":"https:\/\/sandzakpress.net\/arhiva\/","name":"Sand\u017eak PRESS","description":"Prve elektronske novine u Sand\u017eaku","publisher":{"@id":"https:\/\/sandzakpress.net\/arhiva\/#\/schema\/person\/6e72b67d6e51910a1117b3b483ba20bd"},"potentialAction":[{"@type":"SearchAction","target":{"@type":"EntryPoint","urlTemplate":"https:\/\/sandzakpress.net\/arhiva\/?s={search_term_string}"},"query-input":{"@type":"PropertyValueSpecification","valueRequired":true,"valueName":"search_term_string"}}],"inLanguage":"bs-BA"},{"@type":["Person","Organization"],"@id":"https:\/\/sandzakpress.net\/arhiva\/#\/schema\/person\/6e72b67d6e51910a1117b3b483ba20bd","name":"Kul","image":{"@type":"ImageObject","inLanguage":"bs-BA","@id":"https:\/\/sandzakpress.net\/arhiva\/#\/schema\/person\/image\/","url":"https:\/\/secure.gravatar.com\/avatar\/42263f39aa27ac04c43cab85c280eb2e?s=96&d=mm&r=pg","contentUrl":"https:\/\/secure.gravatar.com\/avatar\/42263f39aa27ac04c43cab85c280eb2e?s=96&d=mm&r=pg","caption":"Kul"},"logo":{"@id":"https:\/\/sandzakpress.net\/arhiva\/#\/schema\/person\/image\/"}},{"@type":"Person","@id":"https:\/\/sandzakpress.net\/arhiva\/#\/schema\/person\/c8baee722073534b583ea7bdb2e36c02","name":"bosniak","image":{"@type":"ImageObject","inLanguage":"bs-BA","@id":"https:\/\/sandzakpress.net\/arhiva\/#\/schema\/person\/image\/","url":"https:\/\/secure.gravatar.com\/avatar\/a04fd330bfe3a36a72a0ad4a6d89fca7?s=96&d=mm&r=pg","contentUrl":"https:\/\/secure.gravatar.com\/avatar\/a04fd330bfe3a36a72a0ad4a6d89fca7?s=96&d=mm&r=pg","caption":"bosniak"},"url":"https:\/\/sandzakpress.net\/arhiva\/author\/bosniak\/"}]}},"_links":{"self":[{"href":"https:\/\/sandzakpress.net\/arhiva\/wp-json\/wp\/v2\/posts\/119417"}],"collection":[{"href":"https:\/\/sandzakpress.net\/arhiva\/wp-json\/wp\/v2\/posts"}],"about":[{"href":"https:\/\/sandzakpress.net\/arhiva\/wp-json\/wp\/v2\/types\/post"}],"author":[{"embeddable":true,"href":"https:\/\/sandzakpress.net\/arhiva\/wp-json\/wp\/v2\/users\/83"}],"replies":[{"embeddable":true,"href":"https:\/\/sandzakpress.net\/arhiva\/wp-json\/wp\/v2\/comments?post=119417"}],"version-history":[{"count":0,"href":"https:\/\/sandzakpress.net\/arhiva\/wp-json\/wp\/v2\/posts\/119417\/revisions"}],"wp:featuredmedia":[{"embeddable":true,"href":"https:\/\/sandzakpress.net\/arhiva\/wp-json\/wp\/v2\/media\/119433"}],"wp:attachment":[{"href":"https:\/\/sandzakpress.net\/arhiva\/wp-json\/wp\/v2\/media?parent=119417"}],"wp:term":[{"taxonomy":"category","embeddable":true,"href":"https:\/\/sandzakpress.net\/arhiva\/wp-json\/wp\/v2\/categories?post=119417"},{"taxonomy":"post_tag","embeddable":true,"href":"https:\/\/sandzakpress.net\/arhiva\/wp-json\/wp\/v2\/tags?post=119417"}],"curies":[{"name":"wp","href":"https:\/\/api.w.org\/{rel}","templated":true}]}}