{"id":119321,"date":"2015-01-14T10:35:22","date_gmt":"2015-01-14T09:35:22","guid":{"rendered":"https:\/\/sandzakpress.net\/arhiva\/?p=119321"},"modified":"2015-01-14T10:35:22","modified_gmt":"2015-01-14T09:35:22","slug":"snjezna-oluja-odnosi-zivote-sirijske-djece","status":"publish","type":"post","link":"https:\/\/sandzakpress.net\/arhiva\/snjezna-oluja-odnosi-zivote-sirijske-djece\/","title":{"rendered":"Snje\u017ena oluja odnosi \u017eivote sirijske djece"},"content":{"rendered":"<p><strong>Svijet &#8211; Sirijska opservatorija za ljudska prava isti\u010de kako se na udaru hladno\u0107e i gladi na\u0161lo gotovo 800.000 ljudi.<br \/>\n<\/strong><\/p>\n<div class=\"youtube-embed\" data-video_id=\"9S9-4DxwdoQ\"><iframe loading=\"lazy\" title=\"Djeca u Siriji umiru od hladno\u0107e\" width=\"696\" height=\"392\" src=\"https:\/\/www.youtube.com\/embed\/9S9-4DxwdoQ?feature=oembed&#038;enablejsapi=1\" frameborder=\"0\" allow=\"accelerometer; autoplay; encrypted-media; gyroscope; picture-in-picture\" allowfullscreen><\/iframe><\/div>\n<p>Najmanje sedam Sirijaca, od \u010dega \u010detvero djece, umrlo je od posljedica snje\u017ene oluje koja je pogodila Bliski istok. Jedno dijete umrlo je u isto\u010dnoj Guti, gdje se hiljade porodica bore da pre\u017eive zimu.<\/p>\n<p>Dje\u010dak Mohammed i njegova majka Sirijka nastoje se ugrijati. Oni re\u017eu granu usred dnevnog boravka, kako bi nalo\u017eiti vatru u pe\u0107ici.<\/p>\n<p>Ovo je jedini na\u010din da se ljudi zagriju u isto\u010dnoj Guti, gradi\u0107u nadomak glavnog grada Sirije Damaska. Mohammedova majka ka\u017ee da kupovinu drva vi\u0161e niko mo\u017ee priu\u0161titi.<\/p>\n<p>&#8220;Kako da vam opi\u0161em \u0161ta nas je sna\u0161lo? Ne samo nas, nego sve ljude ovdje. Nemamo vi\u0161e \u0161ta lo\u017eiti. Ljudi drva tra\u017ee i u sme\u0107u&#8221;, ka\u017ee ova Sirijka.<\/p>\n<p>Prazne trgovine<\/p>\n<p>Sirijski grad Douma je ve\u0107 tri godine pod opsadom Vladinih snaga. Snje\u017ena oluja odsjekla je puteve koji povezuju naselja u isto\u010dnoj Guti. Oni koji nisu pro\u0161log ljeta napravili zalihe hrane, sada ih ne mogu kupiti &#8211; trgovine su zatvorene ili prazne.<\/p>\n<p>Britanska nevladina organizacija Sirijska opservatorija za ljudska prava isti\u010de kako se na udaru hladno\u0107e i gladi na\u0161lo gotovo 800.000 ljudi.<\/p>\n<p>&#8220;Da nemam toplu odje\u0107u od pro\u0161le godine, sad ne bih imala \u0161ta nositi. Nemamo novca ni za hranu, a kamoli za odje\u0107u&#8221;, govori stanovnica Doume Bouchra.<\/p>\n<p>(Al Jazeera i agencije)<\/p>\n","protected":false},"excerpt":{"rendered":"<p>Svijet &#8211; Sirijska opservatorija za ljudska prava isti\u010de kako se na udaru hladno\u0107e i gladi na\u0161lo gotovo 800.000 ljudi. Najmanje sedam Sirijaca, od \u010dega \u010detvero djece, umrlo je od posljedica snje\u017ene oluje koja je pogodila Bliski istok. Jedno dijete umrlo je u isto\u010dnoj Guti, gdje se hiljade porodica bore da pre\u017eive zimu. Dje\u010dak Mohammed i [&hellip;]<\/p>\n","protected":false},"author":83,"featured_media":119322,"comment_status":"open","ping_status":"open","sticky":false,"template":"","format":"standard","meta":{"footnotes":""},"categories":[9,798],"tags":[10491],"class_list":{"0":"post-119321","1":"post","2":"type-post","3":"status-publish","4":"format-standard","5":"has-post-thumbnail","7":"category-svijet","8":"category-teme","9":"tag-ummet"},"yoast_head":"<!-- This site is optimized with the Yoast SEO Premium plugin v23.1 (Yoast SEO v24.9) - https:\/\/yoast.com\/wordpress\/plugins\/seo\/ -->\n<title>Snje\u017ena oluja odnosi \u017eivote sirijske djece<\/title>\n<meta name=\"robots\" content=\"index, follow, max-snippet:-1, max-image-preview:large, max-video-preview:-1\" \/>\n<link rel=\"canonical\" href=\"https:\/\/sandzakpress.net\/arhiva\/snjezna-oluja-odnosi-zivote-sirijske-djece\/\" \/>\n<meta property=\"og:locale\" content=\"bs_BA\" \/>\n<meta property=\"og:type\" content=\"article\" \/>\n<meta property=\"og:title\" content=\"Snje\u017ena oluja odnosi \u017eivote sirijske djece\" \/>\n<meta property=\"og:description\" content=\"Svijet &#8211; Sirijska opservatorija za ljudska prava isti\u010de kako se na udaru hladno\u0107e i gladi na\u0161lo gotovo 800.000 ljudi. Najmanje sedam Sirijaca, od \u010dega \u010detvero djece, umrlo je od posljedica snje\u017ene oluje koja je pogodila Bliski istok. Jedno dijete umrlo je u isto\u010dnoj Guti, gdje se hiljade porodica bore da pre\u017eive zimu. Dje\u010dak Mohammed i [&hellip;]\" \/>\n<meta property=\"og:url\" content=\"https:\/\/sandzakpress.net\/arhiva\/snjezna-oluja-odnosi-zivote-sirijske-djece\/\" \/>\n<meta property=\"og:site_name\" content=\"Sand\u017eak PRESS\" \/>\n<meta property=\"article:published_time\" content=\"2015-01-14T09:35:22+00:00\" \/>\n<meta property=\"og:image\" content=\"https:\/\/sandzakpress.net\/arhiva\/wp-content\/uploads\/2015\/01\/040.jpg\" \/>\n\t<meta property=\"og:image:width\" content=\"480\" \/>\n\t<meta property=\"og:image:height\" content=\"360\" \/>\n\t<meta property=\"og:image:type\" content=\"image\/jpeg\" \/>\n<meta name=\"author\" content=\"bosniak\" \/>\n<meta name=\"twitter:card\" content=\"summary_large_image\" \/>\n<meta name=\"twitter:label1\" content=\"Written by\" \/>\n\t<meta name=\"twitter:data1\" content=\"bosniak\" \/>\n\t<meta name=\"twitter:label2\" content=\"Est. reading time\" \/>\n\t<meta name=\"twitter:data2\" content=\"1 minuta\" \/>\n<script type=\"application\/ld+json\" class=\"yoast-schema-graph\">{\"@context\":\"https:\/\/schema.org\",\"@graph\":[{\"@type\":\"Article\",\"@id\":\"https:\/\/sandzakpress.net\/arhiva\/snjezna-oluja-odnosi-zivote-sirijske-djece\/#article\",\"isPartOf\":{\"@id\":\"https:\/\/sandzakpress.net\/arhiva\/snjezna-oluja-odnosi-zivote-sirijske-djece\/\"},\"author\":{\"name\":\"bosniak\",\"@id\":\"https:\/\/sandzakpress.net\/arhiva\/#\/schema\/person\/c8baee722073534b583ea7bdb2e36c02\"},\"headline\":\"Snje\u017ena oluja odnosi \u017eivote sirijske djece\",\"datePublished\":\"2015-01-14T09:35:22+00:00\",\"mainEntityOfPage\":{\"@id\":\"https:\/\/sandzakpress.net\/arhiva\/snjezna-oluja-odnosi-zivote-sirijske-djece\/\"},\"wordCount\":268,\"commentCount\":2,\"publisher\":{\"@id\":\"https:\/\/sandzakpress.net\/arhiva\/#\/schema\/person\/6e72b67d6e51910a1117b3b483ba20bd\"},\"image\":{\"@id\":\"https:\/\/sandzakpress.net\/arhiva\/snjezna-oluja-odnosi-zivote-sirijske-djece\/#primaryimage\"},\"thumbnailUrl\":\"https:\/\/sandzakpress.net\/arhiva\/wp-content\/uploads\/2015\/01\/040.jpg\",\"keywords\":[\"Ummet\"],\"articleSection\":[\"Svijet\",\"NAJNOVIJE\"],\"inLanguage\":\"bs-BA\",\"potentialAction\":[{\"@type\":\"CommentAction\",\"name\":\"Comment\",\"target\":[\"https:\/\/sandzakpress.net\/arhiva\/snjezna-oluja-odnosi-zivote-sirijske-djece\/#respond\"]}]},{\"@type\":\"WebPage\",\"@id\":\"https:\/\/sandzakpress.net\/arhiva\/snjezna-oluja-odnosi-zivote-sirijske-djece\/\",\"url\":\"https:\/\/sandzakpress.net\/arhiva\/snjezna-oluja-odnosi-zivote-sirijske-djece\/\",\"name\":\"Snje\u017ena oluja odnosi \u017eivote sirijske djece\",\"isPartOf\":{\"@id\":\"https:\/\/sandzakpress.net\/arhiva\/#website\"},\"primaryImageOfPage\":{\"@id\":\"https:\/\/sandzakpress.net\/arhiva\/snjezna-oluja-odnosi-zivote-sirijske-djece\/#primaryimage\"},\"image\":{\"@id\":\"https:\/\/sandzakpress.net\/arhiva\/snjezna-oluja-odnosi-zivote-sirijske-djece\/#primaryimage\"},\"thumbnailUrl\":\"https:\/\/sandzakpress.net\/arhiva\/wp-content\/uploads\/2015\/01\/040.jpg\",\"datePublished\":\"2015-01-14T09:35:22+00:00\",\"breadcrumb\":{\"@id\":\"https:\/\/sandzakpress.net\/arhiva\/snjezna-oluja-odnosi-zivote-sirijske-djece\/#breadcrumb\"},\"inLanguage\":\"bs-BA\",\"potentialAction\":[{\"@type\":\"ReadAction\",\"target\":[\"https:\/\/sandzakpress.net\/arhiva\/snjezna-oluja-odnosi-zivote-sirijske-djece\/\"]}]},{\"@type\":\"ImageObject\",\"inLanguage\":\"bs-BA\",\"@id\":\"https:\/\/sandzakpress.net\/arhiva\/snjezna-oluja-odnosi-zivote-sirijske-djece\/#primaryimage\",\"url\":\"https:\/\/sandzakpress.net\/arhiva\/wp-content\/uploads\/2015\/01\/040.jpg\",\"contentUrl\":\"https:\/\/sandzakpress.net\/arhiva\/wp-content\/uploads\/2015\/01\/040.jpg\",\"width\":480,\"height\":360},{\"@type\":\"BreadcrumbList\",\"@id\":\"https:\/\/sandzakpress.net\/arhiva\/snjezna-oluja-odnosi-zivote-sirijske-djece\/#breadcrumb\",\"itemListElement\":[{\"@type\":\"ListItem\",\"position\":1,\"name\":\"Home\",\"item\":\"https:\/\/sandzakpress.net\/arhiva\/\"},{\"@type\":\"ListItem\",\"position\":2,\"name\":\"Snje\u017ena oluja odnosi \u017eivote sirijske djece\"}]},{\"@type\":\"WebSite\",\"@id\":\"https:\/\/sandzakpress.net\/arhiva\/#website\",\"url\":\"https:\/\/sandzakpress.net\/arhiva\/\",\"name\":\"Sand\u017eak PRESS\",\"description\":\"Prve elektronske novine u Sand\u017eaku\",\"publisher\":{\"@id\":\"https:\/\/sandzakpress.net\/arhiva\/#\/schema\/person\/6e72b67d6e51910a1117b3b483ba20bd\"},\"potentialAction\":[{\"@type\":\"SearchAction\",\"target\":{\"@type\":\"EntryPoint\",\"urlTemplate\":\"https:\/\/sandzakpress.net\/arhiva\/?s={search_term_string}\"},\"query-input\":{\"@type\":\"PropertyValueSpecification\",\"valueRequired\":true,\"valueName\":\"search_term_string\"}}],\"inLanguage\":\"bs-BA\"},{\"@type\":[\"Person\",\"Organization\"],\"@id\":\"https:\/\/sandzakpress.net\/arhiva\/#\/schema\/person\/6e72b67d6e51910a1117b3b483ba20bd\",\"name\":\"Kul\",\"image\":{\"@type\":\"ImageObject\",\"inLanguage\":\"bs-BA\",\"@id\":\"https:\/\/sandzakpress.net\/arhiva\/#\/schema\/person\/image\/\",\"url\":\"https:\/\/secure.gravatar.com\/avatar\/42263f39aa27ac04c43cab85c280eb2e?s=96&d=mm&r=pg\",\"contentUrl\":\"https:\/\/secure.gravatar.com\/avatar\/42263f39aa27ac04c43cab85c280eb2e?s=96&d=mm&r=pg\",\"caption\":\"Kul\"},\"logo\":{\"@id\":\"https:\/\/sandzakpress.net\/arhiva\/#\/schema\/person\/image\/\"}},{\"@type\":\"Person\",\"@id\":\"https:\/\/sandzakpress.net\/arhiva\/#\/schema\/person\/c8baee722073534b583ea7bdb2e36c02\",\"name\":\"bosniak\",\"image\":{\"@type\":\"ImageObject\",\"inLanguage\":\"bs-BA\",\"@id\":\"https:\/\/sandzakpress.net\/arhiva\/#\/schema\/person\/image\/\",\"url\":\"https:\/\/secure.gravatar.com\/avatar\/a04fd330bfe3a36a72a0ad4a6d89fca7?s=96&d=mm&r=pg\",\"contentUrl\":\"https:\/\/secure.gravatar.com\/avatar\/a04fd330bfe3a36a72a0ad4a6d89fca7?s=96&d=mm&r=pg\",\"caption\":\"bosniak\"},\"url\":\"https:\/\/sandzakpress.net\/arhiva\/author\/bosniak\/\"}]}<\/script>\n<!-- \/ Yoast SEO Premium plugin. -->","yoast_head_json":{"title":"Snje\u017ena oluja odnosi \u017eivote sirijske djece","robots":{"index":"index","follow":"follow","max-snippet":"max-snippet:-1","max-image-preview":"max-image-preview:large","max-video-preview":"max-video-preview:-1"},"canonical":"https:\/\/sandzakpress.net\/arhiva\/snjezna-oluja-odnosi-zivote-sirijske-djece\/","og_locale":"bs_BA","og_type":"article","og_title":"Snje\u017ena oluja odnosi \u017eivote sirijske djece","og_description":"Svijet &#8211; Sirijska opservatorija za ljudska prava isti\u010de kako se na udaru hladno\u0107e i gladi na\u0161lo gotovo 800.000 ljudi. Najmanje sedam Sirijaca, od \u010dega \u010detvero djece, umrlo je od posljedica snje\u017ene oluje koja je pogodila Bliski istok. Jedno dijete umrlo je u isto\u010dnoj Guti, gdje se hiljade porodica bore da pre\u017eive zimu. Dje\u010dak Mohammed i [&hellip;]","og_url":"https:\/\/sandzakpress.net\/arhiva\/snjezna-oluja-odnosi-zivote-sirijske-djece\/","og_site_name":"Sand\u017eak PRESS","article_published_time":"2015-01-14T09:35:22+00:00","og_image":[{"width":480,"height":360,"url":"https:\/\/sandzakpress.net\/arhiva\/wp-content\/uploads\/2015\/01\/040.jpg","type":"image\/jpeg"}],"author":"bosniak","twitter_card":"summary_large_image","twitter_misc":{"Written by":"bosniak","Est. reading time":"1 minuta"},"schema":{"@context":"https:\/\/schema.org","@graph":[{"@type":"Article","@id":"https:\/\/sandzakpress.net\/arhiva\/snjezna-oluja-odnosi-zivote-sirijske-djece\/#article","isPartOf":{"@id":"https:\/\/sandzakpress.net\/arhiva\/snjezna-oluja-odnosi-zivote-sirijske-djece\/"},"author":{"name":"bosniak","@id":"https:\/\/sandzakpress.net\/arhiva\/#\/schema\/person\/c8baee722073534b583ea7bdb2e36c02"},"headline":"Snje\u017ena oluja odnosi \u017eivote sirijske djece","datePublished":"2015-01-14T09:35:22+00:00","mainEntityOfPage":{"@id":"https:\/\/sandzakpress.net\/arhiva\/snjezna-oluja-odnosi-zivote-sirijske-djece\/"},"wordCount":268,"commentCount":2,"publisher":{"@id":"https:\/\/sandzakpress.net\/arhiva\/#\/schema\/person\/6e72b67d6e51910a1117b3b483ba20bd"},"image":{"@id":"https:\/\/sandzakpress.net\/arhiva\/snjezna-oluja-odnosi-zivote-sirijske-djece\/#primaryimage"},"thumbnailUrl":"https:\/\/sandzakpress.net\/arhiva\/wp-content\/uploads\/2015\/01\/040.jpg","keywords":["Ummet"],"articleSection":["Svijet","NAJNOVIJE"],"inLanguage":"bs-BA","potentialAction":[{"@type":"CommentAction","name":"Comment","target":["https:\/\/sandzakpress.net\/arhiva\/snjezna-oluja-odnosi-zivote-sirijske-djece\/#respond"]}]},{"@type":"WebPage","@id":"https:\/\/sandzakpress.net\/arhiva\/snjezna-oluja-odnosi-zivote-sirijske-djece\/","url":"https:\/\/sandzakpress.net\/arhiva\/snjezna-oluja-odnosi-zivote-sirijske-djece\/","name":"Snje\u017ena oluja odnosi \u017eivote sirijske djece","isPartOf":{"@id":"https:\/\/sandzakpress.net\/arhiva\/#website"},"primaryImageOfPage":{"@id":"https:\/\/sandzakpress.net\/arhiva\/snjezna-oluja-odnosi-zivote-sirijske-djece\/#primaryimage"},"image":{"@id":"https:\/\/sandzakpress.net\/arhiva\/snjezna-oluja-odnosi-zivote-sirijske-djece\/#primaryimage"},"thumbnailUrl":"https:\/\/sandzakpress.net\/arhiva\/wp-content\/uploads\/2015\/01\/040.jpg","datePublished":"2015-01-14T09:35:22+00:00","breadcrumb":{"@id":"https:\/\/sandzakpress.net\/arhiva\/snjezna-oluja-odnosi-zivote-sirijske-djece\/#breadcrumb"},"inLanguage":"bs-BA","potentialAction":[{"@type":"ReadAction","target":["https:\/\/sandzakpress.net\/arhiva\/snjezna-oluja-odnosi-zivote-sirijske-djece\/"]}]},{"@type":"ImageObject","inLanguage":"bs-BA","@id":"https:\/\/sandzakpress.net\/arhiva\/snjezna-oluja-odnosi-zivote-sirijske-djece\/#primaryimage","url":"https:\/\/sandzakpress.net\/arhiva\/wp-content\/uploads\/2015\/01\/040.jpg","contentUrl":"https:\/\/sandzakpress.net\/arhiva\/wp-content\/uploads\/2015\/01\/040.jpg","width":480,"height":360},{"@type":"BreadcrumbList","@id":"https:\/\/sandzakpress.net\/arhiva\/snjezna-oluja-odnosi-zivote-sirijske-djece\/#breadcrumb","itemListElement":[{"@type":"ListItem","position":1,"name":"Home","item":"https:\/\/sandzakpress.net\/arhiva\/"},{"@type":"ListItem","position":2,"name":"Snje\u017ena oluja odnosi \u017eivote sirijske djece"}]},{"@type":"WebSite","@id":"https:\/\/sandzakpress.net\/arhiva\/#website","url":"https:\/\/sandzakpress.net\/arhiva\/","name":"Sand\u017eak PRESS","description":"Prve elektronske novine u Sand\u017eaku","publisher":{"@id":"https:\/\/sandzakpress.net\/arhiva\/#\/schema\/person\/6e72b67d6e51910a1117b3b483ba20bd"},"potentialAction":[{"@type":"SearchAction","target":{"@type":"EntryPoint","urlTemplate":"https:\/\/sandzakpress.net\/arhiva\/?s={search_term_string}"},"query-input":{"@type":"PropertyValueSpecification","valueRequired":true,"valueName":"search_term_string"}}],"inLanguage":"bs-BA"},{"@type":["Person","Organization"],"@id":"https:\/\/sandzakpress.net\/arhiva\/#\/schema\/person\/6e72b67d6e51910a1117b3b483ba20bd","name":"Kul","image":{"@type":"ImageObject","inLanguage":"bs-BA","@id":"https:\/\/sandzakpress.net\/arhiva\/#\/schema\/person\/image\/","url":"https:\/\/secure.gravatar.com\/avatar\/42263f39aa27ac04c43cab85c280eb2e?s=96&d=mm&r=pg","contentUrl":"https:\/\/secure.gravatar.com\/avatar\/42263f39aa27ac04c43cab85c280eb2e?s=96&d=mm&r=pg","caption":"Kul"},"logo":{"@id":"https:\/\/sandzakpress.net\/arhiva\/#\/schema\/person\/image\/"}},{"@type":"Person","@id":"https:\/\/sandzakpress.net\/arhiva\/#\/schema\/person\/c8baee722073534b583ea7bdb2e36c02","name":"bosniak","image":{"@type":"ImageObject","inLanguage":"bs-BA","@id":"https:\/\/sandzakpress.net\/arhiva\/#\/schema\/person\/image\/","url":"https:\/\/secure.gravatar.com\/avatar\/a04fd330bfe3a36a72a0ad4a6d89fca7?s=96&d=mm&r=pg","contentUrl":"https:\/\/secure.gravatar.com\/avatar\/a04fd330bfe3a36a72a0ad4a6d89fca7?s=96&d=mm&r=pg","caption":"bosniak"},"url":"https:\/\/sandzakpress.net\/arhiva\/author\/bosniak\/"}]}},"_links":{"self":[{"href":"https:\/\/sandzakpress.net\/arhiva\/wp-json\/wp\/v2\/posts\/119321"}],"collection":[{"href":"https:\/\/sandzakpress.net\/arhiva\/wp-json\/wp\/v2\/posts"}],"about":[{"href":"https:\/\/sandzakpress.net\/arhiva\/wp-json\/wp\/v2\/types\/post"}],"author":[{"embeddable":true,"href":"https:\/\/sandzakpress.net\/arhiva\/wp-json\/wp\/v2\/users\/83"}],"replies":[{"embeddable":true,"href":"https:\/\/sandzakpress.net\/arhiva\/wp-json\/wp\/v2\/comments?post=119321"}],"version-history":[{"count":0,"href":"https:\/\/sandzakpress.net\/arhiva\/wp-json\/wp\/v2\/posts\/119321\/revisions"}],"wp:featuredmedia":[{"embeddable":true,"href":"https:\/\/sandzakpress.net\/arhiva\/wp-json\/wp\/v2\/media\/119322"}],"wp:attachment":[{"href":"https:\/\/sandzakpress.net\/arhiva\/wp-json\/wp\/v2\/media?parent=119321"}],"wp:term":[{"taxonomy":"category","embeddable":true,"href":"https:\/\/sandzakpress.net\/arhiva\/wp-json\/wp\/v2\/categories?post=119321"},{"taxonomy":"post_tag","embeddable":true,"href":"https:\/\/sandzakpress.net\/arhiva\/wp-json\/wp\/v2\/tags?post=119321"}],"curies":[{"name":"wp","href":"https:\/\/api.w.org\/{rel}","templated":true}]}}