{"id":119116,"date":"2015-01-12T12:35:07","date_gmt":"2015-01-12T11:35:07","guid":{"rendered":"https:\/\/sandzakpress.net\/arhiva\/?p=119116"},"modified":"2015-01-12T12:35:07","modified_gmt":"2015-01-12T11:35:07","slug":"prizren-15-godina-od-gnusnog-zlocina-nad-porodicom-skenderi","status":"publish","type":"post","link":"https:\/\/sandzakpress.net\/arhiva\/prizren-15-godina-od-gnusnog-zlocina-nad-porodicom-skenderi\/","title":{"rendered":"Prizren: 15 godina od gnusnog zlo\u010dina nad porodicom Skenderi"},"content":{"rendered":"<p><img decoding=\"async\" src=\"http:\/\/www.info-ks.net\/slike\/clanci\/slike\/2015\/Januar\/avaz1.jpg\" alt=\"\" \/><\/p>\n<p><strong>Kosovo &#8211; U no\u0107i izme\u0111u 10. i 11. januara 2000. godine u Kosomajskoj ulici u naselju Tusus u Prizrenu svirepo je ubijeno \u010detri \u010dlana bo\u0161nja\u010dke porodice Skenderi. Nepoznate maskirane ubice su upale u ku\u0107u Sezaira Skenderija i na najmonstruozniji na\u010din li\u0161ili \u017eivota Sezaira (50), suprugu Anifu (48), dvadestgodi\u0161nju k\u0107erku Ardijanu i majku \u0110ulju (72).<\/strong><\/p>\n<p>&#8220;Pola sata nakon pono\u0107i kom\u0161ije su \u010dule rafalnu i pojedina\u010dnu paljbu, vjerovatno su ubice u namjeri da zapla\u0161e \u017eitelje ovog naselja kako bi neometano i bez svjedoka izvr\u0161ile svoje gnusne namjere. \u010cuv\u0161i pucnjavu, \u017eitelji ovog naselja su se upla\u0161ili i pozatvarali u svojim domovima. Nisu mogli ni telefonom da obavijeste UNMIK policiju o pucnjavi, jer su ubice pomra\u010denih umova sra\u010dunato presjekli telefonske kablove, i to na dva mjesta.<\/p>\n<p>Rano ujutro kom\u0161ije su na\u0161li masakrirana tijela porodice Skenderi. Osim tijela djevojke Ardijane, koje je na\u0111eno u avliji, tijela ostalih \u010dlanova porodice na\u0111ena su u krevetima. Bo\u0161njaci ovih prostora su, nakon tragi\u010dne vijesti o svirepom ubistvu bo\u0161nja\u010dke porodice, izrazili gnu\u0161anje i zgra\u017eavanje nad ovim zlo\u010dina\u010dkim aktom. U znak protesta u\u010denici i nastavnici u nastavi na bosanskom jeziku obustavili su nastavu\u201d, prenio je ovu tragi\u010dnu vijest Nezavisni bo\u0161nja\u010dki nedjeljnik &#8220;Kosovski Avaz&#8221; 12. januara 2000. godine.<br \/>\nNa d\u017eenazi koja je obavljena 15. januara bilo je prisutno, po procjeni novinara ovog nedjeljnika, oko 15 hiljada Bo\u0161njaka iz svih krajeva Kosova.<\/p>\n<p>Po\u010dinioci ovog najstra\u0161nijeg zlo\u010dina nad bo\u0161nja\u010dkom zajednicom na Kosovu i poslije 15 godina nisu prona\u0111eni.<br \/>\nBo\u0161nja\u010dki politi\u010dki predstavnici na Kosovu ka\u017eu da su od relevantnih institucija tra\u017eili da se ovaj zlo\u010din rasvjetli ali da nije bilo nikakvih pomaka u istrazi. Za lo\u0161e sprovedenu istragu okrivljuju Unmik policiju i KFOR koji su tada bili zadu\u017eeni za bezbjednost na Kosovu. Izra\u017eavaju nadu da \u0107e se formiranje Specijalnog suda na Kosovu, koji \u0107e se baviti prije svega zlo\u010dinama nad manjinama, rasvjetliti ovaj zlo\u010din i prona\u0107i po\u010dinioci nad 84 poslijeratne bo\u0161nja\u010dke \u017ertve na Kosovu.<\/p>\n<p>Rasim Demiri, ministar bez portfelja u Vladi Kosova:<\/p>\n<p>&#8220;Ovo je dan o kome ne trebamo \u0161utjeti, dan o kome trebamo govoriti, s obzirom da se radi o jednom velikom masakru, ne zbog pro\u0161losti ve\u0107i zbog budu\u0107nosti, jer ukoliko zaboravimo ovaj dan zaboravili smo i sami sebe. Na ovaj dan prije 15 godina izvr\u0161en je masakr ne samo nad porodicom Skenderi, ve\u0107 i nad cijeloj bo\u0161nja\u010dkoj zajednici na Kosovu. To je pokazala i njihova d\u017eenaza na kojoj se okupilo nekoliko hiljada Bo\u0161njaka, \u0161to je bila jasna poruka po\u010diniocima zlo\u010dina da su pucanjem u \u010dlanove porodice Skenderi pucali u cijelu bo\u0161nja\u010dku zajednicu. Tra\u017eili smo, a to i danas \u010dinimo, od svih relevantnih institucija da ovaj zlo\u010din, kao i svi posljeratni po\u010dinjeni zlo\u010dini na Kosovu rasvjetle, na\u017ealost do sada ni\u0161ta konkretno nije u\u010dinjeno. Nadam se da se ne\u0107e stati na ovome i da \u0107e se prona\u0107i po\u010dinioci.<br \/>\nS obzirom da je u toku imenovanje seoski ulica predlo\u017eio bih da jedna od ulica u Jablanici nosi ime dana\u0161njeg datuma ili porodice Skenderi.&#8221;<\/p>\n<p>&#8220;Sa dubokim biolom prisje\u0107am se 11. januara 2000. godine, kada je na brutalan na\u010din iz nepoznatih razloga \u017eivot izgubila familija Skenderi. Velika tragedija koja je zadesila cijelu bo\u0161nja\u010dku zajednicu prizrenskog regiona i strah koji smo tada pro\u017eivljavali se nikada ne mo\u017ee zaboraviti. Zlo\u010dinci koji su po\u010dinili taj masakr nisu prona\u0111eni niti ka\u017enjeni, iako su tu teritoriju obezbje\u0111ivali pripadnici turskog KFOR-a i UNMIK-a. Po prvi put sam u Parlamentu Kosova digla glas o zlo\u010dinu nad porodicom Skenderi te od nadlje\u017enih organa pravde zahtjevala da se slu\u010daj rasvjetli. O\u010dekivala sam da me i drugi poslanici koji predstavljaju interese Bo\u0161njaka podr\u017ee, me\u0111utim to se nije dogodilo. Nadam se da \u0107e se Specijalni sud za ratne zlo\u010dine, koji se treba uskoro formirati, ozbiljno baviti svim posljeratnim ubistvima koja su zadesila nedu\u017eni bo\u0161nja\u010dki narod, jer niko nema pravo da nekome oduzme \u017eivot a pritom ostane ne ka\u017enjen, bez obzira ko je to i sa koje strane dolazi.&#8221;<br \/>\n\u0106erim Bajrami, poslanik u Skup\u0161tini Kosova:<\/p>\n<p>&#8220;Bo\u0161njaci su svijesni ovog zlo\u010dina i ne postoji kolektivni zaborav, me\u0111utim postoji razo\u010darenje \u0161to do dana dana\u0161njeg ni za jedno od tih poslijeratnih ubistava, pa ni za ovaj stravi\u010dan zlo\u010din u naselju Tusus, gdje su ubijene tri \u017eene iz tri generacije i njihov sin, otac i suprug , i dalje nema valjane istrage. Mi i danas podsje\u0107amo i nas i sve na Kosovu da tra\u017eimo od organa Kosova, od Policije Kosova i od sudskih organa da ovu istragu nastave i okon\u010daju, iako smo svjesni da Policija Kosova i sada\u0161nji sudski organi ne snose odgovornost za lo\u0161u istragu koju su sproveli Unmik policija i KFOR, koji su tada bili zadu\u017eeni za bezbjednost na Kosovu. Mi danas ne osu\u0111ujemo nikog, jer ne znamo koga da osudimo, ali jo\u0161 manje smo ovdje da nekome oprostimo. Kao bo\u0161nja\u010dki predstavnici, du\u017eni smo da podsje\u0107amo na sve ove zlo\u010dine na\u010dinjene nad pripadnicima bo\u0161nja\u010dke zajednice na Kosovu i da tra\u017eimo da se njihove ubice prona\u0111u i izvedu pred lice pravde.&#8221;<br \/>\nD\u017eezair Murati, predsjednik Koalicije Vakat:<\/p>\n<p>&#8220;Mi smo na institucionalan na\u010din, preko Parlamenta Kosova, preko relevantnih me\u0111unarodnih i doma\u0107ih organizacija, u vi\u0161e navrata inicirali da se ovaj zlo\u010din, kao i zlo\u010dini nad drugim Bo\u0161njacima i gra\u0111anima Kosova koji su nestali nakon rata na Kosovu poku\u0161avali na sve mogu\u0107e na\u010dine da ne do\u0111e do zastoja, da se nastavi istraga i da se po\u010dinioci privedu pravdi. Me\u0111utim, na na\u0161e veliko razo\u010darenje Unmik je u to vrijeme pokazao izvjesnu indolentnost i nepotpunu zaintersesovanost \u0161to nas je razo\u010daravalo i dan danas razo\u010darava. Ne \u017eelimo da u nekog upiremo prst ali nemojte o\u010dekivati da \u0107emo stati u daljem nastojanju pronala\u017eenja po\u010dinioca. Ovaj zlo\u010din \u0107e i nadalje nas da zaokuplja, na na\u010din da ne prika\u017eemo sebe u smislu nezainteresovanosti , pre\u0107utkivanja ili \u010dak zastra\u0161ivanja. Ne, niko nas ne\u0107e zastra\u0161iti i mi \u0107emo i dalje nastojati da se po\u010dinioci privedu pravdi.<br \/>\nJedna od prvih aktivnosti nakon formiranja Specijalnog suda na Kosovu je i pokretanje inicijative za rasvjetljavanje svih zlo\u010dina nad Bo\u0161njacima. Mi smo dali podr\u0161ku da se ovaj sud formira i radi\u0107emo na tome da se i ovaj zlo\u010din rasvjetli ali i prona\u0111u i po\u010dinioci nad 84 poslijeratne bo\u0161nja\u010dke \u017ertve na Kosovu za koje imamo spiskove.&#8221;<\/p>\n<p>Sadik Idrizi, predsjednik Demokratske stranke Vatan:<\/p>\n<p>&#8220;Ovo svirepo ubistvo \u010detvoro\u010dlane porodice Skenderi iz Prizrena bilo je najte\u017ei udarac za bo\u0161nja\u010dki narod od zavr\u0161etka rata na Kosovu. Zbog ovog zlo\u010dina kod svih pripadnika na\u0161e zajednice poja\u010dana je zabrinutost i strah za opstanak, \u010dime je pokrenut jo\u0161 jedan talas iseljavanja. Ovaj doga\u0111aj, iako stravi\u010dan, nije dobio adekvatno mjesto u kosovskim medijima, a posebno ne u medijima u Bosni i Hercegovini. I svih proteklih godina zlo\u010din je ostao obavijen \u0161utnjom i, koliko je meni poznato, istraga se nije pomjerila sa nule.&#8221;<\/p>\n<p>(info-ks)<\/p>\n","protected":false},"excerpt":{"rendered":"<p>Kosovo &#8211; U no\u0107i izme\u0111u 10. i 11. januara 2000. godine u Kosomajskoj ulici u naselju Tusus u Prizrenu svirepo je ubijeno \u010detri \u010dlana bo\u0161nja\u010dke porodice Skenderi. Nepoznate maskirane ubice su upale u ku\u0107u Sezaira Skenderija i na najmonstruozniji na\u010din li\u0161ili \u017eivota Sezaira (50), suprugu Anifu (48), dvadestgodi\u0161nju k\u0107erku Ardijanu i majku \u0110ulju (72). &#8220;Pola [&hellip;]<\/p>\n","protected":false},"author":83,"featured_media":119117,"comment_status":"open","ping_status":"open","sticky":false,"template":"","format":"standard","meta":{"footnotes":""},"categories":[800,2690],"tags":[],"class_list":{"0":"post-119116","1":"post","2":"type-post","3":"status-publish","4":"format-standard","5":"has-post-thumbnail","7":"category-nacija","8":"category-kosovo-gradovi"},"yoast_head":"<!-- This site is optimized with the Yoast SEO Premium plugin v23.1 (Yoast SEO v24.9) - https:\/\/yoast.com\/wordpress\/plugins\/seo\/ -->\n<title>Prizren: 15 godina od gnusnog zlo\u010dina nad porodicom Skenderi<\/title>\n<meta name=\"robots\" content=\"index, follow, max-snippet:-1, max-image-preview:large, max-video-preview:-1\" \/>\n<link rel=\"canonical\" href=\"https:\/\/sandzakpress.net\/arhiva\/prizren-15-godina-od-gnusnog-zlocina-nad-porodicom-skenderi\/\" \/>\n<meta property=\"og:locale\" content=\"bs_BA\" \/>\n<meta property=\"og:type\" content=\"article\" \/>\n<meta property=\"og:title\" content=\"Prizren: 15 godina od gnusnog zlo\u010dina nad porodicom Skenderi\" \/>\n<meta property=\"og:description\" content=\"Kosovo &#8211; U no\u0107i izme\u0111u 10. i 11. januara 2000. godine u Kosomajskoj ulici u naselju Tusus u Prizrenu svirepo je ubijeno \u010detri \u010dlana bo\u0161nja\u010dke porodice Skenderi. Nepoznate maskirane ubice su upale u ku\u0107u Sezaira Skenderija i na najmonstruozniji na\u010din li\u0161ili \u017eivota Sezaira (50), suprugu Anifu (48), dvadestgodi\u0161nju k\u0107erku Ardijanu i majku \u0110ulju (72). &#8220;Pola [&hellip;]\" \/>\n<meta property=\"og:url\" content=\"https:\/\/sandzakpress.net\/arhiva\/prizren-15-godina-od-gnusnog-zlocina-nad-porodicom-skenderi\/\" \/>\n<meta property=\"og:site_name\" content=\"Sand\u017eak PRESS\" \/>\n<meta property=\"article:published_time\" content=\"2015-01-12T11:35:07+00:00\" \/>\n<meta property=\"og:image\" content=\"https:\/\/sandzakpress.net\/arhiva\/wp-content\/uploads\/2015\/01\/avaz1.jpg\" \/>\n\t<meta property=\"og:image:width\" content=\"655\" \/>\n\t<meta property=\"og:image:height\" content=\"431\" \/>\n\t<meta property=\"og:image:type\" content=\"image\/jpeg\" \/>\n<meta name=\"author\" content=\"bosniak\" \/>\n<meta name=\"twitter:card\" content=\"summary_large_image\" \/>\n<meta name=\"twitter:label1\" content=\"Written by\" \/>\n\t<meta name=\"twitter:data1\" content=\"bosniak\" \/>\n\t<meta name=\"twitter:label2\" content=\"Est. reading time\" \/>\n\t<meta name=\"twitter:data2\" content=\"6 minuta\" \/>\n<script type=\"application\/ld+json\" class=\"yoast-schema-graph\">{\"@context\":\"https:\/\/schema.org\",\"@graph\":[{\"@type\":\"Article\",\"@id\":\"https:\/\/sandzakpress.net\/arhiva\/prizren-15-godina-od-gnusnog-zlocina-nad-porodicom-skenderi\/#article\",\"isPartOf\":{\"@id\":\"https:\/\/sandzakpress.net\/arhiva\/prizren-15-godina-od-gnusnog-zlocina-nad-porodicom-skenderi\/\"},\"author\":{\"name\":\"bosniak\",\"@id\":\"https:\/\/sandzakpress.net\/arhiva\/#\/schema\/person\/c8baee722073534b583ea7bdb2e36c02\"},\"headline\":\"Prizren: 15 godina od gnusnog zlo\u010dina nad porodicom Skenderi\",\"datePublished\":\"2015-01-12T11:35:07+00:00\",\"mainEntityOfPage\":{\"@id\":\"https:\/\/sandzakpress.net\/arhiva\/prizren-15-godina-od-gnusnog-zlocina-nad-porodicom-skenderi\/\"},\"wordCount\":1255,\"commentCount\":9,\"publisher\":{\"@id\":\"https:\/\/sandzakpress.net\/arhiva\/#\/schema\/person\/6e72b67d6e51910a1117b3b483ba20bd\"},\"image\":{\"@id\":\"https:\/\/sandzakpress.net\/arhiva\/prizren-15-godina-od-gnusnog-zlocina-nad-porodicom-skenderi\/#primaryimage\"},\"thumbnailUrl\":\"https:\/\/sandzakpress.net\/arhiva\/wp-content\/uploads\/2015\/01\/avaz1.jpg\",\"articleSection\":[\"Nacija\",\"Kosovo\"],\"inLanguage\":\"bs-BA\",\"potentialAction\":[{\"@type\":\"CommentAction\",\"name\":\"Comment\",\"target\":[\"https:\/\/sandzakpress.net\/arhiva\/prizren-15-godina-od-gnusnog-zlocina-nad-porodicom-skenderi\/#respond\"]}]},{\"@type\":\"WebPage\",\"@id\":\"https:\/\/sandzakpress.net\/arhiva\/prizren-15-godina-od-gnusnog-zlocina-nad-porodicom-skenderi\/\",\"url\":\"https:\/\/sandzakpress.net\/arhiva\/prizren-15-godina-od-gnusnog-zlocina-nad-porodicom-skenderi\/\",\"name\":\"Prizren: 15 godina od gnusnog zlo\u010dina nad porodicom Skenderi\",\"isPartOf\":{\"@id\":\"https:\/\/sandzakpress.net\/arhiva\/#website\"},\"primaryImageOfPage\":{\"@id\":\"https:\/\/sandzakpress.net\/arhiva\/prizren-15-godina-od-gnusnog-zlocina-nad-porodicom-skenderi\/#primaryimage\"},\"image\":{\"@id\":\"https:\/\/sandzakpress.net\/arhiva\/prizren-15-godina-od-gnusnog-zlocina-nad-porodicom-skenderi\/#primaryimage\"},\"thumbnailUrl\":\"https:\/\/sandzakpress.net\/arhiva\/wp-content\/uploads\/2015\/01\/avaz1.jpg\",\"datePublished\":\"2015-01-12T11:35:07+00:00\",\"breadcrumb\":{\"@id\":\"https:\/\/sandzakpress.net\/arhiva\/prizren-15-godina-od-gnusnog-zlocina-nad-porodicom-skenderi\/#breadcrumb\"},\"inLanguage\":\"bs-BA\",\"potentialAction\":[{\"@type\":\"ReadAction\",\"target\":[\"https:\/\/sandzakpress.net\/arhiva\/prizren-15-godina-od-gnusnog-zlocina-nad-porodicom-skenderi\/\"]}]},{\"@type\":\"ImageObject\",\"inLanguage\":\"bs-BA\",\"@id\":\"https:\/\/sandzakpress.net\/arhiva\/prizren-15-godina-od-gnusnog-zlocina-nad-porodicom-skenderi\/#primaryimage\",\"url\":\"https:\/\/sandzakpress.net\/arhiva\/wp-content\/uploads\/2015\/01\/avaz1.jpg\",\"contentUrl\":\"https:\/\/sandzakpress.net\/arhiva\/wp-content\/uploads\/2015\/01\/avaz1.jpg\",\"width\":655,\"height\":431},{\"@type\":\"BreadcrumbList\",\"@id\":\"https:\/\/sandzakpress.net\/arhiva\/prizren-15-godina-od-gnusnog-zlocina-nad-porodicom-skenderi\/#breadcrumb\",\"itemListElement\":[{\"@type\":\"ListItem\",\"position\":1,\"name\":\"Home\",\"item\":\"https:\/\/sandzakpress.net\/arhiva\/\"},{\"@type\":\"ListItem\",\"position\":2,\"name\":\"Prizren: 15 godina od gnusnog zlo\u010dina nad porodicom Skenderi\"}]},{\"@type\":\"WebSite\",\"@id\":\"https:\/\/sandzakpress.net\/arhiva\/#website\",\"url\":\"https:\/\/sandzakpress.net\/arhiva\/\",\"name\":\"Sand\u017eak PRESS\",\"description\":\"Prve elektronske novine u Sand\u017eaku\",\"publisher\":{\"@id\":\"https:\/\/sandzakpress.net\/arhiva\/#\/schema\/person\/6e72b67d6e51910a1117b3b483ba20bd\"},\"potentialAction\":[{\"@type\":\"SearchAction\",\"target\":{\"@type\":\"EntryPoint\",\"urlTemplate\":\"https:\/\/sandzakpress.net\/arhiva\/?s={search_term_string}\"},\"query-input\":{\"@type\":\"PropertyValueSpecification\",\"valueRequired\":true,\"valueName\":\"search_term_string\"}}],\"inLanguage\":\"bs-BA\"},{\"@type\":[\"Person\",\"Organization\"],\"@id\":\"https:\/\/sandzakpress.net\/arhiva\/#\/schema\/person\/6e72b67d6e51910a1117b3b483ba20bd\",\"name\":\"Kul\",\"image\":{\"@type\":\"ImageObject\",\"inLanguage\":\"bs-BA\",\"@id\":\"https:\/\/sandzakpress.net\/arhiva\/#\/schema\/person\/image\/\",\"url\":\"https:\/\/secure.gravatar.com\/avatar\/42263f39aa27ac04c43cab85c280eb2e?s=96&d=mm&r=pg\",\"contentUrl\":\"https:\/\/secure.gravatar.com\/avatar\/42263f39aa27ac04c43cab85c280eb2e?s=96&d=mm&r=pg\",\"caption\":\"Kul\"},\"logo\":{\"@id\":\"https:\/\/sandzakpress.net\/arhiva\/#\/schema\/person\/image\/\"}},{\"@type\":\"Person\",\"@id\":\"https:\/\/sandzakpress.net\/arhiva\/#\/schema\/person\/c8baee722073534b583ea7bdb2e36c02\",\"name\":\"bosniak\",\"image\":{\"@type\":\"ImageObject\",\"inLanguage\":\"bs-BA\",\"@id\":\"https:\/\/sandzakpress.net\/arhiva\/#\/schema\/person\/image\/\",\"url\":\"https:\/\/secure.gravatar.com\/avatar\/a04fd330bfe3a36a72a0ad4a6d89fca7?s=96&d=mm&r=pg\",\"contentUrl\":\"https:\/\/secure.gravatar.com\/avatar\/a04fd330bfe3a36a72a0ad4a6d89fca7?s=96&d=mm&r=pg\",\"caption\":\"bosniak\"},\"url\":\"https:\/\/sandzakpress.net\/arhiva\/author\/bosniak\/\"}]}<\/script>\n<!-- \/ Yoast SEO Premium plugin. -->","yoast_head_json":{"title":"Prizren: 15 godina od gnusnog zlo\u010dina nad porodicom Skenderi","robots":{"index":"index","follow":"follow","max-snippet":"max-snippet:-1","max-image-preview":"max-image-preview:large","max-video-preview":"max-video-preview:-1"},"canonical":"https:\/\/sandzakpress.net\/arhiva\/prizren-15-godina-od-gnusnog-zlocina-nad-porodicom-skenderi\/","og_locale":"bs_BA","og_type":"article","og_title":"Prizren: 15 godina od gnusnog zlo\u010dina nad porodicom Skenderi","og_description":"Kosovo &#8211; U no\u0107i izme\u0111u 10. i 11. januara 2000. godine u Kosomajskoj ulici u naselju Tusus u Prizrenu svirepo je ubijeno \u010detri \u010dlana bo\u0161nja\u010dke porodice Skenderi. Nepoznate maskirane ubice su upale u ku\u0107u Sezaira Skenderija i na najmonstruozniji na\u010din li\u0161ili \u017eivota Sezaira (50), suprugu Anifu (48), dvadestgodi\u0161nju k\u0107erku Ardijanu i majku \u0110ulju (72). &#8220;Pola [&hellip;]","og_url":"https:\/\/sandzakpress.net\/arhiva\/prizren-15-godina-od-gnusnog-zlocina-nad-porodicom-skenderi\/","og_site_name":"Sand\u017eak PRESS","article_published_time":"2015-01-12T11:35:07+00:00","og_image":[{"width":655,"height":431,"url":"https:\/\/sandzakpress.net\/arhiva\/wp-content\/uploads\/2015\/01\/avaz1.jpg","type":"image\/jpeg"}],"author":"bosniak","twitter_card":"summary_large_image","twitter_misc":{"Written by":"bosniak","Est. reading time":"6 minuta"},"schema":{"@context":"https:\/\/schema.org","@graph":[{"@type":"Article","@id":"https:\/\/sandzakpress.net\/arhiva\/prizren-15-godina-od-gnusnog-zlocina-nad-porodicom-skenderi\/#article","isPartOf":{"@id":"https:\/\/sandzakpress.net\/arhiva\/prizren-15-godina-od-gnusnog-zlocina-nad-porodicom-skenderi\/"},"author":{"name":"bosniak","@id":"https:\/\/sandzakpress.net\/arhiva\/#\/schema\/person\/c8baee722073534b583ea7bdb2e36c02"},"headline":"Prizren: 15 godina od gnusnog zlo\u010dina nad porodicom Skenderi","datePublished":"2015-01-12T11:35:07+00:00","mainEntityOfPage":{"@id":"https:\/\/sandzakpress.net\/arhiva\/prizren-15-godina-od-gnusnog-zlocina-nad-porodicom-skenderi\/"},"wordCount":1255,"commentCount":9,"publisher":{"@id":"https:\/\/sandzakpress.net\/arhiva\/#\/schema\/person\/6e72b67d6e51910a1117b3b483ba20bd"},"image":{"@id":"https:\/\/sandzakpress.net\/arhiva\/prizren-15-godina-od-gnusnog-zlocina-nad-porodicom-skenderi\/#primaryimage"},"thumbnailUrl":"https:\/\/sandzakpress.net\/arhiva\/wp-content\/uploads\/2015\/01\/avaz1.jpg","articleSection":["Nacija","Kosovo"],"inLanguage":"bs-BA","potentialAction":[{"@type":"CommentAction","name":"Comment","target":["https:\/\/sandzakpress.net\/arhiva\/prizren-15-godina-od-gnusnog-zlocina-nad-porodicom-skenderi\/#respond"]}]},{"@type":"WebPage","@id":"https:\/\/sandzakpress.net\/arhiva\/prizren-15-godina-od-gnusnog-zlocina-nad-porodicom-skenderi\/","url":"https:\/\/sandzakpress.net\/arhiva\/prizren-15-godina-od-gnusnog-zlocina-nad-porodicom-skenderi\/","name":"Prizren: 15 godina od gnusnog zlo\u010dina nad porodicom Skenderi","isPartOf":{"@id":"https:\/\/sandzakpress.net\/arhiva\/#website"},"primaryImageOfPage":{"@id":"https:\/\/sandzakpress.net\/arhiva\/prizren-15-godina-od-gnusnog-zlocina-nad-porodicom-skenderi\/#primaryimage"},"image":{"@id":"https:\/\/sandzakpress.net\/arhiva\/prizren-15-godina-od-gnusnog-zlocina-nad-porodicom-skenderi\/#primaryimage"},"thumbnailUrl":"https:\/\/sandzakpress.net\/arhiva\/wp-content\/uploads\/2015\/01\/avaz1.jpg","datePublished":"2015-01-12T11:35:07+00:00","breadcrumb":{"@id":"https:\/\/sandzakpress.net\/arhiva\/prizren-15-godina-od-gnusnog-zlocina-nad-porodicom-skenderi\/#breadcrumb"},"inLanguage":"bs-BA","potentialAction":[{"@type":"ReadAction","target":["https:\/\/sandzakpress.net\/arhiva\/prizren-15-godina-od-gnusnog-zlocina-nad-porodicom-skenderi\/"]}]},{"@type":"ImageObject","inLanguage":"bs-BA","@id":"https:\/\/sandzakpress.net\/arhiva\/prizren-15-godina-od-gnusnog-zlocina-nad-porodicom-skenderi\/#primaryimage","url":"https:\/\/sandzakpress.net\/arhiva\/wp-content\/uploads\/2015\/01\/avaz1.jpg","contentUrl":"https:\/\/sandzakpress.net\/arhiva\/wp-content\/uploads\/2015\/01\/avaz1.jpg","width":655,"height":431},{"@type":"BreadcrumbList","@id":"https:\/\/sandzakpress.net\/arhiva\/prizren-15-godina-od-gnusnog-zlocina-nad-porodicom-skenderi\/#breadcrumb","itemListElement":[{"@type":"ListItem","position":1,"name":"Home","item":"https:\/\/sandzakpress.net\/arhiva\/"},{"@type":"ListItem","position":2,"name":"Prizren: 15 godina od gnusnog zlo\u010dina nad porodicom Skenderi"}]},{"@type":"WebSite","@id":"https:\/\/sandzakpress.net\/arhiva\/#website","url":"https:\/\/sandzakpress.net\/arhiva\/","name":"Sand\u017eak PRESS","description":"Prve elektronske novine u Sand\u017eaku","publisher":{"@id":"https:\/\/sandzakpress.net\/arhiva\/#\/schema\/person\/6e72b67d6e51910a1117b3b483ba20bd"},"potentialAction":[{"@type":"SearchAction","target":{"@type":"EntryPoint","urlTemplate":"https:\/\/sandzakpress.net\/arhiva\/?s={search_term_string}"},"query-input":{"@type":"PropertyValueSpecification","valueRequired":true,"valueName":"search_term_string"}}],"inLanguage":"bs-BA"},{"@type":["Person","Organization"],"@id":"https:\/\/sandzakpress.net\/arhiva\/#\/schema\/person\/6e72b67d6e51910a1117b3b483ba20bd","name":"Kul","image":{"@type":"ImageObject","inLanguage":"bs-BA","@id":"https:\/\/sandzakpress.net\/arhiva\/#\/schema\/person\/image\/","url":"https:\/\/secure.gravatar.com\/avatar\/42263f39aa27ac04c43cab85c280eb2e?s=96&d=mm&r=pg","contentUrl":"https:\/\/secure.gravatar.com\/avatar\/42263f39aa27ac04c43cab85c280eb2e?s=96&d=mm&r=pg","caption":"Kul"},"logo":{"@id":"https:\/\/sandzakpress.net\/arhiva\/#\/schema\/person\/image\/"}},{"@type":"Person","@id":"https:\/\/sandzakpress.net\/arhiva\/#\/schema\/person\/c8baee722073534b583ea7bdb2e36c02","name":"bosniak","image":{"@type":"ImageObject","inLanguage":"bs-BA","@id":"https:\/\/sandzakpress.net\/arhiva\/#\/schema\/person\/image\/","url":"https:\/\/secure.gravatar.com\/avatar\/a04fd330bfe3a36a72a0ad4a6d89fca7?s=96&d=mm&r=pg","contentUrl":"https:\/\/secure.gravatar.com\/avatar\/a04fd330bfe3a36a72a0ad4a6d89fca7?s=96&d=mm&r=pg","caption":"bosniak"},"url":"https:\/\/sandzakpress.net\/arhiva\/author\/bosniak\/"}]}},"_links":{"self":[{"href":"https:\/\/sandzakpress.net\/arhiva\/wp-json\/wp\/v2\/posts\/119116"}],"collection":[{"href":"https:\/\/sandzakpress.net\/arhiva\/wp-json\/wp\/v2\/posts"}],"about":[{"href":"https:\/\/sandzakpress.net\/arhiva\/wp-json\/wp\/v2\/types\/post"}],"author":[{"embeddable":true,"href":"https:\/\/sandzakpress.net\/arhiva\/wp-json\/wp\/v2\/users\/83"}],"replies":[{"embeddable":true,"href":"https:\/\/sandzakpress.net\/arhiva\/wp-json\/wp\/v2\/comments?post=119116"}],"version-history":[{"count":0,"href":"https:\/\/sandzakpress.net\/arhiva\/wp-json\/wp\/v2\/posts\/119116\/revisions"}],"wp:featuredmedia":[{"embeddable":true,"href":"https:\/\/sandzakpress.net\/arhiva\/wp-json\/wp\/v2\/media\/119117"}],"wp:attachment":[{"href":"https:\/\/sandzakpress.net\/arhiva\/wp-json\/wp\/v2\/media?parent=119116"}],"wp:term":[{"taxonomy":"category","embeddable":true,"href":"https:\/\/sandzakpress.net\/arhiva\/wp-json\/wp\/v2\/categories?post=119116"},{"taxonomy":"post_tag","embeddable":true,"href":"https:\/\/sandzakpress.net\/arhiva\/wp-json\/wp\/v2\/tags?post=119116"}],"curies":[{"name":"wp","href":"https:\/\/api.w.org\/{rel}","templated":true}]}}