{"id":119064,"date":"2015-01-12T09:54:19","date_gmt":"2015-01-12T08:54:19","guid":{"rendered":"https:\/\/sandzakpress.net\/arhiva\/?p=119064"},"modified":"2015-01-12T11:08:35","modified_gmt":"2015-01-12T10:08:35","slug":"preko-milion-ljudi-u-pariskom-marsu-jedinstva","status":"publish","type":"post","link":"https:\/\/sandzakpress.net\/arhiva\/preko-milion-ljudi-u-pariskom-marsu-jedinstva\/","title":{"rendered":"Preko milion ljudi u pari\u0161kom Mar\u0161u jedinstva"},"content":{"rendered":"<p><img decoding=\"async\" src=\"http:\/\/static.rs.n1info.com\/Picture\/13040\/jpeg\/Mars-mira-2.jpg\" alt=\"\" \/><\/p>\n<p><strong>Francuska\u00a0&#8211; Na pari\u0161kom Trgu Republike u glavnom gradu Francuske\u00a0odr\u017ean je\u00a0mar\u0161 jedinstva, odnosno zvani\u010dno nazvani Mar\u0161 za republiku u znak solidarnosti sa \u017ertvama napada koji su se desili u ovom gradu proteklih dana.<br \/>\n<\/strong><br \/>\nU mar\u0161u u\u010destvuje vi\u0161e od 60 dr\u017eavnika svjetskih zemalja. Kolonu lidera koji se simboli\u010dno dr\u017ee pod ruku, predvodi francuski predsjednik Francois Hollande. Pored njega u mar\u0161u, koji je po\u010deo u 15:25 sati po lokalnom vremenu u\u010destvuje i njema\u010dka kancelarka Angela Merkel, ukrajinski predsjednik Petro Poro\u0161enko, palestinski predsjednik Mahmud Abass, predsjednica Kosova Atifete Jahjaga, premijer \u0160panije Mariano Rajoy, britanski premijer David Cameron, premijer Republike Turske Ahmet Davutolu, premijer Albanije Edi Rama,hrvatski premijer Zoran Milanovi\u0107, talijanski premijer Mateo Renci, izraelski premijer Benjamin Netenyahu, \u0161ef ruske diplomatije Sergej Lavrov i drugi\u2026<\/p>\n<p><img decoding=\"async\" src=\"http:\/\/gdb.rferl.org\/21800A0C-F359-4BA3-81E1-2EF9E7FDC46A_w640_r1_s.jpg\" alt=\"Francuski predsednik Fransoa Oland sa evropskim liderima\" \/><\/p>\n<p>Sa druge strane, u koloni gra\u0111ana Pariza mar\u0161u se priklju\u010dilo skoro milion ljudi, me\u0111u kojima su i porodice ubijenih, kao i predstavnici muslimanske, \u017eidovske, kr\u0161\u0107anske i drugih vjerskih zajednica.<\/p>\n<p>(Anadolu Agency)<\/p>\n","protected":false},"excerpt":{"rendered":"<p>Francuska\u00a0&#8211; Na pari\u0161kom Trgu Republike u glavnom gradu Francuske\u00a0odr\u017ean je\u00a0mar\u0161 jedinstva, odnosno zvani\u010dno nazvani Mar\u0161 za republiku u znak solidarnosti sa \u017ertvama napada koji su se desili u ovom gradu proteklih dana. U mar\u0161u u\u010destvuje vi\u0161e od 60 dr\u017eavnika svjetskih zemalja. Kolonu lidera koji se simboli\u010dno dr\u017ee pod ruku, predvodi francuski predsjednik Francois Hollande. Pored [&hellip;]<\/p>\n","protected":false},"author":83,"featured_media":119065,"comment_status":"open","ping_status":"open","sticky":false,"template":"","format":"standard","meta":{"footnotes":""},"categories":[9550,9],"tags":[],"class_list":{"0":"post-119064","1":"post","2":"type-post","3":"status-publish","4":"format-standard","5":"has-post-thumbnail","7":"category-francuska-dijaspora-gradovi-vase-vijesti","8":"category-svijet"},"yoast_head":"<!-- This site is optimized with the Yoast SEO Premium plugin v23.1 (Yoast SEO v24.9) - https:\/\/yoast.com\/wordpress\/plugins\/seo\/ -->\n<title>Preko milion ljudi u pari\u0161kom Mar\u0161u jedinstva<\/title>\n<meta name=\"robots\" content=\"index, follow, max-snippet:-1, max-image-preview:large, max-video-preview:-1\" \/>\n<link rel=\"canonical\" href=\"https:\/\/sandzakpress.net\/arhiva\/preko-milion-ljudi-u-pariskom-marsu-jedinstva\/\" \/>\n<meta property=\"og:locale\" content=\"bs_BA\" \/>\n<meta property=\"og:type\" content=\"article\" \/>\n<meta property=\"og:title\" content=\"Preko milion ljudi u pari\u0161kom Mar\u0161u jedinstva\" \/>\n<meta property=\"og:description\" content=\"Francuska\u00a0&#8211; Na pari\u0161kom Trgu Republike u glavnom gradu Francuske\u00a0odr\u017ean je\u00a0mar\u0161 jedinstva, odnosno zvani\u010dno nazvani Mar\u0161 za republiku u znak solidarnosti sa \u017ertvama napada koji su se desili u ovom gradu proteklih dana. U mar\u0161u u\u010destvuje vi\u0161e od 60 dr\u017eavnika svjetskih zemalja. Kolonu lidera koji se simboli\u010dno dr\u017ee pod ruku, predvodi francuski predsjednik Francois Hollande. Pored [&hellip;]\" \/>\n<meta property=\"og:url\" content=\"https:\/\/sandzakpress.net\/arhiva\/preko-milion-ljudi-u-pariskom-marsu-jedinstva\/\" \/>\n<meta property=\"og:site_name\" content=\"Sand\u017eak PRESS\" \/>\n<meta property=\"article:published_time\" content=\"2015-01-12T08:54:19+00:00\" \/>\n<meta property=\"article:modified_time\" content=\"2015-01-12T10:08:35+00:00\" \/>\n<meta property=\"og:image\" content=\"https:\/\/sandzakpress.net\/arhiva\/wp-content\/uploads\/2015\/01\/Mars-mira-2.jpg\" \/>\n\t<meta property=\"og:image:width\" content=\"940\" \/>\n\t<meta property=\"og:image:height\" content=\"529\" \/>\n\t<meta property=\"og:image:type\" content=\"image\/jpeg\" \/>\n<meta name=\"author\" content=\"bosniak\" \/>\n<meta name=\"twitter:card\" content=\"summary_large_image\" \/>\n<meta name=\"twitter:label1\" content=\"Written by\" \/>\n\t<meta name=\"twitter:data1\" content=\"bosniak\" \/>\n\t<meta name=\"twitter:label2\" content=\"Est. reading time\" \/>\n\t<meta name=\"twitter:data2\" content=\"1 minuta\" \/>\n<script type=\"application\/ld+json\" class=\"yoast-schema-graph\">{\"@context\":\"https:\/\/schema.org\",\"@graph\":[{\"@type\":\"Article\",\"@id\":\"https:\/\/sandzakpress.net\/arhiva\/preko-milion-ljudi-u-pariskom-marsu-jedinstva\/#article\",\"isPartOf\":{\"@id\":\"https:\/\/sandzakpress.net\/arhiva\/preko-milion-ljudi-u-pariskom-marsu-jedinstva\/\"},\"author\":{\"name\":\"bosniak\",\"@id\":\"https:\/\/sandzakpress.net\/arhiva\/#\/schema\/person\/c8baee722073534b583ea7bdb2e36c02\"},\"headline\":\"Preko milion ljudi u pari\u0161kom Mar\u0161u jedinstva\",\"datePublished\":\"2015-01-12T08:54:19+00:00\",\"dateModified\":\"2015-01-12T10:08:35+00:00\",\"mainEntityOfPage\":{\"@id\":\"https:\/\/sandzakpress.net\/arhiva\/preko-milion-ljudi-u-pariskom-marsu-jedinstva\/\"},\"wordCount\":181,\"commentCount\":0,\"publisher\":{\"@id\":\"https:\/\/sandzakpress.net\/arhiva\/#\/schema\/person\/6e72b67d6e51910a1117b3b483ba20bd\"},\"image\":{\"@id\":\"https:\/\/sandzakpress.net\/arhiva\/preko-milion-ljudi-u-pariskom-marsu-jedinstva\/#primaryimage\"},\"thumbnailUrl\":\"https:\/\/sandzakpress.net\/arhiva\/wp-content\/uploads\/2015\/01\/Mars-mira-2.jpg\",\"articleSection\":[\"Francuska\",\"Svijet\"],\"inLanguage\":\"bs-BA\",\"potentialAction\":[{\"@type\":\"CommentAction\",\"name\":\"Comment\",\"target\":[\"https:\/\/sandzakpress.net\/arhiva\/preko-milion-ljudi-u-pariskom-marsu-jedinstva\/#respond\"]}]},{\"@type\":\"WebPage\",\"@id\":\"https:\/\/sandzakpress.net\/arhiva\/preko-milion-ljudi-u-pariskom-marsu-jedinstva\/\",\"url\":\"https:\/\/sandzakpress.net\/arhiva\/preko-milion-ljudi-u-pariskom-marsu-jedinstva\/\",\"name\":\"Preko milion ljudi u pari\u0161kom Mar\u0161u jedinstva\",\"isPartOf\":{\"@id\":\"https:\/\/sandzakpress.net\/arhiva\/#website\"},\"primaryImageOfPage\":{\"@id\":\"https:\/\/sandzakpress.net\/arhiva\/preko-milion-ljudi-u-pariskom-marsu-jedinstva\/#primaryimage\"},\"image\":{\"@id\":\"https:\/\/sandzakpress.net\/arhiva\/preko-milion-ljudi-u-pariskom-marsu-jedinstva\/#primaryimage\"},\"thumbnailUrl\":\"https:\/\/sandzakpress.net\/arhiva\/wp-content\/uploads\/2015\/01\/Mars-mira-2.jpg\",\"datePublished\":\"2015-01-12T08:54:19+00:00\",\"dateModified\":\"2015-01-12T10:08:35+00:00\",\"breadcrumb\":{\"@id\":\"https:\/\/sandzakpress.net\/arhiva\/preko-milion-ljudi-u-pariskom-marsu-jedinstva\/#breadcrumb\"},\"inLanguage\":\"bs-BA\",\"potentialAction\":[{\"@type\":\"ReadAction\",\"target\":[\"https:\/\/sandzakpress.net\/arhiva\/preko-milion-ljudi-u-pariskom-marsu-jedinstva\/\"]}]},{\"@type\":\"ImageObject\",\"inLanguage\":\"bs-BA\",\"@id\":\"https:\/\/sandzakpress.net\/arhiva\/preko-milion-ljudi-u-pariskom-marsu-jedinstva\/#primaryimage\",\"url\":\"https:\/\/sandzakpress.net\/arhiva\/wp-content\/uploads\/2015\/01\/Mars-mira-2.jpg\",\"contentUrl\":\"https:\/\/sandzakpress.net\/arhiva\/wp-content\/uploads\/2015\/01\/Mars-mira-2.jpg\",\"width\":940,\"height\":529},{\"@type\":\"BreadcrumbList\",\"@id\":\"https:\/\/sandzakpress.net\/arhiva\/preko-milion-ljudi-u-pariskom-marsu-jedinstva\/#breadcrumb\",\"itemListElement\":[{\"@type\":\"ListItem\",\"position\":1,\"name\":\"Home\",\"item\":\"https:\/\/sandzakpress.net\/arhiva\/\"},{\"@type\":\"ListItem\",\"position\":2,\"name\":\"Preko milion ljudi u pari\u0161kom Mar\u0161u jedinstva\"}]},{\"@type\":\"WebSite\",\"@id\":\"https:\/\/sandzakpress.net\/arhiva\/#website\",\"url\":\"https:\/\/sandzakpress.net\/arhiva\/\",\"name\":\"Sand\u017eak PRESS\",\"description\":\"Prve elektronske novine u Sand\u017eaku\",\"publisher\":{\"@id\":\"https:\/\/sandzakpress.net\/arhiva\/#\/schema\/person\/6e72b67d6e51910a1117b3b483ba20bd\"},\"potentialAction\":[{\"@type\":\"SearchAction\",\"target\":{\"@type\":\"EntryPoint\",\"urlTemplate\":\"https:\/\/sandzakpress.net\/arhiva\/?s={search_term_string}\"},\"query-input\":{\"@type\":\"PropertyValueSpecification\",\"valueRequired\":true,\"valueName\":\"search_term_string\"}}],\"inLanguage\":\"bs-BA\"},{\"@type\":[\"Person\",\"Organization\"],\"@id\":\"https:\/\/sandzakpress.net\/arhiva\/#\/schema\/person\/6e72b67d6e51910a1117b3b483ba20bd\",\"name\":\"Kul\",\"image\":{\"@type\":\"ImageObject\",\"inLanguage\":\"bs-BA\",\"@id\":\"https:\/\/sandzakpress.net\/arhiva\/#\/schema\/person\/image\/\",\"url\":\"https:\/\/secure.gravatar.com\/avatar\/42263f39aa27ac04c43cab85c280eb2e?s=96&d=mm&r=pg\",\"contentUrl\":\"https:\/\/secure.gravatar.com\/avatar\/42263f39aa27ac04c43cab85c280eb2e?s=96&d=mm&r=pg\",\"caption\":\"Kul\"},\"logo\":{\"@id\":\"https:\/\/sandzakpress.net\/arhiva\/#\/schema\/person\/image\/\"}},{\"@type\":\"Person\",\"@id\":\"https:\/\/sandzakpress.net\/arhiva\/#\/schema\/person\/c8baee722073534b583ea7bdb2e36c02\",\"name\":\"bosniak\",\"image\":{\"@type\":\"ImageObject\",\"inLanguage\":\"bs-BA\",\"@id\":\"https:\/\/sandzakpress.net\/arhiva\/#\/schema\/person\/image\/\",\"url\":\"https:\/\/secure.gravatar.com\/avatar\/a04fd330bfe3a36a72a0ad4a6d89fca7?s=96&d=mm&r=pg\",\"contentUrl\":\"https:\/\/secure.gravatar.com\/avatar\/a04fd330bfe3a36a72a0ad4a6d89fca7?s=96&d=mm&r=pg\",\"caption\":\"bosniak\"},\"url\":\"https:\/\/sandzakpress.net\/arhiva\/author\/bosniak\/\"}]}<\/script>\n<!-- \/ Yoast SEO Premium plugin. -->","yoast_head_json":{"title":"Preko milion ljudi u pari\u0161kom Mar\u0161u jedinstva","robots":{"index":"index","follow":"follow","max-snippet":"max-snippet:-1","max-image-preview":"max-image-preview:large","max-video-preview":"max-video-preview:-1"},"canonical":"https:\/\/sandzakpress.net\/arhiva\/preko-milion-ljudi-u-pariskom-marsu-jedinstva\/","og_locale":"bs_BA","og_type":"article","og_title":"Preko milion ljudi u pari\u0161kom Mar\u0161u jedinstva","og_description":"Francuska\u00a0&#8211; Na pari\u0161kom Trgu Republike u glavnom gradu Francuske\u00a0odr\u017ean je\u00a0mar\u0161 jedinstva, odnosno zvani\u010dno nazvani Mar\u0161 za republiku u znak solidarnosti sa \u017ertvama napada koji su se desili u ovom gradu proteklih dana. U mar\u0161u u\u010destvuje vi\u0161e od 60 dr\u017eavnika svjetskih zemalja. Kolonu lidera koji se simboli\u010dno dr\u017ee pod ruku, predvodi francuski predsjednik Francois Hollande. Pored [&hellip;]","og_url":"https:\/\/sandzakpress.net\/arhiva\/preko-milion-ljudi-u-pariskom-marsu-jedinstva\/","og_site_name":"Sand\u017eak PRESS","article_published_time":"2015-01-12T08:54:19+00:00","article_modified_time":"2015-01-12T10:08:35+00:00","og_image":[{"width":940,"height":529,"url":"https:\/\/sandzakpress.net\/arhiva\/wp-content\/uploads\/2015\/01\/Mars-mira-2.jpg","type":"image\/jpeg"}],"author":"bosniak","twitter_card":"summary_large_image","twitter_misc":{"Written by":"bosniak","Est. reading time":"1 minuta"},"schema":{"@context":"https:\/\/schema.org","@graph":[{"@type":"Article","@id":"https:\/\/sandzakpress.net\/arhiva\/preko-milion-ljudi-u-pariskom-marsu-jedinstva\/#article","isPartOf":{"@id":"https:\/\/sandzakpress.net\/arhiva\/preko-milion-ljudi-u-pariskom-marsu-jedinstva\/"},"author":{"name":"bosniak","@id":"https:\/\/sandzakpress.net\/arhiva\/#\/schema\/person\/c8baee722073534b583ea7bdb2e36c02"},"headline":"Preko milion ljudi u pari\u0161kom Mar\u0161u jedinstva","datePublished":"2015-01-12T08:54:19+00:00","dateModified":"2015-01-12T10:08:35+00:00","mainEntityOfPage":{"@id":"https:\/\/sandzakpress.net\/arhiva\/preko-milion-ljudi-u-pariskom-marsu-jedinstva\/"},"wordCount":181,"commentCount":0,"publisher":{"@id":"https:\/\/sandzakpress.net\/arhiva\/#\/schema\/person\/6e72b67d6e51910a1117b3b483ba20bd"},"image":{"@id":"https:\/\/sandzakpress.net\/arhiva\/preko-milion-ljudi-u-pariskom-marsu-jedinstva\/#primaryimage"},"thumbnailUrl":"https:\/\/sandzakpress.net\/arhiva\/wp-content\/uploads\/2015\/01\/Mars-mira-2.jpg","articleSection":["Francuska","Svijet"],"inLanguage":"bs-BA","potentialAction":[{"@type":"CommentAction","name":"Comment","target":["https:\/\/sandzakpress.net\/arhiva\/preko-milion-ljudi-u-pariskom-marsu-jedinstva\/#respond"]}]},{"@type":"WebPage","@id":"https:\/\/sandzakpress.net\/arhiva\/preko-milion-ljudi-u-pariskom-marsu-jedinstva\/","url":"https:\/\/sandzakpress.net\/arhiva\/preko-milion-ljudi-u-pariskom-marsu-jedinstva\/","name":"Preko milion ljudi u pari\u0161kom Mar\u0161u jedinstva","isPartOf":{"@id":"https:\/\/sandzakpress.net\/arhiva\/#website"},"primaryImageOfPage":{"@id":"https:\/\/sandzakpress.net\/arhiva\/preko-milion-ljudi-u-pariskom-marsu-jedinstva\/#primaryimage"},"image":{"@id":"https:\/\/sandzakpress.net\/arhiva\/preko-milion-ljudi-u-pariskom-marsu-jedinstva\/#primaryimage"},"thumbnailUrl":"https:\/\/sandzakpress.net\/arhiva\/wp-content\/uploads\/2015\/01\/Mars-mira-2.jpg","datePublished":"2015-01-12T08:54:19+00:00","dateModified":"2015-01-12T10:08:35+00:00","breadcrumb":{"@id":"https:\/\/sandzakpress.net\/arhiva\/preko-milion-ljudi-u-pariskom-marsu-jedinstva\/#breadcrumb"},"inLanguage":"bs-BA","potentialAction":[{"@type":"ReadAction","target":["https:\/\/sandzakpress.net\/arhiva\/preko-milion-ljudi-u-pariskom-marsu-jedinstva\/"]}]},{"@type":"ImageObject","inLanguage":"bs-BA","@id":"https:\/\/sandzakpress.net\/arhiva\/preko-milion-ljudi-u-pariskom-marsu-jedinstva\/#primaryimage","url":"https:\/\/sandzakpress.net\/arhiva\/wp-content\/uploads\/2015\/01\/Mars-mira-2.jpg","contentUrl":"https:\/\/sandzakpress.net\/arhiva\/wp-content\/uploads\/2015\/01\/Mars-mira-2.jpg","width":940,"height":529},{"@type":"BreadcrumbList","@id":"https:\/\/sandzakpress.net\/arhiva\/preko-milion-ljudi-u-pariskom-marsu-jedinstva\/#breadcrumb","itemListElement":[{"@type":"ListItem","position":1,"name":"Home","item":"https:\/\/sandzakpress.net\/arhiva\/"},{"@type":"ListItem","position":2,"name":"Preko milion ljudi u pari\u0161kom Mar\u0161u jedinstva"}]},{"@type":"WebSite","@id":"https:\/\/sandzakpress.net\/arhiva\/#website","url":"https:\/\/sandzakpress.net\/arhiva\/","name":"Sand\u017eak PRESS","description":"Prve elektronske novine u Sand\u017eaku","publisher":{"@id":"https:\/\/sandzakpress.net\/arhiva\/#\/schema\/person\/6e72b67d6e51910a1117b3b483ba20bd"},"potentialAction":[{"@type":"SearchAction","target":{"@type":"EntryPoint","urlTemplate":"https:\/\/sandzakpress.net\/arhiva\/?s={search_term_string}"},"query-input":{"@type":"PropertyValueSpecification","valueRequired":true,"valueName":"search_term_string"}}],"inLanguage":"bs-BA"},{"@type":["Person","Organization"],"@id":"https:\/\/sandzakpress.net\/arhiva\/#\/schema\/person\/6e72b67d6e51910a1117b3b483ba20bd","name":"Kul","image":{"@type":"ImageObject","inLanguage":"bs-BA","@id":"https:\/\/sandzakpress.net\/arhiva\/#\/schema\/person\/image\/","url":"https:\/\/secure.gravatar.com\/avatar\/42263f39aa27ac04c43cab85c280eb2e?s=96&d=mm&r=pg","contentUrl":"https:\/\/secure.gravatar.com\/avatar\/42263f39aa27ac04c43cab85c280eb2e?s=96&d=mm&r=pg","caption":"Kul"},"logo":{"@id":"https:\/\/sandzakpress.net\/arhiva\/#\/schema\/person\/image\/"}},{"@type":"Person","@id":"https:\/\/sandzakpress.net\/arhiva\/#\/schema\/person\/c8baee722073534b583ea7bdb2e36c02","name":"bosniak","image":{"@type":"ImageObject","inLanguage":"bs-BA","@id":"https:\/\/sandzakpress.net\/arhiva\/#\/schema\/person\/image\/","url":"https:\/\/secure.gravatar.com\/avatar\/a04fd330bfe3a36a72a0ad4a6d89fca7?s=96&d=mm&r=pg","contentUrl":"https:\/\/secure.gravatar.com\/avatar\/a04fd330bfe3a36a72a0ad4a6d89fca7?s=96&d=mm&r=pg","caption":"bosniak"},"url":"https:\/\/sandzakpress.net\/arhiva\/author\/bosniak\/"}]}},"_links":{"self":[{"href":"https:\/\/sandzakpress.net\/arhiva\/wp-json\/wp\/v2\/posts\/119064"}],"collection":[{"href":"https:\/\/sandzakpress.net\/arhiva\/wp-json\/wp\/v2\/posts"}],"about":[{"href":"https:\/\/sandzakpress.net\/arhiva\/wp-json\/wp\/v2\/types\/post"}],"author":[{"embeddable":true,"href":"https:\/\/sandzakpress.net\/arhiva\/wp-json\/wp\/v2\/users\/83"}],"replies":[{"embeddable":true,"href":"https:\/\/sandzakpress.net\/arhiva\/wp-json\/wp\/v2\/comments?post=119064"}],"version-history":[{"count":0,"href":"https:\/\/sandzakpress.net\/arhiva\/wp-json\/wp\/v2\/posts\/119064\/revisions"}],"wp:featuredmedia":[{"embeddable":true,"href":"https:\/\/sandzakpress.net\/arhiva\/wp-json\/wp\/v2\/media\/119065"}],"wp:attachment":[{"href":"https:\/\/sandzakpress.net\/arhiva\/wp-json\/wp\/v2\/media?parent=119064"}],"wp:term":[{"taxonomy":"category","embeddable":true,"href":"https:\/\/sandzakpress.net\/arhiva\/wp-json\/wp\/v2\/categories?post=119064"},{"taxonomy":"post_tag","embeddable":true,"href":"https:\/\/sandzakpress.net\/arhiva\/wp-json\/wp\/v2\/tags?post=119064"}],"curies":[{"name":"wp","href":"https:\/\/api.w.org\/{rel}","templated":true}]}}