{"id":119062,"date":"2015-01-12T09:51:38","date_gmt":"2015-01-12T08:51:38","guid":{"rendered":"https:\/\/sandzakpress.net\/arhiva\/?p=119062"},"modified":"2015-01-12T09:51:38","modified_gmt":"2015-01-12T08:51:38","slug":"kolinda-grabar-kitarovic-prva-predsjednica-hrvatske","status":"publish","type":"post","link":"https:\/\/sandzakpress.net\/arhiva\/kolinda-grabar-kitarovic-prva-predsjednica-hrvatske\/","title":{"rendered":"Kolinda Grabar-Kitarovi\u0107 prva predsjednica Hrvatske"},"content":{"rendered":"<p><img decoding=\"async\" src=\"http:\/\/www.trt.net.tr\/bosanski\/fotograf\/haberler\/detay\/kolinda-grabar-kitarovi-prva-predsjednica-hrv_trt-bosanski-36284.jpg\" alt=\"kolinda-grabar-kitarovi-prva-predsjednica-hrv\" \/><\/p>\n<p><strong>Hrvatska &#8211; Predsjednik Dr\u017eavnog izbornog povjerenstva (DIP) Hrvatske Branko Hrvatin izjavio je na ve\u010dera\u0161njoj konferenciji za novinare u Zagrebu, da je kandidatkinja Hrvatske demokratske zajednice (HDZ) Kolinda Grabar-Kitarovi\u0107 osvojila 50,45 posto, dok je kandidat Socijaldemokratske partije (SDP) Ivo Josipovi\u0107 osvojio 49,55 posto glasova.<br \/>\n<\/strong><br \/>\nOn je dodao da je dana\u0161njem glasanju na izborima za predsjednika Hrvatske pristupilo 58 posto registriranih bira\u010da.<\/p>\n<p>Obra\u0111eno je 97 posto glasa\u010dkih listi\u0107a, a bira\u010dko mjesto u Mostaru, u Bosni i Hercegovini, ostalo je otvoreno i iza 22 sata.<\/p>\n<p>&#8211; Kolinda Grabar-Kitarovi\u0107 &#8211;<br \/>\nKolinda Grabar-Kitarovi\u0107, ro\u0111ena je u Rijeci 29. aprila 1968. godine, \u010detvrta je predsjednica Republike Hrvatske od progla\u0161enja njene nezavisnosti i prva \u017eena na toj poziciji. Grabar-Kitarovi\u0107 je biv\u0161a ministrica vanjskih poslova i europskih integracija od 2005. do po\u010detka 2008. Od 2008. do 2011. bila je na du\u017enosti ambasadprice Republike Hrvatske u Sjedinjenim Ameri\u010dkim Dr\u017eavama (SAD). Od 2011. godine bila je pomo\u0107nica glavnog sekretara NATO-a za javnu diplomatiju.<\/p>\n<p>U Zagrebu je 1993. godine diplomirala engleski i \u0161panski jezik na Filozofskom fakultetu.<\/p>\n<p>Profesionalnu karijeru zapo\u010dela je u Ministarstvu nauke i tehnologije, a od 1993. godine radila je u Ministarstvu vanjskih poslova, najprije radila kao savjetnica u Uredu zamjenika ministra, a potom kao na\u010delnica odjela za Sjevernu Ameriku.<\/p>\n<p>Na parlamentarnim izborima 2003. godine izabrana je za zastupnicu u Hrvatskom saboru. 23. decembra 2003. godine imenovana je ministricom europskih integracija. 18. januara 2005. godine postala je voditeljica Dr\u017eavnog izaslanstva za pregovore o pristupanju Europskoj uniji (EU).<\/p>\n<p>Spajanjem Ministarstva vanjskih poslova i Ministarstva europskih integracija imenovana je ministricom vanjskih poslova i europskih integracija i na toj du\u017enosti ostala je do 12. januara 2008. godine.<\/p>\n<p>Udana je i majka dvoje djece. Govori engleski, \u0161panski i portugalski jezik.<\/p>\n<p>(Anadolu Agency)<\/p>\n","protected":false},"excerpt":{"rendered":"<p>Hrvatska &#8211; Predsjednik Dr\u017eavnog izbornog povjerenstva (DIP) Hrvatske Branko Hrvatin izjavio je na ve\u010dera\u0161njoj konferenciji za novinare u Zagrebu, da je kandidatkinja Hrvatske demokratske zajednice (HDZ) Kolinda Grabar-Kitarovi\u0107 osvojila 50,45 posto, dok je kandidat Socijaldemokratske partije (SDP) Ivo Josipovi\u0107 osvojio 49,55 posto glasova. On je dodao da je dana\u0161njem glasanju na izborima za predsjednika Hrvatske [&hellip;]<\/p>\n","protected":false},"author":83,"featured_media":119063,"comment_status":"open","ping_status":"open","sticky":false,"template":"","format":"standard","meta":{"footnotes":""},"categories":[1,10306,798],"tags":[],"class_list":{"0":"post-119062","1":"post","2":"type-post","3":"status-publish","4":"format-standard","5":"has-post-thumbnail","7":"category-politika","8":"category-hrvatska","9":"category-teme"},"yoast_head":"<!-- This site is optimized with the Yoast SEO Premium plugin v23.1 (Yoast SEO v24.9) - https:\/\/yoast.com\/wordpress\/plugins\/seo\/ -->\n<title>Kolinda Grabar-Kitarovi\u0107 prva predsjednica Hrvatske<\/title>\n<meta name=\"robots\" content=\"index, follow, max-snippet:-1, max-image-preview:large, max-video-preview:-1\" \/>\n<link rel=\"canonical\" href=\"https:\/\/sandzakpress.net\/arhiva\/kolinda-grabar-kitarovic-prva-predsjednica-hrvatske\/\" \/>\n<meta property=\"og:locale\" content=\"bs_BA\" \/>\n<meta property=\"og:type\" content=\"article\" \/>\n<meta property=\"og:title\" content=\"Kolinda Grabar-Kitarovi\u0107 prva predsjednica Hrvatske\" \/>\n<meta property=\"og:description\" content=\"Hrvatska &#8211; Predsjednik Dr\u017eavnog izbornog povjerenstva (DIP) Hrvatske Branko Hrvatin izjavio je na ve\u010dera\u0161njoj konferenciji za novinare u Zagrebu, da je kandidatkinja Hrvatske demokratske zajednice (HDZ) Kolinda Grabar-Kitarovi\u0107 osvojila 50,45 posto, dok je kandidat Socijaldemokratske partije (SDP) Ivo Josipovi\u0107 osvojio 49,55 posto glasova. On je dodao da je dana\u0161njem glasanju na izborima za predsjednika Hrvatske [&hellip;]\" \/>\n<meta property=\"og:url\" content=\"https:\/\/sandzakpress.net\/arhiva\/kolinda-grabar-kitarovic-prva-predsjednica-hrvatske\/\" \/>\n<meta property=\"og:site_name\" content=\"Sand\u017eak PRESS\" \/>\n<meta property=\"article:published_time\" content=\"2015-01-12T08:51:38+00:00\" \/>\n<meta property=\"og:image\" content=\"https:\/\/sandzakpress.net\/arhiva\/wp-content\/uploads\/2015\/01\/kolinda-grabar-kitarovi-prva-predsjednica-hrv_trt-bosanski-36284.jpg\" \/>\n\t<meta property=\"og:image:width\" content=\"600\" \/>\n\t<meta property=\"og:image:height\" content=\"363\" \/>\n\t<meta property=\"og:image:type\" content=\"image\/jpeg\" \/>\n<meta name=\"author\" content=\"bosniak\" \/>\n<meta name=\"twitter:card\" content=\"summary_large_image\" \/>\n<meta name=\"twitter:label1\" content=\"Written by\" \/>\n\t<meta name=\"twitter:data1\" content=\"bosniak\" \/>\n\t<meta name=\"twitter:label2\" content=\"Est. reading time\" \/>\n\t<meta name=\"twitter:data2\" content=\"1 minuta\" \/>\n<script type=\"application\/ld+json\" class=\"yoast-schema-graph\">{\"@context\":\"https:\/\/schema.org\",\"@graph\":[{\"@type\":\"Article\",\"@id\":\"https:\/\/sandzakpress.net\/arhiva\/kolinda-grabar-kitarovic-prva-predsjednica-hrvatske\/#article\",\"isPartOf\":{\"@id\":\"https:\/\/sandzakpress.net\/arhiva\/kolinda-grabar-kitarovic-prva-predsjednica-hrvatske\/\"},\"author\":{\"name\":\"bosniak\",\"@id\":\"https:\/\/sandzakpress.net\/arhiva\/#\/schema\/person\/c8baee722073534b583ea7bdb2e36c02\"},\"headline\":\"Kolinda Grabar-Kitarovi\u0107 prva predsjednica Hrvatske\",\"datePublished\":\"2015-01-12T08:51:38+00:00\",\"mainEntityOfPage\":{\"@id\":\"https:\/\/sandzakpress.net\/arhiva\/kolinda-grabar-kitarovic-prva-predsjednica-hrvatske\/\"},\"wordCount\":284,\"commentCount\":25,\"publisher\":{\"@id\":\"https:\/\/sandzakpress.net\/arhiva\/#\/schema\/person\/6e72b67d6e51910a1117b3b483ba20bd\"},\"image\":{\"@id\":\"https:\/\/sandzakpress.net\/arhiva\/kolinda-grabar-kitarovic-prva-predsjednica-hrvatske\/#primaryimage\"},\"thumbnailUrl\":\"https:\/\/sandzakpress.net\/arhiva\/wp-content\/uploads\/2015\/01\/kolinda-grabar-kitarovi-prva-predsjednica-hrv_trt-bosanski-36284.jpg\",\"articleSection\":[\"Politika\",\"Hrvatska\",\"NAJNOVIJE\"],\"inLanguage\":\"bs-BA\",\"potentialAction\":[{\"@type\":\"CommentAction\",\"name\":\"Comment\",\"target\":[\"https:\/\/sandzakpress.net\/arhiva\/kolinda-grabar-kitarovic-prva-predsjednica-hrvatske\/#respond\"]}]},{\"@type\":\"WebPage\",\"@id\":\"https:\/\/sandzakpress.net\/arhiva\/kolinda-grabar-kitarovic-prva-predsjednica-hrvatske\/\",\"url\":\"https:\/\/sandzakpress.net\/arhiva\/kolinda-grabar-kitarovic-prva-predsjednica-hrvatske\/\",\"name\":\"Kolinda Grabar-Kitarovi\u0107 prva predsjednica Hrvatske\",\"isPartOf\":{\"@id\":\"https:\/\/sandzakpress.net\/arhiva\/#website\"},\"primaryImageOfPage\":{\"@id\":\"https:\/\/sandzakpress.net\/arhiva\/kolinda-grabar-kitarovic-prva-predsjednica-hrvatske\/#primaryimage\"},\"image\":{\"@id\":\"https:\/\/sandzakpress.net\/arhiva\/kolinda-grabar-kitarovic-prva-predsjednica-hrvatske\/#primaryimage\"},\"thumbnailUrl\":\"https:\/\/sandzakpress.net\/arhiva\/wp-content\/uploads\/2015\/01\/kolinda-grabar-kitarovi-prva-predsjednica-hrv_trt-bosanski-36284.jpg\",\"datePublished\":\"2015-01-12T08:51:38+00:00\",\"breadcrumb\":{\"@id\":\"https:\/\/sandzakpress.net\/arhiva\/kolinda-grabar-kitarovic-prva-predsjednica-hrvatske\/#breadcrumb\"},\"inLanguage\":\"bs-BA\",\"potentialAction\":[{\"@type\":\"ReadAction\",\"target\":[\"https:\/\/sandzakpress.net\/arhiva\/kolinda-grabar-kitarovic-prva-predsjednica-hrvatske\/\"]}]},{\"@type\":\"ImageObject\",\"inLanguage\":\"bs-BA\",\"@id\":\"https:\/\/sandzakpress.net\/arhiva\/kolinda-grabar-kitarovic-prva-predsjednica-hrvatske\/#primaryimage\",\"url\":\"https:\/\/sandzakpress.net\/arhiva\/wp-content\/uploads\/2015\/01\/kolinda-grabar-kitarovi-prva-predsjednica-hrv_trt-bosanski-36284.jpg\",\"contentUrl\":\"https:\/\/sandzakpress.net\/arhiva\/wp-content\/uploads\/2015\/01\/kolinda-grabar-kitarovi-prva-predsjednica-hrv_trt-bosanski-36284.jpg\",\"width\":600,\"height\":363},{\"@type\":\"BreadcrumbList\",\"@id\":\"https:\/\/sandzakpress.net\/arhiva\/kolinda-grabar-kitarovic-prva-predsjednica-hrvatske\/#breadcrumb\",\"itemListElement\":[{\"@type\":\"ListItem\",\"position\":1,\"name\":\"Home\",\"item\":\"https:\/\/sandzakpress.net\/arhiva\/\"},{\"@type\":\"ListItem\",\"position\":2,\"name\":\"Kolinda Grabar-Kitarovi\u0107 prva predsjednica Hrvatske\"}]},{\"@type\":\"WebSite\",\"@id\":\"https:\/\/sandzakpress.net\/arhiva\/#website\",\"url\":\"https:\/\/sandzakpress.net\/arhiva\/\",\"name\":\"Sand\u017eak PRESS\",\"description\":\"Prve elektronske novine u Sand\u017eaku\",\"publisher\":{\"@id\":\"https:\/\/sandzakpress.net\/arhiva\/#\/schema\/person\/6e72b67d6e51910a1117b3b483ba20bd\"},\"potentialAction\":[{\"@type\":\"SearchAction\",\"target\":{\"@type\":\"EntryPoint\",\"urlTemplate\":\"https:\/\/sandzakpress.net\/arhiva\/?s={search_term_string}\"},\"query-input\":{\"@type\":\"PropertyValueSpecification\",\"valueRequired\":true,\"valueName\":\"search_term_string\"}}],\"inLanguage\":\"bs-BA\"},{\"@type\":[\"Person\",\"Organization\"],\"@id\":\"https:\/\/sandzakpress.net\/arhiva\/#\/schema\/person\/6e72b67d6e51910a1117b3b483ba20bd\",\"name\":\"Kul\",\"image\":{\"@type\":\"ImageObject\",\"inLanguage\":\"bs-BA\",\"@id\":\"https:\/\/sandzakpress.net\/arhiva\/#\/schema\/person\/image\/\",\"url\":\"https:\/\/secure.gravatar.com\/avatar\/42263f39aa27ac04c43cab85c280eb2e?s=96&d=mm&r=pg\",\"contentUrl\":\"https:\/\/secure.gravatar.com\/avatar\/42263f39aa27ac04c43cab85c280eb2e?s=96&d=mm&r=pg\",\"caption\":\"Kul\"},\"logo\":{\"@id\":\"https:\/\/sandzakpress.net\/arhiva\/#\/schema\/person\/image\/\"}},{\"@type\":\"Person\",\"@id\":\"https:\/\/sandzakpress.net\/arhiva\/#\/schema\/person\/c8baee722073534b583ea7bdb2e36c02\",\"name\":\"bosniak\",\"image\":{\"@type\":\"ImageObject\",\"inLanguage\":\"bs-BA\",\"@id\":\"https:\/\/sandzakpress.net\/arhiva\/#\/schema\/person\/image\/\",\"url\":\"https:\/\/secure.gravatar.com\/avatar\/a04fd330bfe3a36a72a0ad4a6d89fca7?s=96&d=mm&r=pg\",\"contentUrl\":\"https:\/\/secure.gravatar.com\/avatar\/a04fd330bfe3a36a72a0ad4a6d89fca7?s=96&d=mm&r=pg\",\"caption\":\"bosniak\"},\"url\":\"https:\/\/sandzakpress.net\/arhiva\/author\/bosniak\/\"}]}<\/script>\n<!-- \/ Yoast SEO Premium plugin. -->","yoast_head_json":{"title":"Kolinda Grabar-Kitarovi\u0107 prva predsjednica Hrvatske","robots":{"index":"index","follow":"follow","max-snippet":"max-snippet:-1","max-image-preview":"max-image-preview:large","max-video-preview":"max-video-preview:-1"},"canonical":"https:\/\/sandzakpress.net\/arhiva\/kolinda-grabar-kitarovic-prva-predsjednica-hrvatske\/","og_locale":"bs_BA","og_type":"article","og_title":"Kolinda Grabar-Kitarovi\u0107 prva predsjednica Hrvatske","og_description":"Hrvatska &#8211; Predsjednik Dr\u017eavnog izbornog povjerenstva (DIP) Hrvatske Branko Hrvatin izjavio je na ve\u010dera\u0161njoj konferenciji za novinare u Zagrebu, da je kandidatkinja Hrvatske demokratske zajednice (HDZ) Kolinda Grabar-Kitarovi\u0107 osvojila 50,45 posto, dok je kandidat Socijaldemokratske partije (SDP) Ivo Josipovi\u0107 osvojio 49,55 posto glasova. On je dodao da je dana\u0161njem glasanju na izborima za predsjednika Hrvatske [&hellip;]","og_url":"https:\/\/sandzakpress.net\/arhiva\/kolinda-grabar-kitarovic-prva-predsjednica-hrvatske\/","og_site_name":"Sand\u017eak PRESS","article_published_time":"2015-01-12T08:51:38+00:00","og_image":[{"width":600,"height":363,"url":"https:\/\/sandzakpress.net\/arhiva\/wp-content\/uploads\/2015\/01\/kolinda-grabar-kitarovi-prva-predsjednica-hrv_trt-bosanski-36284.jpg","type":"image\/jpeg"}],"author":"bosniak","twitter_card":"summary_large_image","twitter_misc":{"Written by":"bosniak","Est. reading time":"1 minuta"},"schema":{"@context":"https:\/\/schema.org","@graph":[{"@type":"Article","@id":"https:\/\/sandzakpress.net\/arhiva\/kolinda-grabar-kitarovic-prva-predsjednica-hrvatske\/#article","isPartOf":{"@id":"https:\/\/sandzakpress.net\/arhiva\/kolinda-grabar-kitarovic-prva-predsjednica-hrvatske\/"},"author":{"name":"bosniak","@id":"https:\/\/sandzakpress.net\/arhiva\/#\/schema\/person\/c8baee722073534b583ea7bdb2e36c02"},"headline":"Kolinda Grabar-Kitarovi\u0107 prva predsjednica Hrvatske","datePublished":"2015-01-12T08:51:38+00:00","mainEntityOfPage":{"@id":"https:\/\/sandzakpress.net\/arhiva\/kolinda-grabar-kitarovic-prva-predsjednica-hrvatske\/"},"wordCount":284,"commentCount":25,"publisher":{"@id":"https:\/\/sandzakpress.net\/arhiva\/#\/schema\/person\/6e72b67d6e51910a1117b3b483ba20bd"},"image":{"@id":"https:\/\/sandzakpress.net\/arhiva\/kolinda-grabar-kitarovic-prva-predsjednica-hrvatske\/#primaryimage"},"thumbnailUrl":"https:\/\/sandzakpress.net\/arhiva\/wp-content\/uploads\/2015\/01\/kolinda-grabar-kitarovi-prva-predsjednica-hrv_trt-bosanski-36284.jpg","articleSection":["Politika","Hrvatska","NAJNOVIJE"],"inLanguage":"bs-BA","potentialAction":[{"@type":"CommentAction","name":"Comment","target":["https:\/\/sandzakpress.net\/arhiva\/kolinda-grabar-kitarovic-prva-predsjednica-hrvatske\/#respond"]}]},{"@type":"WebPage","@id":"https:\/\/sandzakpress.net\/arhiva\/kolinda-grabar-kitarovic-prva-predsjednica-hrvatske\/","url":"https:\/\/sandzakpress.net\/arhiva\/kolinda-grabar-kitarovic-prva-predsjednica-hrvatske\/","name":"Kolinda Grabar-Kitarovi\u0107 prva predsjednica Hrvatske","isPartOf":{"@id":"https:\/\/sandzakpress.net\/arhiva\/#website"},"primaryImageOfPage":{"@id":"https:\/\/sandzakpress.net\/arhiva\/kolinda-grabar-kitarovic-prva-predsjednica-hrvatske\/#primaryimage"},"image":{"@id":"https:\/\/sandzakpress.net\/arhiva\/kolinda-grabar-kitarovic-prva-predsjednica-hrvatske\/#primaryimage"},"thumbnailUrl":"https:\/\/sandzakpress.net\/arhiva\/wp-content\/uploads\/2015\/01\/kolinda-grabar-kitarovi-prva-predsjednica-hrv_trt-bosanski-36284.jpg","datePublished":"2015-01-12T08:51:38+00:00","breadcrumb":{"@id":"https:\/\/sandzakpress.net\/arhiva\/kolinda-grabar-kitarovic-prva-predsjednica-hrvatske\/#breadcrumb"},"inLanguage":"bs-BA","potentialAction":[{"@type":"ReadAction","target":["https:\/\/sandzakpress.net\/arhiva\/kolinda-grabar-kitarovic-prva-predsjednica-hrvatske\/"]}]},{"@type":"ImageObject","inLanguage":"bs-BA","@id":"https:\/\/sandzakpress.net\/arhiva\/kolinda-grabar-kitarovic-prva-predsjednica-hrvatske\/#primaryimage","url":"https:\/\/sandzakpress.net\/arhiva\/wp-content\/uploads\/2015\/01\/kolinda-grabar-kitarovi-prva-predsjednica-hrv_trt-bosanski-36284.jpg","contentUrl":"https:\/\/sandzakpress.net\/arhiva\/wp-content\/uploads\/2015\/01\/kolinda-grabar-kitarovi-prva-predsjednica-hrv_trt-bosanski-36284.jpg","width":600,"height":363},{"@type":"BreadcrumbList","@id":"https:\/\/sandzakpress.net\/arhiva\/kolinda-grabar-kitarovic-prva-predsjednica-hrvatske\/#breadcrumb","itemListElement":[{"@type":"ListItem","position":1,"name":"Home","item":"https:\/\/sandzakpress.net\/arhiva\/"},{"@type":"ListItem","position":2,"name":"Kolinda Grabar-Kitarovi\u0107 prva predsjednica Hrvatske"}]},{"@type":"WebSite","@id":"https:\/\/sandzakpress.net\/arhiva\/#website","url":"https:\/\/sandzakpress.net\/arhiva\/","name":"Sand\u017eak PRESS","description":"Prve elektronske novine u Sand\u017eaku","publisher":{"@id":"https:\/\/sandzakpress.net\/arhiva\/#\/schema\/person\/6e72b67d6e51910a1117b3b483ba20bd"},"potentialAction":[{"@type":"SearchAction","target":{"@type":"EntryPoint","urlTemplate":"https:\/\/sandzakpress.net\/arhiva\/?s={search_term_string}"},"query-input":{"@type":"PropertyValueSpecification","valueRequired":true,"valueName":"search_term_string"}}],"inLanguage":"bs-BA"},{"@type":["Person","Organization"],"@id":"https:\/\/sandzakpress.net\/arhiva\/#\/schema\/person\/6e72b67d6e51910a1117b3b483ba20bd","name":"Kul","image":{"@type":"ImageObject","inLanguage":"bs-BA","@id":"https:\/\/sandzakpress.net\/arhiva\/#\/schema\/person\/image\/","url":"https:\/\/secure.gravatar.com\/avatar\/42263f39aa27ac04c43cab85c280eb2e?s=96&d=mm&r=pg","contentUrl":"https:\/\/secure.gravatar.com\/avatar\/42263f39aa27ac04c43cab85c280eb2e?s=96&d=mm&r=pg","caption":"Kul"},"logo":{"@id":"https:\/\/sandzakpress.net\/arhiva\/#\/schema\/person\/image\/"}},{"@type":"Person","@id":"https:\/\/sandzakpress.net\/arhiva\/#\/schema\/person\/c8baee722073534b583ea7bdb2e36c02","name":"bosniak","image":{"@type":"ImageObject","inLanguage":"bs-BA","@id":"https:\/\/sandzakpress.net\/arhiva\/#\/schema\/person\/image\/","url":"https:\/\/secure.gravatar.com\/avatar\/a04fd330bfe3a36a72a0ad4a6d89fca7?s=96&d=mm&r=pg","contentUrl":"https:\/\/secure.gravatar.com\/avatar\/a04fd330bfe3a36a72a0ad4a6d89fca7?s=96&d=mm&r=pg","caption":"bosniak"},"url":"https:\/\/sandzakpress.net\/arhiva\/author\/bosniak\/"}]}},"_links":{"self":[{"href":"https:\/\/sandzakpress.net\/arhiva\/wp-json\/wp\/v2\/posts\/119062"}],"collection":[{"href":"https:\/\/sandzakpress.net\/arhiva\/wp-json\/wp\/v2\/posts"}],"about":[{"href":"https:\/\/sandzakpress.net\/arhiva\/wp-json\/wp\/v2\/types\/post"}],"author":[{"embeddable":true,"href":"https:\/\/sandzakpress.net\/arhiva\/wp-json\/wp\/v2\/users\/83"}],"replies":[{"embeddable":true,"href":"https:\/\/sandzakpress.net\/arhiva\/wp-json\/wp\/v2\/comments?post=119062"}],"version-history":[{"count":0,"href":"https:\/\/sandzakpress.net\/arhiva\/wp-json\/wp\/v2\/posts\/119062\/revisions"}],"wp:featuredmedia":[{"embeddable":true,"href":"https:\/\/sandzakpress.net\/arhiva\/wp-json\/wp\/v2\/media\/119063"}],"wp:attachment":[{"href":"https:\/\/sandzakpress.net\/arhiva\/wp-json\/wp\/v2\/media?parent=119062"}],"wp:term":[{"taxonomy":"category","embeddable":true,"href":"https:\/\/sandzakpress.net\/arhiva\/wp-json\/wp\/v2\/categories?post=119062"},{"taxonomy":"post_tag","embeddable":true,"href":"https:\/\/sandzakpress.net\/arhiva\/wp-json\/wp\/v2\/tags?post=119062"}],"curies":[{"name":"wp","href":"https:\/\/api.w.org\/{rel}","templated":true}]}}