{"id":119058,"date":"2015-01-12T09:50:08","date_gmt":"2015-01-12T08:50:08","guid":{"rendered":"https:\/\/sandzakpress.net\/arhiva\/?p=119058"},"modified":"2015-01-12T09:50:08","modified_gmt":"2015-01-12T08:50:08","slug":"slovenski-fasisti-naljepnicama-oznacili-muslimanske-radnje","status":"publish","type":"post","link":"https:\/\/sandzakpress.net\/arhiva\/slovenski-fasisti-naljepnicama-oznacili-muslimanske-radnje\/","title":{"rendered":"Slovenski fa\u0161isti naljepnicama ozna\u010dili muslimanske radnje"},"content":{"rendered":"<p><strong><img loading=\"lazy\" decoding=\"async\" class=\"aligncenter size-full wp-image-119059\" src=\"https:\/\/sandzakpress.net\/arhiva\/wp-content\/uploads\/2015\/01\/B6_I3XhIQAAiMN1.jpg\" alt=\"B6_I3XhIQAAiMN1\" width=\"616\" height=\"488\" \/>Slovenija &#8211; Naljepnica sa fotografije uz ovaj tekst nalazi se na vratima kebap fast fooda u Ljubljani,a \u010diji vlasnik je jedan Tur\u010din. Zalijeoljena je prije dva dana, a slu\u010daj je prijavljen policiji. Naljepnica poziva na zaustavljanje islamizacije Evrope.<\/strong><\/p>\n<p>Posljednjih dana polijepljeno je na hiljade ovakvih naljepnica \u0161irom Ljubljane. Mogu se na\u0107i \u010dak i na autobuskim stanicama i saobra\u0107ajnim znakovima.U ljubljani djeluje neonacisti\u010dki pokret \u201cBlood and Honour\u201d, godinama nisu tretirani od strane tu\u017eila\u0161tva niti policije.<\/p>\n<p>Novinari su otkrili da slovenska obavje\u0161tajna slu\u017eba SOVA ima spisak \u010dlanova i simpatizera tog neonacisti\u010dkog pokreteta. Neki od \u010dlanova \u201cBlood and Honour\u201d su pripadnici policije i vojske Slovenije. Zbog raskrinkavanja te informacije protiv novinara su podignute tu\u017ebe od strane SOVE.<\/p>\n<p>Novinari su okrivljeni da su otkrili povjerljive informacije. \u201cBlood and Honour\u201d ima veze i sa desno usmjerenom Jan\u0161inom strankom SDS. Neki pripadnici pokreta \u201cBlood and Honour\u201d su \u010dlanovi SDS-a. Spomenuti pokret aktivan je i u kampanji protiv gradnje dzamije. Imaju veze sa ostalim \u010dlanicama Ma\u0111arska, Rusija i drugih zemalja. Prema podacima obavje\u0161tajne slu\u017ebe SOVA, neonacisti\u010dki pokret \u201cBlood and Honour\u201du Sloveniji ima oko 200 aktivnih \u010dlanova. Light verzija tih naonacista je omladinski ogranak SDS-a \u201cTukaj je Slovenija\u201d.<\/p>\n<p>Svi oni su protiv svih doseljenika iz biv\u0161e Jugoslavije. Pored muslimana, oni ne vole Srbe, Hrvate, Albance\u2026 Stvar je kompleksna.<\/p>\n<p>Do sada ni jedna vlada, ni lijeva ni desna, nije htjela istjerati iz dr\u017eavnih slu\u017ebi pripadnike krajnih desnih nacionalisti\u010dkih i neonacisti\u010dkih \u010dlanova.Od slu\u010daja lijepljenja stickera na radnje vlasnika muslimana se ne treba praviti histerija. Velika ve\u0107ina Slovenaca nema stereotipe i protiv su diskriminacije.<\/p>\n<p>(Saff)<\/p>\n","protected":false},"excerpt":{"rendered":"<p>Slovenija &#8211; Naljepnica sa fotografije uz ovaj tekst nalazi se na vratima kebap fast fooda u Ljubljani,a \u010diji vlasnik je jedan Tur\u010din. Zalijeoljena je prije dva dana, a slu\u010daj je prijavljen policiji. Naljepnica poziva na zaustavljanje islamizacije Evrope. Posljednjih dana polijepljeno je na hiljade ovakvih naljepnica \u0161irom Ljubljane. Mogu se na\u0107i \u010dak i na autobuskim [&hellip;]<\/p>\n","protected":false},"author":83,"featured_media":119059,"comment_status":"open","ping_status":"open","sticky":false,"template":"","format":"standard","meta":{"footnotes":""},"categories":[1,10305,798],"tags":[],"class_list":{"0":"post-119058","1":"post","2":"type-post","3":"status-publish","4":"format-standard","5":"has-post-thumbnail","7":"category-politika","8":"category-slovenija","9":"category-teme"},"yoast_head":"<!-- This site is optimized with the Yoast SEO Premium plugin v23.1 (Yoast SEO v24.9) - https:\/\/yoast.com\/wordpress\/plugins\/seo\/ -->\n<title>Slovenski fa\u0161isti naljepnicama ozna\u010dili muslimanske radnje<\/title>\n<meta name=\"robots\" content=\"index, follow, max-snippet:-1, max-image-preview:large, max-video-preview:-1\" \/>\n<link rel=\"canonical\" href=\"https:\/\/sandzakpress.net\/arhiva\/slovenski-fasisti-naljepnicama-oznacili-muslimanske-radnje\/\" \/>\n<meta property=\"og:locale\" content=\"bs_BA\" \/>\n<meta property=\"og:type\" content=\"article\" \/>\n<meta property=\"og:title\" content=\"Slovenski fa\u0161isti naljepnicama ozna\u010dili muslimanske radnje\" \/>\n<meta property=\"og:description\" content=\"Slovenija &#8211; Naljepnica sa fotografije uz ovaj tekst nalazi se na vratima kebap fast fooda u Ljubljani,a \u010diji vlasnik je jedan Tur\u010din. Zalijeoljena je prije dva dana, a slu\u010daj je prijavljen policiji. Naljepnica poziva na zaustavljanje islamizacije Evrope. Posljednjih dana polijepljeno je na hiljade ovakvih naljepnica \u0161irom Ljubljane. Mogu se na\u0107i \u010dak i na autobuskim [&hellip;]\" \/>\n<meta property=\"og:url\" content=\"https:\/\/sandzakpress.net\/arhiva\/slovenski-fasisti-naljepnicama-oznacili-muslimanske-radnje\/\" \/>\n<meta property=\"og:site_name\" content=\"Sand\u017eak PRESS\" \/>\n<meta property=\"article:published_time\" content=\"2015-01-12T08:50:08+00:00\" \/>\n<meta property=\"og:image\" content=\"https:\/\/sandzakpress.net\/arhiva\/wp-content\/uploads\/2015\/01\/B6_I3XhIQAAiMN1.jpg\" \/>\n\t<meta property=\"og:image:width\" content=\"616\" \/>\n\t<meta property=\"og:image:height\" content=\"488\" \/>\n\t<meta property=\"og:image:type\" content=\"image\/jpeg\" \/>\n<meta name=\"author\" content=\"bosniak\" \/>\n<meta name=\"twitter:card\" content=\"summary_large_image\" \/>\n<meta name=\"twitter:label1\" content=\"Written by\" \/>\n\t<meta name=\"twitter:data1\" content=\"bosniak\" \/>\n\t<meta name=\"twitter:label2\" content=\"Est. reading time\" \/>\n\t<meta name=\"twitter:data2\" content=\"1 minuta\" \/>\n<script type=\"application\/ld+json\" class=\"yoast-schema-graph\">{\"@context\":\"https:\/\/schema.org\",\"@graph\":[{\"@type\":\"Article\",\"@id\":\"https:\/\/sandzakpress.net\/arhiva\/slovenski-fasisti-naljepnicama-oznacili-muslimanske-radnje\/#article\",\"isPartOf\":{\"@id\":\"https:\/\/sandzakpress.net\/arhiva\/slovenski-fasisti-naljepnicama-oznacili-muslimanske-radnje\/\"},\"author\":{\"name\":\"bosniak\",\"@id\":\"https:\/\/sandzakpress.net\/arhiva\/#\/schema\/person\/c8baee722073534b583ea7bdb2e36c02\"},\"headline\":\"Slovenski fa\u0161isti naljepnicama ozna\u010dili muslimanske radnje\",\"datePublished\":\"2015-01-12T08:50:08+00:00\",\"mainEntityOfPage\":{\"@id\":\"https:\/\/sandzakpress.net\/arhiva\/slovenski-fasisti-naljepnicama-oznacili-muslimanske-radnje\/\"},\"wordCount\":288,\"commentCount\":0,\"publisher\":{\"@id\":\"https:\/\/sandzakpress.net\/arhiva\/#\/schema\/person\/6e72b67d6e51910a1117b3b483ba20bd\"},\"image\":{\"@id\":\"https:\/\/sandzakpress.net\/arhiva\/slovenski-fasisti-naljepnicama-oznacili-muslimanske-radnje\/#primaryimage\"},\"thumbnailUrl\":\"https:\/\/sandzakpress.net\/arhiva\/wp-content\/uploads\/2015\/01\/B6_I3XhIQAAiMN1.jpg\",\"articleSection\":[\"Politika\",\"Slovenija\",\"NAJNOVIJE\"],\"inLanguage\":\"bs-BA\",\"potentialAction\":[{\"@type\":\"CommentAction\",\"name\":\"Comment\",\"target\":[\"https:\/\/sandzakpress.net\/arhiva\/slovenski-fasisti-naljepnicama-oznacili-muslimanske-radnje\/#respond\"]}]},{\"@type\":\"WebPage\",\"@id\":\"https:\/\/sandzakpress.net\/arhiva\/slovenski-fasisti-naljepnicama-oznacili-muslimanske-radnje\/\",\"url\":\"https:\/\/sandzakpress.net\/arhiva\/slovenski-fasisti-naljepnicama-oznacili-muslimanske-radnje\/\",\"name\":\"Slovenski fa\u0161isti naljepnicama ozna\u010dili muslimanske radnje\",\"isPartOf\":{\"@id\":\"https:\/\/sandzakpress.net\/arhiva\/#website\"},\"primaryImageOfPage\":{\"@id\":\"https:\/\/sandzakpress.net\/arhiva\/slovenski-fasisti-naljepnicama-oznacili-muslimanske-radnje\/#primaryimage\"},\"image\":{\"@id\":\"https:\/\/sandzakpress.net\/arhiva\/slovenski-fasisti-naljepnicama-oznacili-muslimanske-radnje\/#primaryimage\"},\"thumbnailUrl\":\"https:\/\/sandzakpress.net\/arhiva\/wp-content\/uploads\/2015\/01\/B6_I3XhIQAAiMN1.jpg\",\"datePublished\":\"2015-01-12T08:50:08+00:00\",\"breadcrumb\":{\"@id\":\"https:\/\/sandzakpress.net\/arhiva\/slovenski-fasisti-naljepnicama-oznacili-muslimanske-radnje\/#breadcrumb\"},\"inLanguage\":\"bs-BA\",\"potentialAction\":[{\"@type\":\"ReadAction\",\"target\":[\"https:\/\/sandzakpress.net\/arhiva\/slovenski-fasisti-naljepnicama-oznacili-muslimanske-radnje\/\"]}]},{\"@type\":\"ImageObject\",\"inLanguage\":\"bs-BA\",\"@id\":\"https:\/\/sandzakpress.net\/arhiva\/slovenski-fasisti-naljepnicama-oznacili-muslimanske-radnje\/#primaryimage\",\"url\":\"https:\/\/sandzakpress.net\/arhiva\/wp-content\/uploads\/2015\/01\/B6_I3XhIQAAiMN1.jpg\",\"contentUrl\":\"https:\/\/sandzakpress.net\/arhiva\/wp-content\/uploads\/2015\/01\/B6_I3XhIQAAiMN1.jpg\",\"width\":616,\"height\":488},{\"@type\":\"BreadcrumbList\",\"@id\":\"https:\/\/sandzakpress.net\/arhiva\/slovenski-fasisti-naljepnicama-oznacili-muslimanske-radnje\/#breadcrumb\",\"itemListElement\":[{\"@type\":\"ListItem\",\"position\":1,\"name\":\"Home\",\"item\":\"https:\/\/sandzakpress.net\/arhiva\/\"},{\"@type\":\"ListItem\",\"position\":2,\"name\":\"Slovenski fa\u0161isti naljepnicama ozna\u010dili muslimanske radnje\"}]},{\"@type\":\"WebSite\",\"@id\":\"https:\/\/sandzakpress.net\/arhiva\/#website\",\"url\":\"https:\/\/sandzakpress.net\/arhiva\/\",\"name\":\"Sand\u017eak PRESS\",\"description\":\"Prve elektronske novine u Sand\u017eaku\",\"publisher\":{\"@id\":\"https:\/\/sandzakpress.net\/arhiva\/#\/schema\/person\/6e72b67d6e51910a1117b3b483ba20bd\"},\"potentialAction\":[{\"@type\":\"SearchAction\",\"target\":{\"@type\":\"EntryPoint\",\"urlTemplate\":\"https:\/\/sandzakpress.net\/arhiva\/?s={search_term_string}\"},\"query-input\":{\"@type\":\"PropertyValueSpecification\",\"valueRequired\":true,\"valueName\":\"search_term_string\"}}],\"inLanguage\":\"bs-BA\"},{\"@type\":[\"Person\",\"Organization\"],\"@id\":\"https:\/\/sandzakpress.net\/arhiva\/#\/schema\/person\/6e72b67d6e51910a1117b3b483ba20bd\",\"name\":\"Kul\",\"image\":{\"@type\":\"ImageObject\",\"inLanguage\":\"bs-BA\",\"@id\":\"https:\/\/sandzakpress.net\/arhiva\/#\/schema\/person\/image\/\",\"url\":\"https:\/\/secure.gravatar.com\/avatar\/42263f39aa27ac04c43cab85c280eb2e?s=96&d=mm&r=pg\",\"contentUrl\":\"https:\/\/secure.gravatar.com\/avatar\/42263f39aa27ac04c43cab85c280eb2e?s=96&d=mm&r=pg\",\"caption\":\"Kul\"},\"logo\":{\"@id\":\"https:\/\/sandzakpress.net\/arhiva\/#\/schema\/person\/image\/\"}},{\"@type\":\"Person\",\"@id\":\"https:\/\/sandzakpress.net\/arhiva\/#\/schema\/person\/c8baee722073534b583ea7bdb2e36c02\",\"name\":\"bosniak\",\"image\":{\"@type\":\"ImageObject\",\"inLanguage\":\"bs-BA\",\"@id\":\"https:\/\/sandzakpress.net\/arhiva\/#\/schema\/person\/image\/\",\"url\":\"https:\/\/secure.gravatar.com\/avatar\/a04fd330bfe3a36a72a0ad4a6d89fca7?s=96&d=mm&r=pg\",\"contentUrl\":\"https:\/\/secure.gravatar.com\/avatar\/a04fd330bfe3a36a72a0ad4a6d89fca7?s=96&d=mm&r=pg\",\"caption\":\"bosniak\"},\"url\":\"https:\/\/sandzakpress.net\/arhiva\/author\/bosniak\/\"}]}<\/script>\n<!-- \/ Yoast SEO Premium plugin. -->","yoast_head_json":{"title":"Slovenski fa\u0161isti naljepnicama ozna\u010dili muslimanske radnje","robots":{"index":"index","follow":"follow","max-snippet":"max-snippet:-1","max-image-preview":"max-image-preview:large","max-video-preview":"max-video-preview:-1"},"canonical":"https:\/\/sandzakpress.net\/arhiva\/slovenski-fasisti-naljepnicama-oznacili-muslimanske-radnje\/","og_locale":"bs_BA","og_type":"article","og_title":"Slovenski fa\u0161isti naljepnicama ozna\u010dili muslimanske radnje","og_description":"Slovenija &#8211; Naljepnica sa fotografije uz ovaj tekst nalazi se na vratima kebap fast fooda u Ljubljani,a \u010diji vlasnik je jedan Tur\u010din. Zalijeoljena je prije dva dana, a slu\u010daj je prijavljen policiji. Naljepnica poziva na zaustavljanje islamizacije Evrope. Posljednjih dana polijepljeno je na hiljade ovakvih naljepnica \u0161irom Ljubljane. Mogu se na\u0107i \u010dak i na autobuskim [&hellip;]","og_url":"https:\/\/sandzakpress.net\/arhiva\/slovenski-fasisti-naljepnicama-oznacili-muslimanske-radnje\/","og_site_name":"Sand\u017eak PRESS","article_published_time":"2015-01-12T08:50:08+00:00","og_image":[{"width":616,"height":488,"url":"https:\/\/sandzakpress.net\/arhiva\/wp-content\/uploads\/2015\/01\/B6_I3XhIQAAiMN1.jpg","type":"image\/jpeg"}],"author":"bosniak","twitter_card":"summary_large_image","twitter_misc":{"Written by":"bosniak","Est. reading time":"1 minuta"},"schema":{"@context":"https:\/\/schema.org","@graph":[{"@type":"Article","@id":"https:\/\/sandzakpress.net\/arhiva\/slovenski-fasisti-naljepnicama-oznacili-muslimanske-radnje\/#article","isPartOf":{"@id":"https:\/\/sandzakpress.net\/arhiva\/slovenski-fasisti-naljepnicama-oznacili-muslimanske-radnje\/"},"author":{"name":"bosniak","@id":"https:\/\/sandzakpress.net\/arhiva\/#\/schema\/person\/c8baee722073534b583ea7bdb2e36c02"},"headline":"Slovenski fa\u0161isti naljepnicama ozna\u010dili muslimanske radnje","datePublished":"2015-01-12T08:50:08+00:00","mainEntityOfPage":{"@id":"https:\/\/sandzakpress.net\/arhiva\/slovenski-fasisti-naljepnicama-oznacili-muslimanske-radnje\/"},"wordCount":288,"commentCount":0,"publisher":{"@id":"https:\/\/sandzakpress.net\/arhiva\/#\/schema\/person\/6e72b67d6e51910a1117b3b483ba20bd"},"image":{"@id":"https:\/\/sandzakpress.net\/arhiva\/slovenski-fasisti-naljepnicama-oznacili-muslimanske-radnje\/#primaryimage"},"thumbnailUrl":"https:\/\/sandzakpress.net\/arhiva\/wp-content\/uploads\/2015\/01\/B6_I3XhIQAAiMN1.jpg","articleSection":["Politika","Slovenija","NAJNOVIJE"],"inLanguage":"bs-BA","potentialAction":[{"@type":"CommentAction","name":"Comment","target":["https:\/\/sandzakpress.net\/arhiva\/slovenski-fasisti-naljepnicama-oznacili-muslimanske-radnje\/#respond"]}]},{"@type":"WebPage","@id":"https:\/\/sandzakpress.net\/arhiva\/slovenski-fasisti-naljepnicama-oznacili-muslimanske-radnje\/","url":"https:\/\/sandzakpress.net\/arhiva\/slovenski-fasisti-naljepnicama-oznacili-muslimanske-radnje\/","name":"Slovenski fa\u0161isti naljepnicama ozna\u010dili muslimanske radnje","isPartOf":{"@id":"https:\/\/sandzakpress.net\/arhiva\/#website"},"primaryImageOfPage":{"@id":"https:\/\/sandzakpress.net\/arhiva\/slovenski-fasisti-naljepnicama-oznacili-muslimanske-radnje\/#primaryimage"},"image":{"@id":"https:\/\/sandzakpress.net\/arhiva\/slovenski-fasisti-naljepnicama-oznacili-muslimanske-radnje\/#primaryimage"},"thumbnailUrl":"https:\/\/sandzakpress.net\/arhiva\/wp-content\/uploads\/2015\/01\/B6_I3XhIQAAiMN1.jpg","datePublished":"2015-01-12T08:50:08+00:00","breadcrumb":{"@id":"https:\/\/sandzakpress.net\/arhiva\/slovenski-fasisti-naljepnicama-oznacili-muslimanske-radnje\/#breadcrumb"},"inLanguage":"bs-BA","potentialAction":[{"@type":"ReadAction","target":["https:\/\/sandzakpress.net\/arhiva\/slovenski-fasisti-naljepnicama-oznacili-muslimanske-radnje\/"]}]},{"@type":"ImageObject","inLanguage":"bs-BA","@id":"https:\/\/sandzakpress.net\/arhiva\/slovenski-fasisti-naljepnicama-oznacili-muslimanske-radnje\/#primaryimage","url":"https:\/\/sandzakpress.net\/arhiva\/wp-content\/uploads\/2015\/01\/B6_I3XhIQAAiMN1.jpg","contentUrl":"https:\/\/sandzakpress.net\/arhiva\/wp-content\/uploads\/2015\/01\/B6_I3XhIQAAiMN1.jpg","width":616,"height":488},{"@type":"BreadcrumbList","@id":"https:\/\/sandzakpress.net\/arhiva\/slovenski-fasisti-naljepnicama-oznacili-muslimanske-radnje\/#breadcrumb","itemListElement":[{"@type":"ListItem","position":1,"name":"Home","item":"https:\/\/sandzakpress.net\/arhiva\/"},{"@type":"ListItem","position":2,"name":"Slovenski fa\u0161isti naljepnicama ozna\u010dili muslimanske radnje"}]},{"@type":"WebSite","@id":"https:\/\/sandzakpress.net\/arhiva\/#website","url":"https:\/\/sandzakpress.net\/arhiva\/","name":"Sand\u017eak PRESS","description":"Prve elektronske novine u Sand\u017eaku","publisher":{"@id":"https:\/\/sandzakpress.net\/arhiva\/#\/schema\/person\/6e72b67d6e51910a1117b3b483ba20bd"},"potentialAction":[{"@type":"SearchAction","target":{"@type":"EntryPoint","urlTemplate":"https:\/\/sandzakpress.net\/arhiva\/?s={search_term_string}"},"query-input":{"@type":"PropertyValueSpecification","valueRequired":true,"valueName":"search_term_string"}}],"inLanguage":"bs-BA"},{"@type":["Person","Organization"],"@id":"https:\/\/sandzakpress.net\/arhiva\/#\/schema\/person\/6e72b67d6e51910a1117b3b483ba20bd","name":"Kul","image":{"@type":"ImageObject","inLanguage":"bs-BA","@id":"https:\/\/sandzakpress.net\/arhiva\/#\/schema\/person\/image\/","url":"https:\/\/secure.gravatar.com\/avatar\/42263f39aa27ac04c43cab85c280eb2e?s=96&d=mm&r=pg","contentUrl":"https:\/\/secure.gravatar.com\/avatar\/42263f39aa27ac04c43cab85c280eb2e?s=96&d=mm&r=pg","caption":"Kul"},"logo":{"@id":"https:\/\/sandzakpress.net\/arhiva\/#\/schema\/person\/image\/"}},{"@type":"Person","@id":"https:\/\/sandzakpress.net\/arhiva\/#\/schema\/person\/c8baee722073534b583ea7bdb2e36c02","name":"bosniak","image":{"@type":"ImageObject","inLanguage":"bs-BA","@id":"https:\/\/sandzakpress.net\/arhiva\/#\/schema\/person\/image\/","url":"https:\/\/secure.gravatar.com\/avatar\/a04fd330bfe3a36a72a0ad4a6d89fca7?s=96&d=mm&r=pg","contentUrl":"https:\/\/secure.gravatar.com\/avatar\/a04fd330bfe3a36a72a0ad4a6d89fca7?s=96&d=mm&r=pg","caption":"bosniak"},"url":"https:\/\/sandzakpress.net\/arhiva\/author\/bosniak\/"}]}},"_links":{"self":[{"href":"https:\/\/sandzakpress.net\/arhiva\/wp-json\/wp\/v2\/posts\/119058"}],"collection":[{"href":"https:\/\/sandzakpress.net\/arhiva\/wp-json\/wp\/v2\/posts"}],"about":[{"href":"https:\/\/sandzakpress.net\/arhiva\/wp-json\/wp\/v2\/types\/post"}],"author":[{"embeddable":true,"href":"https:\/\/sandzakpress.net\/arhiva\/wp-json\/wp\/v2\/users\/83"}],"replies":[{"embeddable":true,"href":"https:\/\/sandzakpress.net\/arhiva\/wp-json\/wp\/v2\/comments?post=119058"}],"version-history":[{"count":0,"href":"https:\/\/sandzakpress.net\/arhiva\/wp-json\/wp\/v2\/posts\/119058\/revisions"}],"wp:featuredmedia":[{"embeddable":true,"href":"https:\/\/sandzakpress.net\/arhiva\/wp-json\/wp\/v2\/media\/119059"}],"wp:attachment":[{"href":"https:\/\/sandzakpress.net\/arhiva\/wp-json\/wp\/v2\/media?parent=119058"}],"wp:term":[{"taxonomy":"category","embeddable":true,"href":"https:\/\/sandzakpress.net\/arhiva\/wp-json\/wp\/v2\/categories?post=119058"},{"taxonomy":"post_tag","embeddable":true,"href":"https:\/\/sandzakpress.net\/arhiva\/wp-json\/wp\/v2\/tags?post=119058"}],"curies":[{"name":"wp","href":"https:\/\/api.w.org\/{rel}","templated":true}]}}