{"id":118988,"date":"2015-01-10T11:52:13","date_gmt":"2015-01-10T10:52:13","guid":{"rendered":"https:\/\/sandzakpress.net\/arhiva\/?p=118988"},"modified":"2015-01-10T11:52:13","modified_gmt":"2015-01-10T10:52:13","slug":"ugrozeni-zivoti-hiljada-raseljenih-iracana","status":"publish","type":"post","link":"https:\/\/sandzakpress.net\/arhiva\/ugrozeni-zivoti-hiljada-raseljenih-iracana\/","title":{"rendered":"Ugro\u017eeni \u017eivoti hiljada raseljenih Ira\u010dana"},"content":{"rendered":"<p><strong>Svijet &#8211; Svjetski program za hranu zatra\u017eio je 440 miliona dolara za pomo\u0107 raseljenim Ira\u010danima, a dobio je samo polovinu.<br \/>\n<\/strong><\/p>\n<div class=\"youtube-embed\" data-video_id=\"IGUzL_drkU4\"><iframe loading=\"lazy\" title=\"Raseljenim Ira\u010danima neophodna pomo\u0107\" width=\"696\" height=\"392\" src=\"https:\/\/www.youtube.com\/embed\/IGUzL_drkU4?feature=oembed&#038;enablejsapi=1\" frameborder=\"0\" allow=\"accelerometer; autoplay; encrypted-media; gyroscope; picture-in-picture\" allowfullscreen><\/iframe><\/div>\n<p>U Siriji, Iraku, Libanu i Jordanu, o\u0161tra zima dodatno ote\u017eava \u017eivot hiljadama izbeglica i raseljenih.<\/p>\n<p>Humanitarni radnici upozoravaju da nemaju dovoljno \u0107ebadi ni zimske ode\u0107e za sve kojima su neophodni.<\/p>\n<p>Hiljade Ira\u010dana interno su raseljene. Bili su prisiljeni napustiti svoje domove pro\u0161le godine, kad je grupa Islamska dr\u017eava Irak i Levant zauzela njihove gradove i sela.<\/p>\n<p>Dio njih \u017eivi u kampu u Erbilu, glavnom gradu poluautonomne kurdske regije u Iraku.<\/p>\n<p><strong>Zima u \u0161atoru<\/strong><\/p>\n<p>\u0160atori im pru\u017eaju jedini zaklon od hladno\u0107e.<\/p>\n<p>Rana Walled je sa \u010detvero djece do\u0161la iz Mosula, drugog po veli\u010dini ira\u010dkog grada.<\/p>\n<p>\u201ePro\u0161le no\u0107i nisam spavala. Pla\u0161ila sam se da \u0107e po\u010deti oluja i sru\u0161iti nam \u0161ator. Pitam se \u0161ta \u0107e biti s mojom djecom. I suprug mi je bolestan. U u\u017easnoj smo situaciji&#8221;, pri\u010da Waleed.<\/p>\n<p>Ki\u0161a pada po cijeli dan. No\u0107u se temperature spu\u0161taju ispod nule. Humanitarni radnici ka\u017eu da \u010dine sve \u0161to mogu kako bi im pomogli.<\/p>\n<p>\u201eRaseljenima dijelimo \u0161atore, posteljinu, grijalice i gorivo. Ve\u0107ina je do\u0161la bez i\u010dega. Ali ne mo\u017eemo im pru\u017eiti sve \u0161to im treba&#8221;, ka\u017ee Kocha Mohamud, humanitarni radnik.<\/p>\n<p>Nema naznaka da \u0107e se situacija pobolj\u0161ati.<\/p>\n<p>\u201eOvi ljudi nemaju gotovo nikakvu za\u0161titu od snijega i poplava najavljenih za predstoje\u0107i vikend. Dok zima postaje sve o\u0161trija, humanitarne organizacije poru\u010duju da su \u017eivoti hiljada raseljenih Ira\u010dana u opasnosti i upozoravaju da su im kapaciteti ograni\u010deni zbog nedostatka sredstava&#8221;, javlja iz Erbila reporter Al Jazeere Mohammed Adow.<\/p>\n<p><strong>Brojne humanitarne krize<\/strong><\/p>\n<p>UN-ov Svjetski program za hranu zatra\u017eio je 440 miliona dolara za pomo\u0107 raseljenim Ira\u010danima, a do sada je dobio tek polovinu.<\/p>\n<p>\u201eSvijet je potpuno &#8216;razapet&#8217;. \u0160irom planete imamo krize &#8211; u Siriji i Centralnoafri\u010dkoj Republici, imamo ebolu u Zapadnoj Africi, krizu u Ju\u017enom Sudanu, probleme u Jemenu i Maliju. Svim tim dr\u017eavama potrebna su sredstva kako bi se pomoglo ljudima&#8221;, ka\u017ee Jane Pierce, direktorica Programa za Irak pri Svjetskom programu za hranu.<\/p>\n<p>Prepu\u0161teni milosti i nemilosti prirode, raseljeni Ira\u010dani dijele ono malo \u0161to imaju. Svjesni su da \u0107e ova zima biti duga.<\/p>\n<p>(Al Jazeera)<\/p>\n","protected":false},"excerpt":{"rendered":"<p>Svijet &#8211; Svjetski program za hranu zatra\u017eio je 440 miliona dolara za pomo\u0107 raseljenim Ira\u010danima, a dobio je samo polovinu. U Siriji, Iraku, Libanu i Jordanu, o\u0161tra zima dodatno ote\u017eava \u017eivot hiljadama izbeglica i raseljenih. Humanitarni radnici upozoravaju da nemaju dovoljno \u0107ebadi ni zimske ode\u0107e za sve kojima su neophodni. Hiljade Ira\u010dana interno su raseljene. [&hellip;]<\/p>\n","protected":false},"author":83,"featured_media":118989,"comment_status":"open","ping_status":"open","sticky":false,"template":"","format":"standard","meta":{"footnotes":""},"categories":[9],"tags":[10491],"class_list":{"0":"post-118988","1":"post","2":"type-post","3":"status-publish","4":"format-standard","5":"has-post-thumbnail","7":"category-svijet","8":"tag-ummet"},"yoast_head":"<!-- This site is optimized with the Yoast SEO Premium plugin v23.1 (Yoast SEO v24.9) - https:\/\/yoast.com\/wordpress\/plugins\/seo\/ -->\n<title>Ugro\u017eeni \u017eivoti hiljada raseljenih Ira\u010dana<\/title>\n<meta name=\"robots\" content=\"index, follow, max-snippet:-1, max-image-preview:large, max-video-preview:-1\" \/>\n<link rel=\"canonical\" href=\"https:\/\/sandzakpress.net\/arhiva\/ugrozeni-zivoti-hiljada-raseljenih-iracana\/\" \/>\n<meta property=\"og:locale\" content=\"bs_BA\" \/>\n<meta property=\"og:type\" content=\"article\" \/>\n<meta property=\"og:title\" content=\"Ugro\u017eeni \u017eivoti hiljada raseljenih Ira\u010dana\" \/>\n<meta property=\"og:description\" content=\"Svijet &#8211; Svjetski program za hranu zatra\u017eio je 440 miliona dolara za pomo\u0107 raseljenim Ira\u010danima, a dobio je samo polovinu. U Siriji, Iraku, Libanu i Jordanu, o\u0161tra zima dodatno ote\u017eava \u017eivot hiljadama izbeglica i raseljenih. Humanitarni radnici upozoravaju da nemaju dovoljno \u0107ebadi ni zimske ode\u0107e za sve kojima su neophodni. Hiljade Ira\u010dana interno su raseljene. [&hellip;]\" \/>\n<meta property=\"og:url\" content=\"https:\/\/sandzakpress.net\/arhiva\/ugrozeni-zivoti-hiljada-raseljenih-iracana\/\" \/>\n<meta property=\"og:site_name\" content=\"Sand\u017eak PRESS\" \/>\n<meta property=\"article:published_time\" content=\"2015-01-10T10:52:13+00:00\" \/>\n<meta property=\"og:image\" content=\"https:\/\/sandzakpress.net\/arhiva\/wp-content\/uploads\/2015\/01\/023.jpg\" \/>\n\t<meta property=\"og:image:width\" content=\"480\" \/>\n\t<meta property=\"og:image:height\" content=\"360\" \/>\n\t<meta property=\"og:image:type\" content=\"image\/jpeg\" \/>\n<meta name=\"author\" content=\"bosniak\" \/>\n<meta name=\"twitter:card\" content=\"summary_large_image\" \/>\n<meta name=\"twitter:label1\" content=\"Written by\" \/>\n\t<meta name=\"twitter:data1\" content=\"bosniak\" \/>\n\t<meta name=\"twitter:label2\" content=\"Est. reading time\" \/>\n\t<meta name=\"twitter:data2\" content=\"2 minute\" \/>\n<script type=\"application\/ld+json\" class=\"yoast-schema-graph\">{\"@context\":\"https:\/\/schema.org\",\"@graph\":[{\"@type\":\"Article\",\"@id\":\"https:\/\/sandzakpress.net\/arhiva\/ugrozeni-zivoti-hiljada-raseljenih-iracana\/#article\",\"isPartOf\":{\"@id\":\"https:\/\/sandzakpress.net\/arhiva\/ugrozeni-zivoti-hiljada-raseljenih-iracana\/\"},\"author\":{\"name\":\"bosniak\",\"@id\":\"https:\/\/sandzakpress.net\/arhiva\/#\/schema\/person\/c8baee722073534b583ea7bdb2e36c02\"},\"headline\":\"Ugro\u017eeni \u017eivoti hiljada raseljenih Ira\u010dana\",\"datePublished\":\"2015-01-10T10:52:13+00:00\",\"mainEntityOfPage\":{\"@id\":\"https:\/\/sandzakpress.net\/arhiva\/ugrozeni-zivoti-hiljada-raseljenih-iracana\/\"},\"wordCount\":407,\"commentCount\":0,\"publisher\":{\"@id\":\"https:\/\/sandzakpress.net\/arhiva\/#\/schema\/person\/6e72b67d6e51910a1117b3b483ba20bd\"},\"image\":{\"@id\":\"https:\/\/sandzakpress.net\/arhiva\/ugrozeni-zivoti-hiljada-raseljenih-iracana\/#primaryimage\"},\"thumbnailUrl\":\"https:\/\/sandzakpress.net\/arhiva\/wp-content\/uploads\/2015\/01\/023.jpg\",\"keywords\":[\"Ummet\"],\"articleSection\":[\"Svijet\"],\"inLanguage\":\"bs-BA\",\"potentialAction\":[{\"@type\":\"CommentAction\",\"name\":\"Comment\",\"target\":[\"https:\/\/sandzakpress.net\/arhiva\/ugrozeni-zivoti-hiljada-raseljenih-iracana\/#respond\"]}]},{\"@type\":\"WebPage\",\"@id\":\"https:\/\/sandzakpress.net\/arhiva\/ugrozeni-zivoti-hiljada-raseljenih-iracana\/\",\"url\":\"https:\/\/sandzakpress.net\/arhiva\/ugrozeni-zivoti-hiljada-raseljenih-iracana\/\",\"name\":\"Ugro\u017eeni \u017eivoti hiljada raseljenih Ira\u010dana\",\"isPartOf\":{\"@id\":\"https:\/\/sandzakpress.net\/arhiva\/#website\"},\"primaryImageOfPage\":{\"@id\":\"https:\/\/sandzakpress.net\/arhiva\/ugrozeni-zivoti-hiljada-raseljenih-iracana\/#primaryimage\"},\"image\":{\"@id\":\"https:\/\/sandzakpress.net\/arhiva\/ugrozeni-zivoti-hiljada-raseljenih-iracana\/#primaryimage\"},\"thumbnailUrl\":\"https:\/\/sandzakpress.net\/arhiva\/wp-content\/uploads\/2015\/01\/023.jpg\",\"datePublished\":\"2015-01-10T10:52:13+00:00\",\"breadcrumb\":{\"@id\":\"https:\/\/sandzakpress.net\/arhiva\/ugrozeni-zivoti-hiljada-raseljenih-iracana\/#breadcrumb\"},\"inLanguage\":\"bs-BA\",\"potentialAction\":[{\"@type\":\"ReadAction\",\"target\":[\"https:\/\/sandzakpress.net\/arhiva\/ugrozeni-zivoti-hiljada-raseljenih-iracana\/\"]}]},{\"@type\":\"ImageObject\",\"inLanguage\":\"bs-BA\",\"@id\":\"https:\/\/sandzakpress.net\/arhiva\/ugrozeni-zivoti-hiljada-raseljenih-iracana\/#primaryimage\",\"url\":\"https:\/\/sandzakpress.net\/arhiva\/wp-content\/uploads\/2015\/01\/023.jpg\",\"contentUrl\":\"https:\/\/sandzakpress.net\/arhiva\/wp-content\/uploads\/2015\/01\/023.jpg\",\"width\":480,\"height\":360},{\"@type\":\"BreadcrumbList\",\"@id\":\"https:\/\/sandzakpress.net\/arhiva\/ugrozeni-zivoti-hiljada-raseljenih-iracana\/#breadcrumb\",\"itemListElement\":[{\"@type\":\"ListItem\",\"position\":1,\"name\":\"Home\",\"item\":\"https:\/\/sandzakpress.net\/arhiva\/\"},{\"@type\":\"ListItem\",\"position\":2,\"name\":\"Ugro\u017eeni \u017eivoti hiljada raseljenih Ira\u010dana\"}]},{\"@type\":\"WebSite\",\"@id\":\"https:\/\/sandzakpress.net\/arhiva\/#website\",\"url\":\"https:\/\/sandzakpress.net\/arhiva\/\",\"name\":\"Sand\u017eak PRESS\",\"description\":\"Prve elektronske novine u Sand\u017eaku\",\"publisher\":{\"@id\":\"https:\/\/sandzakpress.net\/arhiva\/#\/schema\/person\/6e72b67d6e51910a1117b3b483ba20bd\"},\"potentialAction\":[{\"@type\":\"SearchAction\",\"target\":{\"@type\":\"EntryPoint\",\"urlTemplate\":\"https:\/\/sandzakpress.net\/arhiva\/?s={search_term_string}\"},\"query-input\":{\"@type\":\"PropertyValueSpecification\",\"valueRequired\":true,\"valueName\":\"search_term_string\"}}],\"inLanguage\":\"bs-BA\"},{\"@type\":[\"Person\",\"Organization\"],\"@id\":\"https:\/\/sandzakpress.net\/arhiva\/#\/schema\/person\/6e72b67d6e51910a1117b3b483ba20bd\",\"name\":\"Kul\",\"image\":{\"@type\":\"ImageObject\",\"inLanguage\":\"bs-BA\",\"@id\":\"https:\/\/sandzakpress.net\/arhiva\/#\/schema\/person\/image\/\",\"url\":\"https:\/\/secure.gravatar.com\/avatar\/42263f39aa27ac04c43cab85c280eb2e?s=96&d=mm&r=pg\",\"contentUrl\":\"https:\/\/secure.gravatar.com\/avatar\/42263f39aa27ac04c43cab85c280eb2e?s=96&d=mm&r=pg\",\"caption\":\"Kul\"},\"logo\":{\"@id\":\"https:\/\/sandzakpress.net\/arhiva\/#\/schema\/person\/image\/\"}},{\"@type\":\"Person\",\"@id\":\"https:\/\/sandzakpress.net\/arhiva\/#\/schema\/person\/c8baee722073534b583ea7bdb2e36c02\",\"name\":\"bosniak\",\"image\":{\"@type\":\"ImageObject\",\"inLanguage\":\"bs-BA\",\"@id\":\"https:\/\/sandzakpress.net\/arhiva\/#\/schema\/person\/image\/\",\"url\":\"https:\/\/secure.gravatar.com\/avatar\/a04fd330bfe3a36a72a0ad4a6d89fca7?s=96&d=mm&r=pg\",\"contentUrl\":\"https:\/\/secure.gravatar.com\/avatar\/a04fd330bfe3a36a72a0ad4a6d89fca7?s=96&d=mm&r=pg\",\"caption\":\"bosniak\"},\"url\":\"https:\/\/sandzakpress.net\/arhiva\/author\/bosniak\/\"}]}<\/script>\n<!-- \/ Yoast SEO Premium plugin. -->","yoast_head_json":{"title":"Ugro\u017eeni \u017eivoti hiljada raseljenih Ira\u010dana","robots":{"index":"index","follow":"follow","max-snippet":"max-snippet:-1","max-image-preview":"max-image-preview:large","max-video-preview":"max-video-preview:-1"},"canonical":"https:\/\/sandzakpress.net\/arhiva\/ugrozeni-zivoti-hiljada-raseljenih-iracana\/","og_locale":"bs_BA","og_type":"article","og_title":"Ugro\u017eeni \u017eivoti hiljada raseljenih Ira\u010dana","og_description":"Svijet &#8211; Svjetski program za hranu zatra\u017eio je 440 miliona dolara za pomo\u0107 raseljenim Ira\u010danima, a dobio je samo polovinu. U Siriji, Iraku, Libanu i Jordanu, o\u0161tra zima dodatno ote\u017eava \u017eivot hiljadama izbeglica i raseljenih. Humanitarni radnici upozoravaju da nemaju dovoljno \u0107ebadi ni zimske ode\u0107e za sve kojima su neophodni. Hiljade Ira\u010dana interno su raseljene. [&hellip;]","og_url":"https:\/\/sandzakpress.net\/arhiva\/ugrozeni-zivoti-hiljada-raseljenih-iracana\/","og_site_name":"Sand\u017eak PRESS","article_published_time":"2015-01-10T10:52:13+00:00","og_image":[{"width":480,"height":360,"url":"https:\/\/sandzakpress.net\/arhiva\/wp-content\/uploads\/2015\/01\/023.jpg","type":"image\/jpeg"}],"author":"bosniak","twitter_card":"summary_large_image","twitter_misc":{"Written by":"bosniak","Est. reading time":"2 minute"},"schema":{"@context":"https:\/\/schema.org","@graph":[{"@type":"Article","@id":"https:\/\/sandzakpress.net\/arhiva\/ugrozeni-zivoti-hiljada-raseljenih-iracana\/#article","isPartOf":{"@id":"https:\/\/sandzakpress.net\/arhiva\/ugrozeni-zivoti-hiljada-raseljenih-iracana\/"},"author":{"name":"bosniak","@id":"https:\/\/sandzakpress.net\/arhiva\/#\/schema\/person\/c8baee722073534b583ea7bdb2e36c02"},"headline":"Ugro\u017eeni \u017eivoti hiljada raseljenih Ira\u010dana","datePublished":"2015-01-10T10:52:13+00:00","mainEntityOfPage":{"@id":"https:\/\/sandzakpress.net\/arhiva\/ugrozeni-zivoti-hiljada-raseljenih-iracana\/"},"wordCount":407,"commentCount":0,"publisher":{"@id":"https:\/\/sandzakpress.net\/arhiva\/#\/schema\/person\/6e72b67d6e51910a1117b3b483ba20bd"},"image":{"@id":"https:\/\/sandzakpress.net\/arhiva\/ugrozeni-zivoti-hiljada-raseljenih-iracana\/#primaryimage"},"thumbnailUrl":"https:\/\/sandzakpress.net\/arhiva\/wp-content\/uploads\/2015\/01\/023.jpg","keywords":["Ummet"],"articleSection":["Svijet"],"inLanguage":"bs-BA","potentialAction":[{"@type":"CommentAction","name":"Comment","target":["https:\/\/sandzakpress.net\/arhiva\/ugrozeni-zivoti-hiljada-raseljenih-iracana\/#respond"]}]},{"@type":"WebPage","@id":"https:\/\/sandzakpress.net\/arhiva\/ugrozeni-zivoti-hiljada-raseljenih-iracana\/","url":"https:\/\/sandzakpress.net\/arhiva\/ugrozeni-zivoti-hiljada-raseljenih-iracana\/","name":"Ugro\u017eeni \u017eivoti hiljada raseljenih Ira\u010dana","isPartOf":{"@id":"https:\/\/sandzakpress.net\/arhiva\/#website"},"primaryImageOfPage":{"@id":"https:\/\/sandzakpress.net\/arhiva\/ugrozeni-zivoti-hiljada-raseljenih-iracana\/#primaryimage"},"image":{"@id":"https:\/\/sandzakpress.net\/arhiva\/ugrozeni-zivoti-hiljada-raseljenih-iracana\/#primaryimage"},"thumbnailUrl":"https:\/\/sandzakpress.net\/arhiva\/wp-content\/uploads\/2015\/01\/023.jpg","datePublished":"2015-01-10T10:52:13+00:00","breadcrumb":{"@id":"https:\/\/sandzakpress.net\/arhiva\/ugrozeni-zivoti-hiljada-raseljenih-iracana\/#breadcrumb"},"inLanguage":"bs-BA","potentialAction":[{"@type":"ReadAction","target":["https:\/\/sandzakpress.net\/arhiva\/ugrozeni-zivoti-hiljada-raseljenih-iracana\/"]}]},{"@type":"ImageObject","inLanguage":"bs-BA","@id":"https:\/\/sandzakpress.net\/arhiva\/ugrozeni-zivoti-hiljada-raseljenih-iracana\/#primaryimage","url":"https:\/\/sandzakpress.net\/arhiva\/wp-content\/uploads\/2015\/01\/023.jpg","contentUrl":"https:\/\/sandzakpress.net\/arhiva\/wp-content\/uploads\/2015\/01\/023.jpg","width":480,"height":360},{"@type":"BreadcrumbList","@id":"https:\/\/sandzakpress.net\/arhiva\/ugrozeni-zivoti-hiljada-raseljenih-iracana\/#breadcrumb","itemListElement":[{"@type":"ListItem","position":1,"name":"Home","item":"https:\/\/sandzakpress.net\/arhiva\/"},{"@type":"ListItem","position":2,"name":"Ugro\u017eeni \u017eivoti hiljada raseljenih Ira\u010dana"}]},{"@type":"WebSite","@id":"https:\/\/sandzakpress.net\/arhiva\/#website","url":"https:\/\/sandzakpress.net\/arhiva\/","name":"Sand\u017eak PRESS","description":"Prve elektronske novine u Sand\u017eaku","publisher":{"@id":"https:\/\/sandzakpress.net\/arhiva\/#\/schema\/person\/6e72b67d6e51910a1117b3b483ba20bd"},"potentialAction":[{"@type":"SearchAction","target":{"@type":"EntryPoint","urlTemplate":"https:\/\/sandzakpress.net\/arhiva\/?s={search_term_string}"},"query-input":{"@type":"PropertyValueSpecification","valueRequired":true,"valueName":"search_term_string"}}],"inLanguage":"bs-BA"},{"@type":["Person","Organization"],"@id":"https:\/\/sandzakpress.net\/arhiva\/#\/schema\/person\/6e72b67d6e51910a1117b3b483ba20bd","name":"Kul","image":{"@type":"ImageObject","inLanguage":"bs-BA","@id":"https:\/\/sandzakpress.net\/arhiva\/#\/schema\/person\/image\/","url":"https:\/\/secure.gravatar.com\/avatar\/42263f39aa27ac04c43cab85c280eb2e?s=96&d=mm&r=pg","contentUrl":"https:\/\/secure.gravatar.com\/avatar\/42263f39aa27ac04c43cab85c280eb2e?s=96&d=mm&r=pg","caption":"Kul"},"logo":{"@id":"https:\/\/sandzakpress.net\/arhiva\/#\/schema\/person\/image\/"}},{"@type":"Person","@id":"https:\/\/sandzakpress.net\/arhiva\/#\/schema\/person\/c8baee722073534b583ea7bdb2e36c02","name":"bosniak","image":{"@type":"ImageObject","inLanguage":"bs-BA","@id":"https:\/\/sandzakpress.net\/arhiva\/#\/schema\/person\/image\/","url":"https:\/\/secure.gravatar.com\/avatar\/a04fd330bfe3a36a72a0ad4a6d89fca7?s=96&d=mm&r=pg","contentUrl":"https:\/\/secure.gravatar.com\/avatar\/a04fd330bfe3a36a72a0ad4a6d89fca7?s=96&d=mm&r=pg","caption":"bosniak"},"url":"https:\/\/sandzakpress.net\/arhiva\/author\/bosniak\/"}]}},"_links":{"self":[{"href":"https:\/\/sandzakpress.net\/arhiva\/wp-json\/wp\/v2\/posts\/118988"}],"collection":[{"href":"https:\/\/sandzakpress.net\/arhiva\/wp-json\/wp\/v2\/posts"}],"about":[{"href":"https:\/\/sandzakpress.net\/arhiva\/wp-json\/wp\/v2\/types\/post"}],"author":[{"embeddable":true,"href":"https:\/\/sandzakpress.net\/arhiva\/wp-json\/wp\/v2\/users\/83"}],"replies":[{"embeddable":true,"href":"https:\/\/sandzakpress.net\/arhiva\/wp-json\/wp\/v2\/comments?post=118988"}],"version-history":[{"count":0,"href":"https:\/\/sandzakpress.net\/arhiva\/wp-json\/wp\/v2\/posts\/118988\/revisions"}],"wp:featuredmedia":[{"embeddable":true,"href":"https:\/\/sandzakpress.net\/arhiva\/wp-json\/wp\/v2\/media\/118989"}],"wp:attachment":[{"href":"https:\/\/sandzakpress.net\/arhiva\/wp-json\/wp\/v2\/media?parent=118988"}],"wp:term":[{"taxonomy":"category","embeddable":true,"href":"https:\/\/sandzakpress.net\/arhiva\/wp-json\/wp\/v2\/categories?post=118988"},{"taxonomy":"post_tag","embeddable":true,"href":"https:\/\/sandzakpress.net\/arhiva\/wp-json\/wp\/v2\/tags?post=118988"}],"curies":[{"name":"wp","href":"https:\/\/api.w.org\/{rel}","templated":true}]}}