{"id":118891,"date":"2015-01-09T09:56:49","date_gmt":"2015-01-09T08:56:49","guid":{"rendered":"https:\/\/sandzakpress.net\/arhiva\/?p=118891"},"modified":"2015-01-09T09:56:49","modified_gmt":"2015-01-09T08:56:49","slug":"rafinerija-u-sisku-uskoro-prestaje-s-radom","status":"publish","type":"post","link":"https:\/\/sandzakpress.net\/arhiva\/rafinerija-u-sisku-uskoro-prestaje-s-radom\/","title":{"rendered":"Rafinerija u Sisku uskoro prestaje s radom"},"content":{"rendered":"<p><img decoding=\"async\" src=\"http:\/\/balkans.aljazeera.net\/sites\/staff.balkans.aljazeera.com\/files\/styles\/aljazeera_article_main_image\/public\/sisak_rafinerija_pixsell_main.jpg?itok=SH1akxS_\" alt=\"Hrvatska, Sisak, Rafinerija nafte\" \/><\/p>\n<p><strong>Hrvatska\u00a0&#8211; Rafinerija u Sisku \u0107e prera\u0111ivati doma\u0107u naftu do isteka zaliha, a odluka o zatvaranju nije donesena, navodi INA.<br \/>\n<\/strong><\/p>\n<p>Hrvatska naftna kompanija INA potvrdila je kako \u0107e Rafinerija nafte Sisak prera\u0111ivati doma\u0107u naftu do 14. sije\u010dnja, odnosno do isteka zaliha,<br \/>\nisti\u010du\u0107i da odluka odluka o zatvaranju sisa\u010dke rafinerije nije donesena te da prerada i u sisa\u010dkoj i rije\u010dkoj rafineriji ostaje ovisna o tr\u017ei\u0161nim uvjetima i vanjskom okru\u017eenju.<\/p>\n<p>&#8220;S obzirom kako pad cijena sirove nafte slabi profitabilnost INA-inog segmenta istra\u017eivanja i proizvodnje nafte i plina, potrebno je staviti jo\u0161 ve\u0107i naglasak na pobolj\u0161anje profitabilnosti rafinerijskog poslovanja, kako bi bilo samostalno i odr\u017eivo. Rafinerija nafte Sisak \u0107e prera\u0111ivati doma\u0107u naftu do 14. sije\u010dnja, odnosno do isteka zaliha, dok odluka o zatvaranju nije donesena&#8221;, odgovorila je INA na upit o upozorenjima Sto\u017eera za Rafinerije Sisak.<\/p>\n<p>To bi, budu\u0107i da nove koli\u010dine sirovine nisu osigurane, moglo zna\u010diti i trajni prekid proizvodnje, odnosno ostvarenje plana MOL-a o zatvaranju rafinerije, upozorili su iz Sto\u017eera.<\/p>\n<p>Zbog \u010dega u vrijeme najni\u017ee cijene nafte na svjetskom tr\u017ei\u0161tu u posljednjih pet godina nisu nabavljene zalihe sirovine koje bi omogu\u0107ile nastavak proizvodnje, pitaju iz Sto\u017eera iz kojeg postavljaju i pitanje odgovornosti \u010delnika INA-e za nebrigu o sisa\u010dkoj rafineriji.<\/p>\n<p><strong>Bez planskih dokumenata<br \/>\n<\/strong><br \/>\nUpozoravaju i kako Rafinerija jo\u0161 nema ni planskih dokumenata za ovu godinu, kao \u0161to su plan prerade, operativni i plan kapitalnih investicija.<\/p>\n<p>&#8220;U Rafineriji se i dosad proizvodilo plinsko ulje koje je, kao poluproizvod, odlazilo na daljnju preradu u Ma\u0111arsku, odakle se uvoze gotovi proizvodi. Budu\u0107i da je proizvodnja prekinuta i u Rafineriji nafte Rijeka, sve se koli\u010dine derivata uvoze iz Ma\u0111arske, a cijela se INA pretvara u distributivni centar. Budu\u0107i da nismo uspjeli dobiti nikakvu informaciju o daljnjim planovima uprave, zabrinjava nas \u0161to \u0107e s 900 zaposlenih u Sisku biti nakon 14. sije\u010dnja. Sto\u017eer neprestano prati stanje i spreman je na nove sindikalne akcije u cilju za\u0161tite hrvatskih nacionalnih interesa&#8221;, rekao je koordinator Sto\u017eera Predrag Sekuli\u0107.<\/p>\n<p>Iz INA-e navode kako se iskori\u0161tenost INA-inih rafinerijskih kapaciteta redovno prati, optimizira i prilago\u0111ava tr\u017ei\u0161nim uvjetima i ostalim relevantnim faktorima.<\/p>\n<p>&#8220;Govore\u0107i o cijenama sirove nafte na globalnom tr\u017ei\u0161tu, va\u017eno je istaknuti kako niske cijene sirove nafte ne podrazumijevaju nu\u017eno pove\u0107anje rafinerijskih mar\u017ei. Nedavna smanjenja cijene sirove nafte, stoga, nemaju izravan utjecaj na profitabilnost rafinerijskog segmenta. U isto vrijeme, tr\u017ei\u0161te se nije pove\u0107alo, dok je konkurencija, uklju\u010duju\u0107i i Mediteran, i dalje sna\u017ena&#8221;, ka\u017eu u hrvatskoj naftnoj kompaniji.<\/p>\n<p>(Agencije)<\/p>\n","protected":false},"excerpt":{"rendered":"<p>Hrvatska\u00a0&#8211; Rafinerija u Sisku \u0107e prera\u0111ivati doma\u0107u naftu do isteka zaliha, a odluka o zatvaranju nije donesena, navodi INA. Hrvatska naftna kompanija INA potvrdila je kako \u0107e Rafinerija nafte Sisak prera\u0111ivati doma\u0107u naftu do 14. sije\u010dnja, odnosno do isteka zaliha, isti\u010du\u0107i da odluka odluka o zatvaranju sisa\u010dke rafinerije nije donesena te da prerada i u [&hellip;]<\/p>\n","protected":false},"author":83,"featured_media":118892,"comment_status":"open","ping_status":"open","sticky":false,"template":"","format":"standard","meta":{"footnotes":""},"categories":[3,10306],"tags":[],"class_list":{"0":"post-118891","1":"post","2":"type-post","3":"status-publish","4":"format-standard","5":"has-post-thumbnail","7":"category-privreda","8":"category-hrvatska"},"yoast_head":"<!-- This site is optimized with the Yoast SEO Premium plugin v23.1 (Yoast SEO v24.9) - https:\/\/yoast.com\/wordpress\/plugins\/seo\/ -->\n<title>Rafinerija u Sisku uskoro prestaje s radom<\/title>\n<meta name=\"robots\" content=\"index, follow, max-snippet:-1, max-image-preview:large, max-video-preview:-1\" \/>\n<link rel=\"canonical\" href=\"https:\/\/sandzakpress.net\/arhiva\/rafinerija-u-sisku-uskoro-prestaje-s-radom\/\" \/>\n<meta property=\"og:locale\" content=\"bs_BA\" \/>\n<meta property=\"og:type\" content=\"article\" \/>\n<meta property=\"og:title\" content=\"Rafinerija u Sisku uskoro prestaje s radom\" \/>\n<meta property=\"og:description\" content=\"Hrvatska\u00a0&#8211; Rafinerija u Sisku \u0107e prera\u0111ivati doma\u0107u naftu do isteka zaliha, a odluka o zatvaranju nije donesena, navodi INA. Hrvatska naftna kompanija INA potvrdila je kako \u0107e Rafinerija nafte Sisak prera\u0111ivati doma\u0107u naftu do 14. sije\u010dnja, odnosno do isteka zaliha, isti\u010du\u0107i da odluka odluka o zatvaranju sisa\u010dke rafinerije nije donesena te da prerada i u [&hellip;]\" \/>\n<meta property=\"og:url\" content=\"https:\/\/sandzakpress.net\/arhiva\/rafinerija-u-sisku-uskoro-prestaje-s-radom\/\" \/>\n<meta property=\"og:site_name\" content=\"Sand\u017eak PRESS\" \/>\n<meta property=\"article:published_time\" content=\"2015-01-09T08:56:49+00:00\" \/>\n<meta property=\"og:image\" content=\"https:\/\/sandzakpress.net\/arhiva\/wp-content\/uploads\/2015\/01\/sisak_rafinerija_pixsell_main.jpg\" \/>\n\t<meta property=\"og:image:width\" content=\"900\" \/>\n\t<meta property=\"og:image:height\" content=\"600\" \/>\n\t<meta property=\"og:image:type\" content=\"image\/jpeg\" \/>\n<meta name=\"author\" content=\"bosniak\" \/>\n<meta name=\"twitter:card\" content=\"summary_large_image\" \/>\n<meta name=\"twitter:label1\" content=\"Written by\" \/>\n\t<meta name=\"twitter:data1\" content=\"bosniak\" \/>\n\t<meta name=\"twitter:label2\" content=\"Est. reading time\" \/>\n\t<meta name=\"twitter:data2\" content=\"2 minute\" \/>\n<script type=\"application\/ld+json\" class=\"yoast-schema-graph\">{\"@context\":\"https:\/\/schema.org\",\"@graph\":[{\"@type\":\"Article\",\"@id\":\"https:\/\/sandzakpress.net\/arhiva\/rafinerija-u-sisku-uskoro-prestaje-s-radom\/#article\",\"isPartOf\":{\"@id\":\"https:\/\/sandzakpress.net\/arhiva\/rafinerija-u-sisku-uskoro-prestaje-s-radom\/\"},\"author\":{\"name\":\"bosniak\",\"@id\":\"https:\/\/sandzakpress.net\/arhiva\/#\/schema\/person\/c8baee722073534b583ea7bdb2e36c02\"},\"headline\":\"Rafinerija u Sisku uskoro prestaje s radom\",\"datePublished\":\"2015-01-09T08:56:49+00:00\",\"mainEntityOfPage\":{\"@id\":\"https:\/\/sandzakpress.net\/arhiva\/rafinerija-u-sisku-uskoro-prestaje-s-radom\/\"},\"wordCount\":456,\"commentCount\":0,\"publisher\":{\"@id\":\"https:\/\/sandzakpress.net\/arhiva\/#\/schema\/person\/6e72b67d6e51910a1117b3b483ba20bd\"},\"image\":{\"@id\":\"https:\/\/sandzakpress.net\/arhiva\/rafinerija-u-sisku-uskoro-prestaje-s-radom\/#primaryimage\"},\"thumbnailUrl\":\"https:\/\/sandzakpress.net\/arhiva\/wp-content\/uploads\/2015\/01\/sisak_rafinerija_pixsell_main.jpg\",\"articleSection\":[\"Privreda\",\"Hrvatska\"],\"inLanguage\":\"bs-BA\",\"potentialAction\":[{\"@type\":\"CommentAction\",\"name\":\"Comment\",\"target\":[\"https:\/\/sandzakpress.net\/arhiva\/rafinerija-u-sisku-uskoro-prestaje-s-radom\/#respond\"]}]},{\"@type\":\"WebPage\",\"@id\":\"https:\/\/sandzakpress.net\/arhiva\/rafinerija-u-sisku-uskoro-prestaje-s-radom\/\",\"url\":\"https:\/\/sandzakpress.net\/arhiva\/rafinerija-u-sisku-uskoro-prestaje-s-radom\/\",\"name\":\"Rafinerija u Sisku uskoro prestaje s radom\",\"isPartOf\":{\"@id\":\"https:\/\/sandzakpress.net\/arhiva\/#website\"},\"primaryImageOfPage\":{\"@id\":\"https:\/\/sandzakpress.net\/arhiva\/rafinerija-u-sisku-uskoro-prestaje-s-radom\/#primaryimage\"},\"image\":{\"@id\":\"https:\/\/sandzakpress.net\/arhiva\/rafinerija-u-sisku-uskoro-prestaje-s-radom\/#primaryimage\"},\"thumbnailUrl\":\"https:\/\/sandzakpress.net\/arhiva\/wp-content\/uploads\/2015\/01\/sisak_rafinerija_pixsell_main.jpg\",\"datePublished\":\"2015-01-09T08:56:49+00:00\",\"breadcrumb\":{\"@id\":\"https:\/\/sandzakpress.net\/arhiva\/rafinerija-u-sisku-uskoro-prestaje-s-radom\/#breadcrumb\"},\"inLanguage\":\"bs-BA\",\"potentialAction\":[{\"@type\":\"ReadAction\",\"target\":[\"https:\/\/sandzakpress.net\/arhiva\/rafinerija-u-sisku-uskoro-prestaje-s-radom\/\"]}]},{\"@type\":\"ImageObject\",\"inLanguage\":\"bs-BA\",\"@id\":\"https:\/\/sandzakpress.net\/arhiva\/rafinerija-u-sisku-uskoro-prestaje-s-radom\/#primaryimage\",\"url\":\"https:\/\/sandzakpress.net\/arhiva\/wp-content\/uploads\/2015\/01\/sisak_rafinerija_pixsell_main.jpg\",\"contentUrl\":\"https:\/\/sandzakpress.net\/arhiva\/wp-content\/uploads\/2015\/01\/sisak_rafinerija_pixsell_main.jpg\",\"width\":900,\"height\":600},{\"@type\":\"BreadcrumbList\",\"@id\":\"https:\/\/sandzakpress.net\/arhiva\/rafinerija-u-sisku-uskoro-prestaje-s-radom\/#breadcrumb\",\"itemListElement\":[{\"@type\":\"ListItem\",\"position\":1,\"name\":\"Home\",\"item\":\"https:\/\/sandzakpress.net\/arhiva\/\"},{\"@type\":\"ListItem\",\"position\":2,\"name\":\"Rafinerija u Sisku uskoro prestaje s radom\"}]},{\"@type\":\"WebSite\",\"@id\":\"https:\/\/sandzakpress.net\/arhiva\/#website\",\"url\":\"https:\/\/sandzakpress.net\/arhiva\/\",\"name\":\"Sand\u017eak PRESS\",\"description\":\"Prve elektronske novine u Sand\u017eaku\",\"publisher\":{\"@id\":\"https:\/\/sandzakpress.net\/arhiva\/#\/schema\/person\/6e72b67d6e51910a1117b3b483ba20bd\"},\"potentialAction\":[{\"@type\":\"SearchAction\",\"target\":{\"@type\":\"EntryPoint\",\"urlTemplate\":\"https:\/\/sandzakpress.net\/arhiva\/?s={search_term_string}\"},\"query-input\":{\"@type\":\"PropertyValueSpecification\",\"valueRequired\":true,\"valueName\":\"search_term_string\"}}],\"inLanguage\":\"bs-BA\"},{\"@type\":[\"Person\",\"Organization\"],\"@id\":\"https:\/\/sandzakpress.net\/arhiva\/#\/schema\/person\/6e72b67d6e51910a1117b3b483ba20bd\",\"name\":\"Kul\",\"image\":{\"@type\":\"ImageObject\",\"inLanguage\":\"bs-BA\",\"@id\":\"https:\/\/sandzakpress.net\/arhiva\/#\/schema\/person\/image\/\",\"url\":\"https:\/\/secure.gravatar.com\/avatar\/42263f39aa27ac04c43cab85c280eb2e?s=96&d=mm&r=pg\",\"contentUrl\":\"https:\/\/secure.gravatar.com\/avatar\/42263f39aa27ac04c43cab85c280eb2e?s=96&d=mm&r=pg\",\"caption\":\"Kul\"},\"logo\":{\"@id\":\"https:\/\/sandzakpress.net\/arhiva\/#\/schema\/person\/image\/\"}},{\"@type\":\"Person\",\"@id\":\"https:\/\/sandzakpress.net\/arhiva\/#\/schema\/person\/c8baee722073534b583ea7bdb2e36c02\",\"name\":\"bosniak\",\"image\":{\"@type\":\"ImageObject\",\"inLanguage\":\"bs-BA\",\"@id\":\"https:\/\/sandzakpress.net\/arhiva\/#\/schema\/person\/image\/\",\"url\":\"https:\/\/secure.gravatar.com\/avatar\/a04fd330bfe3a36a72a0ad4a6d89fca7?s=96&d=mm&r=pg\",\"contentUrl\":\"https:\/\/secure.gravatar.com\/avatar\/a04fd330bfe3a36a72a0ad4a6d89fca7?s=96&d=mm&r=pg\",\"caption\":\"bosniak\"},\"url\":\"https:\/\/sandzakpress.net\/arhiva\/author\/bosniak\/\"}]}<\/script>\n<!-- \/ Yoast SEO Premium plugin. -->","yoast_head_json":{"title":"Rafinerija u Sisku uskoro prestaje s radom","robots":{"index":"index","follow":"follow","max-snippet":"max-snippet:-1","max-image-preview":"max-image-preview:large","max-video-preview":"max-video-preview:-1"},"canonical":"https:\/\/sandzakpress.net\/arhiva\/rafinerija-u-sisku-uskoro-prestaje-s-radom\/","og_locale":"bs_BA","og_type":"article","og_title":"Rafinerija u Sisku uskoro prestaje s radom","og_description":"Hrvatska\u00a0&#8211; Rafinerija u Sisku \u0107e prera\u0111ivati doma\u0107u naftu do isteka zaliha, a odluka o zatvaranju nije donesena, navodi INA. Hrvatska naftna kompanija INA potvrdila je kako \u0107e Rafinerija nafte Sisak prera\u0111ivati doma\u0107u naftu do 14. sije\u010dnja, odnosno do isteka zaliha, isti\u010du\u0107i da odluka odluka o zatvaranju sisa\u010dke rafinerije nije donesena te da prerada i u [&hellip;]","og_url":"https:\/\/sandzakpress.net\/arhiva\/rafinerija-u-sisku-uskoro-prestaje-s-radom\/","og_site_name":"Sand\u017eak PRESS","article_published_time":"2015-01-09T08:56:49+00:00","og_image":[{"width":900,"height":600,"url":"https:\/\/sandzakpress.net\/arhiva\/wp-content\/uploads\/2015\/01\/sisak_rafinerija_pixsell_main.jpg","type":"image\/jpeg"}],"author":"bosniak","twitter_card":"summary_large_image","twitter_misc":{"Written by":"bosniak","Est. reading time":"2 minute"},"schema":{"@context":"https:\/\/schema.org","@graph":[{"@type":"Article","@id":"https:\/\/sandzakpress.net\/arhiva\/rafinerija-u-sisku-uskoro-prestaje-s-radom\/#article","isPartOf":{"@id":"https:\/\/sandzakpress.net\/arhiva\/rafinerija-u-sisku-uskoro-prestaje-s-radom\/"},"author":{"name":"bosniak","@id":"https:\/\/sandzakpress.net\/arhiva\/#\/schema\/person\/c8baee722073534b583ea7bdb2e36c02"},"headline":"Rafinerija u Sisku uskoro prestaje s radom","datePublished":"2015-01-09T08:56:49+00:00","mainEntityOfPage":{"@id":"https:\/\/sandzakpress.net\/arhiva\/rafinerija-u-sisku-uskoro-prestaje-s-radom\/"},"wordCount":456,"commentCount":0,"publisher":{"@id":"https:\/\/sandzakpress.net\/arhiva\/#\/schema\/person\/6e72b67d6e51910a1117b3b483ba20bd"},"image":{"@id":"https:\/\/sandzakpress.net\/arhiva\/rafinerija-u-sisku-uskoro-prestaje-s-radom\/#primaryimage"},"thumbnailUrl":"https:\/\/sandzakpress.net\/arhiva\/wp-content\/uploads\/2015\/01\/sisak_rafinerija_pixsell_main.jpg","articleSection":["Privreda","Hrvatska"],"inLanguage":"bs-BA","potentialAction":[{"@type":"CommentAction","name":"Comment","target":["https:\/\/sandzakpress.net\/arhiva\/rafinerija-u-sisku-uskoro-prestaje-s-radom\/#respond"]}]},{"@type":"WebPage","@id":"https:\/\/sandzakpress.net\/arhiva\/rafinerija-u-sisku-uskoro-prestaje-s-radom\/","url":"https:\/\/sandzakpress.net\/arhiva\/rafinerija-u-sisku-uskoro-prestaje-s-radom\/","name":"Rafinerija u Sisku uskoro prestaje s radom","isPartOf":{"@id":"https:\/\/sandzakpress.net\/arhiva\/#website"},"primaryImageOfPage":{"@id":"https:\/\/sandzakpress.net\/arhiva\/rafinerija-u-sisku-uskoro-prestaje-s-radom\/#primaryimage"},"image":{"@id":"https:\/\/sandzakpress.net\/arhiva\/rafinerija-u-sisku-uskoro-prestaje-s-radom\/#primaryimage"},"thumbnailUrl":"https:\/\/sandzakpress.net\/arhiva\/wp-content\/uploads\/2015\/01\/sisak_rafinerija_pixsell_main.jpg","datePublished":"2015-01-09T08:56:49+00:00","breadcrumb":{"@id":"https:\/\/sandzakpress.net\/arhiva\/rafinerija-u-sisku-uskoro-prestaje-s-radom\/#breadcrumb"},"inLanguage":"bs-BA","potentialAction":[{"@type":"ReadAction","target":["https:\/\/sandzakpress.net\/arhiva\/rafinerija-u-sisku-uskoro-prestaje-s-radom\/"]}]},{"@type":"ImageObject","inLanguage":"bs-BA","@id":"https:\/\/sandzakpress.net\/arhiva\/rafinerija-u-sisku-uskoro-prestaje-s-radom\/#primaryimage","url":"https:\/\/sandzakpress.net\/arhiva\/wp-content\/uploads\/2015\/01\/sisak_rafinerija_pixsell_main.jpg","contentUrl":"https:\/\/sandzakpress.net\/arhiva\/wp-content\/uploads\/2015\/01\/sisak_rafinerija_pixsell_main.jpg","width":900,"height":600},{"@type":"BreadcrumbList","@id":"https:\/\/sandzakpress.net\/arhiva\/rafinerija-u-sisku-uskoro-prestaje-s-radom\/#breadcrumb","itemListElement":[{"@type":"ListItem","position":1,"name":"Home","item":"https:\/\/sandzakpress.net\/arhiva\/"},{"@type":"ListItem","position":2,"name":"Rafinerija u Sisku uskoro prestaje s radom"}]},{"@type":"WebSite","@id":"https:\/\/sandzakpress.net\/arhiva\/#website","url":"https:\/\/sandzakpress.net\/arhiva\/","name":"Sand\u017eak PRESS","description":"Prve elektronske novine u Sand\u017eaku","publisher":{"@id":"https:\/\/sandzakpress.net\/arhiva\/#\/schema\/person\/6e72b67d6e51910a1117b3b483ba20bd"},"potentialAction":[{"@type":"SearchAction","target":{"@type":"EntryPoint","urlTemplate":"https:\/\/sandzakpress.net\/arhiva\/?s={search_term_string}"},"query-input":{"@type":"PropertyValueSpecification","valueRequired":true,"valueName":"search_term_string"}}],"inLanguage":"bs-BA"},{"@type":["Person","Organization"],"@id":"https:\/\/sandzakpress.net\/arhiva\/#\/schema\/person\/6e72b67d6e51910a1117b3b483ba20bd","name":"Kul","image":{"@type":"ImageObject","inLanguage":"bs-BA","@id":"https:\/\/sandzakpress.net\/arhiva\/#\/schema\/person\/image\/","url":"https:\/\/secure.gravatar.com\/avatar\/42263f39aa27ac04c43cab85c280eb2e?s=96&d=mm&r=pg","contentUrl":"https:\/\/secure.gravatar.com\/avatar\/42263f39aa27ac04c43cab85c280eb2e?s=96&d=mm&r=pg","caption":"Kul"},"logo":{"@id":"https:\/\/sandzakpress.net\/arhiva\/#\/schema\/person\/image\/"}},{"@type":"Person","@id":"https:\/\/sandzakpress.net\/arhiva\/#\/schema\/person\/c8baee722073534b583ea7bdb2e36c02","name":"bosniak","image":{"@type":"ImageObject","inLanguage":"bs-BA","@id":"https:\/\/sandzakpress.net\/arhiva\/#\/schema\/person\/image\/","url":"https:\/\/secure.gravatar.com\/avatar\/a04fd330bfe3a36a72a0ad4a6d89fca7?s=96&d=mm&r=pg","contentUrl":"https:\/\/secure.gravatar.com\/avatar\/a04fd330bfe3a36a72a0ad4a6d89fca7?s=96&d=mm&r=pg","caption":"bosniak"},"url":"https:\/\/sandzakpress.net\/arhiva\/author\/bosniak\/"}]}},"_links":{"self":[{"href":"https:\/\/sandzakpress.net\/arhiva\/wp-json\/wp\/v2\/posts\/118891"}],"collection":[{"href":"https:\/\/sandzakpress.net\/arhiva\/wp-json\/wp\/v2\/posts"}],"about":[{"href":"https:\/\/sandzakpress.net\/arhiva\/wp-json\/wp\/v2\/types\/post"}],"author":[{"embeddable":true,"href":"https:\/\/sandzakpress.net\/arhiva\/wp-json\/wp\/v2\/users\/83"}],"replies":[{"embeddable":true,"href":"https:\/\/sandzakpress.net\/arhiva\/wp-json\/wp\/v2\/comments?post=118891"}],"version-history":[{"count":0,"href":"https:\/\/sandzakpress.net\/arhiva\/wp-json\/wp\/v2\/posts\/118891\/revisions"}],"wp:featuredmedia":[{"embeddable":true,"href":"https:\/\/sandzakpress.net\/arhiva\/wp-json\/wp\/v2\/media\/118892"}],"wp:attachment":[{"href":"https:\/\/sandzakpress.net\/arhiva\/wp-json\/wp\/v2\/media?parent=118891"}],"wp:term":[{"taxonomy":"category","embeddable":true,"href":"https:\/\/sandzakpress.net\/arhiva\/wp-json\/wp\/v2\/categories?post=118891"},{"taxonomy":"post_tag","embeddable":true,"href":"https:\/\/sandzakpress.net\/arhiva\/wp-json\/wp\/v2\/tags?post=118891"}],"curies":[{"name":"wp","href":"https:\/\/api.w.org\/{rel}","templated":true}]}}