{"id":118800,"date":"2015-01-08T09:21:53","date_gmt":"2015-01-08T08:21:53","guid":{"rendered":"https:\/\/sandzakpress.net\/arhiva\/?p=118800"},"modified":"2015-01-08T09:21:53","modified_gmt":"2015-01-08T08:21:53","slug":"francuska-policija-optuzuje-hamyda-mourada-za-napad-a-on-u-to-vrijeme-bio-u-skoli","status":"publish","type":"post","link":"https:\/\/sandzakpress.net\/arhiva\/francuska-policija-optuzuje-hamyda-mourada-za-napad-a-on-u-to-vrijeme-bio-u-skoli\/","title":{"rendered":"Francuska policija optu\u017euje Hamyda Mourada za napad, a on u to vrijeme bio u \u0161koli"},"content":{"rendered":"<p><a href=\"https:\/\/sandzakpress.net\/arhiva\/wp-content\/uploads\/2015\/01\/reims3-460_748238S0.jpg\"><img loading=\"lazy\" decoding=\"async\" class=\"size-full wp-image-118802 aligncenter\" src=\"https:\/\/sandzakpress.net\/arhiva\/wp-content\/uploads\/2015\/01\/reims3-460_748238S0.jpg\" alt=\"reims3-460_748238S0\" width=\"616\" height=\"401\" \/><\/a><\/p>\n<p><strong>Francuska &#8211; Prema informacijama novinske agencije AFP, koja se pozvala na neimenovane izvore, najmla\u0111i od trojice osumnji\u010denih napada\u010da predao se francuskoj policiji. Rije\u010d je o 18-godi\u0161njem\u00a0Hamydu Mouradu. Istu je vijest objavio i ABC News, koji se pozvao na francusku policiju.\u00a0<\/strong><\/p>\n<p>Mladi osumnji\u010denik predao se u policijskoj stanici u Charleville-M\u00e9zi\u00e8resu. Policajcima je rekao da je svoje ime primijetio na dru\u0161tvenim mre\u017eama te da je u vrijeme napada bio u \u0161koli, a ne u Parizu, dakle da je do\u0161lo do zabune. Njegovu izjavu potvrdili su mnogi Francuzi, odnosno njegove \u0161kolske kolege na Twitteru \u00a0Iako je to tako, francuska policija ga i dalje optu\u017euje. Preveli smo neke od poruka Hamydovih kolega.<\/p>\n<div class=\"_5wd9\" data-reactid=\".4c.$mid=11420696910731=234b4378d184f060290.2:0\">\n<div class=\"_5wde\" data-reactid=\".4c.$mid=11420696910731=234b4378d184f060290.2:0.0\">\n<div class=\"_5wdf _5w1r\" data-reactid=\".4c.$mid=11420696910731=234b4378d184f060290.2:0.0.0\">\n<div data-reactid=\".4c.$mid=11420696910731=234b4378d184f060290.2:0.0.0.0\"><em><span class=\"_5yl5\" data-reactid=\".4c.$mid=11420696910731=234b4378d184f060290.2:0.0.0.0.0\"><span data-reactid=\".4c.$mid=11420696910731=234b4378d184f060290.2:0.0.0.0.0.0.$end:0:$0:0\">Griselda Blanco: \u201c<\/span><span data-reactid=\".4c.$mid=11420696910731=234b4378d184f060290.2:0.0.0.0.0.0.$end:0:$2:0\">Ovo je momci stra\u0161no, bio je na \u010dasu cijelo jutro i dolaze da ga nevina optu\u017euju. Zna\u010di biraju onako napamet\u201d.<\/span><br data-reactid=\".4c.$mid=11420696910731=234b4378d184f060290.2:0.0.0.0.0.0.$end:0:$3:0\" \/><span data-reactid=\".4c.$mid=11420696910731=234b4378d184f060290.2:0.0.0.0.0.0.$end:0:$6:0\">lazy gurl: \u201c<\/span><span data-reactid=\".4c.$mid=11420696910731=234b4378d184f060290.2:0.0.0.0.0.0.$end:0:$8:0\">SUTRA SAM ZA VELIKE DEMONSTRACIJE PRED \u0160KOLOM\u201d<\/span><br data-reactid=\".4c.$mid=11420696910731=234b4378d184f060290.2:0.0.0.0.0.0.$end:0:$9:0\" \/><span data-reactid=\".4c.$mid=11420696910731=234b4378d184f060290.2:0.0.0.0.0.0.$end:0:$12:0\">@Uphorie: \u201c<\/span><span data-reactid=\".4c.$mid=11420696910731=234b4378d184f060290.2:0.0.0.0.0.0.$end:0:$14:0\">Mourad je bio na \u010dasu i mediji pri\u010daju na pamet\u201d<\/span><br data-reactid=\".4c.$mid=11420696910731=234b4378d184f060290.2:0.0.0.0.0.0.$end:0:$15:0\" \/><span data-reactid=\".4c.$mid=11420696910731=234b4378d184f060290.2:0.0.0.0.0.0.$end:0:$18:0\">IKON @Chaegasus: \u201c<\/span><span data-reactid=\".4c.$mid=11420696910731=234b4378d184f060290.2:0.0.0.0.0.0.$end:0:$20:0\">Jadnik je bio cijeli dan na \u010dasu, a uve\u010de se nalazi sa optu\u017ebom za ubistvo\u201d<\/span><br data-reactid=\".4c.$mid=11420696910731=234b4378d184f060290.2:0.0.0.0.0.0.$end:0:$21:0\" \/><span data-reactid=\".4c.$mid=11420696910731=234b4378d184f060290.2:0.0.0.0.0.0.$end:0:$24:0\">#NotInMyName @Chximaaa: \u201c<\/span><span data-reactid=\".4c.$mid=11420696910731=234b4378d184f060290.2:0.0.0.0.0.0.$end:0:$26:0\">Rekli su da mu je spala cipela. Umislili su se u Pepeljugi da mu daju da proba cipelu\u201d<\/span><br data-reactid=\".4c.$mid=11420696910731=234b4378d184f060290.2:0.0.0.0.0.0.$end:0:$27:0\" \/><span data-reactid=\".4c.$mid=11420696910731=234b4378d184f060290.2:0.0.0.0.0.0.$end:0:$32:0\">Overthinking \u2712\ufe0f\u270f\ufe0f @SarahCmt_: \u201c<\/span><span data-reactid=\".4c.$mid=11420696910731=234b4378d184f060290.2:0.0.0.0.0.0.$end:0:$34:0\">Danas mislim na Charlie Hebdo, ali i na Mourada, sramota je da ga ovako optu\u017ee bez dokaza, nedu\u017enog\u201d<\/span><br data-reactid=\".4c.$mid=11420696910731=234b4378d184f060290.2:0.0.0.0.0.0.$end:0:$35:0\" \/><span data-reactid=\".4c.$mid=11420696910731=234b4378d184f060290.2:0.0.0.0.0.0.$end:0:$38:0\">vicomte crew @babydroma: \u201c<\/span><span data-reactid=\".4c.$mid=11420696910731=234b4378d184f060290.2:0.0.0.0.0.0.$end:0:$40:0\">Molim vas, bio je cijelo jutro u na \u010dasu, samnom je u razredu\u201d<\/span><\/span><\/em><\/div>\n<div data-reactid=\".4c.$mid=11420696910731=234b4378d184f060290.2:0.0.0.0\"><em>Fiert\u00e9Alg\u00e9rienne @Meliinda69: \u201cI da, evo na\u0161li su nedu\u017enog kome \u0107e sve smjestiti. Lijepa je ova Francuska\u201d<\/em><br \/>\n<em>Waty Bledard @SofZiane: \u201cOvo treba naplatiti ovim kurvinim sinovima od medija. Ovo je se moglo desiti bilo kome od nas\u201d<\/em><br \/>\n<em>vicomte crew @_neednobody: \u201cZamisli sa jaranima si na \u010dasu, a uve\u010der su ga optu\u017eili za atentat!\u201d<\/em><\/div>\n<div data-reactid=\".4c.$mid=11420696910731=234b4378d184f060290.2:0.0.0.0\"><a href=\"https:\/\/sandzakpress.net\/arhiva\/wp-content\/uploads\/2015\/01\/Screenshot_18.jpg\"><img loading=\"lazy\" decoding=\"async\" class=\"size-full wp-image-118801 aligncenter\" src=\"https:\/\/sandzakpress.net\/arhiva\/wp-content\/uploads\/2015\/01\/Screenshot_18.jpg\" alt=\"Screenshot_18\" width=\"616\" height=\"482\" \/><\/a><\/div>\n<div data-reactid=\".4c.$mid=11420696910731=234b4378d184f060290.2:0.0.0.0\"><\/div>\n<div data-reactid=\".4c.$mid=11420696910731=234b4378d184f060290.2:0.0.0.0\">(Saff)<\/div>\n<\/div>\n<\/div>\n<\/div>\n","protected":false},"excerpt":{"rendered":"<p>Francuska &#8211; Prema informacijama novinske agencije AFP, koja se pozvala na neimenovane izvore, najmla\u0111i od trojice osumnji\u010denih napada\u010da predao se francuskoj policiji. Rije\u010d je o 18-godi\u0161njem\u00a0Hamydu Mouradu. Istu je vijest objavio i ABC News, koji se pozvao na francusku policiju.\u00a0 Mladi osumnji\u010denik predao se u policijskoj stanici u Charleville-M\u00e9zi\u00e8resu. Policajcima je rekao da je svoje [&hellip;]<\/p>\n","protected":false},"author":83,"featured_media":118802,"comment_status":"open","ping_status":"open","sticky":false,"template":"","format":"standard","meta":{"footnotes":""},"categories":[9550,9,798],"tags":[],"class_list":{"0":"post-118800","1":"post","2":"type-post","3":"status-publish","4":"format-standard","5":"has-post-thumbnail","7":"category-francuska-dijaspora-gradovi-vase-vijesti","8":"category-svijet","9":"category-teme"},"yoast_head":"<!-- This site is optimized with the Yoast SEO Premium plugin v23.1 (Yoast SEO v24.9) - https:\/\/yoast.com\/wordpress\/plugins\/seo\/ -->\n<title>Francuska policija optu\u017euje Hamyda Mourada za napad, a on u to vrijeme bio u \u0161koli<\/title>\n<meta name=\"robots\" content=\"index, follow, max-snippet:-1, max-image-preview:large, max-video-preview:-1\" \/>\n<link rel=\"canonical\" href=\"https:\/\/sandzakpress.net\/arhiva\/francuska-policija-optuzuje-hamyda-mourada-za-napad-a-on-u-to-vrijeme-bio-u-skoli\/\" \/>\n<meta property=\"og:locale\" content=\"bs_BA\" \/>\n<meta property=\"og:type\" content=\"article\" \/>\n<meta property=\"og:title\" content=\"Francuska policija optu\u017euje Hamyda Mourada za napad, a on u to vrijeme bio u \u0161koli\" \/>\n<meta property=\"og:description\" content=\"Francuska &#8211; Prema informacijama novinske agencije AFP, koja se pozvala na neimenovane izvore, najmla\u0111i od trojice osumnji\u010denih napada\u010da predao se francuskoj policiji. Rije\u010d je o 18-godi\u0161njem\u00a0Hamydu Mouradu. Istu je vijest objavio i ABC News, koji se pozvao na francusku policiju.\u00a0 Mladi osumnji\u010denik predao se u policijskoj stanici u Charleville-M\u00e9zi\u00e8resu. Policajcima je rekao da je svoje [&hellip;]\" \/>\n<meta property=\"og:url\" content=\"https:\/\/sandzakpress.net\/arhiva\/francuska-policija-optuzuje-hamyda-mourada-za-napad-a-on-u-to-vrijeme-bio-u-skoli\/\" \/>\n<meta property=\"og:site_name\" content=\"Sand\u017eak PRESS\" \/>\n<meta property=\"article:published_time\" content=\"2015-01-08T08:21:53+00:00\" \/>\n<meta property=\"og:image\" content=\"https:\/\/sandzakpress.net\/arhiva\/wp-content\/uploads\/2015\/01\/reims3-460_748238S0.jpg\" \/>\n\t<meta property=\"og:image:width\" content=\"616\" \/>\n\t<meta property=\"og:image:height\" content=\"401\" \/>\n\t<meta property=\"og:image:type\" content=\"image\/jpeg\" \/>\n<meta name=\"author\" content=\"bosniak\" \/>\n<meta name=\"twitter:card\" content=\"summary_large_image\" \/>\n<meta name=\"twitter:label1\" content=\"Written by\" \/>\n\t<meta name=\"twitter:data1\" content=\"bosniak\" \/>\n\t<meta name=\"twitter:label2\" content=\"Est. reading time\" \/>\n\t<meta name=\"twitter:data2\" content=\"2 minute\" \/>\n<script type=\"application\/ld+json\" class=\"yoast-schema-graph\">{\"@context\":\"https:\/\/schema.org\",\"@graph\":[{\"@type\":\"Article\",\"@id\":\"https:\/\/sandzakpress.net\/arhiva\/francuska-policija-optuzuje-hamyda-mourada-za-napad-a-on-u-to-vrijeme-bio-u-skoli\/#article\",\"isPartOf\":{\"@id\":\"https:\/\/sandzakpress.net\/arhiva\/francuska-policija-optuzuje-hamyda-mourada-za-napad-a-on-u-to-vrijeme-bio-u-skoli\/\"},\"author\":{\"name\":\"bosniak\",\"@id\":\"https:\/\/sandzakpress.net\/arhiva\/#\/schema\/person\/c8baee722073534b583ea7bdb2e36c02\"},\"headline\":\"Francuska policija optu\u017euje Hamyda Mourada za napad, a on u to vrijeme bio u \u0161koli\",\"datePublished\":\"2015-01-08T08:21:53+00:00\",\"mainEntityOfPage\":{\"@id\":\"https:\/\/sandzakpress.net\/arhiva\/francuska-policija-optuzuje-hamyda-mourada-za-napad-a-on-u-to-vrijeme-bio-u-skoli\/\"},\"wordCount\":318,\"commentCount\":0,\"publisher\":{\"@id\":\"https:\/\/sandzakpress.net\/arhiva\/#\/schema\/person\/6e72b67d6e51910a1117b3b483ba20bd\"},\"image\":{\"@id\":\"https:\/\/sandzakpress.net\/arhiva\/francuska-policija-optuzuje-hamyda-mourada-za-napad-a-on-u-to-vrijeme-bio-u-skoli\/#primaryimage\"},\"thumbnailUrl\":\"https:\/\/sandzakpress.net\/arhiva\/wp-content\/uploads\/2015\/01\/reims3-460_748238S0.jpg\",\"articleSection\":[\"Francuska\",\"Svijet\",\"NAJNOVIJE\"],\"inLanguage\":\"bs-BA\",\"potentialAction\":[{\"@type\":\"CommentAction\",\"name\":\"Comment\",\"target\":[\"https:\/\/sandzakpress.net\/arhiva\/francuska-policija-optuzuje-hamyda-mourada-za-napad-a-on-u-to-vrijeme-bio-u-skoli\/#respond\"]}]},{\"@type\":\"WebPage\",\"@id\":\"https:\/\/sandzakpress.net\/arhiva\/francuska-policija-optuzuje-hamyda-mourada-za-napad-a-on-u-to-vrijeme-bio-u-skoli\/\",\"url\":\"https:\/\/sandzakpress.net\/arhiva\/francuska-policija-optuzuje-hamyda-mourada-za-napad-a-on-u-to-vrijeme-bio-u-skoli\/\",\"name\":\"Francuska policija optu\u017euje Hamyda Mourada za napad, a on u to vrijeme bio u \u0161koli\",\"isPartOf\":{\"@id\":\"https:\/\/sandzakpress.net\/arhiva\/#website\"},\"primaryImageOfPage\":{\"@id\":\"https:\/\/sandzakpress.net\/arhiva\/francuska-policija-optuzuje-hamyda-mourada-za-napad-a-on-u-to-vrijeme-bio-u-skoli\/#primaryimage\"},\"image\":{\"@id\":\"https:\/\/sandzakpress.net\/arhiva\/francuska-policija-optuzuje-hamyda-mourada-za-napad-a-on-u-to-vrijeme-bio-u-skoli\/#primaryimage\"},\"thumbnailUrl\":\"https:\/\/sandzakpress.net\/arhiva\/wp-content\/uploads\/2015\/01\/reims3-460_748238S0.jpg\",\"datePublished\":\"2015-01-08T08:21:53+00:00\",\"breadcrumb\":{\"@id\":\"https:\/\/sandzakpress.net\/arhiva\/francuska-policija-optuzuje-hamyda-mourada-za-napad-a-on-u-to-vrijeme-bio-u-skoli\/#breadcrumb\"},\"inLanguage\":\"bs-BA\",\"potentialAction\":[{\"@type\":\"ReadAction\",\"target\":[\"https:\/\/sandzakpress.net\/arhiva\/francuska-policija-optuzuje-hamyda-mourada-za-napad-a-on-u-to-vrijeme-bio-u-skoli\/\"]}]},{\"@type\":\"ImageObject\",\"inLanguage\":\"bs-BA\",\"@id\":\"https:\/\/sandzakpress.net\/arhiva\/francuska-policija-optuzuje-hamyda-mourada-za-napad-a-on-u-to-vrijeme-bio-u-skoli\/#primaryimage\",\"url\":\"https:\/\/sandzakpress.net\/arhiva\/wp-content\/uploads\/2015\/01\/reims3-460_748238S0.jpg\",\"contentUrl\":\"https:\/\/sandzakpress.net\/arhiva\/wp-content\/uploads\/2015\/01\/reims3-460_748238S0.jpg\",\"width\":616,\"height\":401},{\"@type\":\"BreadcrumbList\",\"@id\":\"https:\/\/sandzakpress.net\/arhiva\/francuska-policija-optuzuje-hamyda-mourada-za-napad-a-on-u-to-vrijeme-bio-u-skoli\/#breadcrumb\",\"itemListElement\":[{\"@type\":\"ListItem\",\"position\":1,\"name\":\"Home\",\"item\":\"https:\/\/sandzakpress.net\/arhiva\/\"},{\"@type\":\"ListItem\",\"position\":2,\"name\":\"Francuska policija optu\u017euje Hamyda Mourada za napad, a on u to vrijeme bio u \u0161koli\"}]},{\"@type\":\"WebSite\",\"@id\":\"https:\/\/sandzakpress.net\/arhiva\/#website\",\"url\":\"https:\/\/sandzakpress.net\/arhiva\/\",\"name\":\"Sand\u017eak PRESS\",\"description\":\"Prve elektronske novine u Sand\u017eaku\",\"publisher\":{\"@id\":\"https:\/\/sandzakpress.net\/arhiva\/#\/schema\/person\/6e72b67d6e51910a1117b3b483ba20bd\"},\"potentialAction\":[{\"@type\":\"SearchAction\",\"target\":{\"@type\":\"EntryPoint\",\"urlTemplate\":\"https:\/\/sandzakpress.net\/arhiva\/?s={search_term_string}\"},\"query-input\":{\"@type\":\"PropertyValueSpecification\",\"valueRequired\":true,\"valueName\":\"search_term_string\"}}],\"inLanguage\":\"bs-BA\"},{\"@type\":[\"Person\",\"Organization\"],\"@id\":\"https:\/\/sandzakpress.net\/arhiva\/#\/schema\/person\/6e72b67d6e51910a1117b3b483ba20bd\",\"name\":\"Kul\",\"image\":{\"@type\":\"ImageObject\",\"inLanguage\":\"bs-BA\",\"@id\":\"https:\/\/sandzakpress.net\/arhiva\/#\/schema\/person\/image\/\",\"url\":\"https:\/\/secure.gravatar.com\/avatar\/42263f39aa27ac04c43cab85c280eb2e?s=96&d=mm&r=pg\",\"contentUrl\":\"https:\/\/secure.gravatar.com\/avatar\/42263f39aa27ac04c43cab85c280eb2e?s=96&d=mm&r=pg\",\"caption\":\"Kul\"},\"logo\":{\"@id\":\"https:\/\/sandzakpress.net\/arhiva\/#\/schema\/person\/image\/\"}},{\"@type\":\"Person\",\"@id\":\"https:\/\/sandzakpress.net\/arhiva\/#\/schema\/person\/c8baee722073534b583ea7bdb2e36c02\",\"name\":\"bosniak\",\"image\":{\"@type\":\"ImageObject\",\"inLanguage\":\"bs-BA\",\"@id\":\"https:\/\/sandzakpress.net\/arhiva\/#\/schema\/person\/image\/\",\"url\":\"https:\/\/secure.gravatar.com\/avatar\/a04fd330bfe3a36a72a0ad4a6d89fca7?s=96&d=mm&r=pg\",\"contentUrl\":\"https:\/\/secure.gravatar.com\/avatar\/a04fd330bfe3a36a72a0ad4a6d89fca7?s=96&d=mm&r=pg\",\"caption\":\"bosniak\"},\"url\":\"https:\/\/sandzakpress.net\/arhiva\/author\/bosniak\/\"}]}<\/script>\n<!-- \/ Yoast SEO Premium plugin. -->","yoast_head_json":{"title":"Francuska policija optu\u017euje Hamyda Mourada za napad, a on u to vrijeme bio u \u0161koli","robots":{"index":"index","follow":"follow","max-snippet":"max-snippet:-1","max-image-preview":"max-image-preview:large","max-video-preview":"max-video-preview:-1"},"canonical":"https:\/\/sandzakpress.net\/arhiva\/francuska-policija-optuzuje-hamyda-mourada-za-napad-a-on-u-to-vrijeme-bio-u-skoli\/","og_locale":"bs_BA","og_type":"article","og_title":"Francuska policija optu\u017euje Hamyda Mourada za napad, a on u to vrijeme bio u \u0161koli","og_description":"Francuska &#8211; Prema informacijama novinske agencije AFP, koja se pozvala na neimenovane izvore, najmla\u0111i od trojice osumnji\u010denih napada\u010da predao se francuskoj policiji. Rije\u010d je o 18-godi\u0161njem\u00a0Hamydu Mouradu. Istu je vijest objavio i ABC News, koji se pozvao na francusku policiju.\u00a0 Mladi osumnji\u010denik predao se u policijskoj stanici u Charleville-M\u00e9zi\u00e8resu. Policajcima je rekao da je svoje [&hellip;]","og_url":"https:\/\/sandzakpress.net\/arhiva\/francuska-policija-optuzuje-hamyda-mourada-za-napad-a-on-u-to-vrijeme-bio-u-skoli\/","og_site_name":"Sand\u017eak PRESS","article_published_time":"2015-01-08T08:21:53+00:00","og_image":[{"width":616,"height":401,"url":"https:\/\/sandzakpress.net\/arhiva\/wp-content\/uploads\/2015\/01\/reims3-460_748238S0.jpg","type":"image\/jpeg"}],"author":"bosniak","twitter_card":"summary_large_image","twitter_misc":{"Written by":"bosniak","Est. reading time":"2 minute"},"schema":{"@context":"https:\/\/schema.org","@graph":[{"@type":"Article","@id":"https:\/\/sandzakpress.net\/arhiva\/francuska-policija-optuzuje-hamyda-mourada-za-napad-a-on-u-to-vrijeme-bio-u-skoli\/#article","isPartOf":{"@id":"https:\/\/sandzakpress.net\/arhiva\/francuska-policija-optuzuje-hamyda-mourada-za-napad-a-on-u-to-vrijeme-bio-u-skoli\/"},"author":{"name":"bosniak","@id":"https:\/\/sandzakpress.net\/arhiva\/#\/schema\/person\/c8baee722073534b583ea7bdb2e36c02"},"headline":"Francuska policija optu\u017euje Hamyda Mourada za napad, a on u to vrijeme bio u \u0161koli","datePublished":"2015-01-08T08:21:53+00:00","mainEntityOfPage":{"@id":"https:\/\/sandzakpress.net\/arhiva\/francuska-policija-optuzuje-hamyda-mourada-za-napad-a-on-u-to-vrijeme-bio-u-skoli\/"},"wordCount":318,"commentCount":0,"publisher":{"@id":"https:\/\/sandzakpress.net\/arhiva\/#\/schema\/person\/6e72b67d6e51910a1117b3b483ba20bd"},"image":{"@id":"https:\/\/sandzakpress.net\/arhiva\/francuska-policija-optuzuje-hamyda-mourada-za-napad-a-on-u-to-vrijeme-bio-u-skoli\/#primaryimage"},"thumbnailUrl":"https:\/\/sandzakpress.net\/arhiva\/wp-content\/uploads\/2015\/01\/reims3-460_748238S0.jpg","articleSection":["Francuska","Svijet","NAJNOVIJE"],"inLanguage":"bs-BA","potentialAction":[{"@type":"CommentAction","name":"Comment","target":["https:\/\/sandzakpress.net\/arhiva\/francuska-policija-optuzuje-hamyda-mourada-za-napad-a-on-u-to-vrijeme-bio-u-skoli\/#respond"]}]},{"@type":"WebPage","@id":"https:\/\/sandzakpress.net\/arhiva\/francuska-policija-optuzuje-hamyda-mourada-za-napad-a-on-u-to-vrijeme-bio-u-skoli\/","url":"https:\/\/sandzakpress.net\/arhiva\/francuska-policija-optuzuje-hamyda-mourada-za-napad-a-on-u-to-vrijeme-bio-u-skoli\/","name":"Francuska policija optu\u017euje Hamyda Mourada za napad, a on u to vrijeme bio u \u0161koli","isPartOf":{"@id":"https:\/\/sandzakpress.net\/arhiva\/#website"},"primaryImageOfPage":{"@id":"https:\/\/sandzakpress.net\/arhiva\/francuska-policija-optuzuje-hamyda-mourada-za-napad-a-on-u-to-vrijeme-bio-u-skoli\/#primaryimage"},"image":{"@id":"https:\/\/sandzakpress.net\/arhiva\/francuska-policija-optuzuje-hamyda-mourada-za-napad-a-on-u-to-vrijeme-bio-u-skoli\/#primaryimage"},"thumbnailUrl":"https:\/\/sandzakpress.net\/arhiva\/wp-content\/uploads\/2015\/01\/reims3-460_748238S0.jpg","datePublished":"2015-01-08T08:21:53+00:00","breadcrumb":{"@id":"https:\/\/sandzakpress.net\/arhiva\/francuska-policija-optuzuje-hamyda-mourada-za-napad-a-on-u-to-vrijeme-bio-u-skoli\/#breadcrumb"},"inLanguage":"bs-BA","potentialAction":[{"@type":"ReadAction","target":["https:\/\/sandzakpress.net\/arhiva\/francuska-policija-optuzuje-hamyda-mourada-za-napad-a-on-u-to-vrijeme-bio-u-skoli\/"]}]},{"@type":"ImageObject","inLanguage":"bs-BA","@id":"https:\/\/sandzakpress.net\/arhiva\/francuska-policija-optuzuje-hamyda-mourada-za-napad-a-on-u-to-vrijeme-bio-u-skoli\/#primaryimage","url":"https:\/\/sandzakpress.net\/arhiva\/wp-content\/uploads\/2015\/01\/reims3-460_748238S0.jpg","contentUrl":"https:\/\/sandzakpress.net\/arhiva\/wp-content\/uploads\/2015\/01\/reims3-460_748238S0.jpg","width":616,"height":401},{"@type":"BreadcrumbList","@id":"https:\/\/sandzakpress.net\/arhiva\/francuska-policija-optuzuje-hamyda-mourada-za-napad-a-on-u-to-vrijeme-bio-u-skoli\/#breadcrumb","itemListElement":[{"@type":"ListItem","position":1,"name":"Home","item":"https:\/\/sandzakpress.net\/arhiva\/"},{"@type":"ListItem","position":2,"name":"Francuska policija optu\u017euje Hamyda Mourada za napad, a on u to vrijeme bio u \u0161koli"}]},{"@type":"WebSite","@id":"https:\/\/sandzakpress.net\/arhiva\/#website","url":"https:\/\/sandzakpress.net\/arhiva\/","name":"Sand\u017eak PRESS","description":"Prve elektronske novine u Sand\u017eaku","publisher":{"@id":"https:\/\/sandzakpress.net\/arhiva\/#\/schema\/person\/6e72b67d6e51910a1117b3b483ba20bd"},"potentialAction":[{"@type":"SearchAction","target":{"@type":"EntryPoint","urlTemplate":"https:\/\/sandzakpress.net\/arhiva\/?s={search_term_string}"},"query-input":{"@type":"PropertyValueSpecification","valueRequired":true,"valueName":"search_term_string"}}],"inLanguage":"bs-BA"},{"@type":["Person","Organization"],"@id":"https:\/\/sandzakpress.net\/arhiva\/#\/schema\/person\/6e72b67d6e51910a1117b3b483ba20bd","name":"Kul","image":{"@type":"ImageObject","inLanguage":"bs-BA","@id":"https:\/\/sandzakpress.net\/arhiva\/#\/schema\/person\/image\/","url":"https:\/\/secure.gravatar.com\/avatar\/42263f39aa27ac04c43cab85c280eb2e?s=96&d=mm&r=pg","contentUrl":"https:\/\/secure.gravatar.com\/avatar\/42263f39aa27ac04c43cab85c280eb2e?s=96&d=mm&r=pg","caption":"Kul"},"logo":{"@id":"https:\/\/sandzakpress.net\/arhiva\/#\/schema\/person\/image\/"}},{"@type":"Person","@id":"https:\/\/sandzakpress.net\/arhiva\/#\/schema\/person\/c8baee722073534b583ea7bdb2e36c02","name":"bosniak","image":{"@type":"ImageObject","inLanguage":"bs-BA","@id":"https:\/\/sandzakpress.net\/arhiva\/#\/schema\/person\/image\/","url":"https:\/\/secure.gravatar.com\/avatar\/a04fd330bfe3a36a72a0ad4a6d89fca7?s=96&d=mm&r=pg","contentUrl":"https:\/\/secure.gravatar.com\/avatar\/a04fd330bfe3a36a72a0ad4a6d89fca7?s=96&d=mm&r=pg","caption":"bosniak"},"url":"https:\/\/sandzakpress.net\/arhiva\/author\/bosniak\/"}]}},"_links":{"self":[{"href":"https:\/\/sandzakpress.net\/arhiva\/wp-json\/wp\/v2\/posts\/118800"}],"collection":[{"href":"https:\/\/sandzakpress.net\/arhiva\/wp-json\/wp\/v2\/posts"}],"about":[{"href":"https:\/\/sandzakpress.net\/arhiva\/wp-json\/wp\/v2\/types\/post"}],"author":[{"embeddable":true,"href":"https:\/\/sandzakpress.net\/arhiva\/wp-json\/wp\/v2\/users\/83"}],"replies":[{"embeddable":true,"href":"https:\/\/sandzakpress.net\/arhiva\/wp-json\/wp\/v2\/comments?post=118800"}],"version-history":[{"count":0,"href":"https:\/\/sandzakpress.net\/arhiva\/wp-json\/wp\/v2\/posts\/118800\/revisions"}],"wp:featuredmedia":[{"embeddable":true,"href":"https:\/\/sandzakpress.net\/arhiva\/wp-json\/wp\/v2\/media\/118802"}],"wp:attachment":[{"href":"https:\/\/sandzakpress.net\/arhiva\/wp-json\/wp\/v2\/media?parent=118800"}],"wp:term":[{"taxonomy":"category","embeddable":true,"href":"https:\/\/sandzakpress.net\/arhiva\/wp-json\/wp\/v2\/categories?post=118800"},{"taxonomy":"post_tag","embeddable":true,"href":"https:\/\/sandzakpress.net\/arhiva\/wp-json\/wp\/v2\/tags?post=118800"}],"curies":[{"name":"wp","href":"https:\/\/api.w.org\/{rel}","templated":true}]}}