{"id":118458,"date":"2015-01-02T13:49:48","date_gmt":"2015-01-02T12:49:48","guid":{"rendered":"https:\/\/sandzakpress.net\/arhiva\/?p=118458"},"modified":"2015-01-02T14:03:05","modified_gmt":"2015-01-02T13:03:05","slug":"rad-u-2015-vlast-nastavlja-smjenom-celnih-ljudi","status":"publish","type":"post","link":"https:\/\/sandzakpress.net\/arhiva\/rad-u-2015-nastavlja-smjenom-celnih-ljudi","title":{"rendered":"Rad se u 2015. nastavlja smjenom \u010delnih ljudi?"},"content":{"rendered":"<p><img loading=\"lazy\" decoding=\"async\" class=\"aligncenter size-full wp-image-118459\" src=\"https:\/\/sandzakpress.net\/arhiva\/wp-content\/uploads\/2015\/01\/Novi-Pazar-pod-snegom-opstina.jpg\" alt=\"Novi-Pazar-pod-snegom-opstina\" width=\"616\" height=\"419\" \/><\/p>\n<p><strong>Novi Pazar &#8211; Kako pi\u0161e Sand\u017eak Haber, medij blizak stranci SDPS i gradskoj vlasti u Novom Pazaru, zbog katastrofalne organizacije Sportske ve\u010deri koja je organizovana kao dramska sekcija u osnovnoj \u0161koli, vrh SDP odlu\u010dio je da smijeni odgovorne iz sportskog saveza i svih drugih institucija koje su u\u010destvovale u ovoj, kako oni nazivaju \u201elakrdiji\u201c.<\/strong><\/p>\n<p>&#8220;Saznajemo da su organizatori priznali niz propusta, a utvr\u0111eno je da je ime Miljana Mini\u0107a koji je trebao da dobije nagradu \u201enajbolji novinar godine\u201c nestalo kao rezultat lo\u0161e koordinacije izme\u0111u Envera Gusinca predsjednika Sportskog saveza i novinara Fehima Kari\u0161ika.\u00a0Direktor Regionalne televizije Denis Mavri\u0107 preuzeo je odgovornost zbog tehni\u010dkih propusta tokom ve\u010deri koji su se konstantno ponavljali, a slaba posjeta je posljedica prebacivanja nadle\u017enosti sa jednog na drugog&#8221; &#8211; isti\u010de se na Sand\u017eak Haberu.<\/p>\n<p>Odmah poslije novogodi\u0161njih praznika koji su u toku, o\u010dekuje se epilog ovog, kako ga nazivaju &#8216;skandala&#8217; i evidentno je da je na smjenama\u00a0insistirao ministar Ljaji\u0107.<\/p>\n<p>U nastavku se isti\u010de:<\/p>\n<p>&#8216;Ovo je samo prvi korak u reorganizaciji op\u0161tinskih organa koji ne funkcioni\u0161u na zadovoljavaju\u0107i na\u010din te s toga i tu treba o\u010dekivati bitne personalne promjene. Na sastanku koji je odr\u017ean tako\u0111er je iskazano nezadovoljstvo radom gradskog odbora SDP pa se i tu o\u010dekuju kadrovska osvje\u017eenja&#8217;<\/p>\n<p>[alert type=alert-yellow]<img loading=\"lazy\" decoding=\"async\" class=\"\" src=\"https:\/\/sandzakpress.net\/arhiva\/wp-content\/uploads\/2014\/12\/Capture18.jpg\" alt=\"Capture\" width=\"351\" height=\"215\" \/><\/p>\n<p>Potpredsjednik Vlade i predsjednik SDP Rasim Ljaji\u0107 demonstrativno je na samom kraju progla\u0161enja sportiste godine iza\u0161ao zbog vi\u0161e propusta u organizaciji ove ve\u010deri. On je vidno ljut napustio ovu manifestaciju na samom kraju ne \u017eele\u0107i da ostane na koktelu koji je ve\u010deras prire\u0111ivao gradona\u010delnik Meho Mahmutovi\u0107 zbog permanentnih propusta tokom odr\u017eavanja ove ali i drugih manifestacija. Izvor iz kabineta potpredsjednika Vlade potvrdio na\u0161a saznanja i istakao da je Potpredsjednik Vlade Rasim Ljaji\u0107 po najve\u0107em nevremenu pet sati putovao iz Beograda da bi stigao na manifestaciju ra\u010dunaju\u0107i da se radi o najve\u0107oj sportskoj manifestaciji a ustvari prisustvovao je ni\u017eerazrednoj lokalnoj predstavi koja ne dolikuje ni \u0111jacima u osnovnoj \u0161koli&#8221;. Organizatori Manifestacije najavljivali su da je veliko interesovanje za ovaj skup a dvorana je bila poluprazna. (sandzakhaber)[\/alert]<\/p>\n<p>&nbsp;<\/p>\n<p>SANA<\/p>\n","protected":false},"excerpt":{"rendered":"<p>Isti\u010du mediji bliski SDPS-u<\/p>\n","protected":false},"author":83,"featured_media":118459,"comment_status":"open","ping_status":"open","sticky":false,"template":"","format":"standard","meta":{"footnotes":""},"categories":[72,1,8957],"tags":[10248,10257],"class_list":{"0":"post-118458","1":"post","2":"type-post","3":"status-publish","4":"format-standard","5":"has-post-thumbnail","7":"category-novi-pazar","8":"category-politika","9":"category-vijesti-dana","10":"tag-gradska-uprava-novi-pazar","11":"tag-sdp"},"yoast_head":"<!-- This site is optimized with the Yoast SEO Premium plugin v23.1 (Yoast SEO v24.9) - https:\/\/yoast.com\/wordpress\/plugins\/seo\/ -->\n<title>Rad se u 2015. nastavlja smjenom \u010delnih ljudi?<\/title>\n<meta name=\"robots\" content=\"index, follow, max-snippet:-1, max-image-preview:large, max-video-preview:-1\" \/>\n<link rel=\"canonical\" href=\"https:\/\/sandzakpress.net\/arhiva\/rad-u-2015-nastavlja-smjenom-celnih-ljudi\/\" \/>\n<meta property=\"og:locale\" content=\"bs_BA\" \/>\n<meta property=\"og:type\" content=\"article\" \/>\n<meta property=\"og:title\" content=\"Rad se u 2015. nastavlja smjenom \u010delnih ljudi?\" \/>\n<meta property=\"og:description\" content=\"Isti\u010du mediji bliski SDPS-u\" \/>\n<meta property=\"og:url\" content=\"https:\/\/sandzakpress.net\/arhiva\/rad-u-2015-nastavlja-smjenom-celnih-ljudi\/\" \/>\n<meta property=\"og:site_name\" content=\"Sand\u017eak PRESS\" \/>\n<meta property=\"article:published_time\" content=\"2015-01-02T12:49:48+00:00\" \/>\n<meta property=\"article:modified_time\" content=\"2015-01-02T13:03:05+00:00\" \/>\n<meta property=\"og:image\" content=\"https:\/\/sandzakpress.net\/arhiva\/wp-content\/uploads\/2015\/01\/Novi-Pazar-pod-snegom-opstina.jpg\" \/>\n\t<meta property=\"og:image:width\" content=\"616\" \/>\n\t<meta property=\"og:image:height\" content=\"419\" \/>\n\t<meta property=\"og:image:type\" content=\"image\/jpeg\" \/>\n<meta name=\"author\" content=\"bosniak\" \/>\n<meta name=\"twitter:card\" content=\"summary_large_image\" \/>\n<meta name=\"twitter:label1\" content=\"Written by\" \/>\n\t<meta name=\"twitter:data1\" content=\"bosniak\" \/>\n\t<meta name=\"twitter:label2\" content=\"Est. reading time\" \/>\n\t<meta name=\"twitter:data2\" content=\"2 minute\" \/>\n<script type=\"application\/ld+json\" class=\"yoast-schema-graph\">{\"@context\":\"https:\/\/schema.org\",\"@graph\":[{\"@type\":\"Article\",\"@id\":\"https:\/\/sandzakpress.net\/arhiva\/rad-u-2015-nastavlja-smjenom-celnih-ljudi\/#article\",\"isPartOf\":{\"@id\":\"https:\/\/sandzakpress.net\/arhiva\/rad-u-2015-nastavlja-smjenom-celnih-ljudi\/\"},\"author\":{\"name\":\"bosniak\",\"@id\":\"https:\/\/sandzakpress.net\/arhiva\/#\/schema\/person\/c8baee722073534b583ea7bdb2e36c02\"},\"headline\":\"Rad se u 2015. nastavlja smjenom \u010delnih ljudi?\",\"datePublished\":\"2015-01-02T12:49:48+00:00\",\"dateModified\":\"2015-01-02T13:03:05+00:00\",\"mainEntityOfPage\":{\"@id\":\"https:\/\/sandzakpress.net\/arhiva\/rad-u-2015-nastavlja-smjenom-celnih-ljudi\/\"},\"wordCount\":383,\"commentCount\":18,\"publisher\":{\"@id\":\"https:\/\/sandzakpress.net\/arhiva\/#\/schema\/person\/6e72b67d6e51910a1117b3b483ba20bd\"},\"image\":{\"@id\":\"https:\/\/sandzakpress.net\/arhiva\/rad-u-2015-nastavlja-smjenom-celnih-ljudi\/#primaryimage\"},\"thumbnailUrl\":\"https:\/\/sandzakpress.net\/arhiva\/wp-content\/uploads\/2015\/01\/Novi-Pazar-pod-snegom-opstina.jpg\",\"keywords\":[\"Vlast u Novom Pazaru\",\"SDPS\"],\"articleSection\":[\"Novi Pazar\",\"Politika\",\"VIJESTI DANA\"],\"inLanguage\":\"bs-BA\",\"potentialAction\":[{\"@type\":\"CommentAction\",\"name\":\"Comment\",\"target\":[\"https:\/\/sandzakpress.net\/arhiva\/rad-u-2015-nastavlja-smjenom-celnih-ljudi\/#respond\"]}]},{\"@type\":\"WebPage\",\"@id\":\"https:\/\/sandzakpress.net\/arhiva\/rad-u-2015-nastavlja-smjenom-celnih-ljudi\/\",\"url\":\"https:\/\/sandzakpress.net\/arhiva\/rad-u-2015-nastavlja-smjenom-celnih-ljudi\/\",\"name\":\"Rad se u 2015. nastavlja smjenom \u010delnih ljudi?\",\"isPartOf\":{\"@id\":\"https:\/\/sandzakpress.net\/arhiva\/#website\"},\"primaryImageOfPage\":{\"@id\":\"https:\/\/sandzakpress.net\/arhiva\/rad-u-2015-nastavlja-smjenom-celnih-ljudi\/#primaryimage\"},\"image\":{\"@id\":\"https:\/\/sandzakpress.net\/arhiva\/rad-u-2015-nastavlja-smjenom-celnih-ljudi\/#primaryimage\"},\"thumbnailUrl\":\"https:\/\/sandzakpress.net\/arhiva\/wp-content\/uploads\/2015\/01\/Novi-Pazar-pod-snegom-opstina.jpg\",\"datePublished\":\"2015-01-02T12:49:48+00:00\",\"dateModified\":\"2015-01-02T13:03:05+00:00\",\"breadcrumb\":{\"@id\":\"https:\/\/sandzakpress.net\/arhiva\/rad-u-2015-nastavlja-smjenom-celnih-ljudi\/#breadcrumb\"},\"inLanguage\":\"bs-BA\",\"potentialAction\":[{\"@type\":\"ReadAction\",\"target\":[\"https:\/\/sandzakpress.net\/arhiva\/rad-u-2015-nastavlja-smjenom-celnih-ljudi\/\"]}]},{\"@type\":\"ImageObject\",\"inLanguage\":\"bs-BA\",\"@id\":\"https:\/\/sandzakpress.net\/arhiva\/rad-u-2015-nastavlja-smjenom-celnih-ljudi\/#primaryimage\",\"url\":\"https:\/\/sandzakpress.net\/arhiva\/wp-content\/uploads\/2015\/01\/Novi-Pazar-pod-snegom-opstina.jpg\",\"contentUrl\":\"https:\/\/sandzakpress.net\/arhiva\/wp-content\/uploads\/2015\/01\/Novi-Pazar-pod-snegom-opstina.jpg\",\"width\":616,\"height\":419},{\"@type\":\"BreadcrumbList\",\"@id\":\"https:\/\/sandzakpress.net\/arhiva\/rad-u-2015-nastavlja-smjenom-celnih-ljudi\/#breadcrumb\",\"itemListElement\":[{\"@type\":\"ListItem\",\"position\":1,\"name\":\"Home\",\"item\":\"https:\/\/sandzakpress.net\/arhiva\/\"},{\"@type\":\"ListItem\",\"position\":2,\"name\":\"Rad se u 2015. nastavlja smjenom \u010delnih ljudi?\"}]},{\"@type\":\"WebSite\",\"@id\":\"https:\/\/sandzakpress.net\/arhiva\/#website\",\"url\":\"https:\/\/sandzakpress.net\/arhiva\/\",\"name\":\"Sand\u017eak PRESS\",\"description\":\"Prve elektronske novine u Sand\u017eaku\",\"publisher\":{\"@id\":\"https:\/\/sandzakpress.net\/arhiva\/#\/schema\/person\/6e72b67d6e51910a1117b3b483ba20bd\"},\"potentialAction\":[{\"@type\":\"SearchAction\",\"target\":{\"@type\":\"EntryPoint\",\"urlTemplate\":\"https:\/\/sandzakpress.net\/arhiva\/?s={search_term_string}\"},\"query-input\":{\"@type\":\"PropertyValueSpecification\",\"valueRequired\":true,\"valueName\":\"search_term_string\"}}],\"inLanguage\":\"bs-BA\"},{\"@type\":[\"Person\",\"Organization\"],\"@id\":\"https:\/\/sandzakpress.net\/arhiva\/#\/schema\/person\/6e72b67d6e51910a1117b3b483ba20bd\",\"name\":\"Kul\",\"image\":{\"@type\":\"ImageObject\",\"inLanguage\":\"bs-BA\",\"@id\":\"https:\/\/sandzakpress.net\/arhiva\/#\/schema\/person\/image\/\",\"url\":\"https:\/\/secure.gravatar.com\/avatar\/42263f39aa27ac04c43cab85c280eb2e?s=96&d=mm&r=pg\",\"contentUrl\":\"https:\/\/secure.gravatar.com\/avatar\/42263f39aa27ac04c43cab85c280eb2e?s=96&d=mm&r=pg\",\"caption\":\"Kul\"},\"logo\":{\"@id\":\"https:\/\/sandzakpress.net\/arhiva\/#\/schema\/person\/image\/\"}},{\"@type\":\"Person\",\"@id\":\"https:\/\/sandzakpress.net\/arhiva\/#\/schema\/person\/c8baee722073534b583ea7bdb2e36c02\",\"name\":\"bosniak\",\"image\":{\"@type\":\"ImageObject\",\"inLanguage\":\"bs-BA\",\"@id\":\"https:\/\/sandzakpress.net\/arhiva\/#\/schema\/person\/image\/\",\"url\":\"https:\/\/secure.gravatar.com\/avatar\/a04fd330bfe3a36a72a0ad4a6d89fca7?s=96&d=mm&r=pg\",\"contentUrl\":\"https:\/\/secure.gravatar.com\/avatar\/a04fd330bfe3a36a72a0ad4a6d89fca7?s=96&d=mm&r=pg\",\"caption\":\"bosniak\"},\"url\":\"https:\/\/sandzakpress.net\/arhiva\/author\/bosniak\/\"}]}<\/script>\n<!-- \/ Yoast SEO Premium plugin. -->","yoast_head_json":{"title":"Rad se u 2015. nastavlja smjenom \u010delnih ljudi?","robots":{"index":"index","follow":"follow","max-snippet":"max-snippet:-1","max-image-preview":"max-image-preview:large","max-video-preview":"max-video-preview:-1"},"canonical":"https:\/\/sandzakpress.net\/arhiva\/rad-u-2015-nastavlja-smjenom-celnih-ljudi\/","og_locale":"bs_BA","og_type":"article","og_title":"Rad se u 2015. nastavlja smjenom \u010delnih ljudi?","og_description":"Isti\u010du mediji bliski SDPS-u","og_url":"https:\/\/sandzakpress.net\/arhiva\/rad-u-2015-nastavlja-smjenom-celnih-ljudi\/","og_site_name":"Sand\u017eak PRESS","article_published_time":"2015-01-02T12:49:48+00:00","article_modified_time":"2015-01-02T13:03:05+00:00","og_image":[{"width":616,"height":419,"url":"https:\/\/sandzakpress.net\/arhiva\/wp-content\/uploads\/2015\/01\/Novi-Pazar-pod-snegom-opstina.jpg","type":"image\/jpeg"}],"author":"bosniak","twitter_card":"summary_large_image","twitter_misc":{"Written by":"bosniak","Est. reading time":"2 minute"},"schema":{"@context":"https:\/\/schema.org","@graph":[{"@type":"Article","@id":"https:\/\/sandzakpress.net\/arhiva\/rad-u-2015-nastavlja-smjenom-celnih-ljudi\/#article","isPartOf":{"@id":"https:\/\/sandzakpress.net\/arhiva\/rad-u-2015-nastavlja-smjenom-celnih-ljudi\/"},"author":{"name":"bosniak","@id":"https:\/\/sandzakpress.net\/arhiva\/#\/schema\/person\/c8baee722073534b583ea7bdb2e36c02"},"headline":"Rad se u 2015. nastavlja smjenom \u010delnih ljudi?","datePublished":"2015-01-02T12:49:48+00:00","dateModified":"2015-01-02T13:03:05+00:00","mainEntityOfPage":{"@id":"https:\/\/sandzakpress.net\/arhiva\/rad-u-2015-nastavlja-smjenom-celnih-ljudi\/"},"wordCount":383,"commentCount":18,"publisher":{"@id":"https:\/\/sandzakpress.net\/arhiva\/#\/schema\/person\/6e72b67d6e51910a1117b3b483ba20bd"},"image":{"@id":"https:\/\/sandzakpress.net\/arhiva\/rad-u-2015-nastavlja-smjenom-celnih-ljudi\/#primaryimage"},"thumbnailUrl":"https:\/\/sandzakpress.net\/arhiva\/wp-content\/uploads\/2015\/01\/Novi-Pazar-pod-snegom-opstina.jpg","keywords":["Vlast u Novom Pazaru","SDPS"],"articleSection":["Novi Pazar","Politika","VIJESTI DANA"],"inLanguage":"bs-BA","potentialAction":[{"@type":"CommentAction","name":"Comment","target":["https:\/\/sandzakpress.net\/arhiva\/rad-u-2015-nastavlja-smjenom-celnih-ljudi\/#respond"]}]},{"@type":"WebPage","@id":"https:\/\/sandzakpress.net\/arhiva\/rad-u-2015-nastavlja-smjenom-celnih-ljudi\/","url":"https:\/\/sandzakpress.net\/arhiva\/rad-u-2015-nastavlja-smjenom-celnih-ljudi\/","name":"Rad se u 2015. nastavlja smjenom \u010delnih ljudi?","isPartOf":{"@id":"https:\/\/sandzakpress.net\/arhiva\/#website"},"primaryImageOfPage":{"@id":"https:\/\/sandzakpress.net\/arhiva\/rad-u-2015-nastavlja-smjenom-celnih-ljudi\/#primaryimage"},"image":{"@id":"https:\/\/sandzakpress.net\/arhiva\/rad-u-2015-nastavlja-smjenom-celnih-ljudi\/#primaryimage"},"thumbnailUrl":"https:\/\/sandzakpress.net\/arhiva\/wp-content\/uploads\/2015\/01\/Novi-Pazar-pod-snegom-opstina.jpg","datePublished":"2015-01-02T12:49:48+00:00","dateModified":"2015-01-02T13:03:05+00:00","breadcrumb":{"@id":"https:\/\/sandzakpress.net\/arhiva\/rad-u-2015-nastavlja-smjenom-celnih-ljudi\/#breadcrumb"},"inLanguage":"bs-BA","potentialAction":[{"@type":"ReadAction","target":["https:\/\/sandzakpress.net\/arhiva\/rad-u-2015-nastavlja-smjenom-celnih-ljudi\/"]}]},{"@type":"ImageObject","inLanguage":"bs-BA","@id":"https:\/\/sandzakpress.net\/arhiva\/rad-u-2015-nastavlja-smjenom-celnih-ljudi\/#primaryimage","url":"https:\/\/sandzakpress.net\/arhiva\/wp-content\/uploads\/2015\/01\/Novi-Pazar-pod-snegom-opstina.jpg","contentUrl":"https:\/\/sandzakpress.net\/arhiva\/wp-content\/uploads\/2015\/01\/Novi-Pazar-pod-snegom-opstina.jpg","width":616,"height":419},{"@type":"BreadcrumbList","@id":"https:\/\/sandzakpress.net\/arhiva\/rad-u-2015-nastavlja-smjenom-celnih-ljudi\/#breadcrumb","itemListElement":[{"@type":"ListItem","position":1,"name":"Home","item":"https:\/\/sandzakpress.net\/arhiva\/"},{"@type":"ListItem","position":2,"name":"Rad se u 2015. nastavlja smjenom \u010delnih ljudi?"}]},{"@type":"WebSite","@id":"https:\/\/sandzakpress.net\/arhiva\/#website","url":"https:\/\/sandzakpress.net\/arhiva\/","name":"Sand\u017eak PRESS","description":"Prve elektronske novine u Sand\u017eaku","publisher":{"@id":"https:\/\/sandzakpress.net\/arhiva\/#\/schema\/person\/6e72b67d6e51910a1117b3b483ba20bd"},"potentialAction":[{"@type":"SearchAction","target":{"@type":"EntryPoint","urlTemplate":"https:\/\/sandzakpress.net\/arhiva\/?s={search_term_string}"},"query-input":{"@type":"PropertyValueSpecification","valueRequired":true,"valueName":"search_term_string"}}],"inLanguage":"bs-BA"},{"@type":["Person","Organization"],"@id":"https:\/\/sandzakpress.net\/arhiva\/#\/schema\/person\/6e72b67d6e51910a1117b3b483ba20bd","name":"Kul","image":{"@type":"ImageObject","inLanguage":"bs-BA","@id":"https:\/\/sandzakpress.net\/arhiva\/#\/schema\/person\/image\/","url":"https:\/\/secure.gravatar.com\/avatar\/42263f39aa27ac04c43cab85c280eb2e?s=96&d=mm&r=pg","contentUrl":"https:\/\/secure.gravatar.com\/avatar\/42263f39aa27ac04c43cab85c280eb2e?s=96&d=mm&r=pg","caption":"Kul"},"logo":{"@id":"https:\/\/sandzakpress.net\/arhiva\/#\/schema\/person\/image\/"}},{"@type":"Person","@id":"https:\/\/sandzakpress.net\/arhiva\/#\/schema\/person\/c8baee722073534b583ea7bdb2e36c02","name":"bosniak","image":{"@type":"ImageObject","inLanguage":"bs-BA","@id":"https:\/\/sandzakpress.net\/arhiva\/#\/schema\/person\/image\/","url":"https:\/\/secure.gravatar.com\/avatar\/a04fd330bfe3a36a72a0ad4a6d89fca7?s=96&d=mm&r=pg","contentUrl":"https:\/\/secure.gravatar.com\/avatar\/a04fd330bfe3a36a72a0ad4a6d89fca7?s=96&d=mm&r=pg","caption":"bosniak"},"url":"https:\/\/sandzakpress.net\/arhiva\/author\/bosniak\/"}]}},"_links":{"self":[{"href":"https:\/\/sandzakpress.net\/arhiva\/wp-json\/wp\/v2\/posts\/118458"}],"collection":[{"href":"https:\/\/sandzakpress.net\/arhiva\/wp-json\/wp\/v2\/posts"}],"about":[{"href":"https:\/\/sandzakpress.net\/arhiva\/wp-json\/wp\/v2\/types\/post"}],"author":[{"embeddable":true,"href":"https:\/\/sandzakpress.net\/arhiva\/wp-json\/wp\/v2\/users\/83"}],"replies":[{"embeddable":true,"href":"https:\/\/sandzakpress.net\/arhiva\/wp-json\/wp\/v2\/comments?post=118458"}],"version-history":[{"count":0,"href":"https:\/\/sandzakpress.net\/arhiva\/wp-json\/wp\/v2\/posts\/118458\/revisions"}],"wp:featuredmedia":[{"embeddable":true,"href":"https:\/\/sandzakpress.net\/arhiva\/wp-json\/wp\/v2\/media\/118459"}],"wp:attachment":[{"href":"https:\/\/sandzakpress.net\/arhiva\/wp-json\/wp\/v2\/media?parent=118458"}],"wp:term":[{"taxonomy":"category","embeddable":true,"href":"https:\/\/sandzakpress.net\/arhiva\/wp-json\/wp\/v2\/categories?post=118458"},{"taxonomy":"post_tag","embeddable":true,"href":"https:\/\/sandzakpress.net\/arhiva\/wp-json\/wp\/v2\/tags?post=118458"}],"curies":[{"name":"wp","href":"https:\/\/api.w.org\/{rel}","templated":true}]}}