{"id":118397,"date":"2014-12-31T20:45:19","date_gmt":"2014-12-31T19:45:19","guid":{"rendered":"https:\/\/sandzakpress.net\/arhiva\/?p=118397"},"modified":"2014-12-31T20:50:07","modified_gmt":"2014-12-31T19:50:07","slug":"nova-radosna-vijest-majka-i-sin-prihvatili-islam","status":"publish","type":"post","link":"https:\/\/sandzakpress.net\/arhiva\/njemacka-nova-radosna-vijest-majka-i-sin-prihvatili-islam","title":{"rendered":"Njema\u010dka: Nova radosna vijest \u2013 Majka i sin prihvatili islam"},"content":{"rendered":"<p><img loading=\"lazy\" decoding=\"async\" class=\"alignnone size-full wp-image-21209\" src=\"http:\/\/sanapress.info\/wp-content\/uploads\/2014\/12\/minhen-prijem-islama.jpg\" alt=\"minhen-prijem islama\" width=\"616\" height=\"404\" \/><\/p>\n<p><strong>Njema\u010dka &#8211; Allah, d\u017e.\u0161., je danas posebno po\u010dastio na\u0161u zajednice, D\u017eemat Fed\u017er povratkom Islamu dvije nama drage\u00a0osobe\u00a0Ricardo Pereira De Silva Fernandes i njegova majka Ivone Maria De Silva Fernandes.<\/strong><\/p>\n<p>U ovom Mubarek mjesecu ova dva draga insana su rije\u010di istine izgovorili pred na\u0161im imamom Izet ef. Bibi\u0107em. Ina\u010de pred na\u0161im imamom u zadnjih nekoliko godina devetnaest osoba je izgovorilo rijeci \u0160ehadeta.<\/p>\n<p>Izet ef. je na kraju novim pripadnicima Ummeta Muhammeda, s.a.w.s., uru\u010dio najljep\u0161u hediju, a to je knjiga upute Kur'an i Kerim.<\/p>\n<p>Ina\u010de trebamo napomenuti da su njih oboje \u010dlanovi na\u0161e zajednice.<\/p>\n<p>Molimo Allaha, d\u017e.\u0161., da im podari svaki hair na ovom i na budu\u0107em svije\u00a0tu te da ih On Uzvi\u0161eni u\u010dvrsti na putu istine.<img loading=\"lazy\" decoding=\"async\" class=\"alignnone size-full wp-image-21208\" src=\"http:\/\/sanapress.info\/wp-content\/uploads\/2014\/12\/minhen-prijem-islama-2-1.jpg\" alt=\"minhen-prijem islama 2 (1)\" width=\"616\" height=\"346\" \/><\/p>\n<p>(D\u017eemat\u00a0Fedzr Minhen)<\/p>\n","protected":false},"excerpt":{"rendered":"<p>Njema\u010dka &#8211; Allah, d\u017e.\u0161., je danas posebno po\u010dastio na\u0161u zajednice, D\u017eemat Fed\u017er povratkom Islamu dvije nama drage\u00a0osobe\u00a0Ricardo Pereira De Silva Fernandes i njegova majka Ivone Maria De Silva Fernandes. U ovom Mubarek mjesecu ova dva draga insana su rije\u010di istine izgovorili pred na\u0161im imamom Izet ef. Bibi\u0107em. Ina\u010de pred na\u0161im imamom u zadnjih nekoliko godina [&hellip;]<\/p>\n","protected":false},"author":83,"featured_media":118404,"comment_status":"open","ping_status":"open","sticky":false,"template":"","format":"standard","meta":{"footnotes":""},"categories":[9538,802,8957,798,10193],"tags":[10276],"class_list":{"0":"post-118397","1":"post","2":"type-post","3":"status-publish","4":"format-standard","5":"has-post-thumbnail","7":"category-njemacka-dijaspora-gradovi-vase-vijesti","8":"category-islamska_zajednica","9":"category-vijesti-dana","10":"category-teme","11":"category-sandzak-2","12":"tag-prihvatanje-islama"},"yoast_head":"<!-- This site is optimized with the Yoast SEO Premium plugin v23.1 (Yoast SEO v24.9) - https:\/\/yoast.com\/wordpress\/plugins\/seo\/ -->\n<title>Njema\u010dka: Nova radosna vijest \u2013 Majka i sin prihvatili islam<\/title>\n<meta name=\"robots\" content=\"index, follow, max-snippet:-1, max-image-preview:large, max-video-preview:-1\" \/>\n<link rel=\"canonical\" href=\"https:\/\/sandzakpress.net\/arhiva\/njemacka-nova-radosna-vijest-majka-i-sin-prihvatili-islam\/\" \/>\n<meta property=\"og:locale\" content=\"bs_BA\" \/>\n<meta property=\"og:type\" content=\"article\" \/>\n<meta property=\"og:title\" content=\"Njema\u010dka: Nova radosna vijest \u2013 Majka i sin prihvatili islam\" \/>\n<meta property=\"og:description\" content=\"Njema\u010dka &#8211; Allah, d\u017e.\u0161., je danas posebno po\u010dastio na\u0161u zajednice, D\u017eemat Fed\u017er povratkom Islamu dvije nama drage\u00a0osobe\u00a0Ricardo Pereira De Silva Fernandes i njegova majka Ivone Maria De Silva Fernandes. U ovom Mubarek mjesecu ova dva draga insana su rije\u010di istine izgovorili pred na\u0161im imamom Izet ef. Bibi\u0107em. Ina\u010de pred na\u0161im imamom u zadnjih nekoliko godina [&hellip;]\" \/>\n<meta property=\"og:url\" content=\"https:\/\/sandzakpress.net\/arhiva\/njemacka-nova-radosna-vijest-majka-i-sin-prihvatili-islam\/\" \/>\n<meta property=\"og:site_name\" content=\"Sand\u017eak PRESS\" \/>\n<meta property=\"article:published_time\" content=\"2014-12-31T19:45:19+00:00\" \/>\n<meta property=\"article:modified_time\" content=\"2014-12-31T19:50:07+00:00\" \/>\n<meta property=\"og:image\" content=\"https:\/\/sandzakpress.net\/arhiva\/wp-content\/uploads\/2014\/12\/minhen-prijem-islama.jpg\" \/>\n\t<meta property=\"og:image:width\" content=\"616\" \/>\n\t<meta property=\"og:image:height\" content=\"404\" \/>\n\t<meta property=\"og:image:type\" content=\"image\/jpeg\" \/>\n<meta name=\"author\" content=\"bosniak\" \/>\n<meta name=\"twitter:card\" content=\"summary_large_image\" \/>\n<meta name=\"twitter:label1\" content=\"Written by\" \/>\n\t<meta name=\"twitter:data1\" content=\"bosniak\" \/>\n\t<meta name=\"twitter:label2\" content=\"Est. reading time\" \/>\n\t<meta name=\"twitter:data2\" content=\"1 minuta\" \/>\n<script type=\"application\/ld+json\" class=\"yoast-schema-graph\">{\"@context\":\"https:\/\/schema.org\",\"@graph\":[{\"@type\":\"Article\",\"@id\":\"https:\/\/sandzakpress.net\/arhiva\/njemacka-nova-radosna-vijest-majka-i-sin-prihvatili-islam\/#article\",\"isPartOf\":{\"@id\":\"https:\/\/sandzakpress.net\/arhiva\/njemacka-nova-radosna-vijest-majka-i-sin-prihvatili-islam\/\"},\"author\":{\"name\":\"bosniak\",\"@id\":\"https:\/\/sandzakpress.net\/arhiva\/#\/schema\/person\/c8baee722073534b583ea7bdb2e36c02\"},\"headline\":\"Njema\u010dka: Nova radosna vijest \u2013 Majka i sin prihvatili islam\",\"datePublished\":\"2014-12-31T19:45:19+00:00\",\"dateModified\":\"2014-12-31T19:50:07+00:00\",\"mainEntityOfPage\":{\"@id\":\"https:\/\/sandzakpress.net\/arhiva\/njemacka-nova-radosna-vijest-majka-i-sin-prihvatili-islam\/\"},\"wordCount\":153,\"commentCount\":33,\"publisher\":{\"@id\":\"https:\/\/sandzakpress.net\/arhiva\/#\/schema\/person\/6e72b67d6e51910a1117b3b483ba20bd\"},\"image\":{\"@id\":\"https:\/\/sandzakpress.net\/arhiva\/njemacka-nova-radosna-vijest-majka-i-sin-prihvatili-islam\/#primaryimage\"},\"thumbnailUrl\":\"https:\/\/sandzakpress.net\/arhiva\/wp-content\/uploads\/2014\/12\/minhen-prijem-islama.jpg\",\"keywords\":[\"prihvatanje islama\"],\"articleSection\":[\"Njema\u010dka\",\"Islamska zajednica\",\"VIJESTI DANA\",\"NAJNOVIJE\",\"Sand\u017eak\"],\"inLanguage\":\"bs-BA\",\"potentialAction\":[{\"@type\":\"CommentAction\",\"name\":\"Comment\",\"target\":[\"https:\/\/sandzakpress.net\/arhiva\/njemacka-nova-radosna-vijest-majka-i-sin-prihvatili-islam\/#respond\"]}]},{\"@type\":\"WebPage\",\"@id\":\"https:\/\/sandzakpress.net\/arhiva\/njemacka-nova-radosna-vijest-majka-i-sin-prihvatili-islam\/\",\"url\":\"https:\/\/sandzakpress.net\/arhiva\/njemacka-nova-radosna-vijest-majka-i-sin-prihvatili-islam\/\",\"name\":\"Njema\u010dka: Nova radosna vijest \u2013 Majka i sin prihvatili islam\",\"isPartOf\":{\"@id\":\"https:\/\/sandzakpress.net\/arhiva\/#website\"},\"primaryImageOfPage\":{\"@id\":\"https:\/\/sandzakpress.net\/arhiva\/njemacka-nova-radosna-vijest-majka-i-sin-prihvatili-islam\/#primaryimage\"},\"image\":{\"@id\":\"https:\/\/sandzakpress.net\/arhiva\/njemacka-nova-radosna-vijest-majka-i-sin-prihvatili-islam\/#primaryimage\"},\"thumbnailUrl\":\"https:\/\/sandzakpress.net\/arhiva\/wp-content\/uploads\/2014\/12\/minhen-prijem-islama.jpg\",\"datePublished\":\"2014-12-31T19:45:19+00:00\",\"dateModified\":\"2014-12-31T19:50:07+00:00\",\"breadcrumb\":{\"@id\":\"https:\/\/sandzakpress.net\/arhiva\/njemacka-nova-radosna-vijest-majka-i-sin-prihvatili-islam\/#breadcrumb\"},\"inLanguage\":\"bs-BA\",\"potentialAction\":[{\"@type\":\"ReadAction\",\"target\":[\"https:\/\/sandzakpress.net\/arhiva\/njemacka-nova-radosna-vijest-majka-i-sin-prihvatili-islam\/\"]}]},{\"@type\":\"ImageObject\",\"inLanguage\":\"bs-BA\",\"@id\":\"https:\/\/sandzakpress.net\/arhiva\/njemacka-nova-radosna-vijest-majka-i-sin-prihvatili-islam\/#primaryimage\",\"url\":\"https:\/\/sandzakpress.net\/arhiva\/wp-content\/uploads\/2014\/12\/minhen-prijem-islama.jpg\",\"contentUrl\":\"https:\/\/sandzakpress.net\/arhiva\/wp-content\/uploads\/2014\/12\/minhen-prijem-islama.jpg\",\"width\":616,\"height\":404},{\"@type\":\"BreadcrumbList\",\"@id\":\"https:\/\/sandzakpress.net\/arhiva\/njemacka-nova-radosna-vijest-majka-i-sin-prihvatili-islam\/#breadcrumb\",\"itemListElement\":[{\"@type\":\"ListItem\",\"position\":1,\"name\":\"Home\",\"item\":\"https:\/\/sandzakpress.net\/arhiva\/\"},{\"@type\":\"ListItem\",\"position\":2,\"name\":\"Njema\u010dka: Nova radosna vijest \u2013 Majka i sin prihvatili islam\"}]},{\"@type\":\"WebSite\",\"@id\":\"https:\/\/sandzakpress.net\/arhiva\/#website\",\"url\":\"https:\/\/sandzakpress.net\/arhiva\/\",\"name\":\"Sand\u017eak PRESS\",\"description\":\"Prve elektronske novine u Sand\u017eaku\",\"publisher\":{\"@id\":\"https:\/\/sandzakpress.net\/arhiva\/#\/schema\/person\/6e72b67d6e51910a1117b3b483ba20bd\"},\"potentialAction\":[{\"@type\":\"SearchAction\",\"target\":{\"@type\":\"EntryPoint\",\"urlTemplate\":\"https:\/\/sandzakpress.net\/arhiva\/?s={search_term_string}\"},\"query-input\":{\"@type\":\"PropertyValueSpecification\",\"valueRequired\":true,\"valueName\":\"search_term_string\"}}],\"inLanguage\":\"bs-BA\"},{\"@type\":[\"Person\",\"Organization\"],\"@id\":\"https:\/\/sandzakpress.net\/arhiva\/#\/schema\/person\/6e72b67d6e51910a1117b3b483ba20bd\",\"name\":\"Kul\",\"image\":{\"@type\":\"ImageObject\",\"inLanguage\":\"bs-BA\",\"@id\":\"https:\/\/sandzakpress.net\/arhiva\/#\/schema\/person\/image\/\",\"url\":\"https:\/\/secure.gravatar.com\/avatar\/42263f39aa27ac04c43cab85c280eb2e?s=96&d=mm&r=pg\",\"contentUrl\":\"https:\/\/secure.gravatar.com\/avatar\/42263f39aa27ac04c43cab85c280eb2e?s=96&d=mm&r=pg\",\"caption\":\"Kul\"},\"logo\":{\"@id\":\"https:\/\/sandzakpress.net\/arhiva\/#\/schema\/person\/image\/\"}},{\"@type\":\"Person\",\"@id\":\"https:\/\/sandzakpress.net\/arhiva\/#\/schema\/person\/c8baee722073534b583ea7bdb2e36c02\",\"name\":\"bosniak\",\"image\":{\"@type\":\"ImageObject\",\"inLanguage\":\"bs-BA\",\"@id\":\"https:\/\/sandzakpress.net\/arhiva\/#\/schema\/person\/image\/\",\"url\":\"https:\/\/secure.gravatar.com\/avatar\/a04fd330bfe3a36a72a0ad4a6d89fca7?s=96&d=mm&r=pg\",\"contentUrl\":\"https:\/\/secure.gravatar.com\/avatar\/a04fd330bfe3a36a72a0ad4a6d89fca7?s=96&d=mm&r=pg\",\"caption\":\"bosniak\"},\"url\":\"https:\/\/sandzakpress.net\/arhiva\/author\/bosniak\/\"}]}<\/script>\n<!-- \/ Yoast SEO Premium plugin. -->","yoast_head_json":{"title":"Njema\u010dka: Nova radosna vijest \u2013 Majka i sin prihvatili islam","robots":{"index":"index","follow":"follow","max-snippet":"max-snippet:-1","max-image-preview":"max-image-preview:large","max-video-preview":"max-video-preview:-1"},"canonical":"https:\/\/sandzakpress.net\/arhiva\/njemacka-nova-radosna-vijest-majka-i-sin-prihvatili-islam\/","og_locale":"bs_BA","og_type":"article","og_title":"Njema\u010dka: Nova radosna vijest \u2013 Majka i sin prihvatili islam","og_description":"Njema\u010dka &#8211; Allah, d\u017e.\u0161., je danas posebno po\u010dastio na\u0161u zajednice, D\u017eemat Fed\u017er povratkom Islamu dvije nama drage\u00a0osobe\u00a0Ricardo Pereira De Silva Fernandes i njegova majka Ivone Maria De Silva Fernandes. U ovom Mubarek mjesecu ova dva draga insana su rije\u010di istine izgovorili pred na\u0161im imamom Izet ef. Bibi\u0107em. Ina\u010de pred na\u0161im imamom u zadnjih nekoliko godina [&hellip;]","og_url":"https:\/\/sandzakpress.net\/arhiva\/njemacka-nova-radosna-vijest-majka-i-sin-prihvatili-islam\/","og_site_name":"Sand\u017eak PRESS","article_published_time":"2014-12-31T19:45:19+00:00","article_modified_time":"2014-12-31T19:50:07+00:00","og_image":[{"width":616,"height":404,"url":"https:\/\/sandzakpress.net\/arhiva\/wp-content\/uploads\/2014\/12\/minhen-prijem-islama.jpg","type":"image\/jpeg"}],"author":"bosniak","twitter_card":"summary_large_image","twitter_misc":{"Written by":"bosniak","Est. reading time":"1 minuta"},"schema":{"@context":"https:\/\/schema.org","@graph":[{"@type":"Article","@id":"https:\/\/sandzakpress.net\/arhiva\/njemacka-nova-radosna-vijest-majka-i-sin-prihvatili-islam\/#article","isPartOf":{"@id":"https:\/\/sandzakpress.net\/arhiva\/njemacka-nova-radosna-vijest-majka-i-sin-prihvatili-islam\/"},"author":{"name":"bosniak","@id":"https:\/\/sandzakpress.net\/arhiva\/#\/schema\/person\/c8baee722073534b583ea7bdb2e36c02"},"headline":"Njema\u010dka: Nova radosna vijest \u2013 Majka i sin prihvatili islam","datePublished":"2014-12-31T19:45:19+00:00","dateModified":"2014-12-31T19:50:07+00:00","mainEntityOfPage":{"@id":"https:\/\/sandzakpress.net\/arhiva\/njemacka-nova-radosna-vijest-majka-i-sin-prihvatili-islam\/"},"wordCount":153,"commentCount":33,"publisher":{"@id":"https:\/\/sandzakpress.net\/arhiva\/#\/schema\/person\/6e72b67d6e51910a1117b3b483ba20bd"},"image":{"@id":"https:\/\/sandzakpress.net\/arhiva\/njemacka-nova-radosna-vijest-majka-i-sin-prihvatili-islam\/#primaryimage"},"thumbnailUrl":"https:\/\/sandzakpress.net\/arhiva\/wp-content\/uploads\/2014\/12\/minhen-prijem-islama.jpg","keywords":["prihvatanje islama"],"articleSection":["Njema\u010dka","Islamska zajednica","VIJESTI DANA","NAJNOVIJE","Sand\u017eak"],"inLanguage":"bs-BA","potentialAction":[{"@type":"CommentAction","name":"Comment","target":["https:\/\/sandzakpress.net\/arhiva\/njemacka-nova-radosna-vijest-majka-i-sin-prihvatili-islam\/#respond"]}]},{"@type":"WebPage","@id":"https:\/\/sandzakpress.net\/arhiva\/njemacka-nova-radosna-vijest-majka-i-sin-prihvatili-islam\/","url":"https:\/\/sandzakpress.net\/arhiva\/njemacka-nova-radosna-vijest-majka-i-sin-prihvatili-islam\/","name":"Njema\u010dka: Nova radosna vijest \u2013 Majka i sin prihvatili islam","isPartOf":{"@id":"https:\/\/sandzakpress.net\/arhiva\/#website"},"primaryImageOfPage":{"@id":"https:\/\/sandzakpress.net\/arhiva\/njemacka-nova-radosna-vijest-majka-i-sin-prihvatili-islam\/#primaryimage"},"image":{"@id":"https:\/\/sandzakpress.net\/arhiva\/njemacka-nova-radosna-vijest-majka-i-sin-prihvatili-islam\/#primaryimage"},"thumbnailUrl":"https:\/\/sandzakpress.net\/arhiva\/wp-content\/uploads\/2014\/12\/minhen-prijem-islama.jpg","datePublished":"2014-12-31T19:45:19+00:00","dateModified":"2014-12-31T19:50:07+00:00","breadcrumb":{"@id":"https:\/\/sandzakpress.net\/arhiva\/njemacka-nova-radosna-vijest-majka-i-sin-prihvatili-islam\/#breadcrumb"},"inLanguage":"bs-BA","potentialAction":[{"@type":"ReadAction","target":["https:\/\/sandzakpress.net\/arhiva\/njemacka-nova-radosna-vijest-majka-i-sin-prihvatili-islam\/"]}]},{"@type":"ImageObject","inLanguage":"bs-BA","@id":"https:\/\/sandzakpress.net\/arhiva\/njemacka-nova-radosna-vijest-majka-i-sin-prihvatili-islam\/#primaryimage","url":"https:\/\/sandzakpress.net\/arhiva\/wp-content\/uploads\/2014\/12\/minhen-prijem-islama.jpg","contentUrl":"https:\/\/sandzakpress.net\/arhiva\/wp-content\/uploads\/2014\/12\/minhen-prijem-islama.jpg","width":616,"height":404},{"@type":"BreadcrumbList","@id":"https:\/\/sandzakpress.net\/arhiva\/njemacka-nova-radosna-vijest-majka-i-sin-prihvatili-islam\/#breadcrumb","itemListElement":[{"@type":"ListItem","position":1,"name":"Home","item":"https:\/\/sandzakpress.net\/arhiva\/"},{"@type":"ListItem","position":2,"name":"Njema\u010dka: Nova radosna vijest \u2013 Majka i sin prihvatili islam"}]},{"@type":"WebSite","@id":"https:\/\/sandzakpress.net\/arhiva\/#website","url":"https:\/\/sandzakpress.net\/arhiva\/","name":"Sand\u017eak PRESS","description":"Prve elektronske novine u Sand\u017eaku","publisher":{"@id":"https:\/\/sandzakpress.net\/arhiva\/#\/schema\/person\/6e72b67d6e51910a1117b3b483ba20bd"},"potentialAction":[{"@type":"SearchAction","target":{"@type":"EntryPoint","urlTemplate":"https:\/\/sandzakpress.net\/arhiva\/?s={search_term_string}"},"query-input":{"@type":"PropertyValueSpecification","valueRequired":true,"valueName":"search_term_string"}}],"inLanguage":"bs-BA"},{"@type":["Person","Organization"],"@id":"https:\/\/sandzakpress.net\/arhiva\/#\/schema\/person\/6e72b67d6e51910a1117b3b483ba20bd","name":"Kul","image":{"@type":"ImageObject","inLanguage":"bs-BA","@id":"https:\/\/sandzakpress.net\/arhiva\/#\/schema\/person\/image\/","url":"https:\/\/secure.gravatar.com\/avatar\/42263f39aa27ac04c43cab85c280eb2e?s=96&d=mm&r=pg","contentUrl":"https:\/\/secure.gravatar.com\/avatar\/42263f39aa27ac04c43cab85c280eb2e?s=96&d=mm&r=pg","caption":"Kul"},"logo":{"@id":"https:\/\/sandzakpress.net\/arhiva\/#\/schema\/person\/image\/"}},{"@type":"Person","@id":"https:\/\/sandzakpress.net\/arhiva\/#\/schema\/person\/c8baee722073534b583ea7bdb2e36c02","name":"bosniak","image":{"@type":"ImageObject","inLanguage":"bs-BA","@id":"https:\/\/sandzakpress.net\/arhiva\/#\/schema\/person\/image\/","url":"https:\/\/secure.gravatar.com\/avatar\/a04fd330bfe3a36a72a0ad4a6d89fca7?s=96&d=mm&r=pg","contentUrl":"https:\/\/secure.gravatar.com\/avatar\/a04fd330bfe3a36a72a0ad4a6d89fca7?s=96&d=mm&r=pg","caption":"bosniak"},"url":"https:\/\/sandzakpress.net\/arhiva\/author\/bosniak\/"}]}},"_links":{"self":[{"href":"https:\/\/sandzakpress.net\/arhiva\/wp-json\/wp\/v2\/posts\/118397"}],"collection":[{"href":"https:\/\/sandzakpress.net\/arhiva\/wp-json\/wp\/v2\/posts"}],"about":[{"href":"https:\/\/sandzakpress.net\/arhiva\/wp-json\/wp\/v2\/types\/post"}],"author":[{"embeddable":true,"href":"https:\/\/sandzakpress.net\/arhiva\/wp-json\/wp\/v2\/users\/83"}],"replies":[{"embeddable":true,"href":"https:\/\/sandzakpress.net\/arhiva\/wp-json\/wp\/v2\/comments?post=118397"}],"version-history":[{"count":0,"href":"https:\/\/sandzakpress.net\/arhiva\/wp-json\/wp\/v2\/posts\/118397\/revisions"}],"wp:featuredmedia":[{"embeddable":true,"href":"https:\/\/sandzakpress.net\/arhiva\/wp-json\/wp\/v2\/media\/118404"}],"wp:attachment":[{"href":"https:\/\/sandzakpress.net\/arhiva\/wp-json\/wp\/v2\/media?parent=118397"}],"wp:term":[{"taxonomy":"category","embeddable":true,"href":"https:\/\/sandzakpress.net\/arhiva\/wp-json\/wp\/v2\/categories?post=118397"},{"taxonomy":"post_tag","embeddable":true,"href":"https:\/\/sandzakpress.net\/arhiva\/wp-json\/wp\/v2\/tags?post=118397"}],"curies":[{"name":"wp","href":"https:\/\/api.w.org\/{rel}","templated":true}]}}