{"id":118371,"date":"2014-12-31T11:33:46","date_gmt":"2014-12-31T10:33:46","guid":{"rendered":"https:\/\/sandzakpress.net\/arhiva\/?p=118371"},"modified":"2014-12-31T11:33:46","modified_gmt":"2014-12-31T10:33:46","slug":"balkan-u-2015-godinu-ulazi-sa-23-miliona-nezaposlenih-osoba","status":"publish","type":"post","link":"https:\/\/sandzakpress.net\/arhiva\/balkan-u-2015-godinu-ulazi-sa-23-miliona-nezaposlenih-osoba\/","title":{"rendered":"Balkan u 2015. godinu ulazi sa 2,3 miliona nezaposlenih osoba"},"content":{"rendered":"<p><img decoding=\"async\" src=\"http:\/\/www.trt.net.tr\/bosanski\/fotograf\/haberler\/detay\/balkan-u-2015-godinu-ulazi-sa-23-miliona-neza_trt-bosanski-35549.jpg\" alt=\"balkan-u-2015-godinu-ulazi-sa-23-miliona-neza\" \/><\/p>\n<p><strong>Balkan &#8211; U pono\u0107 nastupa nova 2015. godina u koju \u0107e na Balkanu ta\u010dno 2.324.427 osoba u\u0107i bez posla, prijavljeni na birou s nadom da \u0107e se pojaviti poslodavac koji \u0107e biti zainteresovan za njihove usluge.<br \/>\n<\/strong><br \/>\nZamjenik direktora Agencije za rad i zapo\u0161ljavanje BiH \u017deljko Raji\u0107 izjavio je ove sedmice kako se u Bosni i Hercegovini trenutno na biroima za zapo\u0161ljavanje nalazi 547.319 nezaposlenih osoba. BiH \u0107e tako kraj 2014. godine do\u010dekati sa stopom nezaposlenosti od 27,5 posto dok nominalna stopa nezaposlenosti u BiH dosti\u017ee i do 44 posto.<\/p>\n<p>U Srbiji se, prema rije\u010dima direktora Nacionalne slu\u017ebe za zapo\u0161ljavanje Zorana Martinovi\u0107a, na evidenciji za zapo\u0161ljavanje nalazi 741.000 nezaposlenih dok je trenutna stopa nezaposlenosti u zemlji 17,6 posto.<\/p>\n<p>Ni u Hrvatskoj nije nimalo bolja ekonomska situacija, gdje, kako pokazuju podaci Dr\u017eavnog zavoda za statistiku, stopa registrirane nezaposlenosti za novembar 2014. iznosi 19,2 posto. Podaci na zvani\u010dnoj Internet stranici Hrvatskog zavoda za zapo\u0161ljavanje (HZZ) pokazuju da je prijavljeno 314.820 nezaposlenih osoba.<\/p>\n<p>U Crnoj Gori se, prema posljednjim podacima Zavoda za zapo\u0161ljavanje (ZZZCG), nalazi 34,63 hiljade nezaposlenih, dok stopa nezaposlenosti iznosi 14,93 posto.<\/p>\n<p>Od ostalih zemalja regiona, prema podacima iz oktobra 2014. godine, u Makedoniji je broj nezaposlenih iznosio ta\u010dno 275.225 osoba, odnosno stopa nezaposlenosti je bila 28,6 posto.<\/p>\n<p>U Albaniji je, prema zvani\u010dnim podacima od prije dva mjeseca, na biroima za zapo\u0161ljavanje bilo 144.000 osoba. Prema tome, Albanija u 2015. godinu ulazi sa 16,9 posto nezaposlenih osoba.<\/p>\n<p>Prema posljednjim zvani\u010dnim podacima, na Kosovu je bez posla oko 268.000 osoba, odnosno 35,1 posto radno sposobnog stanovni\u0161tva.<\/p>\n<p>(Anadolu Agency)<\/p>\n","protected":false},"excerpt":{"rendered":"<p>Balkan &#8211; U pono\u0107 nastupa nova 2015. godina u koju \u0107e na Balkanu ta\u010dno 2.324.427 osoba u\u0107i bez posla, prijavljeni na birou s nadom da \u0107e se pojaviti poslodavac koji \u0107e biti zainteresovan za njihove usluge. Zamjenik direktora Agencije za rad i zapo\u0161ljavanje BiH \u017deljko Raji\u0107 izjavio je ove sedmice kako se u Bosni i [&hellip;]<\/p>\n","protected":false},"author":83,"featured_media":118372,"comment_status":"open","ping_status":"open","sticky":false,"template":"","format":"standard","meta":{"footnotes":""},"categories":[2860,2690,10307,3,10308,2691,798],"tags":[],"class_list":{"0":"post-118371","1":"post","2":"type-post","3":"status-publish","4":"format-standard","5":"has-post-thumbnail","7":"category-bosna-i-hercegovina-gradovi","8":"category-kosovo-gradovi","9":"category-srbija","10":"category-privreda","11":"category-crna-gora","12":"category-makedonija","13":"category-teme"},"yoast_head":"<!-- This site is optimized with the Yoast SEO Premium plugin v23.1 (Yoast SEO v24.9) - https:\/\/yoast.com\/wordpress\/plugins\/seo\/ -->\n<title>Balkan u 2015. godinu ulazi sa 2,3 miliona nezaposlenih osoba<\/title>\n<meta name=\"robots\" content=\"index, follow, max-snippet:-1, max-image-preview:large, max-video-preview:-1\" \/>\n<link rel=\"canonical\" href=\"https:\/\/sandzakpress.net\/arhiva\/balkan-u-2015-godinu-ulazi-sa-23-miliona-nezaposlenih-osoba\/\" \/>\n<meta property=\"og:locale\" content=\"bs_BA\" \/>\n<meta property=\"og:type\" content=\"article\" \/>\n<meta property=\"og:title\" content=\"Balkan u 2015. godinu ulazi sa 2,3 miliona nezaposlenih osoba\" \/>\n<meta property=\"og:description\" content=\"Balkan &#8211; U pono\u0107 nastupa nova 2015. godina u koju \u0107e na Balkanu ta\u010dno 2.324.427 osoba u\u0107i bez posla, prijavljeni na birou s nadom da \u0107e se pojaviti poslodavac koji \u0107e biti zainteresovan za njihove usluge. Zamjenik direktora Agencije za rad i zapo\u0161ljavanje BiH \u017deljko Raji\u0107 izjavio je ove sedmice kako se u Bosni i [&hellip;]\" \/>\n<meta property=\"og:url\" content=\"https:\/\/sandzakpress.net\/arhiva\/balkan-u-2015-godinu-ulazi-sa-23-miliona-nezaposlenih-osoba\/\" \/>\n<meta property=\"og:site_name\" content=\"Sand\u017eak PRESS\" \/>\n<meta property=\"article:published_time\" content=\"2014-12-31T10:33:46+00:00\" \/>\n<meta property=\"og:image\" content=\"https:\/\/sandzakpress.net\/arhiva\/wp-content\/uploads\/2014\/12\/balkan-u-2015-godinu-ulazi-sa-23-miliona-neza_trt-bosanski-35549.jpg\" \/>\n\t<meta property=\"og:image:width\" content=\"600\" \/>\n\t<meta property=\"og:image:height\" content=\"329\" \/>\n\t<meta property=\"og:image:type\" content=\"image\/jpeg\" \/>\n<meta name=\"author\" content=\"bosniak\" \/>\n<meta name=\"twitter:card\" content=\"summary_large_image\" \/>\n<meta name=\"twitter:label1\" content=\"Written by\" \/>\n\t<meta name=\"twitter:data1\" content=\"bosniak\" \/>\n\t<meta name=\"twitter:label2\" content=\"Est. reading time\" \/>\n\t<meta name=\"twitter:data2\" content=\"1 minuta\" \/>\n<script type=\"application\/ld+json\" class=\"yoast-schema-graph\">{\"@context\":\"https:\/\/schema.org\",\"@graph\":[{\"@type\":\"Article\",\"@id\":\"https:\/\/sandzakpress.net\/arhiva\/balkan-u-2015-godinu-ulazi-sa-23-miliona-nezaposlenih-osoba\/#article\",\"isPartOf\":{\"@id\":\"https:\/\/sandzakpress.net\/arhiva\/balkan-u-2015-godinu-ulazi-sa-23-miliona-nezaposlenih-osoba\/\"},\"author\":{\"name\":\"bosniak\",\"@id\":\"https:\/\/sandzakpress.net\/arhiva\/#\/schema\/person\/c8baee722073534b583ea7bdb2e36c02\"},\"headline\":\"Balkan u 2015. godinu ulazi sa 2,3 miliona nezaposlenih osoba\",\"datePublished\":\"2014-12-31T10:33:46+00:00\",\"mainEntityOfPage\":{\"@id\":\"https:\/\/sandzakpress.net\/arhiva\/balkan-u-2015-godinu-ulazi-sa-23-miliona-nezaposlenih-osoba\/\"},\"wordCount\":262,\"commentCount\":1,\"publisher\":{\"@id\":\"https:\/\/sandzakpress.net\/arhiva\/#\/schema\/person\/6e72b67d6e51910a1117b3b483ba20bd\"},\"image\":{\"@id\":\"https:\/\/sandzakpress.net\/arhiva\/balkan-u-2015-godinu-ulazi-sa-23-miliona-nezaposlenih-osoba\/#primaryimage\"},\"thumbnailUrl\":\"https:\/\/sandzakpress.net\/arhiva\/wp-content\/uploads\/2014\/12\/balkan-u-2015-godinu-ulazi-sa-23-miliona-neza_trt-bosanski-35549.jpg\",\"articleSection\":[\"Bosna i Hercegovina\",\"Kosovo\",\"Srbija\",\"Privreda\",\"Crna Gora\",\"Makedonija\",\"NAJNOVIJE\"],\"inLanguage\":\"bs-BA\",\"potentialAction\":[{\"@type\":\"CommentAction\",\"name\":\"Comment\",\"target\":[\"https:\/\/sandzakpress.net\/arhiva\/balkan-u-2015-godinu-ulazi-sa-23-miliona-nezaposlenih-osoba\/#respond\"]}]},{\"@type\":\"WebPage\",\"@id\":\"https:\/\/sandzakpress.net\/arhiva\/balkan-u-2015-godinu-ulazi-sa-23-miliona-nezaposlenih-osoba\/\",\"url\":\"https:\/\/sandzakpress.net\/arhiva\/balkan-u-2015-godinu-ulazi-sa-23-miliona-nezaposlenih-osoba\/\",\"name\":\"Balkan u 2015. godinu ulazi sa 2,3 miliona nezaposlenih osoba\",\"isPartOf\":{\"@id\":\"https:\/\/sandzakpress.net\/arhiva\/#website\"},\"primaryImageOfPage\":{\"@id\":\"https:\/\/sandzakpress.net\/arhiva\/balkan-u-2015-godinu-ulazi-sa-23-miliona-nezaposlenih-osoba\/#primaryimage\"},\"image\":{\"@id\":\"https:\/\/sandzakpress.net\/arhiva\/balkan-u-2015-godinu-ulazi-sa-23-miliona-nezaposlenih-osoba\/#primaryimage\"},\"thumbnailUrl\":\"https:\/\/sandzakpress.net\/arhiva\/wp-content\/uploads\/2014\/12\/balkan-u-2015-godinu-ulazi-sa-23-miliona-neza_trt-bosanski-35549.jpg\",\"datePublished\":\"2014-12-31T10:33:46+00:00\",\"breadcrumb\":{\"@id\":\"https:\/\/sandzakpress.net\/arhiva\/balkan-u-2015-godinu-ulazi-sa-23-miliona-nezaposlenih-osoba\/#breadcrumb\"},\"inLanguage\":\"bs-BA\",\"potentialAction\":[{\"@type\":\"ReadAction\",\"target\":[\"https:\/\/sandzakpress.net\/arhiva\/balkan-u-2015-godinu-ulazi-sa-23-miliona-nezaposlenih-osoba\/\"]}]},{\"@type\":\"ImageObject\",\"inLanguage\":\"bs-BA\",\"@id\":\"https:\/\/sandzakpress.net\/arhiva\/balkan-u-2015-godinu-ulazi-sa-23-miliona-nezaposlenih-osoba\/#primaryimage\",\"url\":\"https:\/\/sandzakpress.net\/arhiva\/wp-content\/uploads\/2014\/12\/balkan-u-2015-godinu-ulazi-sa-23-miliona-neza_trt-bosanski-35549.jpg\",\"contentUrl\":\"https:\/\/sandzakpress.net\/arhiva\/wp-content\/uploads\/2014\/12\/balkan-u-2015-godinu-ulazi-sa-23-miliona-neza_trt-bosanski-35549.jpg\",\"width\":600,\"height\":329},{\"@type\":\"BreadcrumbList\",\"@id\":\"https:\/\/sandzakpress.net\/arhiva\/balkan-u-2015-godinu-ulazi-sa-23-miliona-nezaposlenih-osoba\/#breadcrumb\",\"itemListElement\":[{\"@type\":\"ListItem\",\"position\":1,\"name\":\"Home\",\"item\":\"https:\/\/sandzakpress.net\/arhiva\/\"},{\"@type\":\"ListItem\",\"position\":2,\"name\":\"Balkan u 2015. godinu ulazi sa 2,3 miliona nezaposlenih osoba\"}]},{\"@type\":\"WebSite\",\"@id\":\"https:\/\/sandzakpress.net\/arhiva\/#website\",\"url\":\"https:\/\/sandzakpress.net\/arhiva\/\",\"name\":\"Sand\u017eak PRESS\",\"description\":\"Prve elektronske novine u Sand\u017eaku\",\"publisher\":{\"@id\":\"https:\/\/sandzakpress.net\/arhiva\/#\/schema\/person\/6e72b67d6e51910a1117b3b483ba20bd\"},\"potentialAction\":[{\"@type\":\"SearchAction\",\"target\":{\"@type\":\"EntryPoint\",\"urlTemplate\":\"https:\/\/sandzakpress.net\/arhiva\/?s={search_term_string}\"},\"query-input\":{\"@type\":\"PropertyValueSpecification\",\"valueRequired\":true,\"valueName\":\"search_term_string\"}}],\"inLanguage\":\"bs-BA\"},{\"@type\":[\"Person\",\"Organization\"],\"@id\":\"https:\/\/sandzakpress.net\/arhiva\/#\/schema\/person\/6e72b67d6e51910a1117b3b483ba20bd\",\"name\":\"Kul\",\"image\":{\"@type\":\"ImageObject\",\"inLanguage\":\"bs-BA\",\"@id\":\"https:\/\/sandzakpress.net\/arhiva\/#\/schema\/person\/image\/\",\"url\":\"https:\/\/secure.gravatar.com\/avatar\/42263f39aa27ac04c43cab85c280eb2e?s=96&d=mm&r=pg\",\"contentUrl\":\"https:\/\/secure.gravatar.com\/avatar\/42263f39aa27ac04c43cab85c280eb2e?s=96&d=mm&r=pg\",\"caption\":\"Kul\"},\"logo\":{\"@id\":\"https:\/\/sandzakpress.net\/arhiva\/#\/schema\/person\/image\/\"}},{\"@type\":\"Person\",\"@id\":\"https:\/\/sandzakpress.net\/arhiva\/#\/schema\/person\/c8baee722073534b583ea7bdb2e36c02\",\"name\":\"bosniak\",\"image\":{\"@type\":\"ImageObject\",\"inLanguage\":\"bs-BA\",\"@id\":\"https:\/\/sandzakpress.net\/arhiva\/#\/schema\/person\/image\/\",\"url\":\"https:\/\/secure.gravatar.com\/avatar\/a04fd330bfe3a36a72a0ad4a6d89fca7?s=96&d=mm&r=pg\",\"contentUrl\":\"https:\/\/secure.gravatar.com\/avatar\/a04fd330bfe3a36a72a0ad4a6d89fca7?s=96&d=mm&r=pg\",\"caption\":\"bosniak\"},\"url\":\"https:\/\/sandzakpress.net\/arhiva\/author\/bosniak\/\"}]}<\/script>\n<!-- \/ Yoast SEO Premium plugin. -->","yoast_head_json":{"title":"Balkan u 2015. godinu ulazi sa 2,3 miliona nezaposlenih osoba","robots":{"index":"index","follow":"follow","max-snippet":"max-snippet:-1","max-image-preview":"max-image-preview:large","max-video-preview":"max-video-preview:-1"},"canonical":"https:\/\/sandzakpress.net\/arhiva\/balkan-u-2015-godinu-ulazi-sa-23-miliona-nezaposlenih-osoba\/","og_locale":"bs_BA","og_type":"article","og_title":"Balkan u 2015. godinu ulazi sa 2,3 miliona nezaposlenih osoba","og_description":"Balkan &#8211; U pono\u0107 nastupa nova 2015. godina u koju \u0107e na Balkanu ta\u010dno 2.324.427 osoba u\u0107i bez posla, prijavljeni na birou s nadom da \u0107e se pojaviti poslodavac koji \u0107e biti zainteresovan za njihove usluge. Zamjenik direktora Agencije za rad i zapo\u0161ljavanje BiH \u017deljko Raji\u0107 izjavio je ove sedmice kako se u Bosni i [&hellip;]","og_url":"https:\/\/sandzakpress.net\/arhiva\/balkan-u-2015-godinu-ulazi-sa-23-miliona-nezaposlenih-osoba\/","og_site_name":"Sand\u017eak PRESS","article_published_time":"2014-12-31T10:33:46+00:00","og_image":[{"width":600,"height":329,"url":"https:\/\/sandzakpress.net\/arhiva\/wp-content\/uploads\/2014\/12\/balkan-u-2015-godinu-ulazi-sa-23-miliona-neza_trt-bosanski-35549.jpg","type":"image\/jpeg"}],"author":"bosniak","twitter_card":"summary_large_image","twitter_misc":{"Written by":"bosniak","Est. reading time":"1 minuta"},"schema":{"@context":"https:\/\/schema.org","@graph":[{"@type":"Article","@id":"https:\/\/sandzakpress.net\/arhiva\/balkan-u-2015-godinu-ulazi-sa-23-miliona-nezaposlenih-osoba\/#article","isPartOf":{"@id":"https:\/\/sandzakpress.net\/arhiva\/balkan-u-2015-godinu-ulazi-sa-23-miliona-nezaposlenih-osoba\/"},"author":{"name":"bosniak","@id":"https:\/\/sandzakpress.net\/arhiva\/#\/schema\/person\/c8baee722073534b583ea7bdb2e36c02"},"headline":"Balkan u 2015. godinu ulazi sa 2,3 miliona nezaposlenih osoba","datePublished":"2014-12-31T10:33:46+00:00","mainEntityOfPage":{"@id":"https:\/\/sandzakpress.net\/arhiva\/balkan-u-2015-godinu-ulazi-sa-23-miliona-nezaposlenih-osoba\/"},"wordCount":262,"commentCount":1,"publisher":{"@id":"https:\/\/sandzakpress.net\/arhiva\/#\/schema\/person\/6e72b67d6e51910a1117b3b483ba20bd"},"image":{"@id":"https:\/\/sandzakpress.net\/arhiva\/balkan-u-2015-godinu-ulazi-sa-23-miliona-nezaposlenih-osoba\/#primaryimage"},"thumbnailUrl":"https:\/\/sandzakpress.net\/arhiva\/wp-content\/uploads\/2014\/12\/balkan-u-2015-godinu-ulazi-sa-23-miliona-neza_trt-bosanski-35549.jpg","articleSection":["Bosna i Hercegovina","Kosovo","Srbija","Privreda","Crna Gora","Makedonija","NAJNOVIJE"],"inLanguage":"bs-BA","potentialAction":[{"@type":"CommentAction","name":"Comment","target":["https:\/\/sandzakpress.net\/arhiva\/balkan-u-2015-godinu-ulazi-sa-23-miliona-nezaposlenih-osoba\/#respond"]}]},{"@type":"WebPage","@id":"https:\/\/sandzakpress.net\/arhiva\/balkan-u-2015-godinu-ulazi-sa-23-miliona-nezaposlenih-osoba\/","url":"https:\/\/sandzakpress.net\/arhiva\/balkan-u-2015-godinu-ulazi-sa-23-miliona-nezaposlenih-osoba\/","name":"Balkan u 2015. godinu ulazi sa 2,3 miliona nezaposlenih osoba","isPartOf":{"@id":"https:\/\/sandzakpress.net\/arhiva\/#website"},"primaryImageOfPage":{"@id":"https:\/\/sandzakpress.net\/arhiva\/balkan-u-2015-godinu-ulazi-sa-23-miliona-nezaposlenih-osoba\/#primaryimage"},"image":{"@id":"https:\/\/sandzakpress.net\/arhiva\/balkan-u-2015-godinu-ulazi-sa-23-miliona-nezaposlenih-osoba\/#primaryimage"},"thumbnailUrl":"https:\/\/sandzakpress.net\/arhiva\/wp-content\/uploads\/2014\/12\/balkan-u-2015-godinu-ulazi-sa-23-miliona-neza_trt-bosanski-35549.jpg","datePublished":"2014-12-31T10:33:46+00:00","breadcrumb":{"@id":"https:\/\/sandzakpress.net\/arhiva\/balkan-u-2015-godinu-ulazi-sa-23-miliona-nezaposlenih-osoba\/#breadcrumb"},"inLanguage":"bs-BA","potentialAction":[{"@type":"ReadAction","target":["https:\/\/sandzakpress.net\/arhiva\/balkan-u-2015-godinu-ulazi-sa-23-miliona-nezaposlenih-osoba\/"]}]},{"@type":"ImageObject","inLanguage":"bs-BA","@id":"https:\/\/sandzakpress.net\/arhiva\/balkan-u-2015-godinu-ulazi-sa-23-miliona-nezaposlenih-osoba\/#primaryimage","url":"https:\/\/sandzakpress.net\/arhiva\/wp-content\/uploads\/2014\/12\/balkan-u-2015-godinu-ulazi-sa-23-miliona-neza_trt-bosanski-35549.jpg","contentUrl":"https:\/\/sandzakpress.net\/arhiva\/wp-content\/uploads\/2014\/12\/balkan-u-2015-godinu-ulazi-sa-23-miliona-neza_trt-bosanski-35549.jpg","width":600,"height":329},{"@type":"BreadcrumbList","@id":"https:\/\/sandzakpress.net\/arhiva\/balkan-u-2015-godinu-ulazi-sa-23-miliona-nezaposlenih-osoba\/#breadcrumb","itemListElement":[{"@type":"ListItem","position":1,"name":"Home","item":"https:\/\/sandzakpress.net\/arhiva\/"},{"@type":"ListItem","position":2,"name":"Balkan u 2015. godinu ulazi sa 2,3 miliona nezaposlenih osoba"}]},{"@type":"WebSite","@id":"https:\/\/sandzakpress.net\/arhiva\/#website","url":"https:\/\/sandzakpress.net\/arhiva\/","name":"Sand\u017eak PRESS","description":"Prve elektronske novine u Sand\u017eaku","publisher":{"@id":"https:\/\/sandzakpress.net\/arhiva\/#\/schema\/person\/6e72b67d6e51910a1117b3b483ba20bd"},"potentialAction":[{"@type":"SearchAction","target":{"@type":"EntryPoint","urlTemplate":"https:\/\/sandzakpress.net\/arhiva\/?s={search_term_string}"},"query-input":{"@type":"PropertyValueSpecification","valueRequired":true,"valueName":"search_term_string"}}],"inLanguage":"bs-BA"},{"@type":["Person","Organization"],"@id":"https:\/\/sandzakpress.net\/arhiva\/#\/schema\/person\/6e72b67d6e51910a1117b3b483ba20bd","name":"Kul","image":{"@type":"ImageObject","inLanguage":"bs-BA","@id":"https:\/\/sandzakpress.net\/arhiva\/#\/schema\/person\/image\/","url":"https:\/\/secure.gravatar.com\/avatar\/42263f39aa27ac04c43cab85c280eb2e?s=96&d=mm&r=pg","contentUrl":"https:\/\/secure.gravatar.com\/avatar\/42263f39aa27ac04c43cab85c280eb2e?s=96&d=mm&r=pg","caption":"Kul"},"logo":{"@id":"https:\/\/sandzakpress.net\/arhiva\/#\/schema\/person\/image\/"}},{"@type":"Person","@id":"https:\/\/sandzakpress.net\/arhiva\/#\/schema\/person\/c8baee722073534b583ea7bdb2e36c02","name":"bosniak","image":{"@type":"ImageObject","inLanguage":"bs-BA","@id":"https:\/\/sandzakpress.net\/arhiva\/#\/schema\/person\/image\/","url":"https:\/\/secure.gravatar.com\/avatar\/a04fd330bfe3a36a72a0ad4a6d89fca7?s=96&d=mm&r=pg","contentUrl":"https:\/\/secure.gravatar.com\/avatar\/a04fd330bfe3a36a72a0ad4a6d89fca7?s=96&d=mm&r=pg","caption":"bosniak"},"url":"https:\/\/sandzakpress.net\/arhiva\/author\/bosniak\/"}]}},"_links":{"self":[{"href":"https:\/\/sandzakpress.net\/arhiva\/wp-json\/wp\/v2\/posts\/118371"}],"collection":[{"href":"https:\/\/sandzakpress.net\/arhiva\/wp-json\/wp\/v2\/posts"}],"about":[{"href":"https:\/\/sandzakpress.net\/arhiva\/wp-json\/wp\/v2\/types\/post"}],"author":[{"embeddable":true,"href":"https:\/\/sandzakpress.net\/arhiva\/wp-json\/wp\/v2\/users\/83"}],"replies":[{"embeddable":true,"href":"https:\/\/sandzakpress.net\/arhiva\/wp-json\/wp\/v2\/comments?post=118371"}],"version-history":[{"count":0,"href":"https:\/\/sandzakpress.net\/arhiva\/wp-json\/wp\/v2\/posts\/118371\/revisions"}],"wp:featuredmedia":[{"embeddable":true,"href":"https:\/\/sandzakpress.net\/arhiva\/wp-json\/wp\/v2\/media\/118372"}],"wp:attachment":[{"href":"https:\/\/sandzakpress.net\/arhiva\/wp-json\/wp\/v2\/media?parent=118371"}],"wp:term":[{"taxonomy":"category","embeddable":true,"href":"https:\/\/sandzakpress.net\/arhiva\/wp-json\/wp\/v2\/categories?post=118371"},{"taxonomy":"post_tag","embeddable":true,"href":"https:\/\/sandzakpress.net\/arhiva\/wp-json\/wp\/v2\/tags?post=118371"}],"curies":[{"name":"wp","href":"https:\/\/api.w.org\/{rel}","templated":true}]}}