{"id":118309,"date":"2014-12-30T14:54:10","date_gmt":"2014-12-30T13:54:10","guid":{"rendered":"https:\/\/sandzakpress.net\/arhiva\/?p=118309"},"modified":"2014-12-30T14:54:10","modified_gmt":"2014-12-30T13:54:10","slug":"slobodanu-tomasevicu-zabranjeno-da-prisustvuje-sjednici-so-berane","status":"publish","type":"post","link":"https:\/\/sandzakpress.net\/arhiva\/slobodanu-tomasevicu-zabranjeno-da-prisustvuje-sjednici-so-berane\/","title":{"rendered":"Slobodanu Toma\u0161evi\u0107u zabranjeno da prisustvuje sjednici SO Berane"},"content":{"rendered":"<p><img decoding=\"async\" src=\"http:\/\/www.img2.cdm.me\/sites\/cdm.bild-studio.me\/files\/styles\/301x227\/public\/multimedia\/foto\/2014\/12\/29\/slobodan_tomasevic_policija.jpg\" alt=\"\" \/><\/p>\n<p><strong>Berane &#8211; Na poziv Slu\u017ebe Skup\u0161tine op\u0161tine Berane, beranska policija nije dozvolila Slobodanu Toma\u0161evi\u0107u &#8211; \u010dlanu Savjeta za razvoj i za\u0161titu lokalne samouprave i izvr\u0161nom direktoru Nevladine organizacije &#8220;Centar kreativnih vje\u0161tina\u201c, da prisustvuje sedmoj sjednici SO Berane.<br \/>\n<\/strong><\/p>\n<p>Zbog ovog doga\u0111aja sjednica SO Berane kasnila je sat vremena, prenosi portal Espona.<\/p>\n<p>Nakon kratkotrajnog razgovora sa pristiglim slu\u017ebenicima beranske policije, a pozivaju\u0107i se na Statut op\u0161tine i Poslovnik o radu SO, Toma\u0161evi\u0107 je mirno napustio skup\u0161tinsku salu nakon \u010dega je sjednica i zapo\u010dela sa radom.<\/p>\n<p>(Cdm)<\/p>\n","protected":false},"excerpt":{"rendered":"<p>Berane &#8211; Na poziv Slu\u017ebe Skup\u0161tine op\u0161tine Berane, beranska policija nije dozvolila Slobodanu Toma\u0161evi\u0107u &#8211; \u010dlanu Savjeta za razvoj i za\u0161titu lokalne samouprave i izvr\u0161nom direktoru Nevladine organizacije &#8220;Centar kreativnih vje\u0161tina\u201c, da prisustvuje sedmoj sjednici SO Berane. Zbog ovog doga\u0111aja sjednica SO Berane kasnila je sat vremena, prenosi portal Espona. Nakon kratkotrajnog razgovora sa pristiglim [&hellip;]<\/p>\n","protected":false},"author":83,"featured_media":118310,"comment_status":"open","ping_status":"open","sticky":false,"template":"","format":"standard","meta":{"footnotes":""},"categories":[1,397,798],"tags":[],"class_list":{"0":"post-118309","1":"post","2":"type-post","3":"status-publish","4":"format-standard","5":"has-post-thumbnail","7":"category-politika","8":"category-berane","9":"category-teme"},"yoast_head":"<!-- This site is optimized with the Yoast SEO Premium plugin v23.1 (Yoast SEO v24.9) - https:\/\/yoast.com\/wordpress\/plugins\/seo\/ -->\n<title>Slobodanu Toma\u0161evi\u0107u zabranjeno da prisustvuje sjednici SO Berane<\/title>\n<meta name=\"robots\" content=\"index, follow, max-snippet:-1, max-image-preview:large, max-video-preview:-1\" \/>\n<link rel=\"canonical\" href=\"https:\/\/sandzakpress.net\/arhiva\/slobodanu-tomasevicu-zabranjeno-da-prisustvuje-sjednici-so-berane\/\" \/>\n<meta property=\"og:locale\" content=\"bs_BA\" \/>\n<meta property=\"og:type\" content=\"article\" \/>\n<meta property=\"og:title\" content=\"Slobodanu Toma\u0161evi\u0107u zabranjeno da prisustvuje sjednici SO Berane\" \/>\n<meta property=\"og:description\" content=\"Berane &#8211; Na poziv Slu\u017ebe Skup\u0161tine op\u0161tine Berane, beranska policija nije dozvolila Slobodanu Toma\u0161evi\u0107u &#8211; \u010dlanu Savjeta za razvoj i za\u0161titu lokalne samouprave i izvr\u0161nom direktoru Nevladine organizacije &#8220;Centar kreativnih vje\u0161tina\u201c, da prisustvuje sedmoj sjednici SO Berane. Zbog ovog doga\u0111aja sjednica SO Berane kasnila je sat vremena, prenosi portal Espona. Nakon kratkotrajnog razgovora sa pristiglim [&hellip;]\" \/>\n<meta property=\"og:url\" content=\"https:\/\/sandzakpress.net\/arhiva\/slobodanu-tomasevicu-zabranjeno-da-prisustvuje-sjednici-so-berane\/\" \/>\n<meta property=\"og:site_name\" content=\"Sand\u017eak PRESS\" \/>\n<meta property=\"article:published_time\" content=\"2014-12-30T13:54:10+00:00\" \/>\n<meta property=\"og:image\" content=\"https:\/\/sandzakpress.net\/arhiva\/wp-content\/uploads\/2014\/12\/slobodan_tomasevic_policija.jpg\" \/>\n\t<meta property=\"og:image:width\" content=\"573\" \/>\n\t<meta property=\"og:image:height\" content=\"431\" \/>\n\t<meta property=\"og:image:type\" content=\"image\/jpeg\" \/>\n<meta name=\"author\" content=\"bosniak\" \/>\n<meta name=\"twitter:card\" content=\"summary_large_image\" \/>\n<meta name=\"twitter:label1\" content=\"Written by\" \/>\n\t<meta name=\"twitter:data1\" content=\"bosniak\" \/>\n<script type=\"application\/ld+json\" class=\"yoast-schema-graph\">{\"@context\":\"https:\/\/schema.org\",\"@graph\":[{\"@type\":\"Article\",\"@id\":\"https:\/\/sandzakpress.net\/arhiva\/slobodanu-tomasevicu-zabranjeno-da-prisustvuje-sjednici-so-berane\/#article\",\"isPartOf\":{\"@id\":\"https:\/\/sandzakpress.net\/arhiva\/slobodanu-tomasevicu-zabranjeno-da-prisustvuje-sjednici-so-berane\/\"},\"author\":{\"name\":\"bosniak\",\"@id\":\"https:\/\/sandzakpress.net\/arhiva\/#\/schema\/person\/c8baee722073534b583ea7bdb2e36c02\"},\"headline\":\"Slobodanu Toma\u0161evi\u0107u zabranjeno da prisustvuje sjednici SO Berane\",\"datePublished\":\"2014-12-30T13:54:10+00:00\",\"mainEntityOfPage\":{\"@id\":\"https:\/\/sandzakpress.net\/arhiva\/slobodanu-tomasevicu-zabranjeno-da-prisustvuje-sjednici-so-berane\/\"},\"wordCount\":109,\"commentCount\":0,\"publisher\":{\"@id\":\"https:\/\/sandzakpress.net\/arhiva\/#\/schema\/person\/6e72b67d6e51910a1117b3b483ba20bd\"},\"image\":{\"@id\":\"https:\/\/sandzakpress.net\/arhiva\/slobodanu-tomasevicu-zabranjeno-da-prisustvuje-sjednici-so-berane\/#primaryimage\"},\"thumbnailUrl\":\"https:\/\/sandzakpress.net\/arhiva\/wp-content\/uploads\/2014\/12\/slobodan_tomasevic_policija.jpg\",\"articleSection\":[\"Politika\",\"Berane\",\"NAJNOVIJE\"],\"inLanguage\":\"bs-BA\",\"potentialAction\":[{\"@type\":\"CommentAction\",\"name\":\"Comment\",\"target\":[\"https:\/\/sandzakpress.net\/arhiva\/slobodanu-tomasevicu-zabranjeno-da-prisustvuje-sjednici-so-berane\/#respond\"]}]},{\"@type\":\"WebPage\",\"@id\":\"https:\/\/sandzakpress.net\/arhiva\/slobodanu-tomasevicu-zabranjeno-da-prisustvuje-sjednici-so-berane\/\",\"url\":\"https:\/\/sandzakpress.net\/arhiva\/slobodanu-tomasevicu-zabranjeno-da-prisustvuje-sjednici-so-berane\/\",\"name\":\"Slobodanu Toma\u0161evi\u0107u zabranjeno da prisustvuje sjednici SO Berane\",\"isPartOf\":{\"@id\":\"https:\/\/sandzakpress.net\/arhiva\/#website\"},\"primaryImageOfPage\":{\"@id\":\"https:\/\/sandzakpress.net\/arhiva\/slobodanu-tomasevicu-zabranjeno-da-prisustvuje-sjednici-so-berane\/#primaryimage\"},\"image\":{\"@id\":\"https:\/\/sandzakpress.net\/arhiva\/slobodanu-tomasevicu-zabranjeno-da-prisustvuje-sjednici-so-berane\/#primaryimage\"},\"thumbnailUrl\":\"https:\/\/sandzakpress.net\/arhiva\/wp-content\/uploads\/2014\/12\/slobodan_tomasevic_policija.jpg\",\"datePublished\":\"2014-12-30T13:54:10+00:00\",\"breadcrumb\":{\"@id\":\"https:\/\/sandzakpress.net\/arhiva\/slobodanu-tomasevicu-zabranjeno-da-prisustvuje-sjednici-so-berane\/#breadcrumb\"},\"inLanguage\":\"bs-BA\",\"potentialAction\":[{\"@type\":\"ReadAction\",\"target\":[\"https:\/\/sandzakpress.net\/arhiva\/slobodanu-tomasevicu-zabranjeno-da-prisustvuje-sjednici-so-berane\/\"]}]},{\"@type\":\"ImageObject\",\"inLanguage\":\"bs-BA\",\"@id\":\"https:\/\/sandzakpress.net\/arhiva\/slobodanu-tomasevicu-zabranjeno-da-prisustvuje-sjednici-so-berane\/#primaryimage\",\"url\":\"https:\/\/sandzakpress.net\/arhiva\/wp-content\/uploads\/2014\/12\/slobodan_tomasevic_policija.jpg\",\"contentUrl\":\"https:\/\/sandzakpress.net\/arhiva\/wp-content\/uploads\/2014\/12\/slobodan_tomasevic_policija.jpg\",\"width\":573,\"height\":431},{\"@type\":\"BreadcrumbList\",\"@id\":\"https:\/\/sandzakpress.net\/arhiva\/slobodanu-tomasevicu-zabranjeno-da-prisustvuje-sjednici-so-berane\/#breadcrumb\",\"itemListElement\":[{\"@type\":\"ListItem\",\"position\":1,\"name\":\"Home\",\"item\":\"https:\/\/sandzakpress.net\/arhiva\/\"},{\"@type\":\"ListItem\",\"position\":2,\"name\":\"Slobodanu Toma\u0161evi\u0107u zabranjeno da prisustvuje sjednici SO Berane\"}]},{\"@type\":\"WebSite\",\"@id\":\"https:\/\/sandzakpress.net\/arhiva\/#website\",\"url\":\"https:\/\/sandzakpress.net\/arhiva\/\",\"name\":\"Sand\u017eak PRESS\",\"description\":\"Prve elektronske novine u Sand\u017eaku\",\"publisher\":{\"@id\":\"https:\/\/sandzakpress.net\/arhiva\/#\/schema\/person\/6e72b67d6e51910a1117b3b483ba20bd\"},\"potentialAction\":[{\"@type\":\"SearchAction\",\"target\":{\"@type\":\"EntryPoint\",\"urlTemplate\":\"https:\/\/sandzakpress.net\/arhiva\/?s={search_term_string}\"},\"query-input\":{\"@type\":\"PropertyValueSpecification\",\"valueRequired\":true,\"valueName\":\"search_term_string\"}}],\"inLanguage\":\"bs-BA\"},{\"@type\":[\"Person\",\"Organization\"],\"@id\":\"https:\/\/sandzakpress.net\/arhiva\/#\/schema\/person\/6e72b67d6e51910a1117b3b483ba20bd\",\"name\":\"Kul\",\"image\":{\"@type\":\"ImageObject\",\"inLanguage\":\"bs-BA\",\"@id\":\"https:\/\/sandzakpress.net\/arhiva\/#\/schema\/person\/image\/\",\"url\":\"https:\/\/secure.gravatar.com\/avatar\/42263f39aa27ac04c43cab85c280eb2e?s=96&d=mm&r=pg\",\"contentUrl\":\"https:\/\/secure.gravatar.com\/avatar\/42263f39aa27ac04c43cab85c280eb2e?s=96&d=mm&r=pg\",\"caption\":\"Kul\"},\"logo\":{\"@id\":\"https:\/\/sandzakpress.net\/arhiva\/#\/schema\/person\/image\/\"}},{\"@type\":\"Person\",\"@id\":\"https:\/\/sandzakpress.net\/arhiva\/#\/schema\/person\/c8baee722073534b583ea7bdb2e36c02\",\"name\":\"bosniak\",\"image\":{\"@type\":\"ImageObject\",\"inLanguage\":\"bs-BA\",\"@id\":\"https:\/\/sandzakpress.net\/arhiva\/#\/schema\/person\/image\/\",\"url\":\"https:\/\/secure.gravatar.com\/avatar\/a04fd330bfe3a36a72a0ad4a6d89fca7?s=96&d=mm&r=pg\",\"contentUrl\":\"https:\/\/secure.gravatar.com\/avatar\/a04fd330bfe3a36a72a0ad4a6d89fca7?s=96&d=mm&r=pg\",\"caption\":\"bosniak\"},\"url\":\"https:\/\/sandzakpress.net\/arhiva\/author\/bosniak\/\"}]}<\/script>\n<!-- \/ Yoast SEO Premium plugin. -->","yoast_head_json":{"title":"Slobodanu Toma\u0161evi\u0107u zabranjeno da prisustvuje sjednici SO Berane","robots":{"index":"index","follow":"follow","max-snippet":"max-snippet:-1","max-image-preview":"max-image-preview:large","max-video-preview":"max-video-preview:-1"},"canonical":"https:\/\/sandzakpress.net\/arhiva\/slobodanu-tomasevicu-zabranjeno-da-prisustvuje-sjednici-so-berane\/","og_locale":"bs_BA","og_type":"article","og_title":"Slobodanu Toma\u0161evi\u0107u zabranjeno da prisustvuje sjednici SO Berane","og_description":"Berane &#8211; Na poziv Slu\u017ebe Skup\u0161tine op\u0161tine Berane, beranska policija nije dozvolila Slobodanu Toma\u0161evi\u0107u &#8211; \u010dlanu Savjeta za razvoj i za\u0161titu lokalne samouprave i izvr\u0161nom direktoru Nevladine organizacije &#8220;Centar kreativnih vje\u0161tina\u201c, da prisustvuje sedmoj sjednici SO Berane. Zbog ovog doga\u0111aja sjednica SO Berane kasnila je sat vremena, prenosi portal Espona. Nakon kratkotrajnog razgovora sa pristiglim [&hellip;]","og_url":"https:\/\/sandzakpress.net\/arhiva\/slobodanu-tomasevicu-zabranjeno-da-prisustvuje-sjednici-so-berane\/","og_site_name":"Sand\u017eak PRESS","article_published_time":"2014-12-30T13:54:10+00:00","og_image":[{"width":573,"height":431,"url":"https:\/\/sandzakpress.net\/arhiva\/wp-content\/uploads\/2014\/12\/slobodan_tomasevic_policija.jpg","type":"image\/jpeg"}],"author":"bosniak","twitter_card":"summary_large_image","twitter_misc":{"Written by":"bosniak"},"schema":{"@context":"https:\/\/schema.org","@graph":[{"@type":"Article","@id":"https:\/\/sandzakpress.net\/arhiva\/slobodanu-tomasevicu-zabranjeno-da-prisustvuje-sjednici-so-berane\/#article","isPartOf":{"@id":"https:\/\/sandzakpress.net\/arhiva\/slobodanu-tomasevicu-zabranjeno-da-prisustvuje-sjednici-so-berane\/"},"author":{"name":"bosniak","@id":"https:\/\/sandzakpress.net\/arhiva\/#\/schema\/person\/c8baee722073534b583ea7bdb2e36c02"},"headline":"Slobodanu Toma\u0161evi\u0107u zabranjeno da prisustvuje sjednici SO Berane","datePublished":"2014-12-30T13:54:10+00:00","mainEntityOfPage":{"@id":"https:\/\/sandzakpress.net\/arhiva\/slobodanu-tomasevicu-zabranjeno-da-prisustvuje-sjednici-so-berane\/"},"wordCount":109,"commentCount":0,"publisher":{"@id":"https:\/\/sandzakpress.net\/arhiva\/#\/schema\/person\/6e72b67d6e51910a1117b3b483ba20bd"},"image":{"@id":"https:\/\/sandzakpress.net\/arhiva\/slobodanu-tomasevicu-zabranjeno-da-prisustvuje-sjednici-so-berane\/#primaryimage"},"thumbnailUrl":"https:\/\/sandzakpress.net\/arhiva\/wp-content\/uploads\/2014\/12\/slobodan_tomasevic_policija.jpg","articleSection":["Politika","Berane","NAJNOVIJE"],"inLanguage":"bs-BA","potentialAction":[{"@type":"CommentAction","name":"Comment","target":["https:\/\/sandzakpress.net\/arhiva\/slobodanu-tomasevicu-zabranjeno-da-prisustvuje-sjednici-so-berane\/#respond"]}]},{"@type":"WebPage","@id":"https:\/\/sandzakpress.net\/arhiva\/slobodanu-tomasevicu-zabranjeno-da-prisustvuje-sjednici-so-berane\/","url":"https:\/\/sandzakpress.net\/arhiva\/slobodanu-tomasevicu-zabranjeno-da-prisustvuje-sjednici-so-berane\/","name":"Slobodanu Toma\u0161evi\u0107u zabranjeno da prisustvuje sjednici SO Berane","isPartOf":{"@id":"https:\/\/sandzakpress.net\/arhiva\/#website"},"primaryImageOfPage":{"@id":"https:\/\/sandzakpress.net\/arhiva\/slobodanu-tomasevicu-zabranjeno-da-prisustvuje-sjednici-so-berane\/#primaryimage"},"image":{"@id":"https:\/\/sandzakpress.net\/arhiva\/slobodanu-tomasevicu-zabranjeno-da-prisustvuje-sjednici-so-berane\/#primaryimage"},"thumbnailUrl":"https:\/\/sandzakpress.net\/arhiva\/wp-content\/uploads\/2014\/12\/slobodan_tomasevic_policija.jpg","datePublished":"2014-12-30T13:54:10+00:00","breadcrumb":{"@id":"https:\/\/sandzakpress.net\/arhiva\/slobodanu-tomasevicu-zabranjeno-da-prisustvuje-sjednici-so-berane\/#breadcrumb"},"inLanguage":"bs-BA","potentialAction":[{"@type":"ReadAction","target":["https:\/\/sandzakpress.net\/arhiva\/slobodanu-tomasevicu-zabranjeno-da-prisustvuje-sjednici-so-berane\/"]}]},{"@type":"ImageObject","inLanguage":"bs-BA","@id":"https:\/\/sandzakpress.net\/arhiva\/slobodanu-tomasevicu-zabranjeno-da-prisustvuje-sjednici-so-berane\/#primaryimage","url":"https:\/\/sandzakpress.net\/arhiva\/wp-content\/uploads\/2014\/12\/slobodan_tomasevic_policija.jpg","contentUrl":"https:\/\/sandzakpress.net\/arhiva\/wp-content\/uploads\/2014\/12\/slobodan_tomasevic_policija.jpg","width":573,"height":431},{"@type":"BreadcrumbList","@id":"https:\/\/sandzakpress.net\/arhiva\/slobodanu-tomasevicu-zabranjeno-da-prisustvuje-sjednici-so-berane\/#breadcrumb","itemListElement":[{"@type":"ListItem","position":1,"name":"Home","item":"https:\/\/sandzakpress.net\/arhiva\/"},{"@type":"ListItem","position":2,"name":"Slobodanu Toma\u0161evi\u0107u zabranjeno da prisustvuje sjednici SO Berane"}]},{"@type":"WebSite","@id":"https:\/\/sandzakpress.net\/arhiva\/#website","url":"https:\/\/sandzakpress.net\/arhiva\/","name":"Sand\u017eak PRESS","description":"Prve elektronske novine u Sand\u017eaku","publisher":{"@id":"https:\/\/sandzakpress.net\/arhiva\/#\/schema\/person\/6e72b67d6e51910a1117b3b483ba20bd"},"potentialAction":[{"@type":"SearchAction","target":{"@type":"EntryPoint","urlTemplate":"https:\/\/sandzakpress.net\/arhiva\/?s={search_term_string}"},"query-input":{"@type":"PropertyValueSpecification","valueRequired":true,"valueName":"search_term_string"}}],"inLanguage":"bs-BA"},{"@type":["Person","Organization"],"@id":"https:\/\/sandzakpress.net\/arhiva\/#\/schema\/person\/6e72b67d6e51910a1117b3b483ba20bd","name":"Kul","image":{"@type":"ImageObject","inLanguage":"bs-BA","@id":"https:\/\/sandzakpress.net\/arhiva\/#\/schema\/person\/image\/","url":"https:\/\/secure.gravatar.com\/avatar\/42263f39aa27ac04c43cab85c280eb2e?s=96&d=mm&r=pg","contentUrl":"https:\/\/secure.gravatar.com\/avatar\/42263f39aa27ac04c43cab85c280eb2e?s=96&d=mm&r=pg","caption":"Kul"},"logo":{"@id":"https:\/\/sandzakpress.net\/arhiva\/#\/schema\/person\/image\/"}},{"@type":"Person","@id":"https:\/\/sandzakpress.net\/arhiva\/#\/schema\/person\/c8baee722073534b583ea7bdb2e36c02","name":"bosniak","image":{"@type":"ImageObject","inLanguage":"bs-BA","@id":"https:\/\/sandzakpress.net\/arhiva\/#\/schema\/person\/image\/","url":"https:\/\/secure.gravatar.com\/avatar\/a04fd330bfe3a36a72a0ad4a6d89fca7?s=96&d=mm&r=pg","contentUrl":"https:\/\/secure.gravatar.com\/avatar\/a04fd330bfe3a36a72a0ad4a6d89fca7?s=96&d=mm&r=pg","caption":"bosniak"},"url":"https:\/\/sandzakpress.net\/arhiva\/author\/bosniak\/"}]}},"_links":{"self":[{"href":"https:\/\/sandzakpress.net\/arhiva\/wp-json\/wp\/v2\/posts\/118309"}],"collection":[{"href":"https:\/\/sandzakpress.net\/arhiva\/wp-json\/wp\/v2\/posts"}],"about":[{"href":"https:\/\/sandzakpress.net\/arhiva\/wp-json\/wp\/v2\/types\/post"}],"author":[{"embeddable":true,"href":"https:\/\/sandzakpress.net\/arhiva\/wp-json\/wp\/v2\/users\/83"}],"replies":[{"embeddable":true,"href":"https:\/\/sandzakpress.net\/arhiva\/wp-json\/wp\/v2\/comments?post=118309"}],"version-history":[{"count":0,"href":"https:\/\/sandzakpress.net\/arhiva\/wp-json\/wp\/v2\/posts\/118309\/revisions"}],"wp:featuredmedia":[{"embeddable":true,"href":"https:\/\/sandzakpress.net\/arhiva\/wp-json\/wp\/v2\/media\/118310"}],"wp:attachment":[{"href":"https:\/\/sandzakpress.net\/arhiva\/wp-json\/wp\/v2\/media?parent=118309"}],"wp:term":[{"taxonomy":"category","embeddable":true,"href":"https:\/\/sandzakpress.net\/arhiva\/wp-json\/wp\/v2\/categories?post=118309"},{"taxonomy":"post_tag","embeddable":true,"href":"https:\/\/sandzakpress.net\/arhiva\/wp-json\/wp\/v2\/tags?post=118309"}],"curies":[{"name":"wp","href":"https:\/\/api.w.org\/{rel}","templated":true}]}}