{"id":118202,"date":"2014-12-29T13:31:56","date_gmt":"2014-12-29T12:31:56","guid":{"rendered":"https:\/\/sandzakpress.net\/arhiva\/?p=118202"},"modified":"2014-12-29T13:31:56","modified_gmt":"2014-12-29T12:31:56","slug":"dr-ceric-radikalizacija-islama-na-stetu-ummeta","status":"publish","type":"post","link":"https:\/\/sandzakpress.net\/arhiva\/dr-ceric-radikalizacija-islama-na-stetu-ummeta\/","title":{"rendered":"Dr. Ceri\u0107: Radikalizacija islama na \u0161tetu ummeta"},"content":{"rendered":"<p><img decoding=\"async\" src=\"http:\/\/www.sbk.eu.com\/wp-content\/uploads\/2014\/12\/mc-ris3-600x450.jpg\" alt=\"mc-ris3\" \/><\/p>\n<p><strong>Kanada &#8211; Dr. Mustafa Ceri\u0107, reisu-l-ulema emeritus i predsjednik Svjetskog bo\u0161nja\u010dkog kongresa, odr\u017eao je zapa\u017een govor na jednoj od najve\u0107ih tradicionalnih, godi\u0161njih konferencija islamskih u\u010denjaka u Sjevernoj Americi \u2013 O\u017eivljavanje islamskog duha (Reviving the Islamic Spirit \u2013 RIS), u Torontu, Kanada.<\/strong><\/p>\n<p>Dr. Ceri\u0107, koji je uvodni\u010dar i jedan od moderatora na \u010dak tri sesije, sino\u0107 je govorom otvorio raspravu o temi \u201eKad vladaju Zeloti: Vra\u017eija posla u ime islama\u201c, gdje se osvrnuona opasnosti sve prisutnijeg ekstremizma u religiji, koji ozbiljno ugro\u017eava svjetsku stabilnost i sigurnost.<\/p>\n<p>\u201eZelota zasigurno ima i rade \u0111avolji posao u ime religije\u2026 Ono \u0161to oni rade \u0161tetno je i protivno na\u0161oj vjeri, na\u0161oj kulturi, protiv je na\u0161eg morala, na\u0161e djece; protiv je na\u0161e budu\u0107nosti i cijelog na\u0161eg ummeta\u201c, rekao je dr. Ceri\u0107, te dodao:<\/p>\n<p>\u201eAko misle da je uni\u0161tavanje \u010ditavih gradova, protjerivanje ljudi iz njihovih domova, obezglavljivanje novinara pred kamerama, \u0161irenje straha cijelim svijetom u ime islama i uz uzvikivanje svetog imena \u2013 Allaha, \u2026 ako misle da na taj na\u010din provode borbu protiv zla i za dobro \u2013 d\u017eihad, onda moramo re\u0107i da su jako u krivu i da \u010dine lo\u0161, \u0111avolji posao!\u201c.<\/p>\n<p>Dr. Ceri\u0107 je dana\u0161nje radikalne i militantne pokrete u ime vjere, usporedio sa la\u017enim prorokom Musajmlimom, naglasiv\u0161i da je islamski svijet u doba Musajmlima imao snage koje su uspjele sa\u010duvati islam od \u0111avolske \u0161tete, a da se, na\u017ealost, \u010dini da dana\u0161njem ummetu nedostaju snage dovoljno sna\u017ene i odlu\u010dne da se odupru savremenom zlu.<br \/>\nGovore\u0107i o \u0161tetnosti onoga \u0161to rade, podsjetio je na jednog od najve\u0107ih muslimanskih u\u010denjaka imama Shamsu Al-Deen Al-Dhahabi, koji je pobrojao najve\u0107e ljudske grijehe, izme\u0111u ostalog: ubijanje nevinih ljudi, samoubistva \u2013 \u0161to se odnosi i na bomba\u0161e samoubice, uskra\u0107ivanje slobode kretanja, govor mr\u017enje, negiranje prava djece, zloupotreba imena bo\u017eijega, zavo\u0111enje naivnih i po\u0161tenih ljudi zarad vlastite koristi, arogancija, isprazno hvalisanje, la\u017e, kra\u0111a, prevara, vrije\u0111anje susjeda, mito i korupcija\u2026<\/p>\n<p>Na grijehe i boljke dru\u0161tva nisu ukazali samo muslimanski vjerski u\u010denjaci, dodao je, ve\u0107 i vjerski u\u010denjaci i vo\u0111e i drugih religija, a kako bi upozorili na smrtne li\u010dne i dru\u0161tvene grijehe ili boljke.<br \/>\nU tom kontekstu dr. Ceri\u0107 je podsjetio na rije\u010di Mahatme Ghandija, ali i nedavni govor pape Franje, u kojem o\u0161tro kritizira vatikansku Kuriju.<\/p>\n<p>\u201eMi, muslimani, nemamo ovakav globalni glas koji \u0107e nas upozoriti gdje smo i gdje grije\u0161imo, pa da mo\u017eemo prona\u0107i odgovaraju\u0107e odgovore i poduzeti odgovaraju\u0107e mjere da to ispravimo. Umjesto toga, imamo ovu va\u017enu, godi\u0161nju konferenciju u Torontu\u201c, rekao je dr. Ceri\u0107.<\/p>\n<p>Poruke s RIS konferencije, dodao je, \u201ene moraju ostati tek u okvirima njenih sesija, ve\u0107 moraju imati konkretnog odjeka u cijelom ummetu, za koji sam identificirao 21 boljku: ljubav bez po\u0161tovanja; religija bez vjere; vjera bez morala; duhovnost bez smisla; superiornost bez postignu\u0107a; inferiornost bez potrebe; dr\u017eava bez legitimiteta; zajednice bez dru\u0161tva; obrazovanje bez cilja; znanje bez upotrebe; potro\u0161nja bez proizvodnje; propovijedanje bez odjeka; molitva bez iskrenosti; zekat bez plodova; Had\u017ed\u017e bez poruke; post bez poniznosti; mo\u0107 bez granica; bratstvo bez povjerenja; rije\u010di bez zna\u010denja; energija bez koristi; pravo bez snage!\u201c.<\/p>\n<p>Osim o pomenutoj temi, dr. Ceri\u0107 je u\u010destvovao i u raspravi o islamofobiji i islamoprofaniji, a odr\u017eat \u0107e govor i na dana\u0161njoj zavr\u0161noj sesiji \u201eOn je do\u0161ao da te pou\u010di tvojoj vjeri\u201c, gdje \u0107e pa\u017enja biti usmjerena na va\u017enost prave vjere i ispravnih, tradicionalno uvrije\u017eenih vjerskih u\u010denja, te na opasnosti koje vrebaju iz pogre\u0161nih tuma\u010denja, zloupotrebe i radikalizacije vjere.<\/p>\n<p>(Sbk)<\/p>\n<p><img decoding=\"async\" src=\"http:\/\/www.sbk.eu.com\/wp-content\/uploads\/2014\/12\/10888820_1523736471237933_8563853001024315054_n-600x450.jpg\" alt=\"10888820_1523736471237933_8563853001024315054_n\" \/><\/p>\n<p><img decoding=\"async\" src=\"http:\/\/www.sbk.eu.com\/wp-content\/uploads\/2014\/12\/10891707_1523736357904611_1181269636577424185_n-600x293.jpg\" alt=\"10891707_1523736357904611_1181269636577424185_n\" \/><\/p>\n","protected":false},"excerpt":{"rendered":"<p>Kanada &#8211; Dr. Mustafa Ceri\u0107, reisu-l-ulema emeritus i predsjednik Svjetskog bo\u0161nja\u010dkog kongresa, odr\u017eao je zapa\u017een govor na jednoj od najve\u0107ih tradicionalnih, godi\u0161njih konferencija islamskih u\u010denjaka u Sjevernoj Americi \u2013 O\u017eivljavanje islamskog duha (Reviving the Islamic Spirit \u2013 RIS), u Torontu, Kanada. Dr. Ceri\u0107, koji je uvodni\u010dar i jedan od moderatora na \u010dak tri sesije, sino\u0107 [&hellip;]<\/p>\n","protected":false},"author":83,"featured_media":118203,"comment_status":"open","ping_status":"open","sticky":false,"template":"","format":"standard","meta":{"footnotes":""},"categories":[800,10177,798],"tags":[],"class_list":{"0":"post-118202","1":"post","2":"type-post","3":"status-publish","4":"format-standard","5":"has-post-thumbnail","7":"category-nacija","8":"category-kanada-vase-vijesti","9":"category-teme"},"yoast_head":"<!-- This site is optimized with the Yoast SEO Premium plugin v23.1 (Yoast SEO v24.9) - https:\/\/yoast.com\/wordpress\/plugins\/seo\/ -->\n<title>Dr. Ceri\u0107: Radikalizacija islama na \u0161tetu ummeta<\/title>\n<meta name=\"robots\" content=\"index, follow, max-snippet:-1, max-image-preview:large, max-video-preview:-1\" \/>\n<link rel=\"canonical\" href=\"https:\/\/sandzakpress.net\/arhiva\/dr-ceric-radikalizacija-islama-na-stetu-ummeta\/\" \/>\n<meta property=\"og:locale\" content=\"bs_BA\" \/>\n<meta property=\"og:type\" content=\"article\" \/>\n<meta property=\"og:title\" content=\"Dr. Ceri\u0107: Radikalizacija islama na \u0161tetu ummeta\" \/>\n<meta property=\"og:description\" content=\"Kanada &#8211; Dr. Mustafa Ceri\u0107, reisu-l-ulema emeritus i predsjednik Svjetskog bo\u0161nja\u010dkog kongresa, odr\u017eao je zapa\u017een govor na jednoj od najve\u0107ih tradicionalnih, godi\u0161njih konferencija islamskih u\u010denjaka u Sjevernoj Americi \u2013 O\u017eivljavanje islamskog duha (Reviving the Islamic Spirit \u2013 RIS), u Torontu, Kanada. Dr. Ceri\u0107, koji je uvodni\u010dar i jedan od moderatora na \u010dak tri sesije, sino\u0107 [&hellip;]\" \/>\n<meta property=\"og:url\" content=\"https:\/\/sandzakpress.net\/arhiva\/dr-ceric-radikalizacija-islama-na-stetu-ummeta\/\" \/>\n<meta property=\"og:site_name\" content=\"Sand\u017eak PRESS\" \/>\n<meta property=\"article:published_time\" content=\"2014-12-29T12:31:56+00:00\" \/>\n<meta property=\"og:image\" content=\"https:\/\/sandzakpress.net\/arhiva\/wp-content\/uploads\/2014\/12\/mc-ris3-600x450.jpg\" \/>\n\t<meta property=\"og:image:width\" content=\"600\" \/>\n\t<meta property=\"og:image:height\" content=\"450\" \/>\n\t<meta property=\"og:image:type\" content=\"image\/jpeg\" \/>\n<meta name=\"author\" content=\"bosniak\" \/>\n<meta name=\"twitter:card\" content=\"summary_large_image\" \/>\n<meta name=\"twitter:label1\" content=\"Written by\" \/>\n\t<meta name=\"twitter:data1\" content=\"bosniak\" \/>\n\t<meta name=\"twitter:label2\" content=\"Est. reading time\" \/>\n\t<meta name=\"twitter:data2\" content=\"3 minute\" \/>\n<script type=\"application\/ld+json\" class=\"yoast-schema-graph\">{\"@context\":\"https:\/\/schema.org\",\"@graph\":[{\"@type\":\"Article\",\"@id\":\"https:\/\/sandzakpress.net\/arhiva\/dr-ceric-radikalizacija-islama-na-stetu-ummeta\/#article\",\"isPartOf\":{\"@id\":\"https:\/\/sandzakpress.net\/arhiva\/dr-ceric-radikalizacija-islama-na-stetu-ummeta\/\"},\"author\":{\"name\":\"bosniak\",\"@id\":\"https:\/\/sandzakpress.net\/arhiva\/#\/schema\/person\/c8baee722073534b583ea7bdb2e36c02\"},\"headline\":\"Dr. Ceri\u0107: Radikalizacija islama na \u0161tetu ummeta\",\"datePublished\":\"2014-12-29T12:31:56+00:00\",\"mainEntityOfPage\":{\"@id\":\"https:\/\/sandzakpress.net\/arhiva\/dr-ceric-radikalizacija-islama-na-stetu-ummeta\/\"},\"wordCount\":635,\"commentCount\":3,\"publisher\":{\"@id\":\"https:\/\/sandzakpress.net\/arhiva\/#\/schema\/person\/6e72b67d6e51910a1117b3b483ba20bd\"},\"image\":{\"@id\":\"https:\/\/sandzakpress.net\/arhiva\/dr-ceric-radikalizacija-islama-na-stetu-ummeta\/#primaryimage\"},\"thumbnailUrl\":\"https:\/\/sandzakpress.net\/arhiva\/wp-content\/uploads\/2014\/12\/mc-ris3-600x450.jpg\",\"articleSection\":[\"Nacija\",\"Kanada\",\"NAJNOVIJE\"],\"inLanguage\":\"bs-BA\",\"potentialAction\":[{\"@type\":\"CommentAction\",\"name\":\"Comment\",\"target\":[\"https:\/\/sandzakpress.net\/arhiva\/dr-ceric-radikalizacija-islama-na-stetu-ummeta\/#respond\"]}]},{\"@type\":\"WebPage\",\"@id\":\"https:\/\/sandzakpress.net\/arhiva\/dr-ceric-radikalizacija-islama-na-stetu-ummeta\/\",\"url\":\"https:\/\/sandzakpress.net\/arhiva\/dr-ceric-radikalizacija-islama-na-stetu-ummeta\/\",\"name\":\"Dr. Ceri\u0107: Radikalizacija islama na \u0161tetu ummeta\",\"isPartOf\":{\"@id\":\"https:\/\/sandzakpress.net\/arhiva\/#website\"},\"primaryImageOfPage\":{\"@id\":\"https:\/\/sandzakpress.net\/arhiva\/dr-ceric-radikalizacija-islama-na-stetu-ummeta\/#primaryimage\"},\"image\":{\"@id\":\"https:\/\/sandzakpress.net\/arhiva\/dr-ceric-radikalizacija-islama-na-stetu-ummeta\/#primaryimage\"},\"thumbnailUrl\":\"https:\/\/sandzakpress.net\/arhiva\/wp-content\/uploads\/2014\/12\/mc-ris3-600x450.jpg\",\"datePublished\":\"2014-12-29T12:31:56+00:00\",\"breadcrumb\":{\"@id\":\"https:\/\/sandzakpress.net\/arhiva\/dr-ceric-radikalizacija-islama-na-stetu-ummeta\/#breadcrumb\"},\"inLanguage\":\"bs-BA\",\"potentialAction\":[{\"@type\":\"ReadAction\",\"target\":[\"https:\/\/sandzakpress.net\/arhiva\/dr-ceric-radikalizacija-islama-na-stetu-ummeta\/\"]}]},{\"@type\":\"ImageObject\",\"inLanguage\":\"bs-BA\",\"@id\":\"https:\/\/sandzakpress.net\/arhiva\/dr-ceric-radikalizacija-islama-na-stetu-ummeta\/#primaryimage\",\"url\":\"https:\/\/sandzakpress.net\/arhiva\/wp-content\/uploads\/2014\/12\/mc-ris3-600x450.jpg\",\"contentUrl\":\"https:\/\/sandzakpress.net\/arhiva\/wp-content\/uploads\/2014\/12\/mc-ris3-600x450.jpg\",\"width\":600,\"height\":450},{\"@type\":\"BreadcrumbList\",\"@id\":\"https:\/\/sandzakpress.net\/arhiva\/dr-ceric-radikalizacija-islama-na-stetu-ummeta\/#breadcrumb\",\"itemListElement\":[{\"@type\":\"ListItem\",\"position\":1,\"name\":\"Home\",\"item\":\"https:\/\/sandzakpress.net\/arhiva\/\"},{\"@type\":\"ListItem\",\"position\":2,\"name\":\"Dr. Ceri\u0107: Radikalizacija islama na \u0161tetu ummeta\"}]},{\"@type\":\"WebSite\",\"@id\":\"https:\/\/sandzakpress.net\/arhiva\/#website\",\"url\":\"https:\/\/sandzakpress.net\/arhiva\/\",\"name\":\"Sand\u017eak PRESS\",\"description\":\"Prve elektronske novine u Sand\u017eaku\",\"publisher\":{\"@id\":\"https:\/\/sandzakpress.net\/arhiva\/#\/schema\/person\/6e72b67d6e51910a1117b3b483ba20bd\"},\"potentialAction\":[{\"@type\":\"SearchAction\",\"target\":{\"@type\":\"EntryPoint\",\"urlTemplate\":\"https:\/\/sandzakpress.net\/arhiva\/?s={search_term_string}\"},\"query-input\":{\"@type\":\"PropertyValueSpecification\",\"valueRequired\":true,\"valueName\":\"search_term_string\"}}],\"inLanguage\":\"bs-BA\"},{\"@type\":[\"Person\",\"Organization\"],\"@id\":\"https:\/\/sandzakpress.net\/arhiva\/#\/schema\/person\/6e72b67d6e51910a1117b3b483ba20bd\",\"name\":\"Kul\",\"image\":{\"@type\":\"ImageObject\",\"inLanguage\":\"bs-BA\",\"@id\":\"https:\/\/sandzakpress.net\/arhiva\/#\/schema\/person\/image\/\",\"url\":\"https:\/\/secure.gravatar.com\/avatar\/42263f39aa27ac04c43cab85c280eb2e?s=96&d=mm&r=pg\",\"contentUrl\":\"https:\/\/secure.gravatar.com\/avatar\/42263f39aa27ac04c43cab85c280eb2e?s=96&d=mm&r=pg\",\"caption\":\"Kul\"},\"logo\":{\"@id\":\"https:\/\/sandzakpress.net\/arhiva\/#\/schema\/person\/image\/\"}},{\"@type\":\"Person\",\"@id\":\"https:\/\/sandzakpress.net\/arhiva\/#\/schema\/person\/c8baee722073534b583ea7bdb2e36c02\",\"name\":\"bosniak\",\"image\":{\"@type\":\"ImageObject\",\"inLanguage\":\"bs-BA\",\"@id\":\"https:\/\/sandzakpress.net\/arhiva\/#\/schema\/person\/image\/\",\"url\":\"https:\/\/secure.gravatar.com\/avatar\/a04fd330bfe3a36a72a0ad4a6d89fca7?s=96&d=mm&r=pg\",\"contentUrl\":\"https:\/\/secure.gravatar.com\/avatar\/a04fd330bfe3a36a72a0ad4a6d89fca7?s=96&d=mm&r=pg\",\"caption\":\"bosniak\"},\"url\":\"https:\/\/sandzakpress.net\/arhiva\/author\/bosniak\/\"}]}<\/script>\n<!-- \/ Yoast SEO Premium plugin. -->","yoast_head_json":{"title":"Dr. Ceri\u0107: Radikalizacija islama na \u0161tetu ummeta","robots":{"index":"index","follow":"follow","max-snippet":"max-snippet:-1","max-image-preview":"max-image-preview:large","max-video-preview":"max-video-preview:-1"},"canonical":"https:\/\/sandzakpress.net\/arhiva\/dr-ceric-radikalizacija-islama-na-stetu-ummeta\/","og_locale":"bs_BA","og_type":"article","og_title":"Dr. Ceri\u0107: Radikalizacija islama na \u0161tetu ummeta","og_description":"Kanada &#8211; Dr. Mustafa Ceri\u0107, reisu-l-ulema emeritus i predsjednik Svjetskog bo\u0161nja\u010dkog kongresa, odr\u017eao je zapa\u017een govor na jednoj od najve\u0107ih tradicionalnih, godi\u0161njih konferencija islamskih u\u010denjaka u Sjevernoj Americi \u2013 O\u017eivljavanje islamskog duha (Reviving the Islamic Spirit \u2013 RIS), u Torontu, Kanada. Dr. Ceri\u0107, koji je uvodni\u010dar i jedan od moderatora na \u010dak tri sesije, sino\u0107 [&hellip;]","og_url":"https:\/\/sandzakpress.net\/arhiva\/dr-ceric-radikalizacija-islama-na-stetu-ummeta\/","og_site_name":"Sand\u017eak PRESS","article_published_time":"2014-12-29T12:31:56+00:00","og_image":[{"width":600,"height":450,"url":"https:\/\/sandzakpress.net\/arhiva\/wp-content\/uploads\/2014\/12\/mc-ris3-600x450.jpg","type":"image\/jpeg"}],"author":"bosniak","twitter_card":"summary_large_image","twitter_misc":{"Written by":"bosniak","Est. reading time":"3 minute"},"schema":{"@context":"https:\/\/schema.org","@graph":[{"@type":"Article","@id":"https:\/\/sandzakpress.net\/arhiva\/dr-ceric-radikalizacija-islama-na-stetu-ummeta\/#article","isPartOf":{"@id":"https:\/\/sandzakpress.net\/arhiva\/dr-ceric-radikalizacija-islama-na-stetu-ummeta\/"},"author":{"name":"bosniak","@id":"https:\/\/sandzakpress.net\/arhiva\/#\/schema\/person\/c8baee722073534b583ea7bdb2e36c02"},"headline":"Dr. Ceri\u0107: Radikalizacija islama na \u0161tetu ummeta","datePublished":"2014-12-29T12:31:56+00:00","mainEntityOfPage":{"@id":"https:\/\/sandzakpress.net\/arhiva\/dr-ceric-radikalizacija-islama-na-stetu-ummeta\/"},"wordCount":635,"commentCount":3,"publisher":{"@id":"https:\/\/sandzakpress.net\/arhiva\/#\/schema\/person\/6e72b67d6e51910a1117b3b483ba20bd"},"image":{"@id":"https:\/\/sandzakpress.net\/arhiva\/dr-ceric-radikalizacija-islama-na-stetu-ummeta\/#primaryimage"},"thumbnailUrl":"https:\/\/sandzakpress.net\/arhiva\/wp-content\/uploads\/2014\/12\/mc-ris3-600x450.jpg","articleSection":["Nacija","Kanada","NAJNOVIJE"],"inLanguage":"bs-BA","potentialAction":[{"@type":"CommentAction","name":"Comment","target":["https:\/\/sandzakpress.net\/arhiva\/dr-ceric-radikalizacija-islama-na-stetu-ummeta\/#respond"]}]},{"@type":"WebPage","@id":"https:\/\/sandzakpress.net\/arhiva\/dr-ceric-radikalizacija-islama-na-stetu-ummeta\/","url":"https:\/\/sandzakpress.net\/arhiva\/dr-ceric-radikalizacija-islama-na-stetu-ummeta\/","name":"Dr. Ceri\u0107: Radikalizacija islama na \u0161tetu ummeta","isPartOf":{"@id":"https:\/\/sandzakpress.net\/arhiva\/#website"},"primaryImageOfPage":{"@id":"https:\/\/sandzakpress.net\/arhiva\/dr-ceric-radikalizacija-islama-na-stetu-ummeta\/#primaryimage"},"image":{"@id":"https:\/\/sandzakpress.net\/arhiva\/dr-ceric-radikalizacija-islama-na-stetu-ummeta\/#primaryimage"},"thumbnailUrl":"https:\/\/sandzakpress.net\/arhiva\/wp-content\/uploads\/2014\/12\/mc-ris3-600x450.jpg","datePublished":"2014-12-29T12:31:56+00:00","breadcrumb":{"@id":"https:\/\/sandzakpress.net\/arhiva\/dr-ceric-radikalizacija-islama-na-stetu-ummeta\/#breadcrumb"},"inLanguage":"bs-BA","potentialAction":[{"@type":"ReadAction","target":["https:\/\/sandzakpress.net\/arhiva\/dr-ceric-radikalizacija-islama-na-stetu-ummeta\/"]}]},{"@type":"ImageObject","inLanguage":"bs-BA","@id":"https:\/\/sandzakpress.net\/arhiva\/dr-ceric-radikalizacija-islama-na-stetu-ummeta\/#primaryimage","url":"https:\/\/sandzakpress.net\/arhiva\/wp-content\/uploads\/2014\/12\/mc-ris3-600x450.jpg","contentUrl":"https:\/\/sandzakpress.net\/arhiva\/wp-content\/uploads\/2014\/12\/mc-ris3-600x450.jpg","width":600,"height":450},{"@type":"BreadcrumbList","@id":"https:\/\/sandzakpress.net\/arhiva\/dr-ceric-radikalizacija-islama-na-stetu-ummeta\/#breadcrumb","itemListElement":[{"@type":"ListItem","position":1,"name":"Home","item":"https:\/\/sandzakpress.net\/arhiva\/"},{"@type":"ListItem","position":2,"name":"Dr. Ceri\u0107: Radikalizacija islama na \u0161tetu ummeta"}]},{"@type":"WebSite","@id":"https:\/\/sandzakpress.net\/arhiva\/#website","url":"https:\/\/sandzakpress.net\/arhiva\/","name":"Sand\u017eak PRESS","description":"Prve elektronske novine u Sand\u017eaku","publisher":{"@id":"https:\/\/sandzakpress.net\/arhiva\/#\/schema\/person\/6e72b67d6e51910a1117b3b483ba20bd"},"potentialAction":[{"@type":"SearchAction","target":{"@type":"EntryPoint","urlTemplate":"https:\/\/sandzakpress.net\/arhiva\/?s={search_term_string}"},"query-input":{"@type":"PropertyValueSpecification","valueRequired":true,"valueName":"search_term_string"}}],"inLanguage":"bs-BA"},{"@type":["Person","Organization"],"@id":"https:\/\/sandzakpress.net\/arhiva\/#\/schema\/person\/6e72b67d6e51910a1117b3b483ba20bd","name":"Kul","image":{"@type":"ImageObject","inLanguage":"bs-BA","@id":"https:\/\/sandzakpress.net\/arhiva\/#\/schema\/person\/image\/","url":"https:\/\/secure.gravatar.com\/avatar\/42263f39aa27ac04c43cab85c280eb2e?s=96&d=mm&r=pg","contentUrl":"https:\/\/secure.gravatar.com\/avatar\/42263f39aa27ac04c43cab85c280eb2e?s=96&d=mm&r=pg","caption":"Kul"},"logo":{"@id":"https:\/\/sandzakpress.net\/arhiva\/#\/schema\/person\/image\/"}},{"@type":"Person","@id":"https:\/\/sandzakpress.net\/arhiva\/#\/schema\/person\/c8baee722073534b583ea7bdb2e36c02","name":"bosniak","image":{"@type":"ImageObject","inLanguage":"bs-BA","@id":"https:\/\/sandzakpress.net\/arhiva\/#\/schema\/person\/image\/","url":"https:\/\/secure.gravatar.com\/avatar\/a04fd330bfe3a36a72a0ad4a6d89fca7?s=96&d=mm&r=pg","contentUrl":"https:\/\/secure.gravatar.com\/avatar\/a04fd330bfe3a36a72a0ad4a6d89fca7?s=96&d=mm&r=pg","caption":"bosniak"},"url":"https:\/\/sandzakpress.net\/arhiva\/author\/bosniak\/"}]}},"_links":{"self":[{"href":"https:\/\/sandzakpress.net\/arhiva\/wp-json\/wp\/v2\/posts\/118202"}],"collection":[{"href":"https:\/\/sandzakpress.net\/arhiva\/wp-json\/wp\/v2\/posts"}],"about":[{"href":"https:\/\/sandzakpress.net\/arhiva\/wp-json\/wp\/v2\/types\/post"}],"author":[{"embeddable":true,"href":"https:\/\/sandzakpress.net\/arhiva\/wp-json\/wp\/v2\/users\/83"}],"replies":[{"embeddable":true,"href":"https:\/\/sandzakpress.net\/arhiva\/wp-json\/wp\/v2\/comments?post=118202"}],"version-history":[{"count":0,"href":"https:\/\/sandzakpress.net\/arhiva\/wp-json\/wp\/v2\/posts\/118202\/revisions"}],"wp:featuredmedia":[{"embeddable":true,"href":"https:\/\/sandzakpress.net\/arhiva\/wp-json\/wp\/v2\/media\/118203"}],"wp:attachment":[{"href":"https:\/\/sandzakpress.net\/arhiva\/wp-json\/wp\/v2\/media?parent=118202"}],"wp:term":[{"taxonomy":"category","embeddable":true,"href":"https:\/\/sandzakpress.net\/arhiva\/wp-json\/wp\/v2\/categories?post=118202"},{"taxonomy":"post_tag","embeddable":true,"href":"https:\/\/sandzakpress.net\/arhiva\/wp-json\/wp\/v2\/tags?post=118202"}],"curies":[{"name":"wp","href":"https:\/\/api.w.org\/{rel}","templated":true}]}}