{"id":118198,"date":"2014-12-29T11:52:26","date_gmt":"2014-12-29T10:52:26","guid":{"rendered":"https:\/\/sandzakpress.net\/arhiva\/?p=118198"},"modified":"2014-12-29T11:52:26","modified_gmt":"2014-12-29T10:52:26","slug":"hrvatska-borba-za-drugi-krug-predsjednickih-izbora","status":"publish","type":"post","link":"https:\/\/sandzakpress.net\/arhiva\/hrvatska-borba-za-drugi-krug-predsjednickih-izbora\/","title":{"rendered":"Hrvatska: Borba za drugi krug predsjedni\u010dkih izbora"},"content":{"rendered":"<p><img decoding=\"async\" src=\"http:\/\/balkans.aljazeera.net\/sites\/staff.balkans.aljazeera.com\/files\/styles\/aljazeera_article_main_image\/public\/51717179.jpg?itok=elKvjUA8\" alt=\"Zagreb, Hrvatska, Predsjedni\u010dki izbori, Ivo Josipovi\u0107, Kolinda Grbar-Kitarovi\u0107, Ivan Vilibor Sin\u010di\u0107\" \/><\/p>\n<p><strong>Hrvatska &#8211; Po prvim neslu\u017ebenim podacima Josipovi\u0107u je pripalo 38,46 posto glasova, Grabar-Kitarovi\u0107 37,22, a Sin\u010di\u0107u 16,42.<br \/>\n<\/strong><\/p>\n<p>Po privremenim neslu\u017ebenim rezultatima izbora za predsjednika Republike Hrvatske, najvi\u0161e glasova osvojio je Ivo Josipovi\u0107 (38,46 posto), a na drugom mjestu je kandidatkinja HDZ-a Kolinda Grabar-Kitarovi\u0107 sa 37,22 posto.<\/p>\n<p>Na tre\u0107em mjestu je kandidat stranke \u017divi zid, Ivan Sin\u010di\u0107, sa 16,42 posto.<\/p>\n<p>Predsjedni\u010dki kandidat Socijaldemokratske partije Ivo Josipovi\u0107 izjavio je u nedjelju nave\u010der po objavi prvih neslu\u017ebenih rezultata predsjedni\u010dkih izbora kako je pobijedio u prvom krugu te da \u0107e pobijediti i u drugom, jer nudi program koji je &#8220;put izlaska iz krize i ja\u010danja Hrvatske&#8221;.<\/p>\n<p>Josipovi\u0107 je napao i Hrvatsku demokratsku zajednicu, kazav\u0161i kako se ne smije &#8220;zaboraviti da oni koji su jo\u0161 ju\u010der krali u Hrvatskoj danas misle da mogu predstavljati po\u0161tenje&#8221;.<\/p>\n<p>Osvrnuo se i na govor svoje protukandidatkinje u drugom krugu, Kolinde Grabar-Kitarovi\u0107 kazav\u0161i da se u njemu moglo \u010duti kako se &#8220;ne\u0161to iz poraza pretvara u pobjedu&#8221;.<\/p>\n<p>&#8220;A pobijedili smo mi. Pobijedili smo zato jer moj program nudi Hrvatsku druk\u010diju od ove danas. Nudi Hrvatsku s vi\u0161e demokracije, s vi\u0161e ljudskih prava, tolerantniju Hrvatsku koja otvara nove perspektive i gradi modernu ekonomiju 21. stolje\u0107a u kojoj ne\u0107e biti ovoliko nezaposlenih, u kojoj \u0107e se puno bolje \u017eivjeti i po\u0161tivati vrijednosti tradicije, vrijednosti hrvatskog dru\u0161tva&#8221;, rekao je.<\/p>\n<p><strong>Ukloniti nepravdu<br \/>\n<\/strong><br \/>\nPodsjetio je i da je moto njegove politike &#8220;pravda&#8221;.<\/p>\n<p>&#8220;Vrijednosti hrvatskoga dru\u0161tva &#8211; po\u0161tenje, rad, marljivost, vjera u ideale je ne\u0161to \u0161to mora biti dio na\u0161e politike. Nedopustivo je da se zaboravi da oni koji su jo\u0161 ju\u010der krali u Hrvatskoj danas misle da mogu predstavljati po\u0161tenje&#8221;, poru\u010dio je on.<\/p>\n<p>Smatra da su gra\u0111ani u prvome krugu kazali kako ne \u017eele nepravdu, a to su, isti\u010de, rekli kroz glasove koje je dobio on, ali i Ivan Vilibor Sin\u010di\u0107.<\/p>\n<p>&#8220;Ljudi osje\u0107aju nepravdu i zaista moramo u\u010diniti jo\u0161 vi\u0161e da se nepravde uklone, a hrvatsko dru\u0161tvo bude dru\u0161tvo pravde, bogatstva i uspjeha&#8221;, dodao je.<\/p>\n<p>&#8220;U ovih 15 dana koji su pred nama uvjerit \u0107u Hrvatsku da je moj program put izlaska iz krize i put ja\u010danja na\u0161e Hrvatske. Uvjerit \u0107u ne samo one koji su glasali za mene ili koji su glasali protiv nepravde, nego i one koji nisu iza\u0161li na izbore, a mo\u017eda i neke od onih koji su svoj glas dali mojim protukandidatima, Kujund\u017ei\u0107u i Grabar-Kitarovi\u0107&#8221;, naglasio je Josipovi\u0107.<\/p>\n<p>Siguran je u to da \u0107e gra\u0111ani u drugom krugu &#8220;razmi\u0161ljati o budu\u0107nosti&#8221; te \u0107e se &#8220;mo\u017eda manje voditi emocijama, a vi\u0161e brigom za Hrvatsku&#8221;.<\/p>\n<p>&#8220;A na\u0161a Hrvatska zaslu\u017euje program koji jasno govori \u0161to je na\u0161a budu\u0107nost, koji isklju\u010duje korupciju i isklju\u010duje iz politike sve one koji po nekim strana\u010dkim kriterijima, bez pravih kriterija, dolaze na pozicije. Ona demokracija koju sam obe\u0107ao je glas za svakog konkretnog politi\u010dara koji je po\u0161ten i \u017eeli slu\u017eiti svome narodu&#8221;, naglasio je.<\/p>\n<p>Dodaje i da je previ\u0161e krivi proliveno za Hrvatsku, da je previ\u0161e veterana stradalo, ku\u0107a poru\u0161eno, da je bilo previ\u0161e patnje &#8220;da bismo Hrvatsku predali onima koji je ne zaslu\u017euju&#8221;.<\/p>\n<p>Uvjeren je da to znaju ne samo glasa\u010di koji su ga podr\u017eali, ve\u0107 to &#8220;sasvim sigurno u svom srcu zna svaki \u010dovjek na\u0161e domovine&#8221;.<\/p>\n<p>&#8220;Zato 11. sije\u010dnja iza\u0111ite na izbore, do\u0111ite, glasajte za Hrvatsku, glasajte za pravi put&#8221;, pozvao je Josipovi\u0107 bira\u010de.<\/p>\n<p><strong>Grabar-Kitarovi\u0107: Puno posla pred nama<br \/>\n<\/strong><br \/>\nPredsjedni\u010dka kandidatkinja Hrvatske demokratske zajednice Kolinda Grabar Kitarovi\u0107 \u010destitala je svim protukandidatima, posebno Milanu Kujund\u017ei\u0107u i Ivanu Sin\u010di\u0107u, a obratila se i bira\u010dima Ive Josipovi\u0107a, poru\u010div\u0161i da su i oni dio njenog programa &#8220;Za bolju Hrvatsku&#8221;.<\/p>\n<p>&#8220;Ve\u010deras se obra\u0107am i bira\u010dima Ive Josipovi\u0107a: cijenim Va\u0161 izbor, ali i Vi ste dio na\u0161eg programa &#8216;Za bolju Hrvatsku&#8217;. Vi i cijela Hrvatska zaslu\u017euju bolju i prosperitetniju Hrvatsku koja vjeruje u svoje resurse i svoje ljude&#8221;, poru\u010dila je Grabar-Kitarovi\u0107.<\/p>\n<p>Kazala je i kako od 11. januara vi\u0161e ne\u0107e biti podjela, &#8220;na\u0161ih i njihovih&#8221; te najavila da \u0107e obnoviti zajedni\u0161tvo iz 90-tih pod kojim je Hrvatsku vodio prvi hrvatski predsjednik Franjo Tu\u0111man.<\/p>\n<p>Bira\u010di njenih protukandidata Kujund\u017ei\u0107a i Sin\u010di\u0107a pokazali su, ka\u017ee, da \u017eele bolju i pravedniju Hrvatsku koja brine o svakom \u010dovjeku.<\/p>\n<p>&#8220;Rezultati su pokazali da je puno posla pred nama i moramo donijeti stvarne promjene u Hrvatsku. Na\u0161i su gra\u0111ani ve\u0107inom glasali za promjene i zaokret. \u017delimo hrabru, odlu\u010dnu i domoljubnu vlast koja \u0107e nas voditi naprijed, a ne u propast&#8221;, rekla je Grabar-Kitarovi\u0107.<\/p>\n<p>Hrvatska \u0107e dobiti mjesto me\u0111u zajednicom bogatih zapadnih dr\u017eava, bit \u0107e jedna od najprosperitetnijih dr\u017eava. Imamo sve preduslove za rast i razvoj, geografski polo\u017eaj, resurse i vrijedne ljude ali nam nedostaje hrabro vodstvo koje ima viziju, ideje i koje zna, rekla je Grabar-Kitarovi\u0107.<\/p>\n<p>Ako postane predsjednica, obe\u0107ala je, brinut \u0107e se o svim ljudima \u2013 od onih kojima treba pru\u017eiti ruku, do penzionera i mladih koji odlaze, a trebali bi ostati u Hrvatskoj.<\/p>\n<p><strong>Sin\u010di\u0107: Novi cilj &#8211; parlamentarni izbori<br \/>\n<\/strong><br \/>\n\u201cMoramo vratiti \u017eivot dostojan \u010dovjeka u Hrvatsku, moramo pokrenuti na\u0161e gospodarstvo. Hrvatski ribar, poduzetnik, seljak i poljoprivrednik, umirovljenici, \u017eene i doma\u0107ice.. svi \u0107e oni izvu\u0107i Hrvatsku iz krize\u201d, rekla je HDZ-ova predsjedni\u010dka kandidatkinja.<\/p>\n<p>&#8220;Ja \u0107u biti va\u0161 glas vi ste na\u0161a snaga i za vas \u0107u raditi i bit \u0107u va\u0161a predsjednica&#8221;, rekla je.<\/p>\n<p>Kandidat stranke \u017divi zid za predsjednika Republike Ivan Sin\u010di\u0107 nakon objave neslu\u017ebenih rezultata najavio je da \u0107e \u017divi zid njegovih 300.000 glasova pretvoriti u mandate na parlamentarnim izborima idu\u0107e godine.<\/p>\n<p>&#8220;Napravili smo nemogu\u0107e. Pokazali smo da se mo\u017ee, a mo\u017ee se zato \u0161to se mora&#8221;, istaknuo je.<\/p>\n<p>Rekao je da su u kampanji nametnuli prava pitanja, kao \u0161to je monetarna reforma.<\/p>\n<p>&#8221;\u017divi zid ne\u0107e gledati besmislena prepucavanja dok nam zemlja propada i narod nam se iseljava&#8221;, rekao je Sin\u010di\u0107 i najavio nastavak borbe na parlamentarnim izborima.<\/p>\n<p>&#8220;Najavljujemo borbu do pobjede. Uzet \u0107emo ovih na\u0161ih 300.000 glasova i pretvorit \u0107emo ih u mandate na parlamentarnim izborima. U Parlamentu \u0107emo ostvariti svoj program, oslobodit \u0107emo na\u0161u zemlju i ostvariti svoju Hrvatsku onakvu kakva je to uvijek trebala biti&#8221;, rekao je Sin\u010di\u0107&#8221;.<\/p>\n<p>Drug krug predsjedni\u010dkih izbora odr\u017eat \u0107e se u nedjelju, 11. januara 2015. godine.<\/p>\n<p>Izvor: Al Jazeera i agencije<\/p>\n","protected":false},"excerpt":{"rendered":"<p>Hrvatska &#8211; Po prvim neslu\u017ebenim podacima Josipovi\u0107u je pripalo 38,46 posto glasova, Grabar-Kitarovi\u0107 37,22, a Sin\u010di\u0107u 16,42. Po privremenim neslu\u017ebenim rezultatima izbora za predsjednika Republike Hrvatske, najvi\u0161e glasova osvojio je Ivo Josipovi\u0107 (38,46 posto), a na drugom mjestu je kandidatkinja HDZ-a Kolinda Grabar-Kitarovi\u0107 sa 37,22 posto. Na tre\u0107em mjestu je kandidat stranke \u017divi zid, Ivan [&hellip;]<\/p>\n","protected":false},"author":83,"featured_media":118199,"comment_status":"open","ping_status":"open","sticky":false,"template":"","format":"standard","meta":{"footnotes":""},"categories":[1,10306,798],"tags":[],"class_list":{"0":"post-118198","1":"post","2":"type-post","3":"status-publish","4":"format-standard","5":"has-post-thumbnail","7":"category-politika","8":"category-hrvatska","9":"category-teme"},"yoast_head":"<!-- This site is optimized with the Yoast SEO Premium plugin v23.1 (Yoast SEO v24.9) - https:\/\/yoast.com\/wordpress\/plugins\/seo\/ -->\n<title>Hrvatska: Borba za drugi krug predsjedni\u010dkih izbora<\/title>\n<meta name=\"robots\" content=\"index, follow, max-snippet:-1, max-image-preview:large, max-video-preview:-1\" \/>\n<link rel=\"canonical\" href=\"https:\/\/sandzakpress.net\/arhiva\/hrvatska-borba-za-drugi-krug-predsjednickih-izbora\/\" \/>\n<meta property=\"og:locale\" content=\"bs_BA\" \/>\n<meta property=\"og:type\" content=\"article\" \/>\n<meta property=\"og:title\" content=\"Hrvatska: Borba za drugi krug predsjedni\u010dkih izbora\" \/>\n<meta property=\"og:description\" content=\"Hrvatska &#8211; Po prvim neslu\u017ebenim podacima Josipovi\u0107u je pripalo 38,46 posto glasova, Grabar-Kitarovi\u0107 37,22, a Sin\u010di\u0107u 16,42. Po privremenim neslu\u017ebenim rezultatima izbora za predsjednika Republike Hrvatske, najvi\u0161e glasova osvojio je Ivo Josipovi\u0107 (38,46 posto), a na drugom mjestu je kandidatkinja HDZ-a Kolinda Grabar-Kitarovi\u0107 sa 37,22 posto. Na tre\u0107em mjestu je kandidat stranke \u017divi zid, Ivan [&hellip;]\" \/>\n<meta property=\"og:url\" content=\"https:\/\/sandzakpress.net\/arhiva\/hrvatska-borba-za-drugi-krug-predsjednickih-izbora\/\" \/>\n<meta property=\"og:site_name\" content=\"Sand\u017eak PRESS\" \/>\n<meta property=\"article:published_time\" content=\"2014-12-29T10:52:26+00:00\" \/>\n<meta property=\"og:image\" content=\"https:\/\/sandzakpress.net\/arhiva\/wp-content\/uploads\/2014\/12\/51717179.jpg\" \/>\n\t<meta property=\"og:image:width\" content=\"680\" \/>\n\t<meta property=\"og:image:height\" content=\"450\" \/>\n\t<meta property=\"og:image:type\" content=\"image\/jpeg\" \/>\n<meta name=\"author\" content=\"bosniak\" \/>\n<meta name=\"twitter:card\" content=\"summary_large_image\" \/>\n<meta name=\"twitter:label1\" content=\"Written by\" \/>\n\t<meta name=\"twitter:data1\" content=\"bosniak\" \/>\n\t<meta name=\"twitter:label2\" content=\"Est. reading time\" \/>\n\t<meta name=\"twitter:data2\" content=\"6 minuta\" \/>\n<script type=\"application\/ld+json\" class=\"yoast-schema-graph\">{\"@context\":\"https:\/\/schema.org\",\"@graph\":[{\"@type\":\"Article\",\"@id\":\"https:\/\/sandzakpress.net\/arhiva\/hrvatska-borba-za-drugi-krug-predsjednickih-izbora\/#article\",\"isPartOf\":{\"@id\":\"https:\/\/sandzakpress.net\/arhiva\/hrvatska-borba-za-drugi-krug-predsjednickih-izbora\/\"},\"author\":{\"name\":\"bosniak\",\"@id\":\"https:\/\/sandzakpress.net\/arhiva\/#\/schema\/person\/c8baee722073534b583ea7bdb2e36c02\"},\"headline\":\"Hrvatska: Borba za drugi krug predsjedni\u010dkih izbora\",\"datePublished\":\"2014-12-29T10:52:26+00:00\",\"mainEntityOfPage\":{\"@id\":\"https:\/\/sandzakpress.net\/arhiva\/hrvatska-borba-za-drugi-krug-predsjednickih-izbora\/\"},\"wordCount\":1118,\"commentCount\":0,\"publisher\":{\"@id\":\"https:\/\/sandzakpress.net\/arhiva\/#\/schema\/person\/6e72b67d6e51910a1117b3b483ba20bd\"},\"image\":{\"@id\":\"https:\/\/sandzakpress.net\/arhiva\/hrvatska-borba-za-drugi-krug-predsjednickih-izbora\/#primaryimage\"},\"thumbnailUrl\":\"https:\/\/sandzakpress.net\/arhiva\/wp-content\/uploads\/2014\/12\/51717179.jpg\",\"articleSection\":[\"Politika\",\"Hrvatska\",\"NAJNOVIJE\"],\"inLanguage\":\"bs-BA\",\"potentialAction\":[{\"@type\":\"CommentAction\",\"name\":\"Comment\",\"target\":[\"https:\/\/sandzakpress.net\/arhiva\/hrvatska-borba-za-drugi-krug-predsjednickih-izbora\/#respond\"]}]},{\"@type\":\"WebPage\",\"@id\":\"https:\/\/sandzakpress.net\/arhiva\/hrvatska-borba-za-drugi-krug-predsjednickih-izbora\/\",\"url\":\"https:\/\/sandzakpress.net\/arhiva\/hrvatska-borba-za-drugi-krug-predsjednickih-izbora\/\",\"name\":\"Hrvatska: Borba za drugi krug predsjedni\u010dkih izbora\",\"isPartOf\":{\"@id\":\"https:\/\/sandzakpress.net\/arhiva\/#website\"},\"primaryImageOfPage\":{\"@id\":\"https:\/\/sandzakpress.net\/arhiva\/hrvatska-borba-za-drugi-krug-predsjednickih-izbora\/#primaryimage\"},\"image\":{\"@id\":\"https:\/\/sandzakpress.net\/arhiva\/hrvatska-borba-za-drugi-krug-predsjednickih-izbora\/#primaryimage\"},\"thumbnailUrl\":\"https:\/\/sandzakpress.net\/arhiva\/wp-content\/uploads\/2014\/12\/51717179.jpg\",\"datePublished\":\"2014-12-29T10:52:26+00:00\",\"breadcrumb\":{\"@id\":\"https:\/\/sandzakpress.net\/arhiva\/hrvatska-borba-za-drugi-krug-predsjednickih-izbora\/#breadcrumb\"},\"inLanguage\":\"bs-BA\",\"potentialAction\":[{\"@type\":\"ReadAction\",\"target\":[\"https:\/\/sandzakpress.net\/arhiva\/hrvatska-borba-za-drugi-krug-predsjednickih-izbora\/\"]}]},{\"@type\":\"ImageObject\",\"inLanguage\":\"bs-BA\",\"@id\":\"https:\/\/sandzakpress.net\/arhiva\/hrvatska-borba-za-drugi-krug-predsjednickih-izbora\/#primaryimage\",\"url\":\"https:\/\/sandzakpress.net\/arhiva\/wp-content\/uploads\/2014\/12\/51717179.jpg\",\"contentUrl\":\"https:\/\/sandzakpress.net\/arhiva\/wp-content\/uploads\/2014\/12\/51717179.jpg\",\"width\":680,\"height\":450},{\"@type\":\"BreadcrumbList\",\"@id\":\"https:\/\/sandzakpress.net\/arhiva\/hrvatska-borba-za-drugi-krug-predsjednickih-izbora\/#breadcrumb\",\"itemListElement\":[{\"@type\":\"ListItem\",\"position\":1,\"name\":\"Home\",\"item\":\"https:\/\/sandzakpress.net\/arhiva\/\"},{\"@type\":\"ListItem\",\"position\":2,\"name\":\"Hrvatska: Borba za drugi krug predsjedni\u010dkih izbora\"}]},{\"@type\":\"WebSite\",\"@id\":\"https:\/\/sandzakpress.net\/arhiva\/#website\",\"url\":\"https:\/\/sandzakpress.net\/arhiva\/\",\"name\":\"Sand\u017eak PRESS\",\"description\":\"Prve elektronske novine u Sand\u017eaku\",\"publisher\":{\"@id\":\"https:\/\/sandzakpress.net\/arhiva\/#\/schema\/person\/6e72b67d6e51910a1117b3b483ba20bd\"},\"potentialAction\":[{\"@type\":\"SearchAction\",\"target\":{\"@type\":\"EntryPoint\",\"urlTemplate\":\"https:\/\/sandzakpress.net\/arhiva\/?s={search_term_string}\"},\"query-input\":{\"@type\":\"PropertyValueSpecification\",\"valueRequired\":true,\"valueName\":\"search_term_string\"}}],\"inLanguage\":\"bs-BA\"},{\"@type\":[\"Person\",\"Organization\"],\"@id\":\"https:\/\/sandzakpress.net\/arhiva\/#\/schema\/person\/6e72b67d6e51910a1117b3b483ba20bd\",\"name\":\"Kul\",\"image\":{\"@type\":\"ImageObject\",\"inLanguage\":\"bs-BA\",\"@id\":\"https:\/\/sandzakpress.net\/arhiva\/#\/schema\/person\/image\/\",\"url\":\"https:\/\/secure.gravatar.com\/avatar\/42263f39aa27ac04c43cab85c280eb2e?s=96&d=mm&r=pg\",\"contentUrl\":\"https:\/\/secure.gravatar.com\/avatar\/42263f39aa27ac04c43cab85c280eb2e?s=96&d=mm&r=pg\",\"caption\":\"Kul\"},\"logo\":{\"@id\":\"https:\/\/sandzakpress.net\/arhiva\/#\/schema\/person\/image\/\"}},{\"@type\":\"Person\",\"@id\":\"https:\/\/sandzakpress.net\/arhiva\/#\/schema\/person\/c8baee722073534b583ea7bdb2e36c02\",\"name\":\"bosniak\",\"image\":{\"@type\":\"ImageObject\",\"inLanguage\":\"bs-BA\",\"@id\":\"https:\/\/sandzakpress.net\/arhiva\/#\/schema\/person\/image\/\",\"url\":\"https:\/\/secure.gravatar.com\/avatar\/a04fd330bfe3a36a72a0ad4a6d89fca7?s=96&d=mm&r=pg\",\"contentUrl\":\"https:\/\/secure.gravatar.com\/avatar\/a04fd330bfe3a36a72a0ad4a6d89fca7?s=96&d=mm&r=pg\",\"caption\":\"bosniak\"},\"url\":\"https:\/\/sandzakpress.net\/arhiva\/author\/bosniak\/\"}]}<\/script>\n<!-- \/ Yoast SEO Premium plugin. -->","yoast_head_json":{"title":"Hrvatska: Borba za drugi krug predsjedni\u010dkih izbora","robots":{"index":"index","follow":"follow","max-snippet":"max-snippet:-1","max-image-preview":"max-image-preview:large","max-video-preview":"max-video-preview:-1"},"canonical":"https:\/\/sandzakpress.net\/arhiva\/hrvatska-borba-za-drugi-krug-predsjednickih-izbora\/","og_locale":"bs_BA","og_type":"article","og_title":"Hrvatska: Borba za drugi krug predsjedni\u010dkih izbora","og_description":"Hrvatska &#8211; Po prvim neslu\u017ebenim podacima Josipovi\u0107u je pripalo 38,46 posto glasova, Grabar-Kitarovi\u0107 37,22, a Sin\u010di\u0107u 16,42. Po privremenim neslu\u017ebenim rezultatima izbora za predsjednika Republike Hrvatske, najvi\u0161e glasova osvojio je Ivo Josipovi\u0107 (38,46 posto), a na drugom mjestu je kandidatkinja HDZ-a Kolinda Grabar-Kitarovi\u0107 sa 37,22 posto. Na tre\u0107em mjestu je kandidat stranke \u017divi zid, Ivan [&hellip;]","og_url":"https:\/\/sandzakpress.net\/arhiva\/hrvatska-borba-za-drugi-krug-predsjednickih-izbora\/","og_site_name":"Sand\u017eak PRESS","article_published_time":"2014-12-29T10:52:26+00:00","og_image":[{"width":680,"height":450,"url":"https:\/\/sandzakpress.net\/arhiva\/wp-content\/uploads\/2014\/12\/51717179.jpg","type":"image\/jpeg"}],"author":"bosniak","twitter_card":"summary_large_image","twitter_misc":{"Written by":"bosniak","Est. reading time":"6 minuta"},"schema":{"@context":"https:\/\/schema.org","@graph":[{"@type":"Article","@id":"https:\/\/sandzakpress.net\/arhiva\/hrvatska-borba-za-drugi-krug-predsjednickih-izbora\/#article","isPartOf":{"@id":"https:\/\/sandzakpress.net\/arhiva\/hrvatska-borba-za-drugi-krug-predsjednickih-izbora\/"},"author":{"name":"bosniak","@id":"https:\/\/sandzakpress.net\/arhiva\/#\/schema\/person\/c8baee722073534b583ea7bdb2e36c02"},"headline":"Hrvatska: Borba za drugi krug predsjedni\u010dkih izbora","datePublished":"2014-12-29T10:52:26+00:00","mainEntityOfPage":{"@id":"https:\/\/sandzakpress.net\/arhiva\/hrvatska-borba-za-drugi-krug-predsjednickih-izbora\/"},"wordCount":1118,"commentCount":0,"publisher":{"@id":"https:\/\/sandzakpress.net\/arhiva\/#\/schema\/person\/6e72b67d6e51910a1117b3b483ba20bd"},"image":{"@id":"https:\/\/sandzakpress.net\/arhiva\/hrvatska-borba-za-drugi-krug-predsjednickih-izbora\/#primaryimage"},"thumbnailUrl":"https:\/\/sandzakpress.net\/arhiva\/wp-content\/uploads\/2014\/12\/51717179.jpg","articleSection":["Politika","Hrvatska","NAJNOVIJE"],"inLanguage":"bs-BA","potentialAction":[{"@type":"CommentAction","name":"Comment","target":["https:\/\/sandzakpress.net\/arhiva\/hrvatska-borba-za-drugi-krug-predsjednickih-izbora\/#respond"]}]},{"@type":"WebPage","@id":"https:\/\/sandzakpress.net\/arhiva\/hrvatska-borba-za-drugi-krug-predsjednickih-izbora\/","url":"https:\/\/sandzakpress.net\/arhiva\/hrvatska-borba-za-drugi-krug-predsjednickih-izbora\/","name":"Hrvatska: Borba za drugi krug predsjedni\u010dkih izbora","isPartOf":{"@id":"https:\/\/sandzakpress.net\/arhiva\/#website"},"primaryImageOfPage":{"@id":"https:\/\/sandzakpress.net\/arhiva\/hrvatska-borba-za-drugi-krug-predsjednickih-izbora\/#primaryimage"},"image":{"@id":"https:\/\/sandzakpress.net\/arhiva\/hrvatska-borba-za-drugi-krug-predsjednickih-izbora\/#primaryimage"},"thumbnailUrl":"https:\/\/sandzakpress.net\/arhiva\/wp-content\/uploads\/2014\/12\/51717179.jpg","datePublished":"2014-12-29T10:52:26+00:00","breadcrumb":{"@id":"https:\/\/sandzakpress.net\/arhiva\/hrvatska-borba-za-drugi-krug-predsjednickih-izbora\/#breadcrumb"},"inLanguage":"bs-BA","potentialAction":[{"@type":"ReadAction","target":["https:\/\/sandzakpress.net\/arhiva\/hrvatska-borba-za-drugi-krug-predsjednickih-izbora\/"]}]},{"@type":"ImageObject","inLanguage":"bs-BA","@id":"https:\/\/sandzakpress.net\/arhiva\/hrvatska-borba-za-drugi-krug-predsjednickih-izbora\/#primaryimage","url":"https:\/\/sandzakpress.net\/arhiva\/wp-content\/uploads\/2014\/12\/51717179.jpg","contentUrl":"https:\/\/sandzakpress.net\/arhiva\/wp-content\/uploads\/2014\/12\/51717179.jpg","width":680,"height":450},{"@type":"BreadcrumbList","@id":"https:\/\/sandzakpress.net\/arhiva\/hrvatska-borba-za-drugi-krug-predsjednickih-izbora\/#breadcrumb","itemListElement":[{"@type":"ListItem","position":1,"name":"Home","item":"https:\/\/sandzakpress.net\/arhiva\/"},{"@type":"ListItem","position":2,"name":"Hrvatska: Borba za drugi krug predsjedni\u010dkih izbora"}]},{"@type":"WebSite","@id":"https:\/\/sandzakpress.net\/arhiva\/#website","url":"https:\/\/sandzakpress.net\/arhiva\/","name":"Sand\u017eak PRESS","description":"Prve elektronske novine u Sand\u017eaku","publisher":{"@id":"https:\/\/sandzakpress.net\/arhiva\/#\/schema\/person\/6e72b67d6e51910a1117b3b483ba20bd"},"potentialAction":[{"@type":"SearchAction","target":{"@type":"EntryPoint","urlTemplate":"https:\/\/sandzakpress.net\/arhiva\/?s={search_term_string}"},"query-input":{"@type":"PropertyValueSpecification","valueRequired":true,"valueName":"search_term_string"}}],"inLanguage":"bs-BA"},{"@type":["Person","Organization"],"@id":"https:\/\/sandzakpress.net\/arhiva\/#\/schema\/person\/6e72b67d6e51910a1117b3b483ba20bd","name":"Kul","image":{"@type":"ImageObject","inLanguage":"bs-BA","@id":"https:\/\/sandzakpress.net\/arhiva\/#\/schema\/person\/image\/","url":"https:\/\/secure.gravatar.com\/avatar\/42263f39aa27ac04c43cab85c280eb2e?s=96&d=mm&r=pg","contentUrl":"https:\/\/secure.gravatar.com\/avatar\/42263f39aa27ac04c43cab85c280eb2e?s=96&d=mm&r=pg","caption":"Kul"},"logo":{"@id":"https:\/\/sandzakpress.net\/arhiva\/#\/schema\/person\/image\/"}},{"@type":"Person","@id":"https:\/\/sandzakpress.net\/arhiva\/#\/schema\/person\/c8baee722073534b583ea7bdb2e36c02","name":"bosniak","image":{"@type":"ImageObject","inLanguage":"bs-BA","@id":"https:\/\/sandzakpress.net\/arhiva\/#\/schema\/person\/image\/","url":"https:\/\/secure.gravatar.com\/avatar\/a04fd330bfe3a36a72a0ad4a6d89fca7?s=96&d=mm&r=pg","contentUrl":"https:\/\/secure.gravatar.com\/avatar\/a04fd330bfe3a36a72a0ad4a6d89fca7?s=96&d=mm&r=pg","caption":"bosniak"},"url":"https:\/\/sandzakpress.net\/arhiva\/author\/bosniak\/"}]}},"_links":{"self":[{"href":"https:\/\/sandzakpress.net\/arhiva\/wp-json\/wp\/v2\/posts\/118198"}],"collection":[{"href":"https:\/\/sandzakpress.net\/arhiva\/wp-json\/wp\/v2\/posts"}],"about":[{"href":"https:\/\/sandzakpress.net\/arhiva\/wp-json\/wp\/v2\/types\/post"}],"author":[{"embeddable":true,"href":"https:\/\/sandzakpress.net\/arhiva\/wp-json\/wp\/v2\/users\/83"}],"replies":[{"embeddable":true,"href":"https:\/\/sandzakpress.net\/arhiva\/wp-json\/wp\/v2\/comments?post=118198"}],"version-history":[{"count":0,"href":"https:\/\/sandzakpress.net\/arhiva\/wp-json\/wp\/v2\/posts\/118198\/revisions"}],"wp:featuredmedia":[{"embeddable":true,"href":"https:\/\/sandzakpress.net\/arhiva\/wp-json\/wp\/v2\/media\/118199"}],"wp:attachment":[{"href":"https:\/\/sandzakpress.net\/arhiva\/wp-json\/wp\/v2\/media?parent=118198"}],"wp:term":[{"taxonomy":"category","embeddable":true,"href":"https:\/\/sandzakpress.net\/arhiva\/wp-json\/wp\/v2\/categories?post=118198"},{"taxonomy":"post_tag","embeddable":true,"href":"https:\/\/sandzakpress.net\/arhiva\/wp-json\/wp\/v2\/tags?post=118198"}],"curies":[{"name":"wp","href":"https:\/\/api.w.org\/{rel}","templated":true}]}}