{"id":11817,"date":"2011-01-28T13:40:50","date_gmt":"2011-01-28T12:40:50","guid":{"rendered":"https:\/\/sandzakpress.net\/arhiva\/?p=11817"},"modified":"2011-01-28T14:48:23","modified_gmt":"2011-01-28T13:48:23","slug":"u-sandzak-autonomiji-srpska-djeca-nece-slaviti-bajram","status":"publish","type":"post","link":"https:\/\/sandzakpress.net\/arhiva\/u-sandzak-autonomiji-srpska-djeca-nece-slaviti-bajram\/","title":{"rendered":"&#8220;U Sand\u017eak AUTONOMIJI srpska djeca ne\u0107e slaviti Bajram&#8221;"},"content":{"rendered":"<p><strong><a href=\"https:\/\/sandzakpress.net\/arhiva\/wp-content\/uploads\/2011\/01\/zukorlic2.jpg\"><img loading=\"lazy\" decoding=\"async\" class=\"alignleft size-medium wp-image-11819\" title=\"zukorlic\" src=\"https:\/\/sandzakpress.net\/arhiva\/wp-content\/uploads\/2011\/01\/zukorlic2-300x225.jpg\" alt=\"\" width=\"300\" height=\"225\" \/><\/a>Sjeverni Sand\u017eak &#8211; Paralelno sa Svetosavskom akademijom u Novom Pazaru, u Me\u0161ihatu Islamske zajednice u Srbiji odr\u017eana je sino\u0107 tribina &#8220;Svetosavizacija bo\u0161nja\u010dke djece kroz sistem \u0161kolstva u Srbiji&#8221;, na kojoj je, izme\u0111u ostalih, u\u010destvovao i glavni muftija Muamer ef. Zukorli\u0107 koji je oglasio da je kraj epohe svetosavizacije bo\u0161nja\u010dke djece u sand\u017ea\u010dkim \u0161kolama.<\/strong><\/p>\n<p>Osim toga Glavni muftija poru\u010dio je da srpska djeca ne\u0107e morati da slave Bajram kada Sand\u017eak postane autonomija. Bi\u0107e im zagarantovan vjerski i nacioanlni identitet, rekao je muftija Zukorli\u0107<\/p>\n<p>&#8220;Kada bude ostvarena autonomija Sand\u017eaka garantujem srpskoj pravoslavoj djeci da ne\u0107e morati da u\u010destvuju ni u jednoj formi obilje\u017eavanja Bajrama, niti bilo kog vjerskog \u010dina, ve\u0107 \u0107e im biti zagarantovan vjerski i nacioanlni identitet u kolektivnom i individualnom smislu&#8221;, poru\u010dio je mftija Zukorli\u0107.<\/p>\n<p>On je zatra\u017eio da se prema Internacionalnom univerzitetu, \u010diji je on predsjednik, ispo\u0161tuju isti standardi kao prema novopazarskom Dr\u017eavnom univerzitetu i svim drugim univerzitetima.<\/p>\n<p>Kada je akreditacija Internacionalnog univerziteta u pitanju, on je ocijenio da je tu rije\u010d isklju\u010divo o politi\u010dkom pitanju, jer se, kako je rekao, o njegovoj opstrukciji donose isklju\u010divo politi\u010dke odluke i one se mogu pobijediti isklju\u010divo politikom.<\/p>\n<p>&#8220;Dokle Islamska zajednica ne bude jedinstvena, dok nam ne bude vra\u0107ena vakufska imovina, dok na\u0161oj deci ne bude priznato pravo u \u0161kolama, legalnost statusa Bo\u0161nja\u010dkog nacionalnog vije\u0107a i, dok se ne akredituje Internacionalni unvierzitet muftija \u0107e se baviti politikom&#8221;, poru\u010dio je Muftija, dodav\u0161i &#8220;svi\u0111alo se to nekom ili ne&#8221;.<\/p>\n<p>On je rekao da nije ta\u010dno da se \u0161kolska slava Sveti Sava obilje\u017eava u svim \u0161kolama u Srbiji ve\u0107 da jedino &#8220;jadni Romi i ponosni Bo\u0161njaci se na to tjeraju&#8221;.<\/p>\n<p>&#8220;Prema tome, da znate od ove godine vi\u0161e nikada u Sand\u017eaku ne\u0107e natjerati na ono \u0161to im ne pripada&#8221;, kazao je muftija, koji je posljednjih dana intenzivno pozivao djecu, roditelje, nastavnike i direktore \u0161kola u Sand\u017eaku na bojkot svetosavskih sve\u010danosti, smatraju\u0107i to poku\u0161ajem pokr\u0161tavanja.<\/p>\n<p>Izvor: <strong>SandzakPRESS.net<\/strong><\/p>\n","protected":false},"excerpt":{"rendered":"<p>Sjeverni Sand\u017eak &#8211; Paralelno sa Svetosavskom akademijom u Novom Pazaru, u Me\u0161ihatu Islamske zajednice u Srbiji odr\u017eana je sino\u0107 tribina &#8220;Svetosavizacija bo\u0161nja\u010dke djece kroz sistem \u0161kolstva u Srbiji&#8221;, na kojoj je, izme\u0111u ostalih, u\u010destvovao i glavni muftija Muamer ef. Zukorli\u0107 koji je oglasio da je kraj epohe svetosavizacije bo\u0161nja\u010dke djece u sand\u017ea\u010dkim \u0161kolama. Osim toga [&hellip;]<\/p>\n","protected":false},"author":83,"featured_media":11819,"comment_status":"open","ping_status":"open","sticky":false,"template":"","format":"standard","meta":{"footnotes":""},"categories":[398,800,72,397,52,327,392,396,393,395,399,394],"tags":[],"class_list":{"0":"post-11817","1":"post","2":"type-post","3":"status-publish","4":"format-standard","5":"has-post-thumbnail","7":"category-rozaje","8":"category-nacija","9":"category-novi-pazar","10":"category-berane","11":"category-sjenica","12":"category-tutin","13":"category-prijepolje_","14":"category-bijelo_polje","15":"category-priboj","16":"category-pljevlja_","17":"category-plav_","18":"category-nova-varos"},"yoast_head":"<!-- This site is optimized with the Yoast SEO Premium plugin v23.1 (Yoast SEO v24.9) - https:\/\/yoast.com\/wordpress\/plugins\/seo\/ -->\n<title>&quot;U Sand\u017eak AUTONOMIJI srpska djeca ne\u0107e slaviti Bajram&quot;<\/title>\n<meta name=\"robots\" content=\"index, follow, max-snippet:-1, max-image-preview:large, max-video-preview:-1\" \/>\n<link rel=\"canonical\" href=\"https:\/\/sandzakpress.net\/arhiva\/u-sandzak-autonomiji-srpska-djeca-nece-slaviti-bajram\/\" \/>\n<meta property=\"og:locale\" content=\"bs_BA\" \/>\n<meta property=\"og:type\" content=\"article\" \/>\n<meta property=\"og:title\" content=\"&quot;U Sand\u017eak AUTONOMIJI srpska djeca ne\u0107e slaviti Bajram&quot;\" \/>\n<meta property=\"og:description\" content=\"Sjeverni Sand\u017eak &#8211; Paralelno sa Svetosavskom akademijom u Novom Pazaru, u Me\u0161ihatu Islamske zajednice u Srbiji odr\u017eana je sino\u0107 tribina &#8220;Svetosavizacija bo\u0161nja\u010dke djece kroz sistem \u0161kolstva u Srbiji&#8221;, na kojoj je, izme\u0111u ostalih, u\u010destvovao i glavni muftija Muamer ef. Zukorli\u0107 koji je oglasio da je kraj epohe svetosavizacije bo\u0161nja\u010dke djece u sand\u017ea\u010dkim \u0161kolama. Osim toga [&hellip;]\" \/>\n<meta property=\"og:url\" content=\"https:\/\/sandzakpress.net\/arhiva\/u-sandzak-autonomiji-srpska-djeca-nece-slaviti-bajram\/\" \/>\n<meta property=\"og:site_name\" content=\"Sand\u017eak PRESS\" \/>\n<meta property=\"article:published_time\" content=\"2011-01-28T12:40:50+00:00\" \/>\n<meta property=\"article:modified_time\" content=\"2011-01-28T13:48:23+00:00\" \/>\n<meta property=\"og:image\" content=\"https:\/\/sandzakpress.net\/arhiva\/wp-content\/uploads\/2011\/01\/zukorlic2.jpg\" \/>\n\t<meta property=\"og:image:width\" content=\"616\" \/>\n\t<meta property=\"og:image:height\" content=\"462\" \/>\n\t<meta property=\"og:image:type\" content=\"image\/jpeg\" \/>\n<meta name=\"author\" content=\"bosniak\" \/>\n<meta name=\"twitter:card\" content=\"summary_large_image\" \/>\n<meta name=\"twitter:label1\" content=\"Written by\" \/>\n\t<meta name=\"twitter:data1\" content=\"bosniak\" \/>\n\t<meta name=\"twitter:label2\" content=\"Est. reading time\" \/>\n\t<meta name=\"twitter:data2\" content=\"2 minute\" \/>\n<script type=\"application\/ld+json\" class=\"yoast-schema-graph\">{\"@context\":\"https:\/\/schema.org\",\"@graph\":[{\"@type\":\"Article\",\"@id\":\"https:\/\/sandzakpress.net\/arhiva\/u-sandzak-autonomiji-srpska-djeca-nece-slaviti-bajram\/#article\",\"isPartOf\":{\"@id\":\"https:\/\/sandzakpress.net\/arhiva\/u-sandzak-autonomiji-srpska-djeca-nece-slaviti-bajram\/\"},\"author\":{\"name\":\"bosniak\",\"@id\":\"https:\/\/sandzakpress.net\/arhiva\/#\/schema\/person\/c8baee722073534b583ea7bdb2e36c02\"},\"headline\":\"&#8220;U Sand\u017eak AUTONOMIJI srpska djeca ne\u0107e slaviti Bajram&#8221;\",\"datePublished\":\"2011-01-28T12:40:50+00:00\",\"dateModified\":\"2011-01-28T13:48:23+00:00\",\"mainEntityOfPage\":{\"@id\":\"https:\/\/sandzakpress.net\/arhiva\/u-sandzak-autonomiji-srpska-djeca-nece-slaviti-bajram\/\"},\"wordCount\":369,\"commentCount\":24,\"publisher\":{\"@id\":\"https:\/\/sandzakpress.net\/arhiva\/#\/schema\/person\/6e72b67d6e51910a1117b3b483ba20bd\"},\"image\":{\"@id\":\"https:\/\/sandzakpress.net\/arhiva\/u-sandzak-autonomiji-srpska-djeca-nece-slaviti-bajram\/#primaryimage\"},\"thumbnailUrl\":\"https:\/\/sandzakpress.net\/arhiva\/wp-content\/uploads\/2011\/01\/zukorlic2.jpg\",\"articleSection\":[\"Ro\u017eaje\",\"Nacija\",\"Novi Pazar\",\"Berane\",\"Sjenica\",\"Tutin\",\"Prijepolje\",\"Bijelo Polje\",\"Priboj\",\"Pljevlja\",\"Plav\",\"Nova Varo\u0161\"],\"inLanguage\":\"bs-BA\",\"potentialAction\":[{\"@type\":\"CommentAction\",\"name\":\"Comment\",\"target\":[\"https:\/\/sandzakpress.net\/arhiva\/u-sandzak-autonomiji-srpska-djeca-nece-slaviti-bajram\/#respond\"]}]},{\"@type\":\"WebPage\",\"@id\":\"https:\/\/sandzakpress.net\/arhiva\/u-sandzak-autonomiji-srpska-djeca-nece-slaviti-bajram\/\",\"url\":\"https:\/\/sandzakpress.net\/arhiva\/u-sandzak-autonomiji-srpska-djeca-nece-slaviti-bajram\/\",\"name\":\"\\\"U Sand\u017eak AUTONOMIJI srpska djeca ne\u0107e slaviti Bajram\\\"\",\"isPartOf\":{\"@id\":\"https:\/\/sandzakpress.net\/arhiva\/#website\"},\"primaryImageOfPage\":{\"@id\":\"https:\/\/sandzakpress.net\/arhiva\/u-sandzak-autonomiji-srpska-djeca-nece-slaviti-bajram\/#primaryimage\"},\"image\":{\"@id\":\"https:\/\/sandzakpress.net\/arhiva\/u-sandzak-autonomiji-srpska-djeca-nece-slaviti-bajram\/#primaryimage\"},\"thumbnailUrl\":\"https:\/\/sandzakpress.net\/arhiva\/wp-content\/uploads\/2011\/01\/zukorlic2.jpg\",\"datePublished\":\"2011-01-28T12:40:50+00:00\",\"dateModified\":\"2011-01-28T13:48:23+00:00\",\"breadcrumb\":{\"@id\":\"https:\/\/sandzakpress.net\/arhiva\/u-sandzak-autonomiji-srpska-djeca-nece-slaviti-bajram\/#breadcrumb\"},\"inLanguage\":\"bs-BA\",\"potentialAction\":[{\"@type\":\"ReadAction\",\"target\":[\"https:\/\/sandzakpress.net\/arhiva\/u-sandzak-autonomiji-srpska-djeca-nece-slaviti-bajram\/\"]}]},{\"@type\":\"ImageObject\",\"inLanguage\":\"bs-BA\",\"@id\":\"https:\/\/sandzakpress.net\/arhiva\/u-sandzak-autonomiji-srpska-djeca-nece-slaviti-bajram\/#primaryimage\",\"url\":\"https:\/\/sandzakpress.net\/arhiva\/wp-content\/uploads\/2011\/01\/zukorlic2.jpg\",\"contentUrl\":\"https:\/\/sandzakpress.net\/arhiva\/wp-content\/uploads\/2011\/01\/zukorlic2.jpg\",\"width\":616,\"height\":462},{\"@type\":\"BreadcrumbList\",\"@id\":\"https:\/\/sandzakpress.net\/arhiva\/u-sandzak-autonomiji-srpska-djeca-nece-slaviti-bajram\/#breadcrumb\",\"itemListElement\":[{\"@type\":\"ListItem\",\"position\":1,\"name\":\"Home\",\"item\":\"https:\/\/sandzakpress.net\/arhiva\/\"},{\"@type\":\"ListItem\",\"position\":2,\"name\":\"&#8220;U Sand\u017eak AUTONOMIJI srpska djeca ne\u0107e slaviti Bajram&#8221;\"}]},{\"@type\":\"WebSite\",\"@id\":\"https:\/\/sandzakpress.net\/arhiva\/#website\",\"url\":\"https:\/\/sandzakpress.net\/arhiva\/\",\"name\":\"Sand\u017eak PRESS\",\"description\":\"Prve elektronske novine u Sand\u017eaku\",\"publisher\":{\"@id\":\"https:\/\/sandzakpress.net\/arhiva\/#\/schema\/person\/6e72b67d6e51910a1117b3b483ba20bd\"},\"potentialAction\":[{\"@type\":\"SearchAction\",\"target\":{\"@type\":\"EntryPoint\",\"urlTemplate\":\"https:\/\/sandzakpress.net\/arhiva\/?s={search_term_string}\"},\"query-input\":{\"@type\":\"PropertyValueSpecification\",\"valueRequired\":true,\"valueName\":\"search_term_string\"}}],\"inLanguage\":\"bs-BA\"},{\"@type\":[\"Person\",\"Organization\"],\"@id\":\"https:\/\/sandzakpress.net\/arhiva\/#\/schema\/person\/6e72b67d6e51910a1117b3b483ba20bd\",\"name\":\"Kul\",\"image\":{\"@type\":\"ImageObject\",\"inLanguage\":\"bs-BA\",\"@id\":\"https:\/\/sandzakpress.net\/arhiva\/#\/schema\/person\/image\/\",\"url\":\"https:\/\/secure.gravatar.com\/avatar\/42263f39aa27ac04c43cab85c280eb2e?s=96&d=mm&r=pg\",\"contentUrl\":\"https:\/\/secure.gravatar.com\/avatar\/42263f39aa27ac04c43cab85c280eb2e?s=96&d=mm&r=pg\",\"caption\":\"Kul\"},\"logo\":{\"@id\":\"https:\/\/sandzakpress.net\/arhiva\/#\/schema\/person\/image\/\"}},{\"@type\":\"Person\",\"@id\":\"https:\/\/sandzakpress.net\/arhiva\/#\/schema\/person\/c8baee722073534b583ea7bdb2e36c02\",\"name\":\"bosniak\",\"image\":{\"@type\":\"ImageObject\",\"inLanguage\":\"bs-BA\",\"@id\":\"https:\/\/sandzakpress.net\/arhiva\/#\/schema\/person\/image\/\",\"url\":\"https:\/\/secure.gravatar.com\/avatar\/a04fd330bfe3a36a72a0ad4a6d89fca7?s=96&d=mm&r=pg\",\"contentUrl\":\"https:\/\/secure.gravatar.com\/avatar\/a04fd330bfe3a36a72a0ad4a6d89fca7?s=96&d=mm&r=pg\",\"caption\":\"bosniak\"},\"url\":\"https:\/\/sandzakpress.net\/arhiva\/author\/bosniak\/\"}]}<\/script>\n<!-- \/ Yoast SEO Premium plugin. -->","yoast_head_json":{"title":"\"U Sand\u017eak AUTONOMIJI srpska djeca ne\u0107e slaviti Bajram\"","robots":{"index":"index","follow":"follow","max-snippet":"max-snippet:-1","max-image-preview":"max-image-preview:large","max-video-preview":"max-video-preview:-1"},"canonical":"https:\/\/sandzakpress.net\/arhiva\/u-sandzak-autonomiji-srpska-djeca-nece-slaviti-bajram\/","og_locale":"bs_BA","og_type":"article","og_title":"\"U Sand\u017eak AUTONOMIJI srpska djeca ne\u0107e slaviti Bajram\"","og_description":"Sjeverni Sand\u017eak &#8211; Paralelno sa Svetosavskom akademijom u Novom Pazaru, u Me\u0161ihatu Islamske zajednice u Srbiji odr\u017eana je sino\u0107 tribina &#8220;Svetosavizacija bo\u0161nja\u010dke djece kroz sistem \u0161kolstva u Srbiji&#8221;, na kojoj je, izme\u0111u ostalih, u\u010destvovao i glavni muftija Muamer ef. Zukorli\u0107 koji je oglasio da je kraj epohe svetosavizacije bo\u0161nja\u010dke djece u sand\u017ea\u010dkim \u0161kolama. Osim toga [&hellip;]","og_url":"https:\/\/sandzakpress.net\/arhiva\/u-sandzak-autonomiji-srpska-djeca-nece-slaviti-bajram\/","og_site_name":"Sand\u017eak PRESS","article_published_time":"2011-01-28T12:40:50+00:00","article_modified_time":"2011-01-28T13:48:23+00:00","og_image":[{"width":616,"height":462,"url":"https:\/\/sandzakpress.net\/arhiva\/wp-content\/uploads\/2011\/01\/zukorlic2.jpg","type":"image\/jpeg"}],"author":"bosniak","twitter_card":"summary_large_image","twitter_misc":{"Written by":"bosniak","Est. reading time":"2 minute"},"schema":{"@context":"https:\/\/schema.org","@graph":[{"@type":"Article","@id":"https:\/\/sandzakpress.net\/arhiva\/u-sandzak-autonomiji-srpska-djeca-nece-slaviti-bajram\/#article","isPartOf":{"@id":"https:\/\/sandzakpress.net\/arhiva\/u-sandzak-autonomiji-srpska-djeca-nece-slaviti-bajram\/"},"author":{"name":"bosniak","@id":"https:\/\/sandzakpress.net\/arhiva\/#\/schema\/person\/c8baee722073534b583ea7bdb2e36c02"},"headline":"&#8220;U Sand\u017eak AUTONOMIJI srpska djeca ne\u0107e slaviti Bajram&#8221;","datePublished":"2011-01-28T12:40:50+00:00","dateModified":"2011-01-28T13:48:23+00:00","mainEntityOfPage":{"@id":"https:\/\/sandzakpress.net\/arhiva\/u-sandzak-autonomiji-srpska-djeca-nece-slaviti-bajram\/"},"wordCount":369,"commentCount":24,"publisher":{"@id":"https:\/\/sandzakpress.net\/arhiva\/#\/schema\/person\/6e72b67d6e51910a1117b3b483ba20bd"},"image":{"@id":"https:\/\/sandzakpress.net\/arhiva\/u-sandzak-autonomiji-srpska-djeca-nece-slaviti-bajram\/#primaryimage"},"thumbnailUrl":"https:\/\/sandzakpress.net\/arhiva\/wp-content\/uploads\/2011\/01\/zukorlic2.jpg","articleSection":["Ro\u017eaje","Nacija","Novi Pazar","Berane","Sjenica","Tutin","Prijepolje","Bijelo Polje","Priboj","Pljevlja","Plav","Nova Varo\u0161"],"inLanguage":"bs-BA","potentialAction":[{"@type":"CommentAction","name":"Comment","target":["https:\/\/sandzakpress.net\/arhiva\/u-sandzak-autonomiji-srpska-djeca-nece-slaviti-bajram\/#respond"]}]},{"@type":"WebPage","@id":"https:\/\/sandzakpress.net\/arhiva\/u-sandzak-autonomiji-srpska-djeca-nece-slaviti-bajram\/","url":"https:\/\/sandzakpress.net\/arhiva\/u-sandzak-autonomiji-srpska-djeca-nece-slaviti-bajram\/","name":"\"U Sand\u017eak AUTONOMIJI srpska djeca ne\u0107e slaviti Bajram\"","isPartOf":{"@id":"https:\/\/sandzakpress.net\/arhiva\/#website"},"primaryImageOfPage":{"@id":"https:\/\/sandzakpress.net\/arhiva\/u-sandzak-autonomiji-srpska-djeca-nece-slaviti-bajram\/#primaryimage"},"image":{"@id":"https:\/\/sandzakpress.net\/arhiva\/u-sandzak-autonomiji-srpska-djeca-nece-slaviti-bajram\/#primaryimage"},"thumbnailUrl":"https:\/\/sandzakpress.net\/arhiva\/wp-content\/uploads\/2011\/01\/zukorlic2.jpg","datePublished":"2011-01-28T12:40:50+00:00","dateModified":"2011-01-28T13:48:23+00:00","breadcrumb":{"@id":"https:\/\/sandzakpress.net\/arhiva\/u-sandzak-autonomiji-srpska-djeca-nece-slaviti-bajram\/#breadcrumb"},"inLanguage":"bs-BA","potentialAction":[{"@type":"ReadAction","target":["https:\/\/sandzakpress.net\/arhiva\/u-sandzak-autonomiji-srpska-djeca-nece-slaviti-bajram\/"]}]},{"@type":"ImageObject","inLanguage":"bs-BA","@id":"https:\/\/sandzakpress.net\/arhiva\/u-sandzak-autonomiji-srpska-djeca-nece-slaviti-bajram\/#primaryimage","url":"https:\/\/sandzakpress.net\/arhiva\/wp-content\/uploads\/2011\/01\/zukorlic2.jpg","contentUrl":"https:\/\/sandzakpress.net\/arhiva\/wp-content\/uploads\/2011\/01\/zukorlic2.jpg","width":616,"height":462},{"@type":"BreadcrumbList","@id":"https:\/\/sandzakpress.net\/arhiva\/u-sandzak-autonomiji-srpska-djeca-nece-slaviti-bajram\/#breadcrumb","itemListElement":[{"@type":"ListItem","position":1,"name":"Home","item":"https:\/\/sandzakpress.net\/arhiva\/"},{"@type":"ListItem","position":2,"name":"&#8220;U Sand\u017eak AUTONOMIJI srpska djeca ne\u0107e slaviti Bajram&#8221;"}]},{"@type":"WebSite","@id":"https:\/\/sandzakpress.net\/arhiva\/#website","url":"https:\/\/sandzakpress.net\/arhiva\/","name":"Sand\u017eak PRESS","description":"Prve elektronske novine u Sand\u017eaku","publisher":{"@id":"https:\/\/sandzakpress.net\/arhiva\/#\/schema\/person\/6e72b67d6e51910a1117b3b483ba20bd"},"potentialAction":[{"@type":"SearchAction","target":{"@type":"EntryPoint","urlTemplate":"https:\/\/sandzakpress.net\/arhiva\/?s={search_term_string}"},"query-input":{"@type":"PropertyValueSpecification","valueRequired":true,"valueName":"search_term_string"}}],"inLanguage":"bs-BA"},{"@type":["Person","Organization"],"@id":"https:\/\/sandzakpress.net\/arhiva\/#\/schema\/person\/6e72b67d6e51910a1117b3b483ba20bd","name":"Kul","image":{"@type":"ImageObject","inLanguage":"bs-BA","@id":"https:\/\/sandzakpress.net\/arhiva\/#\/schema\/person\/image\/","url":"https:\/\/secure.gravatar.com\/avatar\/42263f39aa27ac04c43cab85c280eb2e?s=96&d=mm&r=pg","contentUrl":"https:\/\/secure.gravatar.com\/avatar\/42263f39aa27ac04c43cab85c280eb2e?s=96&d=mm&r=pg","caption":"Kul"},"logo":{"@id":"https:\/\/sandzakpress.net\/arhiva\/#\/schema\/person\/image\/"}},{"@type":"Person","@id":"https:\/\/sandzakpress.net\/arhiva\/#\/schema\/person\/c8baee722073534b583ea7bdb2e36c02","name":"bosniak","image":{"@type":"ImageObject","inLanguage":"bs-BA","@id":"https:\/\/sandzakpress.net\/arhiva\/#\/schema\/person\/image\/","url":"https:\/\/secure.gravatar.com\/avatar\/a04fd330bfe3a36a72a0ad4a6d89fca7?s=96&d=mm&r=pg","contentUrl":"https:\/\/secure.gravatar.com\/avatar\/a04fd330bfe3a36a72a0ad4a6d89fca7?s=96&d=mm&r=pg","caption":"bosniak"},"url":"https:\/\/sandzakpress.net\/arhiva\/author\/bosniak\/"}]}},"_links":{"self":[{"href":"https:\/\/sandzakpress.net\/arhiva\/wp-json\/wp\/v2\/posts\/11817"}],"collection":[{"href":"https:\/\/sandzakpress.net\/arhiva\/wp-json\/wp\/v2\/posts"}],"about":[{"href":"https:\/\/sandzakpress.net\/arhiva\/wp-json\/wp\/v2\/types\/post"}],"author":[{"embeddable":true,"href":"https:\/\/sandzakpress.net\/arhiva\/wp-json\/wp\/v2\/users\/83"}],"replies":[{"embeddable":true,"href":"https:\/\/sandzakpress.net\/arhiva\/wp-json\/wp\/v2\/comments?post=11817"}],"version-history":[{"count":0,"href":"https:\/\/sandzakpress.net\/arhiva\/wp-json\/wp\/v2\/posts\/11817\/revisions"}],"wp:featuredmedia":[{"embeddable":true,"href":"https:\/\/sandzakpress.net\/arhiva\/wp-json\/wp\/v2\/media\/11819"}],"wp:attachment":[{"href":"https:\/\/sandzakpress.net\/arhiva\/wp-json\/wp\/v2\/media?parent=11817"}],"wp:term":[{"taxonomy":"category","embeddable":true,"href":"https:\/\/sandzakpress.net\/arhiva\/wp-json\/wp\/v2\/categories?post=11817"},{"taxonomy":"post_tag","embeddable":true,"href":"https:\/\/sandzakpress.net\/arhiva\/wp-json\/wp\/v2\/tags?post=11817"}],"curies":[{"name":"wp","href":"https:\/\/api.w.org\/{rel}","templated":true}]}}