{"id":117951,"date":"2014-12-25T14:50:49","date_gmt":"2014-12-25T13:50:49","guid":{"rendered":"https:\/\/sandzakpress.net\/arhiva\/?p=117951"},"modified":"2014-12-25T14:50:49","modified_gmt":"2014-12-25T13:50:49","slug":"bilal-bosnic-optuzen-za-terorizam","status":"publish","type":"post","link":"https:\/\/sandzakpress.net\/arhiva\/bilal-bosnic-optuzen-za-terorizam\/","title":{"rendered":"Bilal Bosni\u0107 optu\u017een za terorizam"},"content":{"rendered":"<p><img decoding=\"async\" src=\"http:\/\/www.avaz.ba\/storage\/2014\/12\/25\/thumbs\/549c0162-ded8-4b1f-9823-1f74b0765237-bilal-bosnic-privodjenje-2-718x446.jpg\" alt=\"Bilal Bosni\u0107 optu\u017een za terorizam \" \/><\/p>\n<p><strong>BiH &#8211; Tu\u017eilac Posebnog odjela za organizirani kriminal, privredni kriminal i korupciju Tu\u017eila\u0161tva BiH podigao je optu\u017enicu protiv Huseina Bosni\u0107a zv. Bilal, (1972) iz Mrazovca zaselak \u0160i\u0161i\u0107i, dr\u017eavljanina BiH, saop\u0161teno je iz dr\u017eavnog Tu\u017eila\u0161tva.<\/strong><\/p>\n<p>Optu\u017eeni se tereti da je tokom 2013. i 2014. godine, kao pripadnik tzv. selefijske zajednice u BiH, organizovane na podru\u010dju Bosne i Hercegovine, van zvani\u010dnih institucija Islamske zajednice u BiH, u nekoliko gradova na podru\u010dju BiH kao \u0161to su zajednice u Velikoj Kladu\u0161i i u Gornjoj Mao\u010di, radi propagiranja i \u0161irenja islamskog radikalizma u Bosni i Hercegovini i regionu, svjesno sa pozicije vjerskog autoriteta u toj tzv. selefijskoj zajednici, javno podstrekavao druge da se priklju\u010de teroristi\u010dkim organizacijama.<\/p>\n<p>Prema navodima optu\u017enice, optu\u017eeni je javno na skupovima na kojima je okupljao pripadnike selefijske zajednice kao i putem dru\u0161tvene mre\u017ee odr\u017eavao, objavljivao svoje govore i upu\u0107ivao u istim javne poruke s ciljem podsticanja pripadnika selefijske zajednice da postanu pripadnici organizovane teroristi\u010dke grupe ISIL u tzv. Islamskoj dr\u017eavi i kao pripadnici te grupe u\u010destvuju u aktivnostima koje organizuje ta teroristi\u010dka organizacija.<\/p>\n<p>Nadalje, nakon ovakvog javnog podsticanja Huseina Bosni\u0107a, ve\u0107i broj dr\u017eavljana BiH pripadnika selefijske zajednice, napustio je BiH te se priklju\u010dio teroristi\u010dkim organizacijama ISIL-a u Siriji i Iraku koje su od strane Vije\u0107a sigurnosti UN-a progla\u0161ena kao teroristi\u010dke organizacije i grupe, te su u\u010destvovanjem u teroristi\u010dkim aktivnostima u Siriji i Iraku izvr\u0161ili radnje koje imaju obilje\u017eja nekog od krivi\u010dnih djela terorizma.<\/p>\n<p>Ve\u0107i broj osoba dr\u017eavljana BiH koji su oti\u0161li na rati\u0161te, od koji su neki kao pripadnici teroristi\u010dke organizacije i poginuli, redovno su posje\u0107ivali i prisustvovali javnim predavanjima Bosni\u0107a, ostali i dalje u\u010destvuju u aktivnostima teroristi\u010dke organizacije kojoj su pristupili i tako predstavljaju opasnost za BiH na na\u010din da se obu\u010davaju i pripremaju i za provo\u0111enje teroristi\u010dkih radnji i po povratku u BiH.<\/p>\n<p>Optu\u017eeni se tereti da je po\u010dinio krivi\u010dno djelo javno podsticanje na teroristi\u010dke aktivnosti u vezi sa krivi\u010dnim djelima vrbovanje radi teroristi\u010dkih aktivnosti i organiziranje teroristi\u010dke grupe.<\/p>\n<p>&#8211; Tu\u017eila\u0161tvo BiH, zajedno sa partnerskim agencijama u okviru Udarne grupe za borbu protiv terorizma, kao i partnerskim agencijama u drugim dr\u017eavama, predvodilo je i predvodi, te nastavlja borbu protiv terorizma i aktivnostima usmjerenim na otkrivanje i krivi\u010dno procesuiranje osoba &#8211; dr\u017eavljana BiH koji u\u010destvuju u oru\u017eanim sukobima na stranim rati\u0161tima, jer se radi o krivi\u010dnim djelima kojima se ugro\u017eava sigurnost gra\u0111ana Bosne i Hercegovine, a koja predstavljaju opasnost za globalnu sigurnost, naveli su iz dr\u017eavnog Tu\u017eila\u0161tva.<\/p>\n<p>Podsje\u0107amo, Bosni\u0107a je SIPA u akciji &#8220;Damask&#8221; uhapsila 3.septembra u porodi\u010dnoj ku\u0107i u Bu\u017eimu, a u pritvoru u Biha\u0107u nalazi se ve\u0107 vi\u0161e od tri mjeseca.<\/p>\n<p>U istoj akciju ukupno je uhap\u0161eno 15 osoba, a nekoliko dana kasnije jo\u0161 11. No svi osim Bosni\u0107a nalaze se na slobodi.<\/p>\n<p>Ina\u010de, Bosni\u0107u je danas istekao pritvor od 25 dana koji je na prijedlog dr\u017eavnog Tu\u017eila\u0161tva prihvatio Sud BiH, no &#8220;Avaz&#8221; saznaje da \u0107e Tu\u017eila\u0161tvo BiH danas zatra\u017eiti novo produ\u017eenje pritvora za optu\u017eenog Bosni\u0107a.<\/p>\n<p>(Avaz)<\/p>\n","protected":false},"excerpt":{"rendered":"<p>BiH &#8211; Tu\u017eilac Posebnog odjela za organizirani kriminal, privredni kriminal i korupciju Tu\u017eila\u0161tva BiH podigao je optu\u017enicu protiv Huseina Bosni\u0107a zv. Bilal, (1972) iz Mrazovca zaselak \u0160i\u0161i\u0107i, dr\u017eavljanina BiH, saop\u0161teno je iz dr\u017eavnog Tu\u017eila\u0161tva. Optu\u017eeni se tereti da je tokom 2013. i 2014. godine, kao pripadnik tzv. selefijske zajednice u BiH, organizovane na podru\u010dju Bosne [&hellip;]<\/p>\n","protected":false},"author":83,"featured_media":117952,"comment_status":"open","ping_status":"open","sticky":false,"template":"","format":"standard","meta":{"footnotes":""},"categories":[2860,1,798],"tags":[],"class_list":{"0":"post-117951","1":"post","2":"type-post","3":"status-publish","4":"format-standard","5":"has-post-thumbnail","7":"category-bosna-i-hercegovina-gradovi","8":"category-politika","9":"category-teme"},"yoast_head":"<!-- This site is optimized with the Yoast SEO Premium plugin v23.1 (Yoast SEO v24.9) - https:\/\/yoast.com\/wordpress\/plugins\/seo\/ -->\n<title>Bilal Bosni\u0107 optu\u017een za terorizam<\/title>\n<meta name=\"robots\" content=\"index, follow, max-snippet:-1, max-image-preview:large, max-video-preview:-1\" \/>\n<link rel=\"canonical\" href=\"https:\/\/sandzakpress.net\/arhiva\/bilal-bosnic-optuzen-za-terorizam\/\" \/>\n<meta property=\"og:locale\" content=\"bs_BA\" \/>\n<meta property=\"og:type\" content=\"article\" \/>\n<meta property=\"og:title\" content=\"Bilal Bosni\u0107 optu\u017een za terorizam\" \/>\n<meta property=\"og:description\" content=\"BiH &#8211; Tu\u017eilac Posebnog odjela za organizirani kriminal, privredni kriminal i korupciju Tu\u017eila\u0161tva BiH podigao je optu\u017enicu protiv Huseina Bosni\u0107a zv. Bilal, (1972) iz Mrazovca zaselak \u0160i\u0161i\u0107i, dr\u017eavljanina BiH, saop\u0161teno je iz dr\u017eavnog Tu\u017eila\u0161tva. Optu\u017eeni se tereti da je tokom 2013. i 2014. godine, kao pripadnik tzv. selefijske zajednice u BiH, organizovane na podru\u010dju Bosne [&hellip;]\" \/>\n<meta property=\"og:url\" content=\"https:\/\/sandzakpress.net\/arhiva\/bilal-bosnic-optuzen-za-terorizam\/\" \/>\n<meta property=\"og:site_name\" content=\"Sand\u017eak PRESS\" \/>\n<meta property=\"article:published_time\" content=\"2014-12-25T13:50:49+00:00\" \/>\n<meta property=\"og:image\" content=\"https:\/\/sandzakpress.net\/arhiva\/wp-content\/uploads\/2014\/12\/549c0162-ded8-4b1f-9823-1f74b0765237-bilal-bosnic-privodjenje-2-718x446.jpg\" \/>\n\t<meta property=\"og:image:width\" content=\"718\" \/>\n\t<meta property=\"og:image:height\" content=\"446\" \/>\n\t<meta property=\"og:image:type\" content=\"image\/jpeg\" \/>\n<meta name=\"author\" content=\"bosniak\" \/>\n<meta name=\"twitter:card\" content=\"summary_large_image\" \/>\n<meta name=\"twitter:label1\" content=\"Written by\" \/>\n\t<meta name=\"twitter:data1\" content=\"bosniak\" \/>\n\t<meta name=\"twitter:label2\" content=\"Est. reading time\" \/>\n\t<meta name=\"twitter:data2\" content=\"3 minute\" \/>\n<script type=\"application\/ld+json\" class=\"yoast-schema-graph\">{\"@context\":\"https:\/\/schema.org\",\"@graph\":[{\"@type\":\"Article\",\"@id\":\"https:\/\/sandzakpress.net\/arhiva\/bilal-bosnic-optuzen-za-terorizam\/#article\",\"isPartOf\":{\"@id\":\"https:\/\/sandzakpress.net\/arhiva\/bilal-bosnic-optuzen-za-terorizam\/\"},\"author\":{\"name\":\"bosniak\",\"@id\":\"https:\/\/sandzakpress.net\/arhiva\/#\/schema\/person\/c8baee722073534b583ea7bdb2e36c02\"},\"headline\":\"Bilal Bosni\u0107 optu\u017een za terorizam\",\"datePublished\":\"2014-12-25T13:50:49+00:00\",\"mainEntityOfPage\":{\"@id\":\"https:\/\/sandzakpress.net\/arhiva\/bilal-bosnic-optuzen-za-terorizam\/\"},\"wordCount\":575,\"commentCount\":0,\"publisher\":{\"@id\":\"https:\/\/sandzakpress.net\/arhiva\/#\/schema\/person\/6e72b67d6e51910a1117b3b483ba20bd\"},\"image\":{\"@id\":\"https:\/\/sandzakpress.net\/arhiva\/bilal-bosnic-optuzen-za-terorizam\/#primaryimage\"},\"thumbnailUrl\":\"https:\/\/sandzakpress.net\/arhiva\/wp-content\/uploads\/2014\/12\/549c0162-ded8-4b1f-9823-1f74b0765237-bilal-bosnic-privodjenje-2-718x446.jpg\",\"articleSection\":[\"Bosna i Hercegovina\",\"Politika\",\"NAJNOVIJE\"],\"inLanguage\":\"bs-BA\",\"potentialAction\":[{\"@type\":\"CommentAction\",\"name\":\"Comment\",\"target\":[\"https:\/\/sandzakpress.net\/arhiva\/bilal-bosnic-optuzen-za-terorizam\/#respond\"]}]},{\"@type\":\"WebPage\",\"@id\":\"https:\/\/sandzakpress.net\/arhiva\/bilal-bosnic-optuzen-za-terorizam\/\",\"url\":\"https:\/\/sandzakpress.net\/arhiva\/bilal-bosnic-optuzen-za-terorizam\/\",\"name\":\"Bilal Bosni\u0107 optu\u017een za terorizam\",\"isPartOf\":{\"@id\":\"https:\/\/sandzakpress.net\/arhiva\/#website\"},\"primaryImageOfPage\":{\"@id\":\"https:\/\/sandzakpress.net\/arhiva\/bilal-bosnic-optuzen-za-terorizam\/#primaryimage\"},\"image\":{\"@id\":\"https:\/\/sandzakpress.net\/arhiva\/bilal-bosnic-optuzen-za-terorizam\/#primaryimage\"},\"thumbnailUrl\":\"https:\/\/sandzakpress.net\/arhiva\/wp-content\/uploads\/2014\/12\/549c0162-ded8-4b1f-9823-1f74b0765237-bilal-bosnic-privodjenje-2-718x446.jpg\",\"datePublished\":\"2014-12-25T13:50:49+00:00\",\"breadcrumb\":{\"@id\":\"https:\/\/sandzakpress.net\/arhiva\/bilal-bosnic-optuzen-za-terorizam\/#breadcrumb\"},\"inLanguage\":\"bs-BA\",\"potentialAction\":[{\"@type\":\"ReadAction\",\"target\":[\"https:\/\/sandzakpress.net\/arhiva\/bilal-bosnic-optuzen-za-terorizam\/\"]}]},{\"@type\":\"ImageObject\",\"inLanguage\":\"bs-BA\",\"@id\":\"https:\/\/sandzakpress.net\/arhiva\/bilal-bosnic-optuzen-za-terorizam\/#primaryimage\",\"url\":\"https:\/\/sandzakpress.net\/arhiva\/wp-content\/uploads\/2014\/12\/549c0162-ded8-4b1f-9823-1f74b0765237-bilal-bosnic-privodjenje-2-718x446.jpg\",\"contentUrl\":\"https:\/\/sandzakpress.net\/arhiva\/wp-content\/uploads\/2014\/12\/549c0162-ded8-4b1f-9823-1f74b0765237-bilal-bosnic-privodjenje-2-718x446.jpg\",\"width\":718,\"height\":446},{\"@type\":\"BreadcrumbList\",\"@id\":\"https:\/\/sandzakpress.net\/arhiva\/bilal-bosnic-optuzen-za-terorizam\/#breadcrumb\",\"itemListElement\":[{\"@type\":\"ListItem\",\"position\":1,\"name\":\"Home\",\"item\":\"https:\/\/sandzakpress.net\/arhiva\/\"},{\"@type\":\"ListItem\",\"position\":2,\"name\":\"Bilal Bosni\u0107 optu\u017een za terorizam\"}]},{\"@type\":\"WebSite\",\"@id\":\"https:\/\/sandzakpress.net\/arhiva\/#website\",\"url\":\"https:\/\/sandzakpress.net\/arhiva\/\",\"name\":\"Sand\u017eak PRESS\",\"description\":\"Prve elektronske novine u Sand\u017eaku\",\"publisher\":{\"@id\":\"https:\/\/sandzakpress.net\/arhiva\/#\/schema\/person\/6e72b67d6e51910a1117b3b483ba20bd\"},\"potentialAction\":[{\"@type\":\"SearchAction\",\"target\":{\"@type\":\"EntryPoint\",\"urlTemplate\":\"https:\/\/sandzakpress.net\/arhiva\/?s={search_term_string}\"},\"query-input\":{\"@type\":\"PropertyValueSpecification\",\"valueRequired\":true,\"valueName\":\"search_term_string\"}}],\"inLanguage\":\"bs-BA\"},{\"@type\":[\"Person\",\"Organization\"],\"@id\":\"https:\/\/sandzakpress.net\/arhiva\/#\/schema\/person\/6e72b67d6e51910a1117b3b483ba20bd\",\"name\":\"Kul\",\"image\":{\"@type\":\"ImageObject\",\"inLanguage\":\"bs-BA\",\"@id\":\"https:\/\/sandzakpress.net\/arhiva\/#\/schema\/person\/image\/\",\"url\":\"https:\/\/secure.gravatar.com\/avatar\/42263f39aa27ac04c43cab85c280eb2e?s=96&d=mm&r=pg\",\"contentUrl\":\"https:\/\/secure.gravatar.com\/avatar\/42263f39aa27ac04c43cab85c280eb2e?s=96&d=mm&r=pg\",\"caption\":\"Kul\"},\"logo\":{\"@id\":\"https:\/\/sandzakpress.net\/arhiva\/#\/schema\/person\/image\/\"}},{\"@type\":\"Person\",\"@id\":\"https:\/\/sandzakpress.net\/arhiva\/#\/schema\/person\/c8baee722073534b583ea7bdb2e36c02\",\"name\":\"bosniak\",\"image\":{\"@type\":\"ImageObject\",\"inLanguage\":\"bs-BA\",\"@id\":\"https:\/\/sandzakpress.net\/arhiva\/#\/schema\/person\/image\/\",\"url\":\"https:\/\/secure.gravatar.com\/avatar\/a04fd330bfe3a36a72a0ad4a6d89fca7?s=96&d=mm&r=pg\",\"contentUrl\":\"https:\/\/secure.gravatar.com\/avatar\/a04fd330bfe3a36a72a0ad4a6d89fca7?s=96&d=mm&r=pg\",\"caption\":\"bosniak\"},\"url\":\"https:\/\/sandzakpress.net\/arhiva\/author\/bosniak\/\"}]}<\/script>\n<!-- \/ Yoast SEO Premium plugin. -->","yoast_head_json":{"title":"Bilal Bosni\u0107 optu\u017een za terorizam","robots":{"index":"index","follow":"follow","max-snippet":"max-snippet:-1","max-image-preview":"max-image-preview:large","max-video-preview":"max-video-preview:-1"},"canonical":"https:\/\/sandzakpress.net\/arhiva\/bilal-bosnic-optuzen-za-terorizam\/","og_locale":"bs_BA","og_type":"article","og_title":"Bilal Bosni\u0107 optu\u017een za terorizam","og_description":"BiH &#8211; Tu\u017eilac Posebnog odjela za organizirani kriminal, privredni kriminal i korupciju Tu\u017eila\u0161tva BiH podigao je optu\u017enicu protiv Huseina Bosni\u0107a zv. Bilal, (1972) iz Mrazovca zaselak \u0160i\u0161i\u0107i, dr\u017eavljanina BiH, saop\u0161teno je iz dr\u017eavnog Tu\u017eila\u0161tva. Optu\u017eeni se tereti da je tokom 2013. i 2014. godine, kao pripadnik tzv. selefijske zajednice u BiH, organizovane na podru\u010dju Bosne [&hellip;]","og_url":"https:\/\/sandzakpress.net\/arhiva\/bilal-bosnic-optuzen-za-terorizam\/","og_site_name":"Sand\u017eak PRESS","article_published_time":"2014-12-25T13:50:49+00:00","og_image":[{"width":718,"height":446,"url":"https:\/\/sandzakpress.net\/arhiva\/wp-content\/uploads\/2014\/12\/549c0162-ded8-4b1f-9823-1f74b0765237-bilal-bosnic-privodjenje-2-718x446.jpg","type":"image\/jpeg"}],"author":"bosniak","twitter_card":"summary_large_image","twitter_misc":{"Written by":"bosniak","Est. reading time":"3 minute"},"schema":{"@context":"https:\/\/schema.org","@graph":[{"@type":"Article","@id":"https:\/\/sandzakpress.net\/arhiva\/bilal-bosnic-optuzen-za-terorizam\/#article","isPartOf":{"@id":"https:\/\/sandzakpress.net\/arhiva\/bilal-bosnic-optuzen-za-terorizam\/"},"author":{"name":"bosniak","@id":"https:\/\/sandzakpress.net\/arhiva\/#\/schema\/person\/c8baee722073534b583ea7bdb2e36c02"},"headline":"Bilal Bosni\u0107 optu\u017een za terorizam","datePublished":"2014-12-25T13:50:49+00:00","mainEntityOfPage":{"@id":"https:\/\/sandzakpress.net\/arhiva\/bilal-bosnic-optuzen-za-terorizam\/"},"wordCount":575,"commentCount":0,"publisher":{"@id":"https:\/\/sandzakpress.net\/arhiva\/#\/schema\/person\/6e72b67d6e51910a1117b3b483ba20bd"},"image":{"@id":"https:\/\/sandzakpress.net\/arhiva\/bilal-bosnic-optuzen-za-terorizam\/#primaryimage"},"thumbnailUrl":"https:\/\/sandzakpress.net\/arhiva\/wp-content\/uploads\/2014\/12\/549c0162-ded8-4b1f-9823-1f74b0765237-bilal-bosnic-privodjenje-2-718x446.jpg","articleSection":["Bosna i Hercegovina","Politika","NAJNOVIJE"],"inLanguage":"bs-BA","potentialAction":[{"@type":"CommentAction","name":"Comment","target":["https:\/\/sandzakpress.net\/arhiva\/bilal-bosnic-optuzen-za-terorizam\/#respond"]}]},{"@type":"WebPage","@id":"https:\/\/sandzakpress.net\/arhiva\/bilal-bosnic-optuzen-za-terorizam\/","url":"https:\/\/sandzakpress.net\/arhiva\/bilal-bosnic-optuzen-za-terorizam\/","name":"Bilal Bosni\u0107 optu\u017een za terorizam","isPartOf":{"@id":"https:\/\/sandzakpress.net\/arhiva\/#website"},"primaryImageOfPage":{"@id":"https:\/\/sandzakpress.net\/arhiva\/bilal-bosnic-optuzen-za-terorizam\/#primaryimage"},"image":{"@id":"https:\/\/sandzakpress.net\/arhiva\/bilal-bosnic-optuzen-za-terorizam\/#primaryimage"},"thumbnailUrl":"https:\/\/sandzakpress.net\/arhiva\/wp-content\/uploads\/2014\/12\/549c0162-ded8-4b1f-9823-1f74b0765237-bilal-bosnic-privodjenje-2-718x446.jpg","datePublished":"2014-12-25T13:50:49+00:00","breadcrumb":{"@id":"https:\/\/sandzakpress.net\/arhiva\/bilal-bosnic-optuzen-za-terorizam\/#breadcrumb"},"inLanguage":"bs-BA","potentialAction":[{"@type":"ReadAction","target":["https:\/\/sandzakpress.net\/arhiva\/bilal-bosnic-optuzen-za-terorizam\/"]}]},{"@type":"ImageObject","inLanguage":"bs-BA","@id":"https:\/\/sandzakpress.net\/arhiva\/bilal-bosnic-optuzen-za-terorizam\/#primaryimage","url":"https:\/\/sandzakpress.net\/arhiva\/wp-content\/uploads\/2014\/12\/549c0162-ded8-4b1f-9823-1f74b0765237-bilal-bosnic-privodjenje-2-718x446.jpg","contentUrl":"https:\/\/sandzakpress.net\/arhiva\/wp-content\/uploads\/2014\/12\/549c0162-ded8-4b1f-9823-1f74b0765237-bilal-bosnic-privodjenje-2-718x446.jpg","width":718,"height":446},{"@type":"BreadcrumbList","@id":"https:\/\/sandzakpress.net\/arhiva\/bilal-bosnic-optuzen-za-terorizam\/#breadcrumb","itemListElement":[{"@type":"ListItem","position":1,"name":"Home","item":"https:\/\/sandzakpress.net\/arhiva\/"},{"@type":"ListItem","position":2,"name":"Bilal Bosni\u0107 optu\u017een za terorizam"}]},{"@type":"WebSite","@id":"https:\/\/sandzakpress.net\/arhiva\/#website","url":"https:\/\/sandzakpress.net\/arhiva\/","name":"Sand\u017eak PRESS","description":"Prve elektronske novine u Sand\u017eaku","publisher":{"@id":"https:\/\/sandzakpress.net\/arhiva\/#\/schema\/person\/6e72b67d6e51910a1117b3b483ba20bd"},"potentialAction":[{"@type":"SearchAction","target":{"@type":"EntryPoint","urlTemplate":"https:\/\/sandzakpress.net\/arhiva\/?s={search_term_string}"},"query-input":{"@type":"PropertyValueSpecification","valueRequired":true,"valueName":"search_term_string"}}],"inLanguage":"bs-BA"},{"@type":["Person","Organization"],"@id":"https:\/\/sandzakpress.net\/arhiva\/#\/schema\/person\/6e72b67d6e51910a1117b3b483ba20bd","name":"Kul","image":{"@type":"ImageObject","inLanguage":"bs-BA","@id":"https:\/\/sandzakpress.net\/arhiva\/#\/schema\/person\/image\/","url":"https:\/\/secure.gravatar.com\/avatar\/42263f39aa27ac04c43cab85c280eb2e?s=96&d=mm&r=pg","contentUrl":"https:\/\/secure.gravatar.com\/avatar\/42263f39aa27ac04c43cab85c280eb2e?s=96&d=mm&r=pg","caption":"Kul"},"logo":{"@id":"https:\/\/sandzakpress.net\/arhiva\/#\/schema\/person\/image\/"}},{"@type":"Person","@id":"https:\/\/sandzakpress.net\/arhiva\/#\/schema\/person\/c8baee722073534b583ea7bdb2e36c02","name":"bosniak","image":{"@type":"ImageObject","inLanguage":"bs-BA","@id":"https:\/\/sandzakpress.net\/arhiva\/#\/schema\/person\/image\/","url":"https:\/\/secure.gravatar.com\/avatar\/a04fd330bfe3a36a72a0ad4a6d89fca7?s=96&d=mm&r=pg","contentUrl":"https:\/\/secure.gravatar.com\/avatar\/a04fd330bfe3a36a72a0ad4a6d89fca7?s=96&d=mm&r=pg","caption":"bosniak"},"url":"https:\/\/sandzakpress.net\/arhiva\/author\/bosniak\/"}]}},"_links":{"self":[{"href":"https:\/\/sandzakpress.net\/arhiva\/wp-json\/wp\/v2\/posts\/117951"}],"collection":[{"href":"https:\/\/sandzakpress.net\/arhiva\/wp-json\/wp\/v2\/posts"}],"about":[{"href":"https:\/\/sandzakpress.net\/arhiva\/wp-json\/wp\/v2\/types\/post"}],"author":[{"embeddable":true,"href":"https:\/\/sandzakpress.net\/arhiva\/wp-json\/wp\/v2\/users\/83"}],"replies":[{"embeddable":true,"href":"https:\/\/sandzakpress.net\/arhiva\/wp-json\/wp\/v2\/comments?post=117951"}],"version-history":[{"count":0,"href":"https:\/\/sandzakpress.net\/arhiva\/wp-json\/wp\/v2\/posts\/117951\/revisions"}],"wp:featuredmedia":[{"embeddable":true,"href":"https:\/\/sandzakpress.net\/arhiva\/wp-json\/wp\/v2\/media\/117952"}],"wp:attachment":[{"href":"https:\/\/sandzakpress.net\/arhiva\/wp-json\/wp\/v2\/media?parent=117951"}],"wp:term":[{"taxonomy":"category","embeddable":true,"href":"https:\/\/sandzakpress.net\/arhiva\/wp-json\/wp\/v2\/categories?post=117951"},{"taxonomy":"post_tag","embeddable":true,"href":"https:\/\/sandzakpress.net\/arhiva\/wp-json\/wp\/v2\/tags?post=117951"}],"curies":[{"name":"wp","href":"https:\/\/api.w.org\/{rel}","templated":true}]}}