{"id":117634,"date":"2014-12-21T17:01:01","date_gmt":"2014-12-21T16:01:01","guid":{"rendered":"https:\/\/sandzakpress.net\/arhiva\/?p=117634"},"modified":"2014-12-21T17:01:01","modified_gmt":"2014-12-21T16:01:01","slug":"rozaje-vodovod-vrelo-ibra-uskoro-u-funkciji","status":"publish","type":"post","link":"https:\/\/sandzakpress.net\/arhiva\/rozaje-vodovod-vrelo-ibra-uskoro-u-funkciji\/","title":{"rendered":"Ro\u017eaje: Vodovod &#8220;Vrelo Ibra&#8221; uskoro u funkciji"},"content":{"rendered":"<p><a href=\"https:\/\/sandzakpress.net\/arhiva\/wp-content\/uploads\/2014\/12\/10881876_573435609467030_9214598852644417265_n.jpg\"><img loading=\"lazy\" decoding=\"async\" class=\"aligncenter size-full wp-image-117635\" src=\"https:\/\/sandzakpress.net\/arhiva\/wp-content\/uploads\/2014\/12\/10881876_573435609467030_9214598852644417265_n.jpg\" alt=\"10881876_573435609467030_9214598852644417265_n\" width=\"616\" height=\"411\" \/><\/a><\/p>\n<p><strong>Ro\u017eaje &#8211;\u00a0Komisija za tehni\u010dki prijem koju je predstavljao prof. dr. Goran Sekulovi\u0107 izvr\u0161ila je pregled izvedenih radova na ro\u017eajskom rekonstruisanom gradskom vodovodu \u201eVrelo Ibra\u201d, i ocijenila da je objekat u koji je ulo\u017eeno oko 2,5 miliona eura, spreman za upotrebu.<\/strong><\/p>\n<p>Prema rije\u010dima direktora Direkcije za izgradnju i investicije Mirsada D\u017eud\u017eevi\u0107a, komisija je ju\u010der obi\u0161la tras<span class=\"text_exposed_show\">u dugu 7,6 kilometara i rezervoar zapremine 2.000 kubika i dala zeleno svjetlo na kvalitet izvedenih radova.<\/span><\/p>\n<p><span class=\"text_exposed_show\">\u2013 Rekonstrukcija vodovoda zapo\u010deta je pro\u0161le godine, a izvo\u0111a\u010d radova bila je firma PNP \u201ePero\u0161evi\u0107\u201d iz Bijelog Polja. Nadzor je vr\u0161ila beogradska firma \u201eBiohidro\u201d. U okviru rekonstrukcije zamijenjene su cijevi i izgra\u0111en novi rezervoar sa najsavremenijim postrojenjem za hlorisanje vode. Nakon \u0161to je nadle\u017ena komisija konstatovala da je posao na objektu izveden kvalitetno, stekli su se uslovi da se vodovod stavi u funkciju \u2013 rekao je D\u017eud\u017eevi\u0107, koji je podsjetio da je rije\u010d o kapitalnom objektu za ro\u017eajsku op\u0161tinu i da je njegovim zavr\u0161etkom rije\u0161eno primarno snabdijevanje gra\u0111ana kvalitetnom pija\u0107om vodom.<\/span><\/p>\n<p><span class=\"text_exposed_show\">Najsavremenije cijevi za ro\u017eajski vodovod, vrijedne 1,2 miliona eura donirala je turska razvojna orgnizacija \u201eTika\u201d. Novac za izvo\u0111enje radova, nabavku opreme i druge tro\u0161kove, Op\u0161tina je obezbijedila kreditnim zadu\u017eenjem. D\u017eud\u017eevi\u0107 je kazao da \u0107e vodovod sve\u010dano biti pu\u0161ten u rad tokom naredne sedmice, te da \u0107e sve\u010danosti prisustvovati najvi\u0161i predstavnici Vlade Crne Gore, Ministarstva poljoprivrede, Direkcije javnih radva i predstavnika \u201eTike\u201d.<\/span><\/p>\n<p>(Ro\u017eajeFreePress)<\/p>\n","protected":false},"excerpt":{"rendered":"<p>Ro\u017eaje &#8211;\u00a0Komisija za tehni\u010dki prijem koju je predstavljao prof. dr. Goran Sekulovi\u0107 izvr\u0161ila je pregled izvedenih radova na ro\u017eajskom rekonstruisanom gradskom vodovodu \u201eVrelo Ibra\u201d, i ocijenila da je objekat u koji je ulo\u017eeno oko 2,5 miliona eura, spreman za upotrebu. Prema rije\u010dima direktora Direkcije za izgradnju i investicije Mirsada D\u017eud\u017eevi\u0107a, komisija je ju\u010der obi\u0161la trasu [&hellip;]<\/p>\n","protected":false},"author":83,"featured_media":117635,"comment_status":"open","ping_status":"open","sticky":false,"template":"","format":"standard","meta":{"footnotes":""},"categories":[398,3,8957,798],"tags":[],"class_list":{"0":"post-117634","1":"post","2":"type-post","3":"status-publish","4":"format-standard","5":"has-post-thumbnail","7":"category-rozaje","8":"category-privreda","9":"category-vijesti-dana","10":"category-teme"},"yoast_head":"<!-- This site is optimized with the Yoast SEO Premium plugin v23.1 (Yoast SEO v24.9) - https:\/\/yoast.com\/wordpress\/plugins\/seo\/ -->\n<title>Ro\u017eaje: Vodovod &quot;Vrelo Ibra&quot; uskoro u funkciji<\/title>\n<meta name=\"robots\" content=\"index, follow, max-snippet:-1, max-image-preview:large, max-video-preview:-1\" \/>\n<link rel=\"canonical\" href=\"https:\/\/sandzakpress.net\/arhiva\/rozaje-vodovod-vrelo-ibra-uskoro-u-funkciji\/\" \/>\n<meta property=\"og:locale\" content=\"bs_BA\" \/>\n<meta property=\"og:type\" content=\"article\" \/>\n<meta property=\"og:title\" content=\"Ro\u017eaje: Vodovod &quot;Vrelo Ibra&quot; uskoro u funkciji\" \/>\n<meta property=\"og:description\" content=\"Ro\u017eaje &#8211;\u00a0Komisija za tehni\u010dki prijem koju je predstavljao prof. dr. Goran Sekulovi\u0107 izvr\u0161ila je pregled izvedenih radova na ro\u017eajskom rekonstruisanom gradskom vodovodu \u201eVrelo Ibra\u201d, i ocijenila da je objekat u koji je ulo\u017eeno oko 2,5 miliona eura, spreman za upotrebu. Prema rije\u010dima direktora Direkcije za izgradnju i investicije Mirsada D\u017eud\u017eevi\u0107a, komisija je ju\u010der obi\u0161la trasu [&hellip;]\" \/>\n<meta property=\"og:url\" content=\"https:\/\/sandzakpress.net\/arhiva\/rozaje-vodovod-vrelo-ibra-uskoro-u-funkciji\/\" \/>\n<meta property=\"og:site_name\" content=\"Sand\u017eak PRESS\" \/>\n<meta property=\"article:published_time\" content=\"2014-12-21T16:01:01+00:00\" \/>\n<meta property=\"og:image\" content=\"https:\/\/sandzakpress.net\/arhiva\/wp-content\/uploads\/2014\/12\/10881876_573435609467030_9214598852644417265_n.jpg\" \/>\n\t<meta property=\"og:image:width\" content=\"616\" \/>\n\t<meta property=\"og:image:height\" content=\"411\" \/>\n\t<meta property=\"og:image:type\" content=\"image\/jpeg\" \/>\n<meta name=\"author\" content=\"bosniak\" \/>\n<meta name=\"twitter:card\" content=\"summary_large_image\" \/>\n<meta name=\"twitter:label1\" content=\"Written by\" \/>\n\t<meta name=\"twitter:data1\" content=\"bosniak\" \/>\n\t<meta name=\"twitter:label2\" content=\"Est. reading time\" \/>\n\t<meta name=\"twitter:data2\" content=\"1 minuta\" \/>\n<script type=\"application\/ld+json\" class=\"yoast-schema-graph\">{\"@context\":\"https:\/\/schema.org\",\"@graph\":[{\"@type\":\"Article\",\"@id\":\"https:\/\/sandzakpress.net\/arhiva\/rozaje-vodovod-vrelo-ibra-uskoro-u-funkciji\/#article\",\"isPartOf\":{\"@id\":\"https:\/\/sandzakpress.net\/arhiva\/rozaje-vodovod-vrelo-ibra-uskoro-u-funkciji\/\"},\"author\":{\"name\":\"bosniak\",\"@id\":\"https:\/\/sandzakpress.net\/arhiva\/#\/schema\/person\/c8baee722073534b583ea7bdb2e36c02\"},\"headline\":\"Ro\u017eaje: Vodovod &#8220;Vrelo Ibra&#8221; uskoro u funkciji\",\"datePublished\":\"2014-12-21T16:01:01+00:00\",\"mainEntityOfPage\":{\"@id\":\"https:\/\/sandzakpress.net\/arhiva\/rozaje-vodovod-vrelo-ibra-uskoro-u-funkciji\/\"},\"wordCount\":265,\"commentCount\":6,\"publisher\":{\"@id\":\"https:\/\/sandzakpress.net\/arhiva\/#\/schema\/person\/6e72b67d6e51910a1117b3b483ba20bd\"},\"image\":{\"@id\":\"https:\/\/sandzakpress.net\/arhiva\/rozaje-vodovod-vrelo-ibra-uskoro-u-funkciji\/#primaryimage\"},\"thumbnailUrl\":\"https:\/\/sandzakpress.net\/arhiva\/wp-content\/uploads\/2014\/12\/10881876_573435609467030_9214598852644417265_n.jpg\",\"articleSection\":[\"Ro\u017eaje\",\"Privreda\",\"VIJESTI DANA\",\"NAJNOVIJE\"],\"inLanguage\":\"bs-BA\",\"potentialAction\":[{\"@type\":\"CommentAction\",\"name\":\"Comment\",\"target\":[\"https:\/\/sandzakpress.net\/arhiva\/rozaje-vodovod-vrelo-ibra-uskoro-u-funkciji\/#respond\"]}]},{\"@type\":\"WebPage\",\"@id\":\"https:\/\/sandzakpress.net\/arhiva\/rozaje-vodovod-vrelo-ibra-uskoro-u-funkciji\/\",\"url\":\"https:\/\/sandzakpress.net\/arhiva\/rozaje-vodovod-vrelo-ibra-uskoro-u-funkciji\/\",\"name\":\"Ro\u017eaje: Vodovod \\\"Vrelo Ibra\\\" uskoro u funkciji\",\"isPartOf\":{\"@id\":\"https:\/\/sandzakpress.net\/arhiva\/#website\"},\"primaryImageOfPage\":{\"@id\":\"https:\/\/sandzakpress.net\/arhiva\/rozaje-vodovod-vrelo-ibra-uskoro-u-funkciji\/#primaryimage\"},\"image\":{\"@id\":\"https:\/\/sandzakpress.net\/arhiva\/rozaje-vodovod-vrelo-ibra-uskoro-u-funkciji\/#primaryimage\"},\"thumbnailUrl\":\"https:\/\/sandzakpress.net\/arhiva\/wp-content\/uploads\/2014\/12\/10881876_573435609467030_9214598852644417265_n.jpg\",\"datePublished\":\"2014-12-21T16:01:01+00:00\",\"breadcrumb\":{\"@id\":\"https:\/\/sandzakpress.net\/arhiva\/rozaje-vodovod-vrelo-ibra-uskoro-u-funkciji\/#breadcrumb\"},\"inLanguage\":\"bs-BA\",\"potentialAction\":[{\"@type\":\"ReadAction\",\"target\":[\"https:\/\/sandzakpress.net\/arhiva\/rozaje-vodovod-vrelo-ibra-uskoro-u-funkciji\/\"]}]},{\"@type\":\"ImageObject\",\"inLanguage\":\"bs-BA\",\"@id\":\"https:\/\/sandzakpress.net\/arhiva\/rozaje-vodovod-vrelo-ibra-uskoro-u-funkciji\/#primaryimage\",\"url\":\"https:\/\/sandzakpress.net\/arhiva\/wp-content\/uploads\/2014\/12\/10881876_573435609467030_9214598852644417265_n.jpg\",\"contentUrl\":\"https:\/\/sandzakpress.net\/arhiva\/wp-content\/uploads\/2014\/12\/10881876_573435609467030_9214598852644417265_n.jpg\",\"width\":616,\"height\":411},{\"@type\":\"BreadcrumbList\",\"@id\":\"https:\/\/sandzakpress.net\/arhiva\/rozaje-vodovod-vrelo-ibra-uskoro-u-funkciji\/#breadcrumb\",\"itemListElement\":[{\"@type\":\"ListItem\",\"position\":1,\"name\":\"Home\",\"item\":\"https:\/\/sandzakpress.net\/arhiva\/\"},{\"@type\":\"ListItem\",\"position\":2,\"name\":\"Ro\u017eaje: Vodovod &#8220;Vrelo Ibra&#8221; uskoro u funkciji\"}]},{\"@type\":\"WebSite\",\"@id\":\"https:\/\/sandzakpress.net\/arhiva\/#website\",\"url\":\"https:\/\/sandzakpress.net\/arhiva\/\",\"name\":\"Sand\u017eak PRESS\",\"description\":\"Prve elektronske novine u Sand\u017eaku\",\"publisher\":{\"@id\":\"https:\/\/sandzakpress.net\/arhiva\/#\/schema\/person\/6e72b67d6e51910a1117b3b483ba20bd\"},\"potentialAction\":[{\"@type\":\"SearchAction\",\"target\":{\"@type\":\"EntryPoint\",\"urlTemplate\":\"https:\/\/sandzakpress.net\/arhiva\/?s={search_term_string}\"},\"query-input\":{\"@type\":\"PropertyValueSpecification\",\"valueRequired\":true,\"valueName\":\"search_term_string\"}}],\"inLanguage\":\"bs-BA\"},{\"@type\":[\"Person\",\"Organization\"],\"@id\":\"https:\/\/sandzakpress.net\/arhiva\/#\/schema\/person\/6e72b67d6e51910a1117b3b483ba20bd\",\"name\":\"Kul\",\"image\":{\"@type\":\"ImageObject\",\"inLanguage\":\"bs-BA\",\"@id\":\"https:\/\/sandzakpress.net\/arhiva\/#\/schema\/person\/image\/\",\"url\":\"https:\/\/secure.gravatar.com\/avatar\/42263f39aa27ac04c43cab85c280eb2e?s=96&d=mm&r=pg\",\"contentUrl\":\"https:\/\/secure.gravatar.com\/avatar\/42263f39aa27ac04c43cab85c280eb2e?s=96&d=mm&r=pg\",\"caption\":\"Kul\"},\"logo\":{\"@id\":\"https:\/\/sandzakpress.net\/arhiva\/#\/schema\/person\/image\/\"}},{\"@type\":\"Person\",\"@id\":\"https:\/\/sandzakpress.net\/arhiva\/#\/schema\/person\/c8baee722073534b583ea7bdb2e36c02\",\"name\":\"bosniak\",\"image\":{\"@type\":\"ImageObject\",\"inLanguage\":\"bs-BA\",\"@id\":\"https:\/\/sandzakpress.net\/arhiva\/#\/schema\/person\/image\/\",\"url\":\"https:\/\/secure.gravatar.com\/avatar\/a04fd330bfe3a36a72a0ad4a6d89fca7?s=96&d=mm&r=pg\",\"contentUrl\":\"https:\/\/secure.gravatar.com\/avatar\/a04fd330bfe3a36a72a0ad4a6d89fca7?s=96&d=mm&r=pg\",\"caption\":\"bosniak\"},\"url\":\"https:\/\/sandzakpress.net\/arhiva\/author\/bosniak\/\"}]}<\/script>\n<!-- \/ Yoast SEO Premium plugin. -->","yoast_head_json":{"title":"Ro\u017eaje: Vodovod \"Vrelo Ibra\" uskoro u funkciji","robots":{"index":"index","follow":"follow","max-snippet":"max-snippet:-1","max-image-preview":"max-image-preview:large","max-video-preview":"max-video-preview:-1"},"canonical":"https:\/\/sandzakpress.net\/arhiva\/rozaje-vodovod-vrelo-ibra-uskoro-u-funkciji\/","og_locale":"bs_BA","og_type":"article","og_title":"Ro\u017eaje: Vodovod \"Vrelo Ibra\" uskoro u funkciji","og_description":"Ro\u017eaje &#8211;\u00a0Komisija za tehni\u010dki prijem koju je predstavljao prof. dr. Goran Sekulovi\u0107 izvr\u0161ila je pregled izvedenih radova na ro\u017eajskom rekonstruisanom gradskom vodovodu \u201eVrelo Ibra\u201d, i ocijenila da je objekat u koji je ulo\u017eeno oko 2,5 miliona eura, spreman za upotrebu. Prema rije\u010dima direktora Direkcije za izgradnju i investicije Mirsada D\u017eud\u017eevi\u0107a, komisija je ju\u010der obi\u0161la trasu [&hellip;]","og_url":"https:\/\/sandzakpress.net\/arhiva\/rozaje-vodovod-vrelo-ibra-uskoro-u-funkciji\/","og_site_name":"Sand\u017eak PRESS","article_published_time":"2014-12-21T16:01:01+00:00","og_image":[{"width":616,"height":411,"url":"https:\/\/sandzakpress.net\/arhiva\/wp-content\/uploads\/2014\/12\/10881876_573435609467030_9214598852644417265_n.jpg","type":"image\/jpeg"}],"author":"bosniak","twitter_card":"summary_large_image","twitter_misc":{"Written by":"bosniak","Est. reading time":"1 minuta"},"schema":{"@context":"https:\/\/schema.org","@graph":[{"@type":"Article","@id":"https:\/\/sandzakpress.net\/arhiva\/rozaje-vodovod-vrelo-ibra-uskoro-u-funkciji\/#article","isPartOf":{"@id":"https:\/\/sandzakpress.net\/arhiva\/rozaje-vodovod-vrelo-ibra-uskoro-u-funkciji\/"},"author":{"name":"bosniak","@id":"https:\/\/sandzakpress.net\/arhiva\/#\/schema\/person\/c8baee722073534b583ea7bdb2e36c02"},"headline":"Ro\u017eaje: Vodovod &#8220;Vrelo Ibra&#8221; uskoro u funkciji","datePublished":"2014-12-21T16:01:01+00:00","mainEntityOfPage":{"@id":"https:\/\/sandzakpress.net\/arhiva\/rozaje-vodovod-vrelo-ibra-uskoro-u-funkciji\/"},"wordCount":265,"commentCount":6,"publisher":{"@id":"https:\/\/sandzakpress.net\/arhiva\/#\/schema\/person\/6e72b67d6e51910a1117b3b483ba20bd"},"image":{"@id":"https:\/\/sandzakpress.net\/arhiva\/rozaje-vodovod-vrelo-ibra-uskoro-u-funkciji\/#primaryimage"},"thumbnailUrl":"https:\/\/sandzakpress.net\/arhiva\/wp-content\/uploads\/2014\/12\/10881876_573435609467030_9214598852644417265_n.jpg","articleSection":["Ro\u017eaje","Privreda","VIJESTI DANA","NAJNOVIJE"],"inLanguage":"bs-BA","potentialAction":[{"@type":"CommentAction","name":"Comment","target":["https:\/\/sandzakpress.net\/arhiva\/rozaje-vodovod-vrelo-ibra-uskoro-u-funkciji\/#respond"]}]},{"@type":"WebPage","@id":"https:\/\/sandzakpress.net\/arhiva\/rozaje-vodovod-vrelo-ibra-uskoro-u-funkciji\/","url":"https:\/\/sandzakpress.net\/arhiva\/rozaje-vodovod-vrelo-ibra-uskoro-u-funkciji\/","name":"Ro\u017eaje: Vodovod \"Vrelo Ibra\" uskoro u funkciji","isPartOf":{"@id":"https:\/\/sandzakpress.net\/arhiva\/#website"},"primaryImageOfPage":{"@id":"https:\/\/sandzakpress.net\/arhiva\/rozaje-vodovod-vrelo-ibra-uskoro-u-funkciji\/#primaryimage"},"image":{"@id":"https:\/\/sandzakpress.net\/arhiva\/rozaje-vodovod-vrelo-ibra-uskoro-u-funkciji\/#primaryimage"},"thumbnailUrl":"https:\/\/sandzakpress.net\/arhiva\/wp-content\/uploads\/2014\/12\/10881876_573435609467030_9214598852644417265_n.jpg","datePublished":"2014-12-21T16:01:01+00:00","breadcrumb":{"@id":"https:\/\/sandzakpress.net\/arhiva\/rozaje-vodovod-vrelo-ibra-uskoro-u-funkciji\/#breadcrumb"},"inLanguage":"bs-BA","potentialAction":[{"@type":"ReadAction","target":["https:\/\/sandzakpress.net\/arhiva\/rozaje-vodovod-vrelo-ibra-uskoro-u-funkciji\/"]}]},{"@type":"ImageObject","inLanguage":"bs-BA","@id":"https:\/\/sandzakpress.net\/arhiva\/rozaje-vodovod-vrelo-ibra-uskoro-u-funkciji\/#primaryimage","url":"https:\/\/sandzakpress.net\/arhiva\/wp-content\/uploads\/2014\/12\/10881876_573435609467030_9214598852644417265_n.jpg","contentUrl":"https:\/\/sandzakpress.net\/arhiva\/wp-content\/uploads\/2014\/12\/10881876_573435609467030_9214598852644417265_n.jpg","width":616,"height":411},{"@type":"BreadcrumbList","@id":"https:\/\/sandzakpress.net\/arhiva\/rozaje-vodovod-vrelo-ibra-uskoro-u-funkciji\/#breadcrumb","itemListElement":[{"@type":"ListItem","position":1,"name":"Home","item":"https:\/\/sandzakpress.net\/arhiva\/"},{"@type":"ListItem","position":2,"name":"Ro\u017eaje: Vodovod &#8220;Vrelo Ibra&#8221; uskoro u funkciji"}]},{"@type":"WebSite","@id":"https:\/\/sandzakpress.net\/arhiva\/#website","url":"https:\/\/sandzakpress.net\/arhiva\/","name":"Sand\u017eak PRESS","description":"Prve elektronske novine u Sand\u017eaku","publisher":{"@id":"https:\/\/sandzakpress.net\/arhiva\/#\/schema\/person\/6e72b67d6e51910a1117b3b483ba20bd"},"potentialAction":[{"@type":"SearchAction","target":{"@type":"EntryPoint","urlTemplate":"https:\/\/sandzakpress.net\/arhiva\/?s={search_term_string}"},"query-input":{"@type":"PropertyValueSpecification","valueRequired":true,"valueName":"search_term_string"}}],"inLanguage":"bs-BA"},{"@type":["Person","Organization"],"@id":"https:\/\/sandzakpress.net\/arhiva\/#\/schema\/person\/6e72b67d6e51910a1117b3b483ba20bd","name":"Kul","image":{"@type":"ImageObject","inLanguage":"bs-BA","@id":"https:\/\/sandzakpress.net\/arhiva\/#\/schema\/person\/image\/","url":"https:\/\/secure.gravatar.com\/avatar\/42263f39aa27ac04c43cab85c280eb2e?s=96&d=mm&r=pg","contentUrl":"https:\/\/secure.gravatar.com\/avatar\/42263f39aa27ac04c43cab85c280eb2e?s=96&d=mm&r=pg","caption":"Kul"},"logo":{"@id":"https:\/\/sandzakpress.net\/arhiva\/#\/schema\/person\/image\/"}},{"@type":"Person","@id":"https:\/\/sandzakpress.net\/arhiva\/#\/schema\/person\/c8baee722073534b583ea7bdb2e36c02","name":"bosniak","image":{"@type":"ImageObject","inLanguage":"bs-BA","@id":"https:\/\/sandzakpress.net\/arhiva\/#\/schema\/person\/image\/","url":"https:\/\/secure.gravatar.com\/avatar\/a04fd330bfe3a36a72a0ad4a6d89fca7?s=96&d=mm&r=pg","contentUrl":"https:\/\/secure.gravatar.com\/avatar\/a04fd330bfe3a36a72a0ad4a6d89fca7?s=96&d=mm&r=pg","caption":"bosniak"},"url":"https:\/\/sandzakpress.net\/arhiva\/author\/bosniak\/"}]}},"_links":{"self":[{"href":"https:\/\/sandzakpress.net\/arhiva\/wp-json\/wp\/v2\/posts\/117634"}],"collection":[{"href":"https:\/\/sandzakpress.net\/arhiva\/wp-json\/wp\/v2\/posts"}],"about":[{"href":"https:\/\/sandzakpress.net\/arhiva\/wp-json\/wp\/v2\/types\/post"}],"author":[{"embeddable":true,"href":"https:\/\/sandzakpress.net\/arhiva\/wp-json\/wp\/v2\/users\/83"}],"replies":[{"embeddable":true,"href":"https:\/\/sandzakpress.net\/arhiva\/wp-json\/wp\/v2\/comments?post=117634"}],"version-history":[{"count":0,"href":"https:\/\/sandzakpress.net\/arhiva\/wp-json\/wp\/v2\/posts\/117634\/revisions"}],"wp:featuredmedia":[{"embeddable":true,"href":"https:\/\/sandzakpress.net\/arhiva\/wp-json\/wp\/v2\/media\/117635"}],"wp:attachment":[{"href":"https:\/\/sandzakpress.net\/arhiva\/wp-json\/wp\/v2\/media?parent=117634"}],"wp:term":[{"taxonomy":"category","embeddable":true,"href":"https:\/\/sandzakpress.net\/arhiva\/wp-json\/wp\/v2\/categories?post=117634"},{"taxonomy":"post_tag","embeddable":true,"href":"https:\/\/sandzakpress.net\/arhiva\/wp-json\/wp\/v2\/tags?post=117634"}],"curies":[{"name":"wp","href":"https:\/\/api.w.org\/{rel}","templated":true}]}}