{"id":117512,"date":"2014-12-19T14:55:24","date_gmt":"2014-12-19T13:55:24","guid":{"rendered":"https:\/\/sandzakpress.net\/arhiva\/?p=117512"},"modified":"2014-12-19T14:55:51","modified_gmt":"2014-12-19T13:55:51","slug":"poslanik-damir-sehovic-trazi-vise-novca-za-gusinje-i-petnjicu","status":"publish","type":"post","link":"https:\/\/sandzakpress.net\/arhiva\/poslanik-damir-sehovic-trazi-vise-novca-za-gusinje-i-petnjicu\/","title":{"rendered":"Poslanik Damir \u0160ehovic tra\u017ei vi\u0161e novca za Gusinje i Petnjicu"},"content":{"rendered":"<p><img decoding=\"async\" src=\"https:\/\/sandzakpress.net\/arhiva\/wp-content\/uploads\/2011\/07\/2994399590062955329tPOfoU_ph.jpg\" alt=\"\" \/><\/p>\n<p><strong>Gusinje &#8211; Poslanik SDP-a Damir \u0160ehovic predao je u skup\u0161tinsku proceduru dopune zakona o finansiranju lokalne samouprave kojima predla\u017ee da novoosnovane op\u0161tine Petnjica i Gusinje dobiju pravo da koriste novac iz Egalizacionog fonda.<\/strong><\/p>\n<p>\u0160ehovic je za &#8220;Vijesti\u201d kazao da usvajanjem rje\u0161enja koje predla\u017ee te dvije op\u0161tine sticu pravo da koriste novac iz Egalizacionog fonda od naredne godine \u0161to je posebno va\u017eno za njihovo nesmetano funkcionisanje.<\/p>\n<p>&#8220;Te dvije op\u0161tine su nastale izdvajanjem iz op\u0161tina Berane i Plav koje su od pocetka uspostavljanja fonda njegovi korisnici. Po\u0161to do sada pitanje prava kori\u0161cenja novca iz fonda za novoosnovane op\u0161tine nije rije\u0161eno (\u0161to je nepravedno prema njima) predlo\u017eio sam dopunu zakona. To rje\u0161enje bi bilo privremeno, jer je revidiranje zakona o finansiranju lokalne samouprave u planu za narednu godinu. Privremeno rje\u0161enje znacilo bi da se dvije najmlade op\u0161tine stavljaju u ravnopravan polo\u017eaj sa ostalim op\u0161tinama\u201d- objasnio je \u0160ehovic.<\/p>\n<p>(plav-gusinje)<\/p>\n","protected":false},"excerpt":{"rendered":"<p>Gusinje &#8211; Poslanik SDP-a Damir \u0160ehovic predao je u skup\u0161tinsku proceduru dopune zakona o finansiranju lokalne samouprave kojima predla\u017ee da novoosnovane op\u0161tine Petnjica i Gusinje dobiju pravo da koriste novac iz Egalizacionog fonda. \u0160ehovic je za &#8220;Vijesti\u201d kazao da usvajanjem rje\u0161enja koje predla\u017ee te dvije op\u0161tine sticu pravo da koriste novac iz Egalizacionog fonda od [&hellip;]<\/p>\n","protected":false},"author":83,"featured_media":17980,"comment_status":"open","ping_status":"open","sticky":false,"template":"","format":"standard","meta":{"footnotes":""},"categories":[1,10174,399,10173,798],"tags":[],"class_list":{"0":"post-117512","1":"post","2":"type-post","3":"status-publish","4":"format-standard","5":"has-post-thumbnail","7":"category-politika","8":"category-petnjica-vase-vijesti","9":"category-plav_","10":"category-gusinje-vase-vijesti","11":"category-teme"},"yoast_head":"<!-- This site is optimized with the Yoast SEO Premium plugin v23.1 (Yoast SEO v24.9) - https:\/\/yoast.com\/wordpress\/plugins\/seo\/ -->\n<title>Poslanik Damir \u0160ehovic tra\u017ei vi\u0161e novca za Gusinje i Petnjicu<\/title>\n<meta name=\"robots\" content=\"index, follow, max-snippet:-1, max-image-preview:large, max-video-preview:-1\" \/>\n<link rel=\"canonical\" href=\"https:\/\/sandzakpress.net\/arhiva\/poslanik-damir-sehovic-trazi-vise-novca-za-gusinje-i-petnjicu\/\" \/>\n<meta property=\"og:locale\" content=\"bs_BA\" \/>\n<meta property=\"og:type\" content=\"article\" \/>\n<meta property=\"og:title\" content=\"Poslanik Damir \u0160ehovic tra\u017ei vi\u0161e novca za Gusinje i Petnjicu\" \/>\n<meta property=\"og:description\" content=\"Gusinje &#8211; Poslanik SDP-a Damir \u0160ehovic predao je u skup\u0161tinsku proceduru dopune zakona o finansiranju lokalne samouprave kojima predla\u017ee da novoosnovane op\u0161tine Petnjica i Gusinje dobiju pravo da koriste novac iz Egalizacionog fonda. \u0160ehovic je za &#8220;Vijesti\u201d kazao da usvajanjem rje\u0161enja koje predla\u017ee te dvije op\u0161tine sticu pravo da koriste novac iz Egalizacionog fonda od [&hellip;]\" \/>\n<meta property=\"og:url\" content=\"https:\/\/sandzakpress.net\/arhiva\/poslanik-damir-sehovic-trazi-vise-novca-za-gusinje-i-petnjicu\/\" \/>\n<meta property=\"og:site_name\" content=\"Sand\u017eak PRESS\" \/>\n<meta property=\"article:published_time\" content=\"2014-12-19T13:55:24+00:00\" \/>\n<meta property=\"article:modified_time\" content=\"2014-12-19T13:55:51+00:00\" \/>\n<meta property=\"og:image\" content=\"https:\/\/sandzakpress.net\/arhiva\/wp-content\/uploads\/2011\/07\/2994399590062955329tPOfoU_ph.jpg\" \/>\n\t<meta property=\"og:image:width\" content=\"616\" \/>\n\t<meta property=\"og:image:height\" content=\"341\" \/>\n\t<meta property=\"og:image:type\" content=\"image\/jpeg\" \/>\n<meta name=\"author\" content=\"bosniak\" \/>\n<meta name=\"twitter:card\" content=\"summary_large_image\" \/>\n<meta name=\"twitter:label1\" content=\"Written by\" \/>\n\t<meta name=\"twitter:data1\" content=\"bosniak\" \/>\n\t<meta name=\"twitter:label2\" content=\"Est. reading time\" \/>\n\t<meta name=\"twitter:data2\" content=\"1 minuta\" \/>\n<script type=\"application\/ld+json\" class=\"yoast-schema-graph\">{\"@context\":\"https:\/\/schema.org\",\"@graph\":[{\"@type\":\"Article\",\"@id\":\"https:\/\/sandzakpress.net\/arhiva\/poslanik-damir-sehovic-trazi-vise-novca-za-gusinje-i-petnjicu\/#article\",\"isPartOf\":{\"@id\":\"https:\/\/sandzakpress.net\/arhiva\/poslanik-damir-sehovic-trazi-vise-novca-za-gusinje-i-petnjicu\/\"},\"author\":{\"name\":\"bosniak\",\"@id\":\"https:\/\/sandzakpress.net\/arhiva\/#\/schema\/person\/c8baee722073534b583ea7bdb2e36c02\"},\"headline\":\"Poslanik Damir \u0160ehovic tra\u017ei vi\u0161e novca za Gusinje i Petnjicu\",\"datePublished\":\"2014-12-19T13:55:24+00:00\",\"dateModified\":\"2014-12-19T13:55:51+00:00\",\"mainEntityOfPage\":{\"@id\":\"https:\/\/sandzakpress.net\/arhiva\/poslanik-damir-sehovic-trazi-vise-novca-za-gusinje-i-petnjicu\/\"},\"wordCount\":177,\"commentCount\":0,\"publisher\":{\"@id\":\"https:\/\/sandzakpress.net\/arhiva\/#\/schema\/person\/6e72b67d6e51910a1117b3b483ba20bd\"},\"image\":{\"@id\":\"https:\/\/sandzakpress.net\/arhiva\/poslanik-damir-sehovic-trazi-vise-novca-za-gusinje-i-petnjicu\/#primaryimage\"},\"thumbnailUrl\":\"https:\/\/sandzakpress.net\/arhiva\/wp-content\/uploads\/2011\/07\/2994399590062955329tPOfoU_ph.jpg\",\"articleSection\":[\"Politika\",\"Petnjica\",\"Plav\",\"Gusinje\",\"NAJNOVIJE\"],\"inLanguage\":\"bs-BA\",\"potentialAction\":[{\"@type\":\"CommentAction\",\"name\":\"Comment\",\"target\":[\"https:\/\/sandzakpress.net\/arhiva\/poslanik-damir-sehovic-trazi-vise-novca-za-gusinje-i-petnjicu\/#respond\"]}]},{\"@type\":\"WebPage\",\"@id\":\"https:\/\/sandzakpress.net\/arhiva\/poslanik-damir-sehovic-trazi-vise-novca-za-gusinje-i-petnjicu\/\",\"url\":\"https:\/\/sandzakpress.net\/arhiva\/poslanik-damir-sehovic-trazi-vise-novca-za-gusinje-i-petnjicu\/\",\"name\":\"Poslanik Damir \u0160ehovic tra\u017ei vi\u0161e novca za Gusinje i Petnjicu\",\"isPartOf\":{\"@id\":\"https:\/\/sandzakpress.net\/arhiva\/#website\"},\"primaryImageOfPage\":{\"@id\":\"https:\/\/sandzakpress.net\/arhiva\/poslanik-damir-sehovic-trazi-vise-novca-za-gusinje-i-petnjicu\/#primaryimage\"},\"image\":{\"@id\":\"https:\/\/sandzakpress.net\/arhiva\/poslanik-damir-sehovic-trazi-vise-novca-za-gusinje-i-petnjicu\/#primaryimage\"},\"thumbnailUrl\":\"https:\/\/sandzakpress.net\/arhiva\/wp-content\/uploads\/2011\/07\/2994399590062955329tPOfoU_ph.jpg\",\"datePublished\":\"2014-12-19T13:55:24+00:00\",\"dateModified\":\"2014-12-19T13:55:51+00:00\",\"breadcrumb\":{\"@id\":\"https:\/\/sandzakpress.net\/arhiva\/poslanik-damir-sehovic-trazi-vise-novca-za-gusinje-i-petnjicu\/#breadcrumb\"},\"inLanguage\":\"bs-BA\",\"potentialAction\":[{\"@type\":\"ReadAction\",\"target\":[\"https:\/\/sandzakpress.net\/arhiva\/poslanik-damir-sehovic-trazi-vise-novca-za-gusinje-i-petnjicu\/\"]}]},{\"@type\":\"ImageObject\",\"inLanguage\":\"bs-BA\",\"@id\":\"https:\/\/sandzakpress.net\/arhiva\/poslanik-damir-sehovic-trazi-vise-novca-za-gusinje-i-petnjicu\/#primaryimage\",\"url\":\"https:\/\/sandzakpress.net\/arhiva\/wp-content\/uploads\/2011\/07\/2994399590062955329tPOfoU_ph.jpg\",\"contentUrl\":\"https:\/\/sandzakpress.net\/arhiva\/wp-content\/uploads\/2011\/07\/2994399590062955329tPOfoU_ph.jpg\",\"width\":616,\"height\":341},{\"@type\":\"BreadcrumbList\",\"@id\":\"https:\/\/sandzakpress.net\/arhiva\/poslanik-damir-sehovic-trazi-vise-novca-za-gusinje-i-petnjicu\/#breadcrumb\",\"itemListElement\":[{\"@type\":\"ListItem\",\"position\":1,\"name\":\"Home\",\"item\":\"https:\/\/sandzakpress.net\/arhiva\/\"},{\"@type\":\"ListItem\",\"position\":2,\"name\":\"Poslanik Damir \u0160ehovic tra\u017ei vi\u0161e novca za Gusinje i Petnjicu\"}]},{\"@type\":\"WebSite\",\"@id\":\"https:\/\/sandzakpress.net\/arhiva\/#website\",\"url\":\"https:\/\/sandzakpress.net\/arhiva\/\",\"name\":\"Sand\u017eak PRESS\",\"description\":\"Prve elektronske novine u Sand\u017eaku\",\"publisher\":{\"@id\":\"https:\/\/sandzakpress.net\/arhiva\/#\/schema\/person\/6e72b67d6e51910a1117b3b483ba20bd\"},\"potentialAction\":[{\"@type\":\"SearchAction\",\"target\":{\"@type\":\"EntryPoint\",\"urlTemplate\":\"https:\/\/sandzakpress.net\/arhiva\/?s={search_term_string}\"},\"query-input\":{\"@type\":\"PropertyValueSpecification\",\"valueRequired\":true,\"valueName\":\"search_term_string\"}}],\"inLanguage\":\"bs-BA\"},{\"@type\":[\"Person\",\"Organization\"],\"@id\":\"https:\/\/sandzakpress.net\/arhiva\/#\/schema\/person\/6e72b67d6e51910a1117b3b483ba20bd\",\"name\":\"Kul\",\"image\":{\"@type\":\"ImageObject\",\"inLanguage\":\"bs-BA\",\"@id\":\"https:\/\/sandzakpress.net\/arhiva\/#\/schema\/person\/image\/\",\"url\":\"https:\/\/secure.gravatar.com\/avatar\/42263f39aa27ac04c43cab85c280eb2e?s=96&d=mm&r=pg\",\"contentUrl\":\"https:\/\/secure.gravatar.com\/avatar\/42263f39aa27ac04c43cab85c280eb2e?s=96&d=mm&r=pg\",\"caption\":\"Kul\"},\"logo\":{\"@id\":\"https:\/\/sandzakpress.net\/arhiva\/#\/schema\/person\/image\/\"}},{\"@type\":\"Person\",\"@id\":\"https:\/\/sandzakpress.net\/arhiva\/#\/schema\/person\/c8baee722073534b583ea7bdb2e36c02\",\"name\":\"bosniak\",\"image\":{\"@type\":\"ImageObject\",\"inLanguage\":\"bs-BA\",\"@id\":\"https:\/\/sandzakpress.net\/arhiva\/#\/schema\/person\/image\/\",\"url\":\"https:\/\/secure.gravatar.com\/avatar\/a04fd330bfe3a36a72a0ad4a6d89fca7?s=96&d=mm&r=pg\",\"contentUrl\":\"https:\/\/secure.gravatar.com\/avatar\/a04fd330bfe3a36a72a0ad4a6d89fca7?s=96&d=mm&r=pg\",\"caption\":\"bosniak\"},\"url\":\"https:\/\/sandzakpress.net\/arhiva\/author\/bosniak\/\"}]}<\/script>\n<!-- \/ Yoast SEO Premium plugin. -->","yoast_head_json":{"title":"Poslanik Damir \u0160ehovic tra\u017ei vi\u0161e novca za Gusinje i Petnjicu","robots":{"index":"index","follow":"follow","max-snippet":"max-snippet:-1","max-image-preview":"max-image-preview:large","max-video-preview":"max-video-preview:-1"},"canonical":"https:\/\/sandzakpress.net\/arhiva\/poslanik-damir-sehovic-trazi-vise-novca-za-gusinje-i-petnjicu\/","og_locale":"bs_BA","og_type":"article","og_title":"Poslanik Damir \u0160ehovic tra\u017ei vi\u0161e novca za Gusinje i Petnjicu","og_description":"Gusinje &#8211; Poslanik SDP-a Damir \u0160ehovic predao je u skup\u0161tinsku proceduru dopune zakona o finansiranju lokalne samouprave kojima predla\u017ee da novoosnovane op\u0161tine Petnjica i Gusinje dobiju pravo da koriste novac iz Egalizacionog fonda. \u0160ehovic je za &#8220;Vijesti\u201d kazao da usvajanjem rje\u0161enja koje predla\u017ee te dvije op\u0161tine sticu pravo da koriste novac iz Egalizacionog fonda od [&hellip;]","og_url":"https:\/\/sandzakpress.net\/arhiva\/poslanik-damir-sehovic-trazi-vise-novca-za-gusinje-i-petnjicu\/","og_site_name":"Sand\u017eak PRESS","article_published_time":"2014-12-19T13:55:24+00:00","article_modified_time":"2014-12-19T13:55:51+00:00","og_image":[{"width":616,"height":341,"url":"https:\/\/sandzakpress.net\/arhiva\/wp-content\/uploads\/2011\/07\/2994399590062955329tPOfoU_ph.jpg","type":"image\/jpeg"}],"author":"bosniak","twitter_card":"summary_large_image","twitter_misc":{"Written by":"bosniak","Est. reading time":"1 minuta"},"schema":{"@context":"https:\/\/schema.org","@graph":[{"@type":"Article","@id":"https:\/\/sandzakpress.net\/arhiva\/poslanik-damir-sehovic-trazi-vise-novca-za-gusinje-i-petnjicu\/#article","isPartOf":{"@id":"https:\/\/sandzakpress.net\/arhiva\/poslanik-damir-sehovic-trazi-vise-novca-za-gusinje-i-petnjicu\/"},"author":{"name":"bosniak","@id":"https:\/\/sandzakpress.net\/arhiva\/#\/schema\/person\/c8baee722073534b583ea7bdb2e36c02"},"headline":"Poslanik Damir \u0160ehovic tra\u017ei vi\u0161e novca za Gusinje i Petnjicu","datePublished":"2014-12-19T13:55:24+00:00","dateModified":"2014-12-19T13:55:51+00:00","mainEntityOfPage":{"@id":"https:\/\/sandzakpress.net\/arhiva\/poslanik-damir-sehovic-trazi-vise-novca-za-gusinje-i-petnjicu\/"},"wordCount":177,"commentCount":0,"publisher":{"@id":"https:\/\/sandzakpress.net\/arhiva\/#\/schema\/person\/6e72b67d6e51910a1117b3b483ba20bd"},"image":{"@id":"https:\/\/sandzakpress.net\/arhiva\/poslanik-damir-sehovic-trazi-vise-novca-za-gusinje-i-petnjicu\/#primaryimage"},"thumbnailUrl":"https:\/\/sandzakpress.net\/arhiva\/wp-content\/uploads\/2011\/07\/2994399590062955329tPOfoU_ph.jpg","articleSection":["Politika","Petnjica","Plav","Gusinje","NAJNOVIJE"],"inLanguage":"bs-BA","potentialAction":[{"@type":"CommentAction","name":"Comment","target":["https:\/\/sandzakpress.net\/arhiva\/poslanik-damir-sehovic-trazi-vise-novca-za-gusinje-i-petnjicu\/#respond"]}]},{"@type":"WebPage","@id":"https:\/\/sandzakpress.net\/arhiva\/poslanik-damir-sehovic-trazi-vise-novca-za-gusinje-i-petnjicu\/","url":"https:\/\/sandzakpress.net\/arhiva\/poslanik-damir-sehovic-trazi-vise-novca-za-gusinje-i-petnjicu\/","name":"Poslanik Damir \u0160ehovic tra\u017ei vi\u0161e novca za Gusinje i Petnjicu","isPartOf":{"@id":"https:\/\/sandzakpress.net\/arhiva\/#website"},"primaryImageOfPage":{"@id":"https:\/\/sandzakpress.net\/arhiva\/poslanik-damir-sehovic-trazi-vise-novca-za-gusinje-i-petnjicu\/#primaryimage"},"image":{"@id":"https:\/\/sandzakpress.net\/arhiva\/poslanik-damir-sehovic-trazi-vise-novca-za-gusinje-i-petnjicu\/#primaryimage"},"thumbnailUrl":"https:\/\/sandzakpress.net\/arhiva\/wp-content\/uploads\/2011\/07\/2994399590062955329tPOfoU_ph.jpg","datePublished":"2014-12-19T13:55:24+00:00","dateModified":"2014-12-19T13:55:51+00:00","breadcrumb":{"@id":"https:\/\/sandzakpress.net\/arhiva\/poslanik-damir-sehovic-trazi-vise-novca-za-gusinje-i-petnjicu\/#breadcrumb"},"inLanguage":"bs-BA","potentialAction":[{"@type":"ReadAction","target":["https:\/\/sandzakpress.net\/arhiva\/poslanik-damir-sehovic-trazi-vise-novca-za-gusinje-i-petnjicu\/"]}]},{"@type":"ImageObject","inLanguage":"bs-BA","@id":"https:\/\/sandzakpress.net\/arhiva\/poslanik-damir-sehovic-trazi-vise-novca-za-gusinje-i-petnjicu\/#primaryimage","url":"https:\/\/sandzakpress.net\/arhiva\/wp-content\/uploads\/2011\/07\/2994399590062955329tPOfoU_ph.jpg","contentUrl":"https:\/\/sandzakpress.net\/arhiva\/wp-content\/uploads\/2011\/07\/2994399590062955329tPOfoU_ph.jpg","width":616,"height":341},{"@type":"BreadcrumbList","@id":"https:\/\/sandzakpress.net\/arhiva\/poslanik-damir-sehovic-trazi-vise-novca-za-gusinje-i-petnjicu\/#breadcrumb","itemListElement":[{"@type":"ListItem","position":1,"name":"Home","item":"https:\/\/sandzakpress.net\/arhiva\/"},{"@type":"ListItem","position":2,"name":"Poslanik Damir \u0160ehovic tra\u017ei vi\u0161e novca za Gusinje i Petnjicu"}]},{"@type":"WebSite","@id":"https:\/\/sandzakpress.net\/arhiva\/#website","url":"https:\/\/sandzakpress.net\/arhiva\/","name":"Sand\u017eak PRESS","description":"Prve elektronske novine u Sand\u017eaku","publisher":{"@id":"https:\/\/sandzakpress.net\/arhiva\/#\/schema\/person\/6e72b67d6e51910a1117b3b483ba20bd"},"potentialAction":[{"@type":"SearchAction","target":{"@type":"EntryPoint","urlTemplate":"https:\/\/sandzakpress.net\/arhiva\/?s={search_term_string}"},"query-input":{"@type":"PropertyValueSpecification","valueRequired":true,"valueName":"search_term_string"}}],"inLanguage":"bs-BA"},{"@type":["Person","Organization"],"@id":"https:\/\/sandzakpress.net\/arhiva\/#\/schema\/person\/6e72b67d6e51910a1117b3b483ba20bd","name":"Kul","image":{"@type":"ImageObject","inLanguage":"bs-BA","@id":"https:\/\/sandzakpress.net\/arhiva\/#\/schema\/person\/image\/","url":"https:\/\/secure.gravatar.com\/avatar\/42263f39aa27ac04c43cab85c280eb2e?s=96&d=mm&r=pg","contentUrl":"https:\/\/secure.gravatar.com\/avatar\/42263f39aa27ac04c43cab85c280eb2e?s=96&d=mm&r=pg","caption":"Kul"},"logo":{"@id":"https:\/\/sandzakpress.net\/arhiva\/#\/schema\/person\/image\/"}},{"@type":"Person","@id":"https:\/\/sandzakpress.net\/arhiva\/#\/schema\/person\/c8baee722073534b583ea7bdb2e36c02","name":"bosniak","image":{"@type":"ImageObject","inLanguage":"bs-BA","@id":"https:\/\/sandzakpress.net\/arhiva\/#\/schema\/person\/image\/","url":"https:\/\/secure.gravatar.com\/avatar\/a04fd330bfe3a36a72a0ad4a6d89fca7?s=96&d=mm&r=pg","contentUrl":"https:\/\/secure.gravatar.com\/avatar\/a04fd330bfe3a36a72a0ad4a6d89fca7?s=96&d=mm&r=pg","caption":"bosniak"},"url":"https:\/\/sandzakpress.net\/arhiva\/author\/bosniak\/"}]}},"_links":{"self":[{"href":"https:\/\/sandzakpress.net\/arhiva\/wp-json\/wp\/v2\/posts\/117512"}],"collection":[{"href":"https:\/\/sandzakpress.net\/arhiva\/wp-json\/wp\/v2\/posts"}],"about":[{"href":"https:\/\/sandzakpress.net\/arhiva\/wp-json\/wp\/v2\/types\/post"}],"author":[{"embeddable":true,"href":"https:\/\/sandzakpress.net\/arhiva\/wp-json\/wp\/v2\/users\/83"}],"replies":[{"embeddable":true,"href":"https:\/\/sandzakpress.net\/arhiva\/wp-json\/wp\/v2\/comments?post=117512"}],"version-history":[{"count":0,"href":"https:\/\/sandzakpress.net\/arhiva\/wp-json\/wp\/v2\/posts\/117512\/revisions"}],"wp:featuredmedia":[{"embeddable":true,"href":"https:\/\/sandzakpress.net\/arhiva\/wp-json\/wp\/v2\/media\/17980"}],"wp:attachment":[{"href":"https:\/\/sandzakpress.net\/arhiva\/wp-json\/wp\/v2\/media?parent=117512"}],"wp:term":[{"taxonomy":"category","embeddable":true,"href":"https:\/\/sandzakpress.net\/arhiva\/wp-json\/wp\/v2\/categories?post=117512"},{"taxonomy":"post_tag","embeddable":true,"href":"https:\/\/sandzakpress.net\/arhiva\/wp-json\/wp\/v2\/tags?post=117512"}],"curies":[{"name":"wp","href":"https:\/\/api.w.org\/{rel}","templated":true}]}}