{"id":11744,"date":"2011-01-26T22:13:33","date_gmt":"2011-01-26T21:13:33","guid":{"rendered":"https:\/\/sandzakpress.net\/arhiva\/?p=11744"},"modified":"2011-01-26T22:35:01","modified_gmt":"2011-01-26T21:35:01","slug":"pojedini-nastavnici-prisiljavaju-bosnjacku-djecu-da-dodu-na-savindan","status":"publish","type":"post","link":"https:\/\/sandzakpress.net\/arhiva\/pojedini-nastavnici-prisiljavaju-bosnjacku-djecu-da-dodu-na-savindan\/","title":{"rendered":"Pojedini nastavnici prisiljavaju bo\u0161nja\u010dku djecu da do\u0111u na Savindan"},"content":{"rendered":"<p><strong><a href=\"https:\/\/sandzakpress.net\/arhiva\/wp-content\/uploads\/2011\/01\/126015_012605s2_f.jpg\"><img loading=\"lazy\" decoding=\"async\" class=\"alignleft size-medium wp-image-11745\" title=\"126015_012605s2_f\" src=\"https:\/\/sandzakpress.net\/arhiva\/wp-content\/uploads\/2011\/01\/126015_012605s2_f-300x208.jpg\" alt=\"\" width=\"202\" height=\"140\" \/><\/a>Sjeverni Sand\u017eak &#8211; Povodom maltretiranja i zastra\u0161ivanja bo\u0161nja\u010dke djece u osnovnim i srednjim \u0161kolama u Sand\u017eaku, saop\u0107enjem za javnost oglasila se Bo\u0161nja\u010dka kulturna zajednica. Saop\u0107enje prenosimo u cjelosti:<\/strong><\/p>\n<blockquote><p><strong>Bo\u0161nja\u010dka kulturna zajednica o\u0161tro protestira zbog istupa pojedinih nastavnika u sand\u017ea\u010dkim osnovnim i srednjim \u0161kolama koji su maltretirali, poni\u017eavali, namoravali, zastra\u0161ivali, pa \u010dak i silom poku\u0161avali natjerati bo\u0161nja\u010dku djecu da u\u010destvuju u sveoobuhvatnoj proslavi \u0160kolske slave Sveti Sava.<\/strong><\/p>\n<p><strong>Danas su se mnogi u\u010denici i roditelji obra\u0107ali Bo\u0161nja\u010dkoj kulturnoj zajednici sa pritu\u017ebama na pritiske \u0161kola i nastavnika usmjerene na njih kako bi uzeli u\u010de\u0161e u obilje\u017eavanju svetosavlja. Jedan od brutalnijih ispada dogodio se u Tehni\u010dkoj \u0161koli u Novome Pazaru, kada je profesor Miroslav \u017divkovi\u0107 25. 1. 2011. godine, na \u010dasu muzi\u010dke kulture na provoj godini smjera Voza\u010d motornih vozila, oko 10:00 \u010dasova, pozvao u\u010denike da obavezno prisustvuju proslavi, a oni mu odgovorili da ne\u0107e, da je to suprotno njihovim vjerskim i nacionalnim ubje\u0111enjima, upotrijebio silu, \u010dupaju\u0107i dvojicu u\u010denika za u\u0161i i udaraju\u0107i ih po glavi, rekav\u0161i pritom: \u201eNemojte slu\u0161ati Muftiju. Do\u0111ite na to. \u0160ta ima veze Muftija sa tim!?\u201c Imena u\u010denika i svjedoka koji su dali izjavu povodom ovog incidenta poznati su BKZ-u, ali ih zbog njihove li\u010dne bezbjednost ne \u017eelimo spominjati. Profesorica srpskog jezika u osnovnoj \u0161koli Stevan Nemanja Maida Bejtovi\u0107 naredila je i prijetila u\u010denicima da \u0107e im dati jedinice ukoliko ne nau\u010de pjesme o svetom Savi. Nastavnik fizike u osnovnoj \u0161koli Rifat Burd\u017eovi\u0107 Tr\u0161o, Veroljub Sta\u0161evi\u0107 prijetio je u\u010denicima svog odjeljenja da \u0107e im dati neopravdane izostanke ukoliko ne budu prisustvovali proslavi. Tako\u0111er, sli\u010dne stvari dogodile su se u osnovnoj \u0161koli Svetozar Markovi\u0107 u Sjenici, gdje je nastavnica srpskog jezika pozivala roditelje na saslu\u0161anje zbog toga \u0161to u\u010denici nisu htjeli napisati doma\u0107e zada\u0107e na temu svetosavlja. U Priboju, Prijepolju, Novoj Varo\u0161i, Brodarevu je bilo indirektnih prijetnji, pritisaka i zastra\u017eivanaj na u\u010denike da moraju prisustvovati svetosavskim proslavama.<\/strong><\/p>\n<p><strong>Dana\u0161nji doga\u0111aji bacaju novo svjetlo na cjelokupnu problematiku diskriminiranja bo\u0161nja\u010dke djece i daju dokaze u prilog tvrdnji da je na sceni tiha asimilacija i poku\u0161aj pokr\u0161tavanja Bo\u0161njaka kroz dr\u017eavne obrazovne sisteme. Bo\u0161nja\u010dka kulturna zajednica iznova upozorava Ministarstvo prosvjete da jo\u0161 jednom promisli o odluci da bo\u0161nja\u010dka djeca moraju prisustvovati proslavama \u0161kolske slave, da ne \u010dini pravno nasilje i da ne primorava ni nastavnike ni djecu bo\u0161nja\u010dke nacionalnosti da u\u010destvuju u ovakvim programima. Tako\u0111er, obavje\u0161tavamo da \u0107emo zabilje\u017eiti svaki oblik kr\u0161enja osnovnih ljudskih i vjerskih sloboda bo\u0161nja\u010dkog naroda, te poduzeti sve zakonom predvi\u0111ene mjere da takve pojave budu sankcionirane i prijavljene nadle\u017enim doma\u0107im i stranim institucijama koje se bave za\u0161titom ljudskih prava.<\/strong><\/p><\/blockquote>\n<p>Saop\u0107enje je potpisao predsjednik Bo\u0161nja\u010dke kulturne zajednice Jahja Fehratovi\u0107.<\/p>\n<p>Izvor:\u00a0<strong>BKZ.rs<\/strong><\/p>\n","protected":false},"excerpt":{"rendered":"<p>Sjeverni Sand\u017eak &#8211; Povodom maltretiranja i zastra\u0161ivanja bo\u0161nja\u010dke djece u osnovnim i srednjim \u0161kolama u Sand\u017eaku, saop\u0107enjem za javnost oglasila se Bo\u0161nja\u010dka kulturna zajednica. Saop\u0107enje prenosimo u cjelosti: Bo\u0161nja\u010dka kulturna zajednica o\u0161tro protestira zbog istupa pojedinih nastavnika u sand\u017ea\u010dkim osnovnim i srednjim \u0161kolama koji su maltretirali, poni\u017eavali, namoravali, zastra\u0161ivali, pa \u010dak i silom poku\u0161avali natjerati [&hellip;]<\/p>\n","protected":false},"author":83,"featured_media":11745,"comment_status":"open","ping_status":"open","sticky":false,"template":"","format":"standard","meta":{"footnotes":""},"categories":[800,72,52,327,392,393,394],"tags":[],"class_list":{"0":"post-11744","1":"post","2":"type-post","3":"status-publish","4":"format-standard","5":"has-post-thumbnail","7":"category-nacija","8":"category-novi-pazar","9":"category-sjenica","10":"category-tutin","11":"category-prijepolje_","12":"category-priboj","13":"category-nova-varos"},"yoast_head":"<!-- This site is optimized with the Yoast SEO Premium plugin v23.1 (Yoast SEO v24.9) - https:\/\/yoast.com\/wordpress\/plugins\/seo\/ -->\n<title>Pojedini nastavnici prisiljavaju bo\u0161nja\u010dku djecu da do\u0111u na Savindan<\/title>\n<meta name=\"robots\" content=\"index, follow, max-snippet:-1, max-image-preview:large, max-video-preview:-1\" \/>\n<link rel=\"canonical\" href=\"https:\/\/sandzakpress.net\/arhiva\/pojedini-nastavnici-prisiljavaju-bosnjacku-djecu-da-dodu-na-savindan\/\" \/>\n<meta property=\"og:locale\" content=\"bs_BA\" \/>\n<meta property=\"og:type\" content=\"article\" \/>\n<meta property=\"og:title\" content=\"Pojedini nastavnici prisiljavaju bo\u0161nja\u010dku djecu da do\u0111u na Savindan\" \/>\n<meta property=\"og:description\" content=\"Sjeverni Sand\u017eak &#8211; Povodom maltretiranja i zastra\u0161ivanja bo\u0161nja\u010dke djece u osnovnim i srednjim \u0161kolama u Sand\u017eaku, saop\u0107enjem za javnost oglasila se Bo\u0161nja\u010dka kulturna zajednica. Saop\u0107enje prenosimo u cjelosti: Bo\u0161nja\u010dka kulturna zajednica o\u0161tro protestira zbog istupa pojedinih nastavnika u sand\u017ea\u010dkim osnovnim i srednjim \u0161kolama koji su maltretirali, poni\u017eavali, namoravali, zastra\u0161ivali, pa \u010dak i silom poku\u0161avali natjerati [&hellip;]\" \/>\n<meta property=\"og:url\" content=\"https:\/\/sandzakpress.net\/arhiva\/pojedini-nastavnici-prisiljavaju-bosnjacku-djecu-da-dodu-na-savindan\/\" \/>\n<meta property=\"og:site_name\" content=\"Sand\u017eak PRESS\" \/>\n<meta property=\"article:published_time\" content=\"2011-01-26T21:13:33+00:00\" \/>\n<meta property=\"article:modified_time\" content=\"2011-01-26T21:35:01+00:00\" \/>\n<meta property=\"og:image\" content=\"https:\/\/sandzakpress.net\/arhiva\/wp-content\/uploads\/2011\/01\/126015_012605s2_f.jpg\" \/>\n\t<meta property=\"og:image:width\" content=\"418\" \/>\n\t<meta property=\"og:image:height\" content=\"290\" \/>\n\t<meta property=\"og:image:type\" content=\"image\/jpeg\" \/>\n<meta name=\"author\" content=\"bosniak\" \/>\n<meta name=\"twitter:card\" content=\"summary_large_image\" \/>\n<meta name=\"twitter:label1\" content=\"Written by\" \/>\n\t<meta name=\"twitter:data1\" content=\"bosniak\" \/>\n\t<meta name=\"twitter:label2\" content=\"Est. reading time\" \/>\n\t<meta name=\"twitter:data2\" content=\"3 minute\" \/>\n<script type=\"application\/ld+json\" class=\"yoast-schema-graph\">{\"@context\":\"https:\/\/schema.org\",\"@graph\":[{\"@type\":\"Article\",\"@id\":\"https:\/\/sandzakpress.net\/arhiva\/pojedini-nastavnici-prisiljavaju-bosnjacku-djecu-da-dodu-na-savindan\/#article\",\"isPartOf\":{\"@id\":\"https:\/\/sandzakpress.net\/arhiva\/pojedini-nastavnici-prisiljavaju-bosnjacku-djecu-da-dodu-na-savindan\/\"},\"author\":{\"name\":\"bosniak\",\"@id\":\"https:\/\/sandzakpress.net\/arhiva\/#\/schema\/person\/c8baee722073534b583ea7bdb2e36c02\"},\"headline\":\"Pojedini nastavnici prisiljavaju bo\u0161nja\u010dku djecu da do\u0111u na Savindan\",\"datePublished\":\"2011-01-26T21:13:33+00:00\",\"dateModified\":\"2011-01-26T21:35:01+00:00\",\"mainEntityOfPage\":{\"@id\":\"https:\/\/sandzakpress.net\/arhiva\/pojedini-nastavnici-prisiljavaju-bosnjacku-djecu-da-dodu-na-savindan\/\"},\"wordCount\":522,\"commentCount\":21,\"publisher\":{\"@id\":\"https:\/\/sandzakpress.net\/arhiva\/#\/schema\/person\/6e72b67d6e51910a1117b3b483ba20bd\"},\"image\":{\"@id\":\"https:\/\/sandzakpress.net\/arhiva\/pojedini-nastavnici-prisiljavaju-bosnjacku-djecu-da-dodu-na-savindan\/#primaryimage\"},\"thumbnailUrl\":\"https:\/\/sandzakpress.net\/arhiva\/wp-content\/uploads\/2011\/01\/126015_012605s2_f.jpg\",\"articleSection\":[\"Nacija\",\"Novi Pazar\",\"Sjenica\",\"Tutin\",\"Prijepolje\",\"Priboj\",\"Nova Varo\u0161\"],\"inLanguage\":\"bs-BA\",\"potentialAction\":[{\"@type\":\"CommentAction\",\"name\":\"Comment\",\"target\":[\"https:\/\/sandzakpress.net\/arhiva\/pojedini-nastavnici-prisiljavaju-bosnjacku-djecu-da-dodu-na-savindan\/#respond\"]}]},{\"@type\":\"WebPage\",\"@id\":\"https:\/\/sandzakpress.net\/arhiva\/pojedini-nastavnici-prisiljavaju-bosnjacku-djecu-da-dodu-na-savindan\/\",\"url\":\"https:\/\/sandzakpress.net\/arhiva\/pojedini-nastavnici-prisiljavaju-bosnjacku-djecu-da-dodu-na-savindan\/\",\"name\":\"Pojedini nastavnici prisiljavaju bo\u0161nja\u010dku djecu da do\u0111u na Savindan\",\"isPartOf\":{\"@id\":\"https:\/\/sandzakpress.net\/arhiva\/#website\"},\"primaryImageOfPage\":{\"@id\":\"https:\/\/sandzakpress.net\/arhiva\/pojedini-nastavnici-prisiljavaju-bosnjacku-djecu-da-dodu-na-savindan\/#primaryimage\"},\"image\":{\"@id\":\"https:\/\/sandzakpress.net\/arhiva\/pojedini-nastavnici-prisiljavaju-bosnjacku-djecu-da-dodu-na-savindan\/#primaryimage\"},\"thumbnailUrl\":\"https:\/\/sandzakpress.net\/arhiva\/wp-content\/uploads\/2011\/01\/126015_012605s2_f.jpg\",\"datePublished\":\"2011-01-26T21:13:33+00:00\",\"dateModified\":\"2011-01-26T21:35:01+00:00\",\"breadcrumb\":{\"@id\":\"https:\/\/sandzakpress.net\/arhiva\/pojedini-nastavnici-prisiljavaju-bosnjacku-djecu-da-dodu-na-savindan\/#breadcrumb\"},\"inLanguage\":\"bs-BA\",\"potentialAction\":[{\"@type\":\"ReadAction\",\"target\":[\"https:\/\/sandzakpress.net\/arhiva\/pojedini-nastavnici-prisiljavaju-bosnjacku-djecu-da-dodu-na-savindan\/\"]}]},{\"@type\":\"ImageObject\",\"inLanguage\":\"bs-BA\",\"@id\":\"https:\/\/sandzakpress.net\/arhiva\/pojedini-nastavnici-prisiljavaju-bosnjacku-djecu-da-dodu-na-savindan\/#primaryimage\",\"url\":\"https:\/\/sandzakpress.net\/arhiva\/wp-content\/uploads\/2011\/01\/126015_012605s2_f.jpg\",\"contentUrl\":\"https:\/\/sandzakpress.net\/arhiva\/wp-content\/uploads\/2011\/01\/126015_012605s2_f.jpg\",\"width\":418,\"height\":290},{\"@type\":\"BreadcrumbList\",\"@id\":\"https:\/\/sandzakpress.net\/arhiva\/pojedini-nastavnici-prisiljavaju-bosnjacku-djecu-da-dodu-na-savindan\/#breadcrumb\",\"itemListElement\":[{\"@type\":\"ListItem\",\"position\":1,\"name\":\"Home\",\"item\":\"https:\/\/sandzakpress.net\/arhiva\/\"},{\"@type\":\"ListItem\",\"position\":2,\"name\":\"Pojedini nastavnici prisiljavaju bo\u0161nja\u010dku djecu da do\u0111u na Savindan\"}]},{\"@type\":\"WebSite\",\"@id\":\"https:\/\/sandzakpress.net\/arhiva\/#website\",\"url\":\"https:\/\/sandzakpress.net\/arhiva\/\",\"name\":\"Sand\u017eak PRESS\",\"description\":\"Prve elektronske novine u Sand\u017eaku\",\"publisher\":{\"@id\":\"https:\/\/sandzakpress.net\/arhiva\/#\/schema\/person\/6e72b67d6e51910a1117b3b483ba20bd\"},\"potentialAction\":[{\"@type\":\"SearchAction\",\"target\":{\"@type\":\"EntryPoint\",\"urlTemplate\":\"https:\/\/sandzakpress.net\/arhiva\/?s={search_term_string}\"},\"query-input\":{\"@type\":\"PropertyValueSpecification\",\"valueRequired\":true,\"valueName\":\"search_term_string\"}}],\"inLanguage\":\"bs-BA\"},{\"@type\":[\"Person\",\"Organization\"],\"@id\":\"https:\/\/sandzakpress.net\/arhiva\/#\/schema\/person\/6e72b67d6e51910a1117b3b483ba20bd\",\"name\":\"Kul\",\"image\":{\"@type\":\"ImageObject\",\"inLanguage\":\"bs-BA\",\"@id\":\"https:\/\/sandzakpress.net\/arhiva\/#\/schema\/person\/image\/\",\"url\":\"https:\/\/secure.gravatar.com\/avatar\/42263f39aa27ac04c43cab85c280eb2e?s=96&d=mm&r=pg\",\"contentUrl\":\"https:\/\/secure.gravatar.com\/avatar\/42263f39aa27ac04c43cab85c280eb2e?s=96&d=mm&r=pg\",\"caption\":\"Kul\"},\"logo\":{\"@id\":\"https:\/\/sandzakpress.net\/arhiva\/#\/schema\/person\/image\/\"}},{\"@type\":\"Person\",\"@id\":\"https:\/\/sandzakpress.net\/arhiva\/#\/schema\/person\/c8baee722073534b583ea7bdb2e36c02\",\"name\":\"bosniak\",\"image\":{\"@type\":\"ImageObject\",\"inLanguage\":\"bs-BA\",\"@id\":\"https:\/\/sandzakpress.net\/arhiva\/#\/schema\/person\/image\/\",\"url\":\"https:\/\/secure.gravatar.com\/avatar\/a04fd330bfe3a36a72a0ad4a6d89fca7?s=96&d=mm&r=pg\",\"contentUrl\":\"https:\/\/secure.gravatar.com\/avatar\/a04fd330bfe3a36a72a0ad4a6d89fca7?s=96&d=mm&r=pg\",\"caption\":\"bosniak\"},\"url\":\"https:\/\/sandzakpress.net\/arhiva\/author\/bosniak\/\"}]}<\/script>\n<!-- \/ Yoast SEO Premium plugin. -->","yoast_head_json":{"title":"Pojedini nastavnici prisiljavaju bo\u0161nja\u010dku djecu da do\u0111u na Savindan","robots":{"index":"index","follow":"follow","max-snippet":"max-snippet:-1","max-image-preview":"max-image-preview:large","max-video-preview":"max-video-preview:-1"},"canonical":"https:\/\/sandzakpress.net\/arhiva\/pojedini-nastavnici-prisiljavaju-bosnjacku-djecu-da-dodu-na-savindan\/","og_locale":"bs_BA","og_type":"article","og_title":"Pojedini nastavnici prisiljavaju bo\u0161nja\u010dku djecu da do\u0111u na Savindan","og_description":"Sjeverni Sand\u017eak &#8211; Povodom maltretiranja i zastra\u0161ivanja bo\u0161nja\u010dke djece u osnovnim i srednjim \u0161kolama u Sand\u017eaku, saop\u0107enjem za javnost oglasila se Bo\u0161nja\u010dka kulturna zajednica. Saop\u0107enje prenosimo u cjelosti: Bo\u0161nja\u010dka kulturna zajednica o\u0161tro protestira zbog istupa pojedinih nastavnika u sand\u017ea\u010dkim osnovnim i srednjim \u0161kolama koji su maltretirali, poni\u017eavali, namoravali, zastra\u0161ivali, pa \u010dak i silom poku\u0161avali natjerati [&hellip;]","og_url":"https:\/\/sandzakpress.net\/arhiva\/pojedini-nastavnici-prisiljavaju-bosnjacku-djecu-da-dodu-na-savindan\/","og_site_name":"Sand\u017eak PRESS","article_published_time":"2011-01-26T21:13:33+00:00","article_modified_time":"2011-01-26T21:35:01+00:00","og_image":[{"width":418,"height":290,"url":"https:\/\/sandzakpress.net\/arhiva\/wp-content\/uploads\/2011\/01\/126015_012605s2_f.jpg","type":"image\/jpeg"}],"author":"bosniak","twitter_card":"summary_large_image","twitter_misc":{"Written by":"bosniak","Est. reading time":"3 minute"},"schema":{"@context":"https:\/\/schema.org","@graph":[{"@type":"Article","@id":"https:\/\/sandzakpress.net\/arhiva\/pojedini-nastavnici-prisiljavaju-bosnjacku-djecu-da-dodu-na-savindan\/#article","isPartOf":{"@id":"https:\/\/sandzakpress.net\/arhiva\/pojedini-nastavnici-prisiljavaju-bosnjacku-djecu-da-dodu-na-savindan\/"},"author":{"name":"bosniak","@id":"https:\/\/sandzakpress.net\/arhiva\/#\/schema\/person\/c8baee722073534b583ea7bdb2e36c02"},"headline":"Pojedini nastavnici prisiljavaju bo\u0161nja\u010dku djecu da do\u0111u na Savindan","datePublished":"2011-01-26T21:13:33+00:00","dateModified":"2011-01-26T21:35:01+00:00","mainEntityOfPage":{"@id":"https:\/\/sandzakpress.net\/arhiva\/pojedini-nastavnici-prisiljavaju-bosnjacku-djecu-da-dodu-na-savindan\/"},"wordCount":522,"commentCount":21,"publisher":{"@id":"https:\/\/sandzakpress.net\/arhiva\/#\/schema\/person\/6e72b67d6e51910a1117b3b483ba20bd"},"image":{"@id":"https:\/\/sandzakpress.net\/arhiva\/pojedini-nastavnici-prisiljavaju-bosnjacku-djecu-da-dodu-na-savindan\/#primaryimage"},"thumbnailUrl":"https:\/\/sandzakpress.net\/arhiva\/wp-content\/uploads\/2011\/01\/126015_012605s2_f.jpg","articleSection":["Nacija","Novi Pazar","Sjenica","Tutin","Prijepolje","Priboj","Nova Varo\u0161"],"inLanguage":"bs-BA","potentialAction":[{"@type":"CommentAction","name":"Comment","target":["https:\/\/sandzakpress.net\/arhiva\/pojedini-nastavnici-prisiljavaju-bosnjacku-djecu-da-dodu-na-savindan\/#respond"]}]},{"@type":"WebPage","@id":"https:\/\/sandzakpress.net\/arhiva\/pojedini-nastavnici-prisiljavaju-bosnjacku-djecu-da-dodu-na-savindan\/","url":"https:\/\/sandzakpress.net\/arhiva\/pojedini-nastavnici-prisiljavaju-bosnjacku-djecu-da-dodu-na-savindan\/","name":"Pojedini nastavnici prisiljavaju bo\u0161nja\u010dku djecu da do\u0111u na Savindan","isPartOf":{"@id":"https:\/\/sandzakpress.net\/arhiva\/#website"},"primaryImageOfPage":{"@id":"https:\/\/sandzakpress.net\/arhiva\/pojedini-nastavnici-prisiljavaju-bosnjacku-djecu-da-dodu-na-savindan\/#primaryimage"},"image":{"@id":"https:\/\/sandzakpress.net\/arhiva\/pojedini-nastavnici-prisiljavaju-bosnjacku-djecu-da-dodu-na-savindan\/#primaryimage"},"thumbnailUrl":"https:\/\/sandzakpress.net\/arhiva\/wp-content\/uploads\/2011\/01\/126015_012605s2_f.jpg","datePublished":"2011-01-26T21:13:33+00:00","dateModified":"2011-01-26T21:35:01+00:00","breadcrumb":{"@id":"https:\/\/sandzakpress.net\/arhiva\/pojedini-nastavnici-prisiljavaju-bosnjacku-djecu-da-dodu-na-savindan\/#breadcrumb"},"inLanguage":"bs-BA","potentialAction":[{"@type":"ReadAction","target":["https:\/\/sandzakpress.net\/arhiva\/pojedini-nastavnici-prisiljavaju-bosnjacku-djecu-da-dodu-na-savindan\/"]}]},{"@type":"ImageObject","inLanguage":"bs-BA","@id":"https:\/\/sandzakpress.net\/arhiva\/pojedini-nastavnici-prisiljavaju-bosnjacku-djecu-da-dodu-na-savindan\/#primaryimage","url":"https:\/\/sandzakpress.net\/arhiva\/wp-content\/uploads\/2011\/01\/126015_012605s2_f.jpg","contentUrl":"https:\/\/sandzakpress.net\/arhiva\/wp-content\/uploads\/2011\/01\/126015_012605s2_f.jpg","width":418,"height":290},{"@type":"BreadcrumbList","@id":"https:\/\/sandzakpress.net\/arhiva\/pojedini-nastavnici-prisiljavaju-bosnjacku-djecu-da-dodu-na-savindan\/#breadcrumb","itemListElement":[{"@type":"ListItem","position":1,"name":"Home","item":"https:\/\/sandzakpress.net\/arhiva\/"},{"@type":"ListItem","position":2,"name":"Pojedini nastavnici prisiljavaju bo\u0161nja\u010dku djecu da do\u0111u na Savindan"}]},{"@type":"WebSite","@id":"https:\/\/sandzakpress.net\/arhiva\/#website","url":"https:\/\/sandzakpress.net\/arhiva\/","name":"Sand\u017eak PRESS","description":"Prve elektronske novine u Sand\u017eaku","publisher":{"@id":"https:\/\/sandzakpress.net\/arhiva\/#\/schema\/person\/6e72b67d6e51910a1117b3b483ba20bd"},"potentialAction":[{"@type":"SearchAction","target":{"@type":"EntryPoint","urlTemplate":"https:\/\/sandzakpress.net\/arhiva\/?s={search_term_string}"},"query-input":{"@type":"PropertyValueSpecification","valueRequired":true,"valueName":"search_term_string"}}],"inLanguage":"bs-BA"},{"@type":["Person","Organization"],"@id":"https:\/\/sandzakpress.net\/arhiva\/#\/schema\/person\/6e72b67d6e51910a1117b3b483ba20bd","name":"Kul","image":{"@type":"ImageObject","inLanguage":"bs-BA","@id":"https:\/\/sandzakpress.net\/arhiva\/#\/schema\/person\/image\/","url":"https:\/\/secure.gravatar.com\/avatar\/42263f39aa27ac04c43cab85c280eb2e?s=96&d=mm&r=pg","contentUrl":"https:\/\/secure.gravatar.com\/avatar\/42263f39aa27ac04c43cab85c280eb2e?s=96&d=mm&r=pg","caption":"Kul"},"logo":{"@id":"https:\/\/sandzakpress.net\/arhiva\/#\/schema\/person\/image\/"}},{"@type":"Person","@id":"https:\/\/sandzakpress.net\/arhiva\/#\/schema\/person\/c8baee722073534b583ea7bdb2e36c02","name":"bosniak","image":{"@type":"ImageObject","inLanguage":"bs-BA","@id":"https:\/\/sandzakpress.net\/arhiva\/#\/schema\/person\/image\/","url":"https:\/\/secure.gravatar.com\/avatar\/a04fd330bfe3a36a72a0ad4a6d89fca7?s=96&d=mm&r=pg","contentUrl":"https:\/\/secure.gravatar.com\/avatar\/a04fd330bfe3a36a72a0ad4a6d89fca7?s=96&d=mm&r=pg","caption":"bosniak"},"url":"https:\/\/sandzakpress.net\/arhiva\/author\/bosniak\/"}]}},"_links":{"self":[{"href":"https:\/\/sandzakpress.net\/arhiva\/wp-json\/wp\/v2\/posts\/11744"}],"collection":[{"href":"https:\/\/sandzakpress.net\/arhiva\/wp-json\/wp\/v2\/posts"}],"about":[{"href":"https:\/\/sandzakpress.net\/arhiva\/wp-json\/wp\/v2\/types\/post"}],"author":[{"embeddable":true,"href":"https:\/\/sandzakpress.net\/arhiva\/wp-json\/wp\/v2\/users\/83"}],"replies":[{"embeddable":true,"href":"https:\/\/sandzakpress.net\/arhiva\/wp-json\/wp\/v2\/comments?post=11744"}],"version-history":[{"count":0,"href":"https:\/\/sandzakpress.net\/arhiva\/wp-json\/wp\/v2\/posts\/11744\/revisions"}],"wp:featuredmedia":[{"embeddable":true,"href":"https:\/\/sandzakpress.net\/arhiva\/wp-json\/wp\/v2\/media\/11745"}],"wp:attachment":[{"href":"https:\/\/sandzakpress.net\/arhiva\/wp-json\/wp\/v2\/media?parent=11744"}],"wp:term":[{"taxonomy":"category","embeddable":true,"href":"https:\/\/sandzakpress.net\/arhiva\/wp-json\/wp\/v2\/categories?post=11744"},{"taxonomy":"post_tag","embeddable":true,"href":"https:\/\/sandzakpress.net\/arhiva\/wp-json\/wp\/v2\/tags?post=11744"}],"curies":[{"name":"wp","href":"https:\/\/api.w.org\/{rel}","templated":true}]}}