{"id":117326,"date":"2014-12-16T15:21:54","date_gmt":"2014-12-16T14:21:54","guid":{"rendered":"https:\/\/sandzakpress.net\/arhiva\/?p=117326"},"modified":"2014-12-17T14:37:49","modified_gmt":"2014-12-17T13:37:49","slug":"evropski-parlament-prihvatio-rezoluciju-o-priznavanju-palestine-kao-drzave","status":"publish","type":"post","link":"https:\/\/sandzakpress.net\/arhiva\/evropski-parlament-prihvatio-rezoluciju-o-priznavanju-palestine-kao-drzave\/","title":{"rendered":"Evropski parlament prihvatio rezoluciju o priznavanju Palestine kao dr\u017eave"},"content":{"rendered":"<p><img decoding=\"async\" src=\"http:\/\/saznajemo.net\/wp-content\/uploads\/2014\/12\/evropa.jpg\" alt=\"\" \/><\/p>\n<p><strong>Francuska &#8211; Evropski parlament je danas prihvatio rezoluciju kojom se na\u010delno podr\u017eava priznavanje Palestine kao dr\u017eave.<\/strong><\/p>\n<p>Prilikom glasanja u Generalnoj skup\u0161tini EP-a, rezolucija je prihva\u0107ena sa 498 glasova \u201cza\u201d, dok je 88 glasova bilo \u201cprotiv\u201d. Glasanju je prisustvovalo 697 \u010dlanova parlamenta, a 111 zastupnik je ostao suzdr\u017ean.<\/p>\n<p>\u201cEvropski parlament u na\u010delu podr\u017eava priznavanje palestinske dr\u017eavnosti i dvodr\u017eavno rje\u0161enje, te smatra da bi ovaj proces trebao i\u0107i paralelno sa mirovnim pregovorima koji bi trebali da se ubrzaju\u201d, navodi se u tekstu rezolucije koja se na\u0161la pred evropskim parlamentarcima.<\/p>\n<p>Socijaldemokrate, ljevi\u010dari i \u010dlanovi Zelenih u Evropskom parlamentu su na dnevni red uvrstili simboli\u010dno glasanje kako bi pozvali 28 \u010dlanica EU-a da priznaju dr\u017eavnost Palestine.<\/p>\n<p>Rezolucija Evropskog parlamenta nije obavezuju\u0107a.<\/p>\n<p>(Anadolu Agency)<\/p>\n","protected":false},"excerpt":{"rendered":"<p>Francuska &#8211; Evropski parlament je danas prihvatio rezoluciju kojom se na\u010delno podr\u017eava priznavanje Palestine kao dr\u017eave. Prilikom glasanja u Generalnoj skup\u0161tini EP-a, rezolucija je prihva\u0107ena sa 498 glasova \u201cza\u201d, dok je 88 glasova bilo \u201cprotiv\u201d. Glasanju je prisustvovalo 697 \u010dlanova parlamenta, a 111 zastupnik je ostao suzdr\u017ean. \u201cEvropski parlament u na\u010delu podr\u017eava priznavanje palestinske dr\u017eavnosti [&hellip;]<\/p>\n","protected":false},"author":83,"featured_media":117327,"comment_status":"open","ping_status":"open","sticky":false,"template":"","format":"standard","meta":{"footnotes":""},"categories":[9550,9,8957,798],"tags":[10249],"class_list":{"0":"post-117326","1":"post","2":"type-post","3":"status-publish","4":"format-standard","5":"has-post-thumbnail","7":"category-francuska-dijaspora-gradovi-vase-vijesti","8":"category-svijet","9":"category-vijesti-dana","10":"category-teme","11":"tag-palestina"},"yoast_head":"<!-- This site is optimized with the Yoast SEO Premium plugin v23.1 (Yoast SEO v24.9) - https:\/\/yoast.com\/wordpress\/plugins\/seo\/ -->\n<title>Evropski parlament prihvatio rezoluciju o priznavanju Palestine kao dr\u017eave<\/title>\n<meta name=\"robots\" content=\"index, follow, max-snippet:-1, max-image-preview:large, max-video-preview:-1\" \/>\n<link rel=\"canonical\" href=\"https:\/\/sandzakpress.net\/arhiva\/evropski-parlament-prihvatio-rezoluciju-o-priznavanju-palestine-kao-drzave\/\" \/>\n<meta property=\"og:locale\" content=\"bs_BA\" \/>\n<meta property=\"og:type\" content=\"article\" \/>\n<meta property=\"og:title\" content=\"Evropski parlament prihvatio rezoluciju o priznavanju Palestine kao dr\u017eave\" \/>\n<meta property=\"og:description\" content=\"Francuska &#8211; Evropski parlament je danas prihvatio rezoluciju kojom se na\u010delno podr\u017eava priznavanje Palestine kao dr\u017eave. Prilikom glasanja u Generalnoj skup\u0161tini EP-a, rezolucija je prihva\u0107ena sa 498 glasova \u201cza\u201d, dok je 88 glasova bilo \u201cprotiv\u201d. Glasanju je prisustvovalo 697 \u010dlanova parlamenta, a 111 zastupnik je ostao suzdr\u017ean. \u201cEvropski parlament u na\u010delu podr\u017eava priznavanje palestinske dr\u017eavnosti [&hellip;]\" \/>\n<meta property=\"og:url\" content=\"https:\/\/sandzakpress.net\/arhiva\/evropski-parlament-prihvatio-rezoluciju-o-priznavanju-palestine-kao-drzave\/\" \/>\n<meta property=\"og:site_name\" content=\"Sand\u017eak PRESS\" \/>\n<meta property=\"article:published_time\" content=\"2014-12-16T14:21:54+00:00\" \/>\n<meta property=\"article:modified_time\" content=\"2014-12-17T13:37:49+00:00\" \/>\n<meta property=\"og:image\" content=\"https:\/\/sandzakpress.net\/arhiva\/wp-content\/uploads\/2014\/12\/evropa.jpg\" \/>\n\t<meta property=\"og:image:width\" content=\"631\" \/>\n\t<meta property=\"og:image:height\" content=\"339\" \/>\n\t<meta property=\"og:image:type\" content=\"image\/jpeg\" \/>\n<meta name=\"author\" content=\"bosniak\" \/>\n<meta name=\"twitter:card\" content=\"summary_large_image\" \/>\n<meta name=\"twitter:label1\" content=\"Written by\" \/>\n\t<meta name=\"twitter:data1\" content=\"bosniak\" \/>\n\t<meta name=\"twitter:label2\" content=\"Est. reading time\" \/>\n\t<meta name=\"twitter:data2\" content=\"1 minuta\" \/>\n<script type=\"application\/ld+json\" class=\"yoast-schema-graph\">{\"@context\":\"https:\/\/schema.org\",\"@graph\":[{\"@type\":\"Article\",\"@id\":\"https:\/\/sandzakpress.net\/arhiva\/evropski-parlament-prihvatio-rezoluciju-o-priznavanju-palestine-kao-drzave\/#article\",\"isPartOf\":{\"@id\":\"https:\/\/sandzakpress.net\/arhiva\/evropski-parlament-prihvatio-rezoluciju-o-priznavanju-palestine-kao-drzave\/\"},\"author\":{\"name\":\"bosniak\",\"@id\":\"https:\/\/sandzakpress.net\/arhiva\/#\/schema\/person\/c8baee722073534b583ea7bdb2e36c02\"},\"headline\":\"Evropski parlament prihvatio rezoluciju o priznavanju Palestine kao dr\u017eave\",\"datePublished\":\"2014-12-16T14:21:54+00:00\",\"dateModified\":\"2014-12-17T13:37:49+00:00\",\"mainEntityOfPage\":{\"@id\":\"https:\/\/sandzakpress.net\/arhiva\/evropski-parlament-prihvatio-rezoluciju-o-priznavanju-palestine-kao-drzave\/\"},\"wordCount\":141,\"commentCount\":1,\"publisher\":{\"@id\":\"https:\/\/sandzakpress.net\/arhiva\/#\/schema\/person\/6e72b67d6e51910a1117b3b483ba20bd\"},\"image\":{\"@id\":\"https:\/\/sandzakpress.net\/arhiva\/evropski-parlament-prihvatio-rezoluciju-o-priznavanju-palestine-kao-drzave\/#primaryimage\"},\"thumbnailUrl\":\"https:\/\/sandzakpress.net\/arhiva\/wp-content\/uploads\/2014\/12\/evropa.jpg\",\"keywords\":[\"Palestina\"],\"articleSection\":[\"Francuska\",\"Svijet\",\"VIJESTI DANA\",\"NAJNOVIJE\"],\"inLanguage\":\"bs-BA\",\"potentialAction\":[{\"@type\":\"CommentAction\",\"name\":\"Comment\",\"target\":[\"https:\/\/sandzakpress.net\/arhiva\/evropski-parlament-prihvatio-rezoluciju-o-priznavanju-palestine-kao-drzave\/#respond\"]}]},{\"@type\":\"WebPage\",\"@id\":\"https:\/\/sandzakpress.net\/arhiva\/evropski-parlament-prihvatio-rezoluciju-o-priznavanju-palestine-kao-drzave\/\",\"url\":\"https:\/\/sandzakpress.net\/arhiva\/evropski-parlament-prihvatio-rezoluciju-o-priznavanju-palestine-kao-drzave\/\",\"name\":\"Evropski parlament prihvatio rezoluciju o priznavanju Palestine kao dr\u017eave\",\"isPartOf\":{\"@id\":\"https:\/\/sandzakpress.net\/arhiva\/#website\"},\"primaryImageOfPage\":{\"@id\":\"https:\/\/sandzakpress.net\/arhiva\/evropski-parlament-prihvatio-rezoluciju-o-priznavanju-palestine-kao-drzave\/#primaryimage\"},\"image\":{\"@id\":\"https:\/\/sandzakpress.net\/arhiva\/evropski-parlament-prihvatio-rezoluciju-o-priznavanju-palestine-kao-drzave\/#primaryimage\"},\"thumbnailUrl\":\"https:\/\/sandzakpress.net\/arhiva\/wp-content\/uploads\/2014\/12\/evropa.jpg\",\"datePublished\":\"2014-12-16T14:21:54+00:00\",\"dateModified\":\"2014-12-17T13:37:49+00:00\",\"breadcrumb\":{\"@id\":\"https:\/\/sandzakpress.net\/arhiva\/evropski-parlament-prihvatio-rezoluciju-o-priznavanju-palestine-kao-drzave\/#breadcrumb\"},\"inLanguage\":\"bs-BA\",\"potentialAction\":[{\"@type\":\"ReadAction\",\"target\":[\"https:\/\/sandzakpress.net\/arhiva\/evropski-parlament-prihvatio-rezoluciju-o-priznavanju-palestine-kao-drzave\/\"]}]},{\"@type\":\"ImageObject\",\"inLanguage\":\"bs-BA\",\"@id\":\"https:\/\/sandzakpress.net\/arhiva\/evropski-parlament-prihvatio-rezoluciju-o-priznavanju-palestine-kao-drzave\/#primaryimage\",\"url\":\"https:\/\/sandzakpress.net\/arhiva\/wp-content\/uploads\/2014\/12\/evropa.jpg\",\"contentUrl\":\"https:\/\/sandzakpress.net\/arhiva\/wp-content\/uploads\/2014\/12\/evropa.jpg\",\"width\":631,\"height\":339},{\"@type\":\"BreadcrumbList\",\"@id\":\"https:\/\/sandzakpress.net\/arhiva\/evropski-parlament-prihvatio-rezoluciju-o-priznavanju-palestine-kao-drzave\/#breadcrumb\",\"itemListElement\":[{\"@type\":\"ListItem\",\"position\":1,\"name\":\"Home\",\"item\":\"https:\/\/sandzakpress.net\/arhiva\/\"},{\"@type\":\"ListItem\",\"position\":2,\"name\":\"Evropski parlament prihvatio rezoluciju o priznavanju Palestine kao dr\u017eave\"}]},{\"@type\":\"WebSite\",\"@id\":\"https:\/\/sandzakpress.net\/arhiva\/#website\",\"url\":\"https:\/\/sandzakpress.net\/arhiva\/\",\"name\":\"Sand\u017eak PRESS\",\"description\":\"Prve elektronske novine u Sand\u017eaku\",\"publisher\":{\"@id\":\"https:\/\/sandzakpress.net\/arhiva\/#\/schema\/person\/6e72b67d6e51910a1117b3b483ba20bd\"},\"potentialAction\":[{\"@type\":\"SearchAction\",\"target\":{\"@type\":\"EntryPoint\",\"urlTemplate\":\"https:\/\/sandzakpress.net\/arhiva\/?s={search_term_string}\"},\"query-input\":{\"@type\":\"PropertyValueSpecification\",\"valueRequired\":true,\"valueName\":\"search_term_string\"}}],\"inLanguage\":\"bs-BA\"},{\"@type\":[\"Person\",\"Organization\"],\"@id\":\"https:\/\/sandzakpress.net\/arhiva\/#\/schema\/person\/6e72b67d6e51910a1117b3b483ba20bd\",\"name\":\"Kul\",\"image\":{\"@type\":\"ImageObject\",\"inLanguage\":\"bs-BA\",\"@id\":\"https:\/\/sandzakpress.net\/arhiva\/#\/schema\/person\/image\/\",\"url\":\"https:\/\/secure.gravatar.com\/avatar\/42263f39aa27ac04c43cab85c280eb2e?s=96&d=mm&r=pg\",\"contentUrl\":\"https:\/\/secure.gravatar.com\/avatar\/42263f39aa27ac04c43cab85c280eb2e?s=96&d=mm&r=pg\",\"caption\":\"Kul\"},\"logo\":{\"@id\":\"https:\/\/sandzakpress.net\/arhiva\/#\/schema\/person\/image\/\"}},{\"@type\":\"Person\",\"@id\":\"https:\/\/sandzakpress.net\/arhiva\/#\/schema\/person\/c8baee722073534b583ea7bdb2e36c02\",\"name\":\"bosniak\",\"image\":{\"@type\":\"ImageObject\",\"inLanguage\":\"bs-BA\",\"@id\":\"https:\/\/sandzakpress.net\/arhiva\/#\/schema\/person\/image\/\",\"url\":\"https:\/\/secure.gravatar.com\/avatar\/a04fd330bfe3a36a72a0ad4a6d89fca7?s=96&d=mm&r=pg\",\"contentUrl\":\"https:\/\/secure.gravatar.com\/avatar\/a04fd330bfe3a36a72a0ad4a6d89fca7?s=96&d=mm&r=pg\",\"caption\":\"bosniak\"},\"url\":\"https:\/\/sandzakpress.net\/arhiva\/author\/bosniak\/\"}]}<\/script>\n<!-- \/ Yoast SEO Premium plugin. -->","yoast_head_json":{"title":"Evropski parlament prihvatio rezoluciju o priznavanju Palestine kao dr\u017eave","robots":{"index":"index","follow":"follow","max-snippet":"max-snippet:-1","max-image-preview":"max-image-preview:large","max-video-preview":"max-video-preview:-1"},"canonical":"https:\/\/sandzakpress.net\/arhiva\/evropski-parlament-prihvatio-rezoluciju-o-priznavanju-palestine-kao-drzave\/","og_locale":"bs_BA","og_type":"article","og_title":"Evropski parlament prihvatio rezoluciju o priznavanju Palestine kao dr\u017eave","og_description":"Francuska &#8211; Evropski parlament je danas prihvatio rezoluciju kojom se na\u010delno podr\u017eava priznavanje Palestine kao dr\u017eave. Prilikom glasanja u Generalnoj skup\u0161tini EP-a, rezolucija je prihva\u0107ena sa 498 glasova \u201cza\u201d, dok je 88 glasova bilo \u201cprotiv\u201d. Glasanju je prisustvovalo 697 \u010dlanova parlamenta, a 111 zastupnik je ostao suzdr\u017ean. \u201cEvropski parlament u na\u010delu podr\u017eava priznavanje palestinske dr\u017eavnosti [&hellip;]","og_url":"https:\/\/sandzakpress.net\/arhiva\/evropski-parlament-prihvatio-rezoluciju-o-priznavanju-palestine-kao-drzave\/","og_site_name":"Sand\u017eak PRESS","article_published_time":"2014-12-16T14:21:54+00:00","article_modified_time":"2014-12-17T13:37:49+00:00","og_image":[{"width":631,"height":339,"url":"https:\/\/sandzakpress.net\/arhiva\/wp-content\/uploads\/2014\/12\/evropa.jpg","type":"image\/jpeg"}],"author":"bosniak","twitter_card":"summary_large_image","twitter_misc":{"Written by":"bosniak","Est. reading time":"1 minuta"},"schema":{"@context":"https:\/\/schema.org","@graph":[{"@type":"Article","@id":"https:\/\/sandzakpress.net\/arhiva\/evropski-parlament-prihvatio-rezoluciju-o-priznavanju-palestine-kao-drzave\/#article","isPartOf":{"@id":"https:\/\/sandzakpress.net\/arhiva\/evropski-parlament-prihvatio-rezoluciju-o-priznavanju-palestine-kao-drzave\/"},"author":{"name":"bosniak","@id":"https:\/\/sandzakpress.net\/arhiva\/#\/schema\/person\/c8baee722073534b583ea7bdb2e36c02"},"headline":"Evropski parlament prihvatio rezoluciju o priznavanju Palestine kao dr\u017eave","datePublished":"2014-12-16T14:21:54+00:00","dateModified":"2014-12-17T13:37:49+00:00","mainEntityOfPage":{"@id":"https:\/\/sandzakpress.net\/arhiva\/evropski-parlament-prihvatio-rezoluciju-o-priznavanju-palestine-kao-drzave\/"},"wordCount":141,"commentCount":1,"publisher":{"@id":"https:\/\/sandzakpress.net\/arhiva\/#\/schema\/person\/6e72b67d6e51910a1117b3b483ba20bd"},"image":{"@id":"https:\/\/sandzakpress.net\/arhiva\/evropski-parlament-prihvatio-rezoluciju-o-priznavanju-palestine-kao-drzave\/#primaryimage"},"thumbnailUrl":"https:\/\/sandzakpress.net\/arhiva\/wp-content\/uploads\/2014\/12\/evropa.jpg","keywords":["Palestina"],"articleSection":["Francuska","Svijet","VIJESTI DANA","NAJNOVIJE"],"inLanguage":"bs-BA","potentialAction":[{"@type":"CommentAction","name":"Comment","target":["https:\/\/sandzakpress.net\/arhiva\/evropski-parlament-prihvatio-rezoluciju-o-priznavanju-palestine-kao-drzave\/#respond"]}]},{"@type":"WebPage","@id":"https:\/\/sandzakpress.net\/arhiva\/evropski-parlament-prihvatio-rezoluciju-o-priznavanju-palestine-kao-drzave\/","url":"https:\/\/sandzakpress.net\/arhiva\/evropski-parlament-prihvatio-rezoluciju-o-priznavanju-palestine-kao-drzave\/","name":"Evropski parlament prihvatio rezoluciju o priznavanju Palestine kao dr\u017eave","isPartOf":{"@id":"https:\/\/sandzakpress.net\/arhiva\/#website"},"primaryImageOfPage":{"@id":"https:\/\/sandzakpress.net\/arhiva\/evropski-parlament-prihvatio-rezoluciju-o-priznavanju-palestine-kao-drzave\/#primaryimage"},"image":{"@id":"https:\/\/sandzakpress.net\/arhiva\/evropski-parlament-prihvatio-rezoluciju-o-priznavanju-palestine-kao-drzave\/#primaryimage"},"thumbnailUrl":"https:\/\/sandzakpress.net\/arhiva\/wp-content\/uploads\/2014\/12\/evropa.jpg","datePublished":"2014-12-16T14:21:54+00:00","dateModified":"2014-12-17T13:37:49+00:00","breadcrumb":{"@id":"https:\/\/sandzakpress.net\/arhiva\/evropski-parlament-prihvatio-rezoluciju-o-priznavanju-palestine-kao-drzave\/#breadcrumb"},"inLanguage":"bs-BA","potentialAction":[{"@type":"ReadAction","target":["https:\/\/sandzakpress.net\/arhiva\/evropski-parlament-prihvatio-rezoluciju-o-priznavanju-palestine-kao-drzave\/"]}]},{"@type":"ImageObject","inLanguage":"bs-BA","@id":"https:\/\/sandzakpress.net\/arhiva\/evropski-parlament-prihvatio-rezoluciju-o-priznavanju-palestine-kao-drzave\/#primaryimage","url":"https:\/\/sandzakpress.net\/arhiva\/wp-content\/uploads\/2014\/12\/evropa.jpg","contentUrl":"https:\/\/sandzakpress.net\/arhiva\/wp-content\/uploads\/2014\/12\/evropa.jpg","width":631,"height":339},{"@type":"BreadcrumbList","@id":"https:\/\/sandzakpress.net\/arhiva\/evropski-parlament-prihvatio-rezoluciju-o-priznavanju-palestine-kao-drzave\/#breadcrumb","itemListElement":[{"@type":"ListItem","position":1,"name":"Home","item":"https:\/\/sandzakpress.net\/arhiva\/"},{"@type":"ListItem","position":2,"name":"Evropski parlament prihvatio rezoluciju o priznavanju Palestine kao dr\u017eave"}]},{"@type":"WebSite","@id":"https:\/\/sandzakpress.net\/arhiva\/#website","url":"https:\/\/sandzakpress.net\/arhiva\/","name":"Sand\u017eak PRESS","description":"Prve elektronske novine u Sand\u017eaku","publisher":{"@id":"https:\/\/sandzakpress.net\/arhiva\/#\/schema\/person\/6e72b67d6e51910a1117b3b483ba20bd"},"potentialAction":[{"@type":"SearchAction","target":{"@type":"EntryPoint","urlTemplate":"https:\/\/sandzakpress.net\/arhiva\/?s={search_term_string}"},"query-input":{"@type":"PropertyValueSpecification","valueRequired":true,"valueName":"search_term_string"}}],"inLanguage":"bs-BA"},{"@type":["Person","Organization"],"@id":"https:\/\/sandzakpress.net\/arhiva\/#\/schema\/person\/6e72b67d6e51910a1117b3b483ba20bd","name":"Kul","image":{"@type":"ImageObject","inLanguage":"bs-BA","@id":"https:\/\/sandzakpress.net\/arhiva\/#\/schema\/person\/image\/","url":"https:\/\/secure.gravatar.com\/avatar\/42263f39aa27ac04c43cab85c280eb2e?s=96&d=mm&r=pg","contentUrl":"https:\/\/secure.gravatar.com\/avatar\/42263f39aa27ac04c43cab85c280eb2e?s=96&d=mm&r=pg","caption":"Kul"},"logo":{"@id":"https:\/\/sandzakpress.net\/arhiva\/#\/schema\/person\/image\/"}},{"@type":"Person","@id":"https:\/\/sandzakpress.net\/arhiva\/#\/schema\/person\/c8baee722073534b583ea7bdb2e36c02","name":"bosniak","image":{"@type":"ImageObject","inLanguage":"bs-BA","@id":"https:\/\/sandzakpress.net\/arhiva\/#\/schema\/person\/image\/","url":"https:\/\/secure.gravatar.com\/avatar\/a04fd330bfe3a36a72a0ad4a6d89fca7?s=96&d=mm&r=pg","contentUrl":"https:\/\/secure.gravatar.com\/avatar\/a04fd330bfe3a36a72a0ad4a6d89fca7?s=96&d=mm&r=pg","caption":"bosniak"},"url":"https:\/\/sandzakpress.net\/arhiva\/author\/bosniak\/"}]}},"_links":{"self":[{"href":"https:\/\/sandzakpress.net\/arhiva\/wp-json\/wp\/v2\/posts\/117326"}],"collection":[{"href":"https:\/\/sandzakpress.net\/arhiva\/wp-json\/wp\/v2\/posts"}],"about":[{"href":"https:\/\/sandzakpress.net\/arhiva\/wp-json\/wp\/v2\/types\/post"}],"author":[{"embeddable":true,"href":"https:\/\/sandzakpress.net\/arhiva\/wp-json\/wp\/v2\/users\/83"}],"replies":[{"embeddable":true,"href":"https:\/\/sandzakpress.net\/arhiva\/wp-json\/wp\/v2\/comments?post=117326"}],"version-history":[{"count":0,"href":"https:\/\/sandzakpress.net\/arhiva\/wp-json\/wp\/v2\/posts\/117326\/revisions"}],"wp:featuredmedia":[{"embeddable":true,"href":"https:\/\/sandzakpress.net\/arhiva\/wp-json\/wp\/v2\/media\/117327"}],"wp:attachment":[{"href":"https:\/\/sandzakpress.net\/arhiva\/wp-json\/wp\/v2\/media?parent=117326"}],"wp:term":[{"taxonomy":"category","embeddable":true,"href":"https:\/\/sandzakpress.net\/arhiva\/wp-json\/wp\/v2\/categories?post=117326"},{"taxonomy":"post_tag","embeddable":true,"href":"https:\/\/sandzakpress.net\/arhiva\/wp-json\/wp\/v2\/tags?post=117326"}],"curies":[{"name":"wp","href":"https:\/\/api.w.org\/{rel}","templated":true}]}}