{"id":117300,"date":"2014-12-17T11:59:29","date_gmt":"2014-12-17T10:59:29","guid":{"rendered":"https:\/\/sandzakpress.net\/arhiva\/?p=117300"},"modified":"2014-12-17T11:59:29","modified_gmt":"2014-12-17T10:59:29","slug":"zbog-ekoloskih-incidenata-mentovic-podnosi-amandman-na-zakon-o-zivotnoj-sredini","status":"publish","type":"post","link":"https:\/\/sandzakpress.net\/arhiva\/zbog-ekoloskih-incidenata-mentovic-podnosi-amandman-na-zakon-o-zivotnoj-sredini\/","title":{"rendered":"Zbog ekolo\u0161kih incidenata: Mentovi\u0107 podnosi amandman na Zakon o \u017eivotnoj sredini"},"content":{"rendered":"<p><img decoding=\"async\" src=\"http:\/\/pvportal.me\/wp-content\/uploads\/2014\/12\/pljevlja-magla-770x472.jpg\" alt=\"pljevlja magla\" \/><\/p>\n<p><strong>Pljevlja &#8211; Potpredsjednica Mre\u017ee Mladih Pokreta za Promjene Anika Mentovi\u0107, povodom sve u\u010destalijih ekolo\u0161kih incidenata, naro\u010dito u Pljevljima, podnijela je amandman na Zakon o \u017eivotnoj sredini.<br \/>\n<\/strong><br \/>\n-U Zakonu o \u017eivotnoj sredini (\u010dlan 4; ta\u010dka 5 i 6 \u2013 principi za\u0161tite \u017eivotne sredine, navodi se slede\u0107e: ta\u010dka 5) \u201cPrincip zaga\u0111iva\u010d pla\u0107a- Zaga\u0111iva\u010d, odnosno njegov pravni sljedbenik, odgovoran za zaga\u0111ivanje i \u0161tetu nanijetu \u017eivotnoj sredini, du\u017ean je da naknadi \u0161tetu i da snosi tro\u0161kove otklanjanja \u0161tete, u skladu sa zakonom. ta\u010dka 6) Princip korisnik pla\u0107a- Svako ko koristi prirodne resurse mora da plati cijenu za njihovo kori\u0161\u0107enje i rekultivaciju prostora u skladu sa zakonom, isti\u010de Mentovi\u0107.<\/p>\n<p>Ona je kao primjer navela rudnik uglja Pljevlja, koji je, kako je istakla, nakon eksploatacije uglja po zakonu du\u017ean da rekultivi\u0161e povr\u0161ine zemlji\u0161ta gdje je ugalj eksploatisan, ali i da stanovnike za\u0161titi od pra\u0161ine i ispu\u0161tanja \u0161tetnih gasova prilikom kopanja uglja.<\/p>\n<p>Tako\u0111e je navela primjer TE Pljevlja- ispu\u0161tanje otpadnih voda u Vezi\u0161nicu, proizvodnja velike buke prilikom rada, ispu\u0161tanje pepeljastih \u010destica u vazduh.<\/p>\n<p>-Skoro smo imali situaciju da se nakon pranja hladnjaka TE stvorila pjena od deterd\u017eenta koja se raspr\u0161ila po naseljima oko postrojenja TE tako da su Pljevljaci imali nenajavljeni pjena party! Samim tim da u Pljevljima ne postoji ekolo\u0161ki inspektor Pljevaljacima je ostalo da vjeruju na rije\u010d Elektroprivredi \u2013 pjena nije opasna, a hemijsku analizu niko nije uradio, istakla je Mentovi\u0107.<\/p>\n<p>Prema njenim rije\u010dima, ovakvih propusta je sve vi\u0161e i sve \u010de\u0161\u0107e se de\u0161avaju.<\/p>\n<p>-O\u010dito da je profit, tj. materijalna dobit dr\u017eave znatno iznad zna\u010daja \u017eivota gra\u0111ana iste. Smatram da su gra\u0111ani jedine \u017ertve neure\u0111enog sistema u ovoj dr\u017eavi, da se ima dosta toga uraditi ukoliko se misli na ozdravljenje ove zemlje, koja je progla\u0161ena ekolo\u0161kom dr\u017eavom \u0161to danas na\u017ealost jedino slu\u017ei za podsmijeh. I na pitanje: Da li ovi giganti i u smislu proizvodnje ali i u smislu zaga\u0111ivanja \u017eivotne sredine, po\u0161tuju ovaj Zakon, i da li se do sada u praksi desilo da plate za nanijetu \u0161tetu gra\u0111anima Pljevalja? Odgovor je jasan! Shodno svemu navedenom podnosim Amandman koji je ina\u010de danas na snazi, a to je da se ta\u010dka 5. i 6. iz \u010dlana 4 ukinu, jer po svemu sude\u0107i jedini koji pla\u0107aju svu \u0161tetu jesu gra\u0111ani Pljevalja, a pla\u0107aju svojim zdravljem i svojim \u017eivotom!, zaklju\u010dila je Mentovi\u0107.<\/p>\n<p>(PVporal)<\/p>\n","protected":false},"excerpt":{"rendered":"<p>Pljevlja &#8211; Potpredsjednica Mre\u017ee Mladih Pokreta za Promjene Anika Mentovi\u0107, povodom sve u\u010destalijih ekolo\u0161kih incidenata, naro\u010dito u Pljevljima, podnijela je amandman na Zakon o \u017eivotnoj sredini. -U Zakonu o \u017eivotnoj sredini (\u010dlan 4; ta\u010dka 5 i 6 \u2013 principi za\u0161tite \u017eivotne sredine, navodi se slede\u0107e: ta\u010dka 5) \u201cPrincip zaga\u0111iva\u010d pla\u0107a- Zaga\u0111iva\u010d, odnosno njegov pravni sljedbenik, [&hellip;]<\/p>\n","protected":false},"author":83,"featured_media":117301,"comment_status":"open","ping_status":"open","sticky":false,"template":"","format":"standard","meta":{"footnotes":""},"categories":[1,395,798,10193],"tags":[],"class_list":{"0":"post-117300","1":"post","2":"type-post","3":"status-publish","4":"format-standard","5":"has-post-thumbnail","7":"category-politika","8":"category-pljevlja_","9":"category-teme","10":"category-sandzak-2"},"yoast_head":"<!-- This site is optimized with the Yoast SEO Premium plugin v23.1 (Yoast SEO v24.9) - https:\/\/yoast.com\/wordpress\/plugins\/seo\/ -->\n<title>Zbog ekolo\u0161kih incidenata: Mentovi\u0107 podnosi amandman na Zakon o \u017eivotnoj sredini<\/title>\n<meta name=\"robots\" content=\"index, follow, max-snippet:-1, max-image-preview:large, max-video-preview:-1\" \/>\n<link rel=\"canonical\" href=\"https:\/\/sandzakpress.net\/arhiva\/zbog-ekoloskih-incidenata-mentovic-podnosi-amandman-na-zakon-o-zivotnoj-sredini\/\" \/>\n<meta property=\"og:locale\" content=\"bs_BA\" \/>\n<meta property=\"og:type\" content=\"article\" \/>\n<meta property=\"og:title\" content=\"Zbog ekolo\u0161kih incidenata: Mentovi\u0107 podnosi amandman na Zakon o \u017eivotnoj sredini\" \/>\n<meta property=\"og:description\" content=\"Pljevlja &#8211; Potpredsjednica Mre\u017ee Mladih Pokreta za Promjene Anika Mentovi\u0107, povodom sve u\u010destalijih ekolo\u0161kih incidenata, naro\u010dito u Pljevljima, podnijela je amandman na Zakon o \u017eivotnoj sredini. -U Zakonu o \u017eivotnoj sredini (\u010dlan 4; ta\u010dka 5 i 6 \u2013 principi za\u0161tite \u017eivotne sredine, navodi se slede\u0107e: ta\u010dka 5) \u201cPrincip zaga\u0111iva\u010d pla\u0107a- Zaga\u0111iva\u010d, odnosno njegov pravni sljedbenik, [&hellip;]\" \/>\n<meta property=\"og:url\" content=\"https:\/\/sandzakpress.net\/arhiva\/zbog-ekoloskih-incidenata-mentovic-podnosi-amandman-na-zakon-o-zivotnoj-sredini\/\" \/>\n<meta property=\"og:site_name\" content=\"Sand\u017eak PRESS\" \/>\n<meta property=\"article:published_time\" content=\"2014-12-17T10:59:29+00:00\" \/>\n<meta property=\"og:image\" content=\"https:\/\/sandzakpress.net\/arhiva\/wp-content\/uploads\/2014\/12\/pljevlja-magla-770x472.jpg\" \/>\n\t<meta property=\"og:image:width\" content=\"770\" \/>\n\t<meta property=\"og:image:height\" content=\"472\" \/>\n\t<meta property=\"og:image:type\" content=\"image\/jpeg\" \/>\n<meta name=\"author\" content=\"bosniak\" \/>\n<meta name=\"twitter:card\" content=\"summary_large_image\" \/>\n<meta name=\"twitter:label1\" content=\"Written by\" \/>\n\t<meta name=\"twitter:data1\" content=\"bosniak\" \/>\n\t<meta name=\"twitter:label2\" content=\"Est. reading time\" \/>\n\t<meta name=\"twitter:data2\" content=\"2 minute\" \/>\n<script type=\"application\/ld+json\" class=\"yoast-schema-graph\">{\"@context\":\"https:\/\/schema.org\",\"@graph\":[{\"@type\":\"Article\",\"@id\":\"https:\/\/sandzakpress.net\/arhiva\/zbog-ekoloskih-incidenata-mentovic-podnosi-amandman-na-zakon-o-zivotnoj-sredini\/#article\",\"isPartOf\":{\"@id\":\"https:\/\/sandzakpress.net\/arhiva\/zbog-ekoloskih-incidenata-mentovic-podnosi-amandman-na-zakon-o-zivotnoj-sredini\/\"},\"author\":{\"name\":\"bosniak\",\"@id\":\"https:\/\/sandzakpress.net\/arhiva\/#\/schema\/person\/c8baee722073534b583ea7bdb2e36c02\"},\"headline\":\"Zbog ekolo\u0161kih incidenata: Mentovi\u0107 podnosi amandman na Zakon o \u017eivotnoj sredini\",\"datePublished\":\"2014-12-17T10:59:29+00:00\",\"mainEntityOfPage\":{\"@id\":\"https:\/\/sandzakpress.net\/arhiva\/zbog-ekoloskih-incidenata-mentovic-podnosi-amandman-na-zakon-o-zivotnoj-sredini\/\"},\"wordCount\":436,\"commentCount\":0,\"publisher\":{\"@id\":\"https:\/\/sandzakpress.net\/arhiva\/#\/schema\/person\/6e72b67d6e51910a1117b3b483ba20bd\"},\"image\":{\"@id\":\"https:\/\/sandzakpress.net\/arhiva\/zbog-ekoloskih-incidenata-mentovic-podnosi-amandman-na-zakon-o-zivotnoj-sredini\/#primaryimage\"},\"thumbnailUrl\":\"https:\/\/sandzakpress.net\/arhiva\/wp-content\/uploads\/2014\/12\/pljevlja-magla-770x472.jpg\",\"articleSection\":[\"Politika\",\"Pljevlja\",\"NAJNOVIJE\",\"Sand\u017eak\"],\"inLanguage\":\"bs-BA\",\"potentialAction\":[{\"@type\":\"CommentAction\",\"name\":\"Comment\",\"target\":[\"https:\/\/sandzakpress.net\/arhiva\/zbog-ekoloskih-incidenata-mentovic-podnosi-amandman-na-zakon-o-zivotnoj-sredini\/#respond\"]}]},{\"@type\":\"WebPage\",\"@id\":\"https:\/\/sandzakpress.net\/arhiva\/zbog-ekoloskih-incidenata-mentovic-podnosi-amandman-na-zakon-o-zivotnoj-sredini\/\",\"url\":\"https:\/\/sandzakpress.net\/arhiva\/zbog-ekoloskih-incidenata-mentovic-podnosi-amandman-na-zakon-o-zivotnoj-sredini\/\",\"name\":\"Zbog ekolo\u0161kih incidenata: Mentovi\u0107 podnosi amandman na Zakon o \u017eivotnoj sredini\",\"isPartOf\":{\"@id\":\"https:\/\/sandzakpress.net\/arhiva\/#website\"},\"primaryImageOfPage\":{\"@id\":\"https:\/\/sandzakpress.net\/arhiva\/zbog-ekoloskih-incidenata-mentovic-podnosi-amandman-na-zakon-o-zivotnoj-sredini\/#primaryimage\"},\"image\":{\"@id\":\"https:\/\/sandzakpress.net\/arhiva\/zbog-ekoloskih-incidenata-mentovic-podnosi-amandman-na-zakon-o-zivotnoj-sredini\/#primaryimage\"},\"thumbnailUrl\":\"https:\/\/sandzakpress.net\/arhiva\/wp-content\/uploads\/2014\/12\/pljevlja-magla-770x472.jpg\",\"datePublished\":\"2014-12-17T10:59:29+00:00\",\"breadcrumb\":{\"@id\":\"https:\/\/sandzakpress.net\/arhiva\/zbog-ekoloskih-incidenata-mentovic-podnosi-amandman-na-zakon-o-zivotnoj-sredini\/#breadcrumb\"},\"inLanguage\":\"bs-BA\",\"potentialAction\":[{\"@type\":\"ReadAction\",\"target\":[\"https:\/\/sandzakpress.net\/arhiva\/zbog-ekoloskih-incidenata-mentovic-podnosi-amandman-na-zakon-o-zivotnoj-sredini\/\"]}]},{\"@type\":\"ImageObject\",\"inLanguage\":\"bs-BA\",\"@id\":\"https:\/\/sandzakpress.net\/arhiva\/zbog-ekoloskih-incidenata-mentovic-podnosi-amandman-na-zakon-o-zivotnoj-sredini\/#primaryimage\",\"url\":\"https:\/\/sandzakpress.net\/arhiva\/wp-content\/uploads\/2014\/12\/pljevlja-magla-770x472.jpg\",\"contentUrl\":\"https:\/\/sandzakpress.net\/arhiva\/wp-content\/uploads\/2014\/12\/pljevlja-magla-770x472.jpg\",\"width\":770,\"height\":472},{\"@type\":\"BreadcrumbList\",\"@id\":\"https:\/\/sandzakpress.net\/arhiva\/zbog-ekoloskih-incidenata-mentovic-podnosi-amandman-na-zakon-o-zivotnoj-sredini\/#breadcrumb\",\"itemListElement\":[{\"@type\":\"ListItem\",\"position\":1,\"name\":\"Home\",\"item\":\"https:\/\/sandzakpress.net\/arhiva\/\"},{\"@type\":\"ListItem\",\"position\":2,\"name\":\"Zbog ekolo\u0161kih incidenata: Mentovi\u0107 podnosi amandman na Zakon o \u017eivotnoj sredini\"}]},{\"@type\":\"WebSite\",\"@id\":\"https:\/\/sandzakpress.net\/arhiva\/#website\",\"url\":\"https:\/\/sandzakpress.net\/arhiva\/\",\"name\":\"Sand\u017eak PRESS\",\"description\":\"Prve elektronske novine u Sand\u017eaku\",\"publisher\":{\"@id\":\"https:\/\/sandzakpress.net\/arhiva\/#\/schema\/person\/6e72b67d6e51910a1117b3b483ba20bd\"},\"potentialAction\":[{\"@type\":\"SearchAction\",\"target\":{\"@type\":\"EntryPoint\",\"urlTemplate\":\"https:\/\/sandzakpress.net\/arhiva\/?s={search_term_string}\"},\"query-input\":{\"@type\":\"PropertyValueSpecification\",\"valueRequired\":true,\"valueName\":\"search_term_string\"}}],\"inLanguage\":\"bs-BA\"},{\"@type\":[\"Person\",\"Organization\"],\"@id\":\"https:\/\/sandzakpress.net\/arhiva\/#\/schema\/person\/6e72b67d6e51910a1117b3b483ba20bd\",\"name\":\"Kul\",\"image\":{\"@type\":\"ImageObject\",\"inLanguage\":\"bs-BA\",\"@id\":\"https:\/\/sandzakpress.net\/arhiva\/#\/schema\/person\/image\/\",\"url\":\"https:\/\/secure.gravatar.com\/avatar\/42263f39aa27ac04c43cab85c280eb2e?s=96&d=mm&r=pg\",\"contentUrl\":\"https:\/\/secure.gravatar.com\/avatar\/42263f39aa27ac04c43cab85c280eb2e?s=96&d=mm&r=pg\",\"caption\":\"Kul\"},\"logo\":{\"@id\":\"https:\/\/sandzakpress.net\/arhiva\/#\/schema\/person\/image\/\"}},{\"@type\":\"Person\",\"@id\":\"https:\/\/sandzakpress.net\/arhiva\/#\/schema\/person\/c8baee722073534b583ea7bdb2e36c02\",\"name\":\"bosniak\",\"image\":{\"@type\":\"ImageObject\",\"inLanguage\":\"bs-BA\",\"@id\":\"https:\/\/sandzakpress.net\/arhiva\/#\/schema\/person\/image\/\",\"url\":\"https:\/\/secure.gravatar.com\/avatar\/a04fd330bfe3a36a72a0ad4a6d89fca7?s=96&d=mm&r=pg\",\"contentUrl\":\"https:\/\/secure.gravatar.com\/avatar\/a04fd330bfe3a36a72a0ad4a6d89fca7?s=96&d=mm&r=pg\",\"caption\":\"bosniak\"},\"url\":\"https:\/\/sandzakpress.net\/arhiva\/author\/bosniak\/\"}]}<\/script>\n<!-- \/ Yoast SEO Premium plugin. -->","yoast_head_json":{"title":"Zbog ekolo\u0161kih incidenata: Mentovi\u0107 podnosi amandman na Zakon o \u017eivotnoj sredini","robots":{"index":"index","follow":"follow","max-snippet":"max-snippet:-1","max-image-preview":"max-image-preview:large","max-video-preview":"max-video-preview:-1"},"canonical":"https:\/\/sandzakpress.net\/arhiva\/zbog-ekoloskih-incidenata-mentovic-podnosi-amandman-na-zakon-o-zivotnoj-sredini\/","og_locale":"bs_BA","og_type":"article","og_title":"Zbog ekolo\u0161kih incidenata: Mentovi\u0107 podnosi amandman na Zakon o \u017eivotnoj sredini","og_description":"Pljevlja &#8211; Potpredsjednica Mre\u017ee Mladih Pokreta za Promjene Anika Mentovi\u0107, povodom sve u\u010destalijih ekolo\u0161kih incidenata, naro\u010dito u Pljevljima, podnijela je amandman na Zakon o \u017eivotnoj sredini. -U Zakonu o \u017eivotnoj sredini (\u010dlan 4; ta\u010dka 5 i 6 \u2013 principi za\u0161tite \u017eivotne sredine, navodi se slede\u0107e: ta\u010dka 5) \u201cPrincip zaga\u0111iva\u010d pla\u0107a- Zaga\u0111iva\u010d, odnosno njegov pravni sljedbenik, [&hellip;]","og_url":"https:\/\/sandzakpress.net\/arhiva\/zbog-ekoloskih-incidenata-mentovic-podnosi-amandman-na-zakon-o-zivotnoj-sredini\/","og_site_name":"Sand\u017eak PRESS","article_published_time":"2014-12-17T10:59:29+00:00","og_image":[{"width":770,"height":472,"url":"https:\/\/sandzakpress.net\/arhiva\/wp-content\/uploads\/2014\/12\/pljevlja-magla-770x472.jpg","type":"image\/jpeg"}],"author":"bosniak","twitter_card":"summary_large_image","twitter_misc":{"Written by":"bosniak","Est. reading time":"2 minute"},"schema":{"@context":"https:\/\/schema.org","@graph":[{"@type":"Article","@id":"https:\/\/sandzakpress.net\/arhiva\/zbog-ekoloskih-incidenata-mentovic-podnosi-amandman-na-zakon-o-zivotnoj-sredini\/#article","isPartOf":{"@id":"https:\/\/sandzakpress.net\/arhiva\/zbog-ekoloskih-incidenata-mentovic-podnosi-amandman-na-zakon-o-zivotnoj-sredini\/"},"author":{"name":"bosniak","@id":"https:\/\/sandzakpress.net\/arhiva\/#\/schema\/person\/c8baee722073534b583ea7bdb2e36c02"},"headline":"Zbog ekolo\u0161kih incidenata: Mentovi\u0107 podnosi amandman na Zakon o \u017eivotnoj sredini","datePublished":"2014-12-17T10:59:29+00:00","mainEntityOfPage":{"@id":"https:\/\/sandzakpress.net\/arhiva\/zbog-ekoloskih-incidenata-mentovic-podnosi-amandman-na-zakon-o-zivotnoj-sredini\/"},"wordCount":436,"commentCount":0,"publisher":{"@id":"https:\/\/sandzakpress.net\/arhiva\/#\/schema\/person\/6e72b67d6e51910a1117b3b483ba20bd"},"image":{"@id":"https:\/\/sandzakpress.net\/arhiva\/zbog-ekoloskih-incidenata-mentovic-podnosi-amandman-na-zakon-o-zivotnoj-sredini\/#primaryimage"},"thumbnailUrl":"https:\/\/sandzakpress.net\/arhiva\/wp-content\/uploads\/2014\/12\/pljevlja-magla-770x472.jpg","articleSection":["Politika","Pljevlja","NAJNOVIJE","Sand\u017eak"],"inLanguage":"bs-BA","potentialAction":[{"@type":"CommentAction","name":"Comment","target":["https:\/\/sandzakpress.net\/arhiva\/zbog-ekoloskih-incidenata-mentovic-podnosi-amandman-na-zakon-o-zivotnoj-sredini\/#respond"]}]},{"@type":"WebPage","@id":"https:\/\/sandzakpress.net\/arhiva\/zbog-ekoloskih-incidenata-mentovic-podnosi-amandman-na-zakon-o-zivotnoj-sredini\/","url":"https:\/\/sandzakpress.net\/arhiva\/zbog-ekoloskih-incidenata-mentovic-podnosi-amandman-na-zakon-o-zivotnoj-sredini\/","name":"Zbog ekolo\u0161kih incidenata: Mentovi\u0107 podnosi amandman na Zakon o \u017eivotnoj sredini","isPartOf":{"@id":"https:\/\/sandzakpress.net\/arhiva\/#website"},"primaryImageOfPage":{"@id":"https:\/\/sandzakpress.net\/arhiva\/zbog-ekoloskih-incidenata-mentovic-podnosi-amandman-na-zakon-o-zivotnoj-sredini\/#primaryimage"},"image":{"@id":"https:\/\/sandzakpress.net\/arhiva\/zbog-ekoloskih-incidenata-mentovic-podnosi-amandman-na-zakon-o-zivotnoj-sredini\/#primaryimage"},"thumbnailUrl":"https:\/\/sandzakpress.net\/arhiva\/wp-content\/uploads\/2014\/12\/pljevlja-magla-770x472.jpg","datePublished":"2014-12-17T10:59:29+00:00","breadcrumb":{"@id":"https:\/\/sandzakpress.net\/arhiva\/zbog-ekoloskih-incidenata-mentovic-podnosi-amandman-na-zakon-o-zivotnoj-sredini\/#breadcrumb"},"inLanguage":"bs-BA","potentialAction":[{"@type":"ReadAction","target":["https:\/\/sandzakpress.net\/arhiva\/zbog-ekoloskih-incidenata-mentovic-podnosi-amandman-na-zakon-o-zivotnoj-sredini\/"]}]},{"@type":"ImageObject","inLanguage":"bs-BA","@id":"https:\/\/sandzakpress.net\/arhiva\/zbog-ekoloskih-incidenata-mentovic-podnosi-amandman-na-zakon-o-zivotnoj-sredini\/#primaryimage","url":"https:\/\/sandzakpress.net\/arhiva\/wp-content\/uploads\/2014\/12\/pljevlja-magla-770x472.jpg","contentUrl":"https:\/\/sandzakpress.net\/arhiva\/wp-content\/uploads\/2014\/12\/pljevlja-magla-770x472.jpg","width":770,"height":472},{"@type":"BreadcrumbList","@id":"https:\/\/sandzakpress.net\/arhiva\/zbog-ekoloskih-incidenata-mentovic-podnosi-amandman-na-zakon-o-zivotnoj-sredini\/#breadcrumb","itemListElement":[{"@type":"ListItem","position":1,"name":"Home","item":"https:\/\/sandzakpress.net\/arhiva\/"},{"@type":"ListItem","position":2,"name":"Zbog ekolo\u0161kih incidenata: Mentovi\u0107 podnosi amandman na Zakon o \u017eivotnoj sredini"}]},{"@type":"WebSite","@id":"https:\/\/sandzakpress.net\/arhiva\/#website","url":"https:\/\/sandzakpress.net\/arhiva\/","name":"Sand\u017eak PRESS","description":"Prve elektronske novine u Sand\u017eaku","publisher":{"@id":"https:\/\/sandzakpress.net\/arhiva\/#\/schema\/person\/6e72b67d6e51910a1117b3b483ba20bd"},"potentialAction":[{"@type":"SearchAction","target":{"@type":"EntryPoint","urlTemplate":"https:\/\/sandzakpress.net\/arhiva\/?s={search_term_string}"},"query-input":{"@type":"PropertyValueSpecification","valueRequired":true,"valueName":"search_term_string"}}],"inLanguage":"bs-BA"},{"@type":["Person","Organization"],"@id":"https:\/\/sandzakpress.net\/arhiva\/#\/schema\/person\/6e72b67d6e51910a1117b3b483ba20bd","name":"Kul","image":{"@type":"ImageObject","inLanguage":"bs-BA","@id":"https:\/\/sandzakpress.net\/arhiva\/#\/schema\/person\/image\/","url":"https:\/\/secure.gravatar.com\/avatar\/42263f39aa27ac04c43cab85c280eb2e?s=96&d=mm&r=pg","contentUrl":"https:\/\/secure.gravatar.com\/avatar\/42263f39aa27ac04c43cab85c280eb2e?s=96&d=mm&r=pg","caption":"Kul"},"logo":{"@id":"https:\/\/sandzakpress.net\/arhiva\/#\/schema\/person\/image\/"}},{"@type":"Person","@id":"https:\/\/sandzakpress.net\/arhiva\/#\/schema\/person\/c8baee722073534b583ea7bdb2e36c02","name":"bosniak","image":{"@type":"ImageObject","inLanguage":"bs-BA","@id":"https:\/\/sandzakpress.net\/arhiva\/#\/schema\/person\/image\/","url":"https:\/\/secure.gravatar.com\/avatar\/a04fd330bfe3a36a72a0ad4a6d89fca7?s=96&d=mm&r=pg","contentUrl":"https:\/\/secure.gravatar.com\/avatar\/a04fd330bfe3a36a72a0ad4a6d89fca7?s=96&d=mm&r=pg","caption":"bosniak"},"url":"https:\/\/sandzakpress.net\/arhiva\/author\/bosniak\/"}]}},"_links":{"self":[{"href":"https:\/\/sandzakpress.net\/arhiva\/wp-json\/wp\/v2\/posts\/117300"}],"collection":[{"href":"https:\/\/sandzakpress.net\/arhiva\/wp-json\/wp\/v2\/posts"}],"about":[{"href":"https:\/\/sandzakpress.net\/arhiva\/wp-json\/wp\/v2\/types\/post"}],"author":[{"embeddable":true,"href":"https:\/\/sandzakpress.net\/arhiva\/wp-json\/wp\/v2\/users\/83"}],"replies":[{"embeddable":true,"href":"https:\/\/sandzakpress.net\/arhiva\/wp-json\/wp\/v2\/comments?post=117300"}],"version-history":[{"count":0,"href":"https:\/\/sandzakpress.net\/arhiva\/wp-json\/wp\/v2\/posts\/117300\/revisions"}],"wp:featuredmedia":[{"embeddable":true,"href":"https:\/\/sandzakpress.net\/arhiva\/wp-json\/wp\/v2\/media\/117301"}],"wp:attachment":[{"href":"https:\/\/sandzakpress.net\/arhiva\/wp-json\/wp\/v2\/media?parent=117300"}],"wp:term":[{"taxonomy":"category","embeddable":true,"href":"https:\/\/sandzakpress.net\/arhiva\/wp-json\/wp\/v2\/categories?post=117300"},{"taxonomy":"post_tag","embeddable":true,"href":"https:\/\/sandzakpress.net\/arhiva\/wp-json\/wp\/v2\/tags?post=117300"}],"curies":[{"name":"wp","href":"https:\/\/api.w.org\/{rel}","templated":true}]}}