{"id":11716,"date":"2011-01-24T19:57:24","date_gmt":"2011-01-24T18:57:24","guid":{"rendered":"https:\/\/sandzakpress.net\/arhiva\/?p=11716"},"modified":"2011-01-24T19:57:24","modified_gmt":"2011-01-24T18:57:24","slug":"bosnjaci-naturalizovani-crnogorci","status":"publish","type":"post","link":"https:\/\/sandzakpress.net\/arhiva\/bosnjaci-naturalizovani-crnogorci\/","title":{"rendered":"Bo\u0161njaci &#8220;naturalizovani&#8221; Crnogorci"},"content":{"rendered":"<p><a href=\"https:\/\/sandzakpress.net\/arhiva\/wp-content\/uploads\/2011\/01\/Sandzak-Zastava.jpg\"><img loading=\"lazy\" decoding=\"async\" class=\"aligncenter size-full wp-image-11717\" title=\"Sandzak-Zastava\" src=\"https:\/\/sandzakpress.net\/arhiva\/wp-content\/uploads\/2011\/01\/Sandzak-Zastava.jpg\" alt=\"\" width=\"616\" height=\"287\" \/><\/a><\/p>\n<p><strong>\u010cast se ne mo\u017ee oduzeti, ona se mo\u017ee samo izgubiti.<\/strong>(A.\u010c.)<\/p>\n<p>Nekoliko sati pred kraj 2010.godine Sudsko vije\u0107e na \u010delu sa \u0160efkijom \u0110e\u0161evi\u0107em obznanilo je, da nije bilo dovoljno dokaza da se osude optu\u017eenii za zlo\u010dine u Bukovici kod Pljevalja. Opa bato!<\/p>\n<p>Nije dovoljno dokaza za zlo\u010din desetak nevino ubijenih Bo\u0161njaka, stotine koji su pro\u0161li torture, svi stanovinici Bukovice raseljeni i protjerani, a njihova imovina oplja\u010dkana, dvije d\u017eamije spakjene, sru\u0161ene\u2026 I eto nema za osudu dovoljno dokaza, reko\u0161e sudci crnogorske dr\u017eave.<\/p>\n<p>Dr\u017eava i dru\u0161tvo koje krije, zata\u0161kava i ne suo\u010dava se sa zlo\u010dinima svojih gra\u0111ana, ona po\u010diva na zlo\u010dinima i tim pona\u0161anjem poziva na nove i jo\u0161 ve\u0107e zlo\u010dine, zar ne?<\/p>\n<p>O sramnom zata\u0161kavanju zlo\u010dina u Bukovici, pi\u0161e se i pisalo se, a zaborava sigurno ne\u0107e i ne smije biti. Zaboravu nisu propu\u0161teni doga\u0111aju iz 1912. -1913.godine, okupacija plavsko-gusinjske doline, masovni masakri muslimana na Previji, Racini, dok pojedina\u010dnim nema ni broja. Zaboravu nije propu\u0161ten masakar u \u0160ahovi\u0107ima, pa ni oni od okupacije Bara, Nik\u0161i\u0107a, Podgorice, Kola\u0161ina te mnogim mjestima diljem dana\u0161nje Crne Gore, gdje su \u017eivjeli muslimani, Bo\u0161njaci i Albanci.<\/p>\n<p>Po\u0161to je danas javno mijenje prili\u010dno informisano, pri\u0107i fizi\u010dkom istrebljenju jednog naroda itekako je komplikovano, zato vlast tra\u017ei drugog i druga\u010dijeg na\u010dina da izmijeni demografsku sliku stanovni\u0161tva.<\/p>\n<p>U Crnoj Gori u aprilu mjeseca bit \u0107e odr\u017ean popis stanovni\u0161tva i doma\u0107instava. Par mjeseci prije popisa, a to je u februaru, po\u010dinje \u201c\u017eiva\u201d kampanja, koju \u0107e predvoditi vladaju\u0107a kaolicija i koji \u0107e \u201cupu\u0107ivati\u201d gra\u0111ane kako da se izja\u0161njavaju.<\/p>\n<p>Ve\u0107 se nazire da \u0107e kampanja biti prljava a tako i popis, gdje \u0107e sigurno do\u0107i do \u201ckupovine\u201d ili pak pritisaka na sve one koji u istinu nisu Crnogorci, a to su muslimani odnosno zalutali Bo\u0161njaci gdje neki od njih imaju tedenciju za jeftine pare prodavati svoje glasove politi\u010dkim strankama, pa \u0107e se na\u0107i neki od njih, koji \u0107e prodat i svoju nacionalnu pripadnost.<br \/>\nMuslimanske nacije nema, i nikad je nije bilo, to je jasno; ali zato ima Bo\u0161njaka, Albanaca, Turaka, Arapa, Kineza i drugih. Jedno za sigurno, nema crnogorskih i srpskih muslimana, jer sa njima su ras\u010distili \u201cistragom poturica\u201d i kasnije pokr\u0161tavanjem \u201cvasojevi\u0107kih\u201d muslimana i drugih.<\/p>\n<p>Istina je, da \u0107e mnogi dosad deklarisani \u201cmuslimani\u201d, ako se budu izja\u0161njavali ono \u0161to i jesu, vratiti se svom narodu kojem pripadaju. Jer je neshvatljivo desiti da se jedan Avdul Kurpejovi\u0107 nacionalno izja\u0161njava kao \u201cMusliman\u201d a ostali Krpejovi\u0107i &#8211; Bo\u0161njaci, \u0161to u istinu i jesu.<\/p>\n<p>O mentalnom sklopu nekih takozvanih \u201ecrnogorskih\u201c muslimana koji \u0107e odra\u0111ivat prljave poslove, u vidu nagovaranja, pritiska i ucjenjivanja svojih sunarodnjaka, da prihvate crnogorstvo, bit \u0107e prisutno, jer to nalagodavac tra\u017ei od njih. Koliko \u0107e biti prihva\u0107eno crnogorstvo od \u201emuslimana\u201c sa velikim \u201eM\u201c nije te\u0161ko pogoditi, te da \u0107e ostat na cjedilu samo oni koji su svemu ovome kumovali i koji su ve\u0107 izgubili podr\u0161ku svog istinskog naroda.<\/p>\n<p>Sudbina \u201eMuslimana\u201c u CG me podsje\u0107a na stihove narodne pjesme koja ka\u017ea:\u00a0<em>\u201eLijevo desno nigdje moga stana, oj ulice alaj si pijana.\u201c<\/em><em> <\/em><br \/>\nGovori se da \u0107e najve\u0107u \u201easimilaciju\u201c pretrpjeti ba\u0161 ti \u201emuslimani\u201c i to od Bo\u0161njaka, \u0161to je smije\u0161no, jer oni i jesu dio bo\u0161nja\u010dkog naroda, koji je zalutao i opredijelio se nacionalno kao muslimani. Najve\u0107a istina je, da \u0107e Crnogorci probat asimilirati ovu grupu ljudi, gdje su manjina ubije\u0111eni i misle da su po nacionalnosti \u201emuslimani\u201c, a sve je to zaslugom onih koji su se prodali za radna mjesta, privilegije, ili pak pre\u017eivljvanje.<\/p>\n<p>Svakako politika i politi\u010dari \u0107e imati velikog uticaja na ovom popisu (implicated hands) gdje \u0107e se kupovati \u201eljudi\u201c iz drugih nacionalnosti, \u0161to je uobi\u010dajeno i postala praksa pri svim politi\u010dkim izborima na tom podneblju, pa za\u0161to nebi i pri popisu stanovni\u0161tva.<\/p>\n<p>Postoje tvrdnje, a i za vjerovati je, da \u0107e vlast raditi na tome da pove\u0107aju procenat gra\u0111ana koji \u0107e se izja\u0161njavati kao Crnogorci, i oni koji govore crnogorskim jezikom.<\/p>\n<p>Istine radi, tu su upravo tzv. \u201eMuslimani\u201c na udaru, na koje se u veliko nadaju vode\u0107e crnogorske stranke, koje nastupaju pod pla\u0161tom gra\u0111anske opcije. Ho\u0107e da procentualno uve\u0107aju crnogorsku naciju samo na papiru, ali instinski \u201emuslimani\u201c nikad ne\u0107e bit prihva\u0107eni u crnogorsko oro. Bilo kakav pritisak od strane vlade i politi\u010dkih stranaka na jedan narod, bi bilo kr\u0161enje nacionalnog naslije\u0111a i istinske pripadnosti gra\u0111ana svom naslije\u0111u, \u0161to su dosad i radili. Dobro nam je poznato da su veliki dio onih koji su se dosad deklarisali kao \u201eMuslimani\u201c, mnogi su shvatili da je to gre\u0161ka, te da ih istinski ne\u0107e prihvatiti, \u010dak ni kao \u201enaturalizovane\u201c Crnogorace. Tako\u0111er oni koji su se dosad deklarisali kao muslimani sa velikim \u201eM\u201c, ako se ne vrate svom istinskom nacionalnom korpusu &#8211; Bo\u0161njacima, postaju kao ovce koje se odvoje od svog stada i postanu \u017ertva vukova, kojih Balkan nikad nije oskudijevao.<\/p>\n<p>Imaju za du\u017enost generacije mladih iz ove takozvane nacinalne grupe, da se otrgnu iz ralja onih koji su ih pogre\u0161no uputili i ubijedili, da postoji jedina muslimanska nacija na svijetu, i to ba\u0161 u Crnoj Gori, zemlji istrage poturica i pokr\u0161tavanja.<\/p>\n<p>Da bi bilo sve fer i na sviom mjestu, neka svaka ptica ostane u svom jatu, ili ode svom pravom jatu, a svi zajedno neka ravnopravno grade dr\u017eavu u kojoj \u017eive, za bolje sutra svih generacija koje pristi\u017eu.<\/p>\n<p>\u017delimo fer popis stanovni\u0161tva, bez uplitanja politike i pojedinaca nama dobro poznatih iz svih naroda u dr\u017eavi Crnoj Gori. Abdulu Kurpejovi\u0107u i njegovm ahbabima preporui\u010dujemo da se osvijeste i vrate se u okrilje svojih bratstva iz kojih str\u010de, i koja su ve\u0107inski deklariraju kao Bo\u0161njaci, \u0161to i jesu!<\/p>\n<p>Autor: <strong>Avdo Metjahi\u0107<\/strong><\/p>\n<p>Izvor: <strong>Bosnjaci.net<\/strong><\/p>\n","protected":false},"excerpt":{"rendered":"<p>\u010cast se ne mo\u017ee oduzeti, ona se mo\u017ee samo izgubiti.(A.\u010c.) Nekoliko sati pred kraj 2010.godine Sudsko vije\u0107e na \u010delu sa \u0160efkijom \u0110e\u0161evi\u0107em obznanilo je, da nije bilo dovoljno dokaza da se osude optu\u017eenii za zlo\u010dine u Bukovici kod Pljevalja. Opa bato! Nije dovoljno dokaza za zlo\u010din desetak nevino ubijenih Bo\u0161njaka, stotine koji su pro\u0161li torture, [&hellip;]<\/p>\n","protected":false},"author":83,"featured_media":11717,"comment_status":"open","ping_status":"open","sticky":false,"template":"","format":"standard","meta":{"footnotes":""},"categories":[398,397,396,395,399],"tags":[],"class_list":{"0":"post-11716","1":"post","2":"type-post","3":"status-publish","4":"format-standard","5":"has-post-thumbnail","7":"category-rozaje","8":"category-berane","9":"category-bijelo_polje","10":"category-pljevlja_","11":"category-plav_"},"yoast_head":"<!-- This site is optimized with the Yoast SEO Premium plugin v23.1 (Yoast SEO v24.9) - https:\/\/yoast.com\/wordpress\/plugins\/seo\/ -->\n<title>Bo\u0161njaci &quot;naturalizovani&quot; Crnogorci<\/title>\n<meta name=\"robots\" content=\"index, follow, max-snippet:-1, max-image-preview:large, max-video-preview:-1\" \/>\n<link rel=\"canonical\" href=\"https:\/\/sandzakpress.net\/arhiva\/bosnjaci-naturalizovani-crnogorci\/\" \/>\n<meta property=\"og:locale\" content=\"bs_BA\" \/>\n<meta property=\"og:type\" content=\"article\" \/>\n<meta property=\"og:title\" content=\"Bo\u0161njaci &quot;naturalizovani&quot; Crnogorci\" \/>\n<meta property=\"og:description\" content=\"\u010cast se ne mo\u017ee oduzeti, ona se mo\u017ee samo izgubiti.(A.\u010c.) Nekoliko sati pred kraj 2010.godine Sudsko vije\u0107e na \u010delu sa \u0160efkijom \u0110e\u0161evi\u0107em obznanilo je, da nije bilo dovoljno dokaza da se osude optu\u017eenii za zlo\u010dine u Bukovici kod Pljevalja. Opa bato! Nije dovoljno dokaza za zlo\u010din desetak nevino ubijenih Bo\u0161njaka, stotine koji su pro\u0161li torture, [&hellip;]\" \/>\n<meta property=\"og:url\" content=\"https:\/\/sandzakpress.net\/arhiva\/bosnjaci-naturalizovani-crnogorci\/\" \/>\n<meta property=\"og:site_name\" content=\"Sand\u017eak PRESS\" \/>\n<meta property=\"article:published_time\" content=\"2011-01-24T18:57:24+00:00\" \/>\n<meta property=\"og:image\" content=\"https:\/\/sandzakpress.net\/arhiva\/wp-content\/uploads\/2011\/01\/Sandzak-Zastava.jpg\" \/>\n\t<meta property=\"og:image:width\" content=\"616\" \/>\n\t<meta property=\"og:image:height\" content=\"287\" \/>\n\t<meta property=\"og:image:type\" content=\"image\/jpeg\" \/>\n<meta name=\"author\" content=\"bosniak\" \/>\n<meta name=\"twitter:card\" content=\"summary_large_image\" \/>\n<meta name=\"twitter:label1\" content=\"Written by\" \/>\n\t<meta name=\"twitter:data1\" content=\"bosniak\" \/>\n\t<meta name=\"twitter:label2\" content=\"Est. reading time\" \/>\n\t<meta name=\"twitter:data2\" content=\"5 minuta\" \/>\n<script type=\"application\/ld+json\" class=\"yoast-schema-graph\">{\"@context\":\"https:\/\/schema.org\",\"@graph\":[{\"@type\":\"Article\",\"@id\":\"https:\/\/sandzakpress.net\/arhiva\/bosnjaci-naturalizovani-crnogorci\/#article\",\"isPartOf\":{\"@id\":\"https:\/\/sandzakpress.net\/arhiva\/bosnjaci-naturalizovani-crnogorci\/\"},\"author\":{\"name\":\"bosniak\",\"@id\":\"https:\/\/sandzakpress.net\/arhiva\/#\/schema\/person\/c8baee722073534b583ea7bdb2e36c02\"},\"headline\":\"Bo\u0161njaci &#8220;naturalizovani&#8221; Crnogorci\",\"datePublished\":\"2011-01-24T18:57:24+00:00\",\"mainEntityOfPage\":{\"@id\":\"https:\/\/sandzakpress.net\/arhiva\/bosnjaci-naturalizovani-crnogorci\/\"},\"wordCount\":1030,\"commentCount\":5,\"publisher\":{\"@id\":\"https:\/\/sandzakpress.net\/arhiva\/#\/schema\/person\/6e72b67d6e51910a1117b3b483ba20bd\"},\"image\":{\"@id\":\"https:\/\/sandzakpress.net\/arhiva\/bosnjaci-naturalizovani-crnogorci\/#primaryimage\"},\"thumbnailUrl\":\"https:\/\/sandzakpress.net\/arhiva\/wp-content\/uploads\/2011\/01\/Sandzak-Zastava.jpg\",\"articleSection\":[\"Ro\u017eaje\",\"Berane\",\"Bijelo Polje\",\"Pljevlja\",\"Plav\"],\"inLanguage\":\"bs-BA\",\"potentialAction\":[{\"@type\":\"CommentAction\",\"name\":\"Comment\",\"target\":[\"https:\/\/sandzakpress.net\/arhiva\/bosnjaci-naturalizovani-crnogorci\/#respond\"]}]},{\"@type\":\"WebPage\",\"@id\":\"https:\/\/sandzakpress.net\/arhiva\/bosnjaci-naturalizovani-crnogorci\/\",\"url\":\"https:\/\/sandzakpress.net\/arhiva\/bosnjaci-naturalizovani-crnogorci\/\",\"name\":\"Bo\u0161njaci \\\"naturalizovani\\\" Crnogorci\",\"isPartOf\":{\"@id\":\"https:\/\/sandzakpress.net\/arhiva\/#website\"},\"primaryImageOfPage\":{\"@id\":\"https:\/\/sandzakpress.net\/arhiva\/bosnjaci-naturalizovani-crnogorci\/#primaryimage\"},\"image\":{\"@id\":\"https:\/\/sandzakpress.net\/arhiva\/bosnjaci-naturalizovani-crnogorci\/#primaryimage\"},\"thumbnailUrl\":\"https:\/\/sandzakpress.net\/arhiva\/wp-content\/uploads\/2011\/01\/Sandzak-Zastava.jpg\",\"datePublished\":\"2011-01-24T18:57:24+00:00\",\"breadcrumb\":{\"@id\":\"https:\/\/sandzakpress.net\/arhiva\/bosnjaci-naturalizovani-crnogorci\/#breadcrumb\"},\"inLanguage\":\"bs-BA\",\"potentialAction\":[{\"@type\":\"ReadAction\",\"target\":[\"https:\/\/sandzakpress.net\/arhiva\/bosnjaci-naturalizovani-crnogorci\/\"]}]},{\"@type\":\"ImageObject\",\"inLanguage\":\"bs-BA\",\"@id\":\"https:\/\/sandzakpress.net\/arhiva\/bosnjaci-naturalizovani-crnogorci\/#primaryimage\",\"url\":\"https:\/\/sandzakpress.net\/arhiva\/wp-content\/uploads\/2011\/01\/Sandzak-Zastava.jpg\",\"contentUrl\":\"https:\/\/sandzakpress.net\/arhiva\/wp-content\/uploads\/2011\/01\/Sandzak-Zastava.jpg\",\"width\":616,\"height\":287},{\"@type\":\"BreadcrumbList\",\"@id\":\"https:\/\/sandzakpress.net\/arhiva\/bosnjaci-naturalizovani-crnogorci\/#breadcrumb\",\"itemListElement\":[{\"@type\":\"ListItem\",\"position\":1,\"name\":\"Home\",\"item\":\"https:\/\/sandzakpress.net\/arhiva\/\"},{\"@type\":\"ListItem\",\"position\":2,\"name\":\"Bo\u0161njaci &#8220;naturalizovani&#8221; Crnogorci\"}]},{\"@type\":\"WebSite\",\"@id\":\"https:\/\/sandzakpress.net\/arhiva\/#website\",\"url\":\"https:\/\/sandzakpress.net\/arhiva\/\",\"name\":\"Sand\u017eak PRESS\",\"description\":\"Prve elektronske novine u Sand\u017eaku\",\"publisher\":{\"@id\":\"https:\/\/sandzakpress.net\/arhiva\/#\/schema\/person\/6e72b67d6e51910a1117b3b483ba20bd\"},\"potentialAction\":[{\"@type\":\"SearchAction\",\"target\":{\"@type\":\"EntryPoint\",\"urlTemplate\":\"https:\/\/sandzakpress.net\/arhiva\/?s={search_term_string}\"},\"query-input\":{\"@type\":\"PropertyValueSpecification\",\"valueRequired\":true,\"valueName\":\"search_term_string\"}}],\"inLanguage\":\"bs-BA\"},{\"@type\":[\"Person\",\"Organization\"],\"@id\":\"https:\/\/sandzakpress.net\/arhiva\/#\/schema\/person\/6e72b67d6e51910a1117b3b483ba20bd\",\"name\":\"Kul\",\"image\":{\"@type\":\"ImageObject\",\"inLanguage\":\"bs-BA\",\"@id\":\"https:\/\/sandzakpress.net\/arhiva\/#\/schema\/person\/image\/\",\"url\":\"https:\/\/secure.gravatar.com\/avatar\/42263f39aa27ac04c43cab85c280eb2e?s=96&d=mm&r=pg\",\"contentUrl\":\"https:\/\/secure.gravatar.com\/avatar\/42263f39aa27ac04c43cab85c280eb2e?s=96&d=mm&r=pg\",\"caption\":\"Kul\"},\"logo\":{\"@id\":\"https:\/\/sandzakpress.net\/arhiva\/#\/schema\/person\/image\/\"}},{\"@type\":\"Person\",\"@id\":\"https:\/\/sandzakpress.net\/arhiva\/#\/schema\/person\/c8baee722073534b583ea7bdb2e36c02\",\"name\":\"bosniak\",\"image\":{\"@type\":\"ImageObject\",\"inLanguage\":\"bs-BA\",\"@id\":\"https:\/\/sandzakpress.net\/arhiva\/#\/schema\/person\/image\/\",\"url\":\"https:\/\/secure.gravatar.com\/avatar\/a04fd330bfe3a36a72a0ad4a6d89fca7?s=96&d=mm&r=pg\",\"contentUrl\":\"https:\/\/secure.gravatar.com\/avatar\/a04fd330bfe3a36a72a0ad4a6d89fca7?s=96&d=mm&r=pg\",\"caption\":\"bosniak\"},\"url\":\"https:\/\/sandzakpress.net\/arhiva\/author\/bosniak\/\"}]}<\/script>\n<!-- \/ Yoast SEO Premium plugin. -->","yoast_head_json":{"title":"Bo\u0161njaci \"naturalizovani\" Crnogorci","robots":{"index":"index","follow":"follow","max-snippet":"max-snippet:-1","max-image-preview":"max-image-preview:large","max-video-preview":"max-video-preview:-1"},"canonical":"https:\/\/sandzakpress.net\/arhiva\/bosnjaci-naturalizovani-crnogorci\/","og_locale":"bs_BA","og_type":"article","og_title":"Bo\u0161njaci \"naturalizovani\" Crnogorci","og_description":"\u010cast se ne mo\u017ee oduzeti, ona se mo\u017ee samo izgubiti.(A.\u010c.) Nekoliko sati pred kraj 2010.godine Sudsko vije\u0107e na \u010delu sa \u0160efkijom \u0110e\u0161evi\u0107em obznanilo je, da nije bilo dovoljno dokaza da se osude optu\u017eenii za zlo\u010dine u Bukovici kod Pljevalja. Opa bato! Nije dovoljno dokaza za zlo\u010din desetak nevino ubijenih Bo\u0161njaka, stotine koji su pro\u0161li torture, [&hellip;]","og_url":"https:\/\/sandzakpress.net\/arhiva\/bosnjaci-naturalizovani-crnogorci\/","og_site_name":"Sand\u017eak PRESS","article_published_time":"2011-01-24T18:57:24+00:00","og_image":[{"width":616,"height":287,"url":"https:\/\/sandzakpress.net\/arhiva\/wp-content\/uploads\/2011\/01\/Sandzak-Zastava.jpg","type":"image\/jpeg"}],"author":"bosniak","twitter_card":"summary_large_image","twitter_misc":{"Written by":"bosniak","Est. reading time":"5 minuta"},"schema":{"@context":"https:\/\/schema.org","@graph":[{"@type":"Article","@id":"https:\/\/sandzakpress.net\/arhiva\/bosnjaci-naturalizovani-crnogorci\/#article","isPartOf":{"@id":"https:\/\/sandzakpress.net\/arhiva\/bosnjaci-naturalizovani-crnogorci\/"},"author":{"name":"bosniak","@id":"https:\/\/sandzakpress.net\/arhiva\/#\/schema\/person\/c8baee722073534b583ea7bdb2e36c02"},"headline":"Bo\u0161njaci &#8220;naturalizovani&#8221; Crnogorci","datePublished":"2011-01-24T18:57:24+00:00","mainEntityOfPage":{"@id":"https:\/\/sandzakpress.net\/arhiva\/bosnjaci-naturalizovani-crnogorci\/"},"wordCount":1030,"commentCount":5,"publisher":{"@id":"https:\/\/sandzakpress.net\/arhiva\/#\/schema\/person\/6e72b67d6e51910a1117b3b483ba20bd"},"image":{"@id":"https:\/\/sandzakpress.net\/arhiva\/bosnjaci-naturalizovani-crnogorci\/#primaryimage"},"thumbnailUrl":"https:\/\/sandzakpress.net\/arhiva\/wp-content\/uploads\/2011\/01\/Sandzak-Zastava.jpg","articleSection":["Ro\u017eaje","Berane","Bijelo Polje","Pljevlja","Plav"],"inLanguage":"bs-BA","potentialAction":[{"@type":"CommentAction","name":"Comment","target":["https:\/\/sandzakpress.net\/arhiva\/bosnjaci-naturalizovani-crnogorci\/#respond"]}]},{"@type":"WebPage","@id":"https:\/\/sandzakpress.net\/arhiva\/bosnjaci-naturalizovani-crnogorci\/","url":"https:\/\/sandzakpress.net\/arhiva\/bosnjaci-naturalizovani-crnogorci\/","name":"Bo\u0161njaci \"naturalizovani\" Crnogorci","isPartOf":{"@id":"https:\/\/sandzakpress.net\/arhiva\/#website"},"primaryImageOfPage":{"@id":"https:\/\/sandzakpress.net\/arhiva\/bosnjaci-naturalizovani-crnogorci\/#primaryimage"},"image":{"@id":"https:\/\/sandzakpress.net\/arhiva\/bosnjaci-naturalizovani-crnogorci\/#primaryimage"},"thumbnailUrl":"https:\/\/sandzakpress.net\/arhiva\/wp-content\/uploads\/2011\/01\/Sandzak-Zastava.jpg","datePublished":"2011-01-24T18:57:24+00:00","breadcrumb":{"@id":"https:\/\/sandzakpress.net\/arhiva\/bosnjaci-naturalizovani-crnogorci\/#breadcrumb"},"inLanguage":"bs-BA","potentialAction":[{"@type":"ReadAction","target":["https:\/\/sandzakpress.net\/arhiva\/bosnjaci-naturalizovani-crnogorci\/"]}]},{"@type":"ImageObject","inLanguage":"bs-BA","@id":"https:\/\/sandzakpress.net\/arhiva\/bosnjaci-naturalizovani-crnogorci\/#primaryimage","url":"https:\/\/sandzakpress.net\/arhiva\/wp-content\/uploads\/2011\/01\/Sandzak-Zastava.jpg","contentUrl":"https:\/\/sandzakpress.net\/arhiva\/wp-content\/uploads\/2011\/01\/Sandzak-Zastava.jpg","width":616,"height":287},{"@type":"BreadcrumbList","@id":"https:\/\/sandzakpress.net\/arhiva\/bosnjaci-naturalizovani-crnogorci\/#breadcrumb","itemListElement":[{"@type":"ListItem","position":1,"name":"Home","item":"https:\/\/sandzakpress.net\/arhiva\/"},{"@type":"ListItem","position":2,"name":"Bo\u0161njaci &#8220;naturalizovani&#8221; Crnogorci"}]},{"@type":"WebSite","@id":"https:\/\/sandzakpress.net\/arhiva\/#website","url":"https:\/\/sandzakpress.net\/arhiva\/","name":"Sand\u017eak PRESS","description":"Prve elektronske novine u Sand\u017eaku","publisher":{"@id":"https:\/\/sandzakpress.net\/arhiva\/#\/schema\/person\/6e72b67d6e51910a1117b3b483ba20bd"},"potentialAction":[{"@type":"SearchAction","target":{"@type":"EntryPoint","urlTemplate":"https:\/\/sandzakpress.net\/arhiva\/?s={search_term_string}"},"query-input":{"@type":"PropertyValueSpecification","valueRequired":true,"valueName":"search_term_string"}}],"inLanguage":"bs-BA"},{"@type":["Person","Organization"],"@id":"https:\/\/sandzakpress.net\/arhiva\/#\/schema\/person\/6e72b67d6e51910a1117b3b483ba20bd","name":"Kul","image":{"@type":"ImageObject","inLanguage":"bs-BA","@id":"https:\/\/sandzakpress.net\/arhiva\/#\/schema\/person\/image\/","url":"https:\/\/secure.gravatar.com\/avatar\/42263f39aa27ac04c43cab85c280eb2e?s=96&d=mm&r=pg","contentUrl":"https:\/\/secure.gravatar.com\/avatar\/42263f39aa27ac04c43cab85c280eb2e?s=96&d=mm&r=pg","caption":"Kul"},"logo":{"@id":"https:\/\/sandzakpress.net\/arhiva\/#\/schema\/person\/image\/"}},{"@type":"Person","@id":"https:\/\/sandzakpress.net\/arhiva\/#\/schema\/person\/c8baee722073534b583ea7bdb2e36c02","name":"bosniak","image":{"@type":"ImageObject","inLanguage":"bs-BA","@id":"https:\/\/sandzakpress.net\/arhiva\/#\/schema\/person\/image\/","url":"https:\/\/secure.gravatar.com\/avatar\/a04fd330bfe3a36a72a0ad4a6d89fca7?s=96&d=mm&r=pg","contentUrl":"https:\/\/secure.gravatar.com\/avatar\/a04fd330bfe3a36a72a0ad4a6d89fca7?s=96&d=mm&r=pg","caption":"bosniak"},"url":"https:\/\/sandzakpress.net\/arhiva\/author\/bosniak\/"}]}},"_links":{"self":[{"href":"https:\/\/sandzakpress.net\/arhiva\/wp-json\/wp\/v2\/posts\/11716"}],"collection":[{"href":"https:\/\/sandzakpress.net\/arhiva\/wp-json\/wp\/v2\/posts"}],"about":[{"href":"https:\/\/sandzakpress.net\/arhiva\/wp-json\/wp\/v2\/types\/post"}],"author":[{"embeddable":true,"href":"https:\/\/sandzakpress.net\/arhiva\/wp-json\/wp\/v2\/users\/83"}],"replies":[{"embeddable":true,"href":"https:\/\/sandzakpress.net\/arhiva\/wp-json\/wp\/v2\/comments?post=11716"}],"version-history":[{"count":0,"href":"https:\/\/sandzakpress.net\/arhiva\/wp-json\/wp\/v2\/posts\/11716\/revisions"}],"wp:featuredmedia":[{"embeddable":true,"href":"https:\/\/sandzakpress.net\/arhiva\/wp-json\/wp\/v2\/media\/11717"}],"wp:attachment":[{"href":"https:\/\/sandzakpress.net\/arhiva\/wp-json\/wp\/v2\/media?parent=11716"}],"wp:term":[{"taxonomy":"category","embeddable":true,"href":"https:\/\/sandzakpress.net\/arhiva\/wp-json\/wp\/v2\/categories?post=11716"},{"taxonomy":"post_tag","embeddable":true,"href":"https:\/\/sandzakpress.net\/arhiva\/wp-json\/wp\/v2\/tags?post=11716"}],"curies":[{"name":"wp","href":"https:\/\/api.w.org\/{rel}","templated":true}]}}