{"id":117138,"date":"2014-12-15T16:39:42","date_gmt":"2014-12-15T15:39:42","guid":{"rendered":"https:\/\/sandzakpress.net\/arhiva\/?p=117138"},"modified":"2014-12-15T16:39:42","modified_gmt":"2014-12-15T15:39:42","slug":"predsjednik-erdogan-necemo-pognuti-vrat-pred-paralelnom-drzavom","status":"publish","type":"post","link":"https:\/\/sandzakpress.net\/arhiva\/predsjednik-erdogan-necemo-pognuti-vrat-pred-paralelnom-drzavom\/","title":{"rendered":"Predsjednik Erdogan: Ne\u0107emo pognuti vrat pred &#8220;paralelnom dr\u017eavom&#8221;"},"content":{"rendered":"<p><a href=\"https:\/\/sandzakpress.net\/arhiva\/wp-content\/uploads\/2014\/12\/predsjednik-erdogan-neemo-pognuti-vrat-pred-p_trt-bosanski-34522.jpg\"><img loading=\"lazy\" decoding=\"async\" class=\"size-full wp-image-117139 aligncenter\" src=\"https:\/\/sandzakpress.net\/arhiva\/wp-content\/uploads\/2014\/12\/predsjednik-erdogan-neemo-pognuti-vrat-pred-p_trt-bosanski-34522.jpg\" alt=\"predsjednik-erdogan-neemo-pognuti-vrat-pred-p_trt-bosanski-34522\" width=\"616\" height=\"373\" \/><\/a><\/p>\n<p><strong>Turska &#8211; Turski predsjednik Recep Tayyip Erdogan je poru\u010dio Evropskoj uniji da treba gledati svoja posla, a u vezi s privo\u0111enjima u operaciji protiv &#8220;paralelne dr\u017eave&#8221; i komentarima iz EU.<\/strong><\/p>\n<p>Govore\u0107i u vezi s\u00a0novim privo\u0111enjima, Erdogan je poru\u010dio da Turska i dalje napredjuje i ja\u010da unato\u010d\u00a0svim i svakakvim operacijama.<\/p>\n<p>&#8220;Nikada ne\u0107emo sklopiti dogovor sa onima koji iznutra ili iz vana, putem la\u017enih\u00a0vijesti\u00a0i la\u017enih naslova poku\u0161avaju odrediti pravac Turskoj. Ne\u0107emo pognuti vrat pred njima&#8221;, rekao je Erdogan.<\/p>\n<p>Ukazav\u0161i na pozitivna de\u0161avanja u Turskoj te kako \u0107e njih biti i u budu\u0107nosti, Erdogan je rekao da su sva ta de\u0161avanja upravo jedan proces normalizacije.<\/p>\n<p>&#8220;Ne zaboravite da je ovo zasa\u0111ivanje sjemena za Tursku, za onu novu Tursku. \u017delim podvu\u0107i da svi oni koji se sa nadom da \u0107e Turska biti vra\u0107ena u stara vremena upli\u0107u u prljave poslove, prljave odnose i prljave saveze sada dobivaju odgovor za to a dobivat \u0107e ga i ubudu\u0107e&#8221;, poru\u010dio je on.<\/p>\n<p>U vezi sa reakcijama EU-a u o\u00a0operacijama u Istanbulu, Erdogan je dodao:<\/p>\n<p>&#8220;EU neka kod sebe ne tra\u017ei dozvolu za uplitanje u napravljene korake na\u0161ih snaga sigurnosti, korake na\u0161eg prava u vezi sa elementima koji prijete na\u0161oj sigurnosti. Molim EU da gleda svoja posla&#8221;.<\/p>\n<p>Erdogan je tako\u0111er posjetio da su posljednje operacije pokrenuli nezavisni\u00a0tu\u017eici, odnosno da su u potpunosti u skladu s pravnim i zakonskim odredbama.<\/p>\n<p>On je dodao da svi akteri stare Turske, svi oni koji \u017eale za starom Turskom iz odre\u0111enih centara nastoje vr\u0161iti pritisak na tu\u017eioce, sudije, policiju.<\/p>\n<p>&#8220;Nakon \u0161to su napravljeni prvi koraci pojavio se odmah neko iz EU-a i govorio o svemu tome. Na osnovu \u010dega ti govori\u0161\u00a0o tome i \u0161ta zna\u0161\u00a0o tome&#8221; upitao je Erdogan.<\/p>\n<p>Erdogan je govorio na otvaranju postrojenja za konverziju ulja &#8220;Tupras&#8221; u turskom gradu Kocaeliju, kazav\u0161i kako se radi o jednoj od najve\u0107ih industrijskih investicija u Turskoj.<\/p>\n<p>On je tako\u0111er kazao kako \u0107e ovaj projekat od Turske napraviti energetski centar te da \u0107e uz pomo\u0107\u00a0ovoj projekta deficit teku\u0107eg ra\u010duna Turske biti smanjen za oko\u00a0milijardu dolara.<\/p>\n<p>Podsjetimo, predsjednik Republike Turske\u00a0Recep Tayyip Erdogan\u00a0je u vi\u0161e navrata rekao da \u0107e se pozabaviti \u010dlanovima Gulenovog pokreta. Vlada ovaj pokret zajedno sa pristalicama naziva &#8220;paralelnom dr\u017eavom&#8221; od kraja 2013. godine.<\/p>\n<p>Erdogan je 2012. godine izjavio da je u njegovoj kancelariji prona\u0111en ure\u0111aj za prislu\u0161kivanje, nakon \u010dega\u00a0je 13 ljudi optu\u017eeno za politi\u010dko \u0161pijuniranje, me\u0111u kojima su i vi\u0161i policijski slu\u017ebenici.<\/p>\n<p>U decembru 2013.\u00a0se poku\u0161alo ucijeniti\u00a0nekoliko zvani\u010dnika, me\u0111u kojima su sinovi tri biv\u0161a ministra i vode\u0107i turski biznismen.\u00a0Vlada je osudila poku\u0161aj\u00a0kao &#8220;prljavu intrigu paralelne dr\u017eave&#8221;, navodne grupe birokrata anga\u017eovanih u dr\u017eavnim institucijama, sudstvu\u00a0i policiji.<\/p>\n<p>Od tada su uhap\u0161ene stotine policijskih slu\u017ebenika zbog sumnje da su prislu\u0161kivali vrhovne zvani\u010dnike turske vlade, objelodanjivali visoko povjerljive informacije, kr\u0161ili prava na privatnost, krivotvorili zvani\u010dne dokumente, a sve u okviru kriminalne organizacije.<\/p>\n<p>(Anadolu Agency)<\/p>\n","protected":false},"excerpt":{"rendered":"<p>Turska &#8211; Turski predsjednik Recep Tayyip Erdogan je poru\u010dio Evropskoj uniji da treba gledati svoja posla, a u vezi s privo\u0111enjima u operaciji protiv &#8220;paralelne dr\u017eave&#8221; i komentarima iz EU. Govore\u0107i u vezi s\u00a0novim privo\u0111enjima, Erdogan je poru\u010dio da Turska i dalje napredjuje i ja\u010da unato\u010d\u00a0svim i svakakvim operacijama. &#8220;Nikada ne\u0107emo sklopiti dogovor sa onima [&hellip;]<\/p>\n","protected":false},"author":83,"featured_media":117139,"comment_status":"open","ping_status":"open","sticky":false,"template":"","format":"standard","meta":{"footnotes":""},"categories":[9,798,2692,16],"tags":[],"class_list":{"0":"post-117138","1":"post","2":"type-post","3":"status-publish","4":"format-standard","5":"has-post-thumbnail","7":"category-svijet","8":"category-teme","9":"category-turska-gradovi","10":"category-novine"},"yoast_head":"<!-- This site is optimized with the Yoast SEO Premium plugin v23.1 (Yoast SEO v24.9) - https:\/\/yoast.com\/wordpress\/plugins\/seo\/ -->\n<title>Predsjednik Erdogan: Ne\u0107emo pognuti vrat pred &quot;paralelnom dr\u017eavom&quot;<\/title>\n<meta name=\"robots\" content=\"index, follow, max-snippet:-1, max-image-preview:large, max-video-preview:-1\" \/>\n<link rel=\"canonical\" href=\"https:\/\/sandzakpress.net\/arhiva\/predsjednik-erdogan-necemo-pognuti-vrat-pred-paralelnom-drzavom\/\" \/>\n<meta property=\"og:locale\" content=\"bs_BA\" \/>\n<meta property=\"og:type\" content=\"article\" \/>\n<meta property=\"og:title\" content=\"Predsjednik Erdogan: Ne\u0107emo pognuti vrat pred &quot;paralelnom dr\u017eavom&quot;\" \/>\n<meta property=\"og:description\" content=\"Turska &#8211; Turski predsjednik Recep Tayyip Erdogan je poru\u010dio Evropskoj uniji da treba gledati svoja posla, a u vezi s privo\u0111enjima u operaciji protiv &#8220;paralelne dr\u017eave&#8221; i komentarima iz EU. Govore\u0107i u vezi s\u00a0novim privo\u0111enjima, Erdogan je poru\u010dio da Turska i dalje napredjuje i ja\u010da unato\u010d\u00a0svim i svakakvim operacijama. &#8220;Nikada ne\u0107emo sklopiti dogovor sa onima [&hellip;]\" \/>\n<meta property=\"og:url\" content=\"https:\/\/sandzakpress.net\/arhiva\/predsjednik-erdogan-necemo-pognuti-vrat-pred-paralelnom-drzavom\/\" \/>\n<meta property=\"og:site_name\" content=\"Sand\u017eak PRESS\" \/>\n<meta property=\"article:published_time\" content=\"2014-12-15T15:39:42+00:00\" \/>\n<meta property=\"og:image\" content=\"https:\/\/sandzakpress.net\/arhiva\/wp-content\/uploads\/2014\/12\/predsjednik-erdogan-neemo-pognuti-vrat-pred-p_trt-bosanski-34522.jpg\" \/>\n\t<meta property=\"og:image:width\" content=\"616\" \/>\n\t<meta property=\"og:image:height\" content=\"373\" \/>\n\t<meta property=\"og:image:type\" content=\"image\/jpeg\" \/>\n<meta name=\"author\" content=\"bosniak\" \/>\n<meta name=\"twitter:card\" content=\"summary_large_image\" \/>\n<meta name=\"twitter:label1\" content=\"Written by\" \/>\n\t<meta name=\"twitter:data1\" content=\"bosniak\" \/>\n\t<meta name=\"twitter:label2\" content=\"Est. reading time\" \/>\n\t<meta name=\"twitter:data2\" content=\"3 minute\" \/>\n<script type=\"application\/ld+json\" class=\"yoast-schema-graph\">{\"@context\":\"https:\/\/schema.org\",\"@graph\":[{\"@type\":\"Article\",\"@id\":\"https:\/\/sandzakpress.net\/arhiva\/predsjednik-erdogan-necemo-pognuti-vrat-pred-paralelnom-drzavom\/#article\",\"isPartOf\":{\"@id\":\"https:\/\/sandzakpress.net\/arhiva\/predsjednik-erdogan-necemo-pognuti-vrat-pred-paralelnom-drzavom\/\"},\"author\":{\"name\":\"bosniak\",\"@id\":\"https:\/\/sandzakpress.net\/arhiva\/#\/schema\/person\/c8baee722073534b583ea7bdb2e36c02\"},\"headline\":\"Predsjednik Erdogan: Ne\u0107emo pognuti vrat pred &#8220;paralelnom dr\u017eavom&#8221;\",\"datePublished\":\"2014-12-15T15:39:42+00:00\",\"mainEntityOfPage\":{\"@id\":\"https:\/\/sandzakpress.net\/arhiva\/predsjednik-erdogan-necemo-pognuti-vrat-pred-paralelnom-drzavom\/\"},\"wordCount\":542,\"commentCount\":52,\"publisher\":{\"@id\":\"https:\/\/sandzakpress.net\/arhiva\/#\/schema\/person\/6e72b67d6e51910a1117b3b483ba20bd\"},\"image\":{\"@id\":\"https:\/\/sandzakpress.net\/arhiva\/predsjednik-erdogan-necemo-pognuti-vrat-pred-paralelnom-drzavom\/#primaryimage\"},\"thumbnailUrl\":\"https:\/\/sandzakpress.net\/arhiva\/wp-content\/uploads\/2014\/12\/predsjednik-erdogan-neemo-pognuti-vrat-pred-p_trt-bosanski-34522.jpg\",\"articleSection\":[\"Svijet\",\"NAJNOVIJE\",\"Turska\",\"Novine\"],\"inLanguage\":\"bs-BA\",\"potentialAction\":[{\"@type\":\"CommentAction\",\"name\":\"Comment\",\"target\":[\"https:\/\/sandzakpress.net\/arhiva\/predsjednik-erdogan-necemo-pognuti-vrat-pred-paralelnom-drzavom\/#respond\"]}]},{\"@type\":\"WebPage\",\"@id\":\"https:\/\/sandzakpress.net\/arhiva\/predsjednik-erdogan-necemo-pognuti-vrat-pred-paralelnom-drzavom\/\",\"url\":\"https:\/\/sandzakpress.net\/arhiva\/predsjednik-erdogan-necemo-pognuti-vrat-pred-paralelnom-drzavom\/\",\"name\":\"Predsjednik Erdogan: Ne\u0107emo pognuti vrat pred \\\"paralelnom dr\u017eavom\\\"\",\"isPartOf\":{\"@id\":\"https:\/\/sandzakpress.net\/arhiva\/#website\"},\"primaryImageOfPage\":{\"@id\":\"https:\/\/sandzakpress.net\/arhiva\/predsjednik-erdogan-necemo-pognuti-vrat-pred-paralelnom-drzavom\/#primaryimage\"},\"image\":{\"@id\":\"https:\/\/sandzakpress.net\/arhiva\/predsjednik-erdogan-necemo-pognuti-vrat-pred-paralelnom-drzavom\/#primaryimage\"},\"thumbnailUrl\":\"https:\/\/sandzakpress.net\/arhiva\/wp-content\/uploads\/2014\/12\/predsjednik-erdogan-neemo-pognuti-vrat-pred-p_trt-bosanski-34522.jpg\",\"datePublished\":\"2014-12-15T15:39:42+00:00\",\"breadcrumb\":{\"@id\":\"https:\/\/sandzakpress.net\/arhiva\/predsjednik-erdogan-necemo-pognuti-vrat-pred-paralelnom-drzavom\/#breadcrumb\"},\"inLanguage\":\"bs-BA\",\"potentialAction\":[{\"@type\":\"ReadAction\",\"target\":[\"https:\/\/sandzakpress.net\/arhiva\/predsjednik-erdogan-necemo-pognuti-vrat-pred-paralelnom-drzavom\/\"]}]},{\"@type\":\"ImageObject\",\"inLanguage\":\"bs-BA\",\"@id\":\"https:\/\/sandzakpress.net\/arhiva\/predsjednik-erdogan-necemo-pognuti-vrat-pred-paralelnom-drzavom\/#primaryimage\",\"url\":\"https:\/\/sandzakpress.net\/arhiva\/wp-content\/uploads\/2014\/12\/predsjednik-erdogan-neemo-pognuti-vrat-pred-p_trt-bosanski-34522.jpg\",\"contentUrl\":\"https:\/\/sandzakpress.net\/arhiva\/wp-content\/uploads\/2014\/12\/predsjednik-erdogan-neemo-pognuti-vrat-pred-p_trt-bosanski-34522.jpg\",\"width\":616,\"height\":373},{\"@type\":\"BreadcrumbList\",\"@id\":\"https:\/\/sandzakpress.net\/arhiva\/predsjednik-erdogan-necemo-pognuti-vrat-pred-paralelnom-drzavom\/#breadcrumb\",\"itemListElement\":[{\"@type\":\"ListItem\",\"position\":1,\"name\":\"Home\",\"item\":\"https:\/\/sandzakpress.net\/arhiva\/\"},{\"@type\":\"ListItem\",\"position\":2,\"name\":\"Predsjednik Erdogan: Ne\u0107emo pognuti vrat pred &#8220;paralelnom dr\u017eavom&#8221;\"}]},{\"@type\":\"WebSite\",\"@id\":\"https:\/\/sandzakpress.net\/arhiva\/#website\",\"url\":\"https:\/\/sandzakpress.net\/arhiva\/\",\"name\":\"Sand\u017eak PRESS\",\"description\":\"Prve elektronske novine u Sand\u017eaku\",\"publisher\":{\"@id\":\"https:\/\/sandzakpress.net\/arhiva\/#\/schema\/person\/6e72b67d6e51910a1117b3b483ba20bd\"},\"potentialAction\":[{\"@type\":\"SearchAction\",\"target\":{\"@type\":\"EntryPoint\",\"urlTemplate\":\"https:\/\/sandzakpress.net\/arhiva\/?s={search_term_string}\"},\"query-input\":{\"@type\":\"PropertyValueSpecification\",\"valueRequired\":true,\"valueName\":\"search_term_string\"}}],\"inLanguage\":\"bs-BA\"},{\"@type\":[\"Person\",\"Organization\"],\"@id\":\"https:\/\/sandzakpress.net\/arhiva\/#\/schema\/person\/6e72b67d6e51910a1117b3b483ba20bd\",\"name\":\"Kul\",\"image\":{\"@type\":\"ImageObject\",\"inLanguage\":\"bs-BA\",\"@id\":\"https:\/\/sandzakpress.net\/arhiva\/#\/schema\/person\/image\/\",\"url\":\"https:\/\/secure.gravatar.com\/avatar\/42263f39aa27ac04c43cab85c280eb2e?s=96&d=mm&r=pg\",\"contentUrl\":\"https:\/\/secure.gravatar.com\/avatar\/42263f39aa27ac04c43cab85c280eb2e?s=96&d=mm&r=pg\",\"caption\":\"Kul\"},\"logo\":{\"@id\":\"https:\/\/sandzakpress.net\/arhiva\/#\/schema\/person\/image\/\"}},{\"@type\":\"Person\",\"@id\":\"https:\/\/sandzakpress.net\/arhiva\/#\/schema\/person\/c8baee722073534b583ea7bdb2e36c02\",\"name\":\"bosniak\",\"image\":{\"@type\":\"ImageObject\",\"inLanguage\":\"bs-BA\",\"@id\":\"https:\/\/sandzakpress.net\/arhiva\/#\/schema\/person\/image\/\",\"url\":\"https:\/\/secure.gravatar.com\/avatar\/a04fd330bfe3a36a72a0ad4a6d89fca7?s=96&d=mm&r=pg\",\"contentUrl\":\"https:\/\/secure.gravatar.com\/avatar\/a04fd330bfe3a36a72a0ad4a6d89fca7?s=96&d=mm&r=pg\",\"caption\":\"bosniak\"},\"url\":\"https:\/\/sandzakpress.net\/arhiva\/author\/bosniak\/\"}]}<\/script>\n<!-- \/ Yoast SEO Premium plugin. -->","yoast_head_json":{"title":"Predsjednik Erdogan: Ne\u0107emo pognuti vrat pred \"paralelnom dr\u017eavom\"","robots":{"index":"index","follow":"follow","max-snippet":"max-snippet:-1","max-image-preview":"max-image-preview:large","max-video-preview":"max-video-preview:-1"},"canonical":"https:\/\/sandzakpress.net\/arhiva\/predsjednik-erdogan-necemo-pognuti-vrat-pred-paralelnom-drzavom\/","og_locale":"bs_BA","og_type":"article","og_title":"Predsjednik Erdogan: Ne\u0107emo pognuti vrat pred \"paralelnom dr\u017eavom\"","og_description":"Turska &#8211; Turski predsjednik Recep Tayyip Erdogan je poru\u010dio Evropskoj uniji da treba gledati svoja posla, a u vezi s privo\u0111enjima u operaciji protiv &#8220;paralelne dr\u017eave&#8221; i komentarima iz EU. Govore\u0107i u vezi s\u00a0novim privo\u0111enjima, Erdogan je poru\u010dio da Turska i dalje napredjuje i ja\u010da unato\u010d\u00a0svim i svakakvim operacijama. &#8220;Nikada ne\u0107emo sklopiti dogovor sa onima [&hellip;]","og_url":"https:\/\/sandzakpress.net\/arhiva\/predsjednik-erdogan-necemo-pognuti-vrat-pred-paralelnom-drzavom\/","og_site_name":"Sand\u017eak PRESS","article_published_time":"2014-12-15T15:39:42+00:00","og_image":[{"width":616,"height":373,"url":"https:\/\/sandzakpress.net\/arhiva\/wp-content\/uploads\/2014\/12\/predsjednik-erdogan-neemo-pognuti-vrat-pred-p_trt-bosanski-34522.jpg","type":"image\/jpeg"}],"author":"bosniak","twitter_card":"summary_large_image","twitter_misc":{"Written by":"bosniak","Est. reading time":"3 minute"},"schema":{"@context":"https:\/\/schema.org","@graph":[{"@type":"Article","@id":"https:\/\/sandzakpress.net\/arhiva\/predsjednik-erdogan-necemo-pognuti-vrat-pred-paralelnom-drzavom\/#article","isPartOf":{"@id":"https:\/\/sandzakpress.net\/arhiva\/predsjednik-erdogan-necemo-pognuti-vrat-pred-paralelnom-drzavom\/"},"author":{"name":"bosniak","@id":"https:\/\/sandzakpress.net\/arhiva\/#\/schema\/person\/c8baee722073534b583ea7bdb2e36c02"},"headline":"Predsjednik Erdogan: Ne\u0107emo pognuti vrat pred &#8220;paralelnom dr\u017eavom&#8221;","datePublished":"2014-12-15T15:39:42+00:00","mainEntityOfPage":{"@id":"https:\/\/sandzakpress.net\/arhiva\/predsjednik-erdogan-necemo-pognuti-vrat-pred-paralelnom-drzavom\/"},"wordCount":542,"commentCount":52,"publisher":{"@id":"https:\/\/sandzakpress.net\/arhiva\/#\/schema\/person\/6e72b67d6e51910a1117b3b483ba20bd"},"image":{"@id":"https:\/\/sandzakpress.net\/arhiva\/predsjednik-erdogan-necemo-pognuti-vrat-pred-paralelnom-drzavom\/#primaryimage"},"thumbnailUrl":"https:\/\/sandzakpress.net\/arhiva\/wp-content\/uploads\/2014\/12\/predsjednik-erdogan-neemo-pognuti-vrat-pred-p_trt-bosanski-34522.jpg","articleSection":["Svijet","NAJNOVIJE","Turska","Novine"],"inLanguage":"bs-BA","potentialAction":[{"@type":"CommentAction","name":"Comment","target":["https:\/\/sandzakpress.net\/arhiva\/predsjednik-erdogan-necemo-pognuti-vrat-pred-paralelnom-drzavom\/#respond"]}]},{"@type":"WebPage","@id":"https:\/\/sandzakpress.net\/arhiva\/predsjednik-erdogan-necemo-pognuti-vrat-pred-paralelnom-drzavom\/","url":"https:\/\/sandzakpress.net\/arhiva\/predsjednik-erdogan-necemo-pognuti-vrat-pred-paralelnom-drzavom\/","name":"Predsjednik Erdogan: Ne\u0107emo pognuti vrat pred \"paralelnom dr\u017eavom\"","isPartOf":{"@id":"https:\/\/sandzakpress.net\/arhiva\/#website"},"primaryImageOfPage":{"@id":"https:\/\/sandzakpress.net\/arhiva\/predsjednik-erdogan-necemo-pognuti-vrat-pred-paralelnom-drzavom\/#primaryimage"},"image":{"@id":"https:\/\/sandzakpress.net\/arhiva\/predsjednik-erdogan-necemo-pognuti-vrat-pred-paralelnom-drzavom\/#primaryimage"},"thumbnailUrl":"https:\/\/sandzakpress.net\/arhiva\/wp-content\/uploads\/2014\/12\/predsjednik-erdogan-neemo-pognuti-vrat-pred-p_trt-bosanski-34522.jpg","datePublished":"2014-12-15T15:39:42+00:00","breadcrumb":{"@id":"https:\/\/sandzakpress.net\/arhiva\/predsjednik-erdogan-necemo-pognuti-vrat-pred-paralelnom-drzavom\/#breadcrumb"},"inLanguage":"bs-BA","potentialAction":[{"@type":"ReadAction","target":["https:\/\/sandzakpress.net\/arhiva\/predsjednik-erdogan-necemo-pognuti-vrat-pred-paralelnom-drzavom\/"]}]},{"@type":"ImageObject","inLanguage":"bs-BA","@id":"https:\/\/sandzakpress.net\/arhiva\/predsjednik-erdogan-necemo-pognuti-vrat-pred-paralelnom-drzavom\/#primaryimage","url":"https:\/\/sandzakpress.net\/arhiva\/wp-content\/uploads\/2014\/12\/predsjednik-erdogan-neemo-pognuti-vrat-pred-p_trt-bosanski-34522.jpg","contentUrl":"https:\/\/sandzakpress.net\/arhiva\/wp-content\/uploads\/2014\/12\/predsjednik-erdogan-neemo-pognuti-vrat-pred-p_trt-bosanski-34522.jpg","width":616,"height":373},{"@type":"BreadcrumbList","@id":"https:\/\/sandzakpress.net\/arhiva\/predsjednik-erdogan-necemo-pognuti-vrat-pred-paralelnom-drzavom\/#breadcrumb","itemListElement":[{"@type":"ListItem","position":1,"name":"Home","item":"https:\/\/sandzakpress.net\/arhiva\/"},{"@type":"ListItem","position":2,"name":"Predsjednik Erdogan: Ne\u0107emo pognuti vrat pred &#8220;paralelnom dr\u017eavom&#8221;"}]},{"@type":"WebSite","@id":"https:\/\/sandzakpress.net\/arhiva\/#website","url":"https:\/\/sandzakpress.net\/arhiva\/","name":"Sand\u017eak PRESS","description":"Prve elektronske novine u Sand\u017eaku","publisher":{"@id":"https:\/\/sandzakpress.net\/arhiva\/#\/schema\/person\/6e72b67d6e51910a1117b3b483ba20bd"},"potentialAction":[{"@type":"SearchAction","target":{"@type":"EntryPoint","urlTemplate":"https:\/\/sandzakpress.net\/arhiva\/?s={search_term_string}"},"query-input":{"@type":"PropertyValueSpecification","valueRequired":true,"valueName":"search_term_string"}}],"inLanguage":"bs-BA"},{"@type":["Person","Organization"],"@id":"https:\/\/sandzakpress.net\/arhiva\/#\/schema\/person\/6e72b67d6e51910a1117b3b483ba20bd","name":"Kul","image":{"@type":"ImageObject","inLanguage":"bs-BA","@id":"https:\/\/sandzakpress.net\/arhiva\/#\/schema\/person\/image\/","url":"https:\/\/secure.gravatar.com\/avatar\/42263f39aa27ac04c43cab85c280eb2e?s=96&d=mm&r=pg","contentUrl":"https:\/\/secure.gravatar.com\/avatar\/42263f39aa27ac04c43cab85c280eb2e?s=96&d=mm&r=pg","caption":"Kul"},"logo":{"@id":"https:\/\/sandzakpress.net\/arhiva\/#\/schema\/person\/image\/"}},{"@type":"Person","@id":"https:\/\/sandzakpress.net\/arhiva\/#\/schema\/person\/c8baee722073534b583ea7bdb2e36c02","name":"bosniak","image":{"@type":"ImageObject","inLanguage":"bs-BA","@id":"https:\/\/sandzakpress.net\/arhiva\/#\/schema\/person\/image\/","url":"https:\/\/secure.gravatar.com\/avatar\/a04fd330bfe3a36a72a0ad4a6d89fca7?s=96&d=mm&r=pg","contentUrl":"https:\/\/secure.gravatar.com\/avatar\/a04fd330bfe3a36a72a0ad4a6d89fca7?s=96&d=mm&r=pg","caption":"bosniak"},"url":"https:\/\/sandzakpress.net\/arhiva\/author\/bosniak\/"}]}},"_links":{"self":[{"href":"https:\/\/sandzakpress.net\/arhiva\/wp-json\/wp\/v2\/posts\/117138"}],"collection":[{"href":"https:\/\/sandzakpress.net\/arhiva\/wp-json\/wp\/v2\/posts"}],"about":[{"href":"https:\/\/sandzakpress.net\/arhiva\/wp-json\/wp\/v2\/types\/post"}],"author":[{"embeddable":true,"href":"https:\/\/sandzakpress.net\/arhiva\/wp-json\/wp\/v2\/users\/83"}],"replies":[{"embeddable":true,"href":"https:\/\/sandzakpress.net\/arhiva\/wp-json\/wp\/v2\/comments?post=117138"}],"version-history":[{"count":0,"href":"https:\/\/sandzakpress.net\/arhiva\/wp-json\/wp\/v2\/posts\/117138\/revisions"}],"wp:featuredmedia":[{"embeddable":true,"href":"https:\/\/sandzakpress.net\/arhiva\/wp-json\/wp\/v2\/media\/117139"}],"wp:attachment":[{"href":"https:\/\/sandzakpress.net\/arhiva\/wp-json\/wp\/v2\/media?parent=117138"}],"wp:term":[{"taxonomy":"category","embeddable":true,"href":"https:\/\/sandzakpress.net\/arhiva\/wp-json\/wp\/v2\/categories?post=117138"},{"taxonomy":"post_tag","embeddable":true,"href":"https:\/\/sandzakpress.net\/arhiva\/wp-json\/wp\/v2\/tags?post=117138"}],"curies":[{"name":"wp","href":"https:\/\/api.w.org\/{rel}","templated":true}]}}