{"id":117099,"date":"2014-12-15T13:13:23","date_gmt":"2014-12-15T12:13:23","guid":{"rendered":"https:\/\/sandzakpress.net\/arhiva\/?p=117099"},"modified":"2014-12-15T13:13:23","modified_gmt":"2014-12-15T12:13:23","slug":"turska-frima-sancakli-zakupila-gornji-ibar","status":"publish","type":"post","link":"https:\/\/sandzakpress.net\/arhiva\/turska-frima-sancakli-zakupila-gornji-ibar\/","title":{"rendered":"Turska frima Sancakli zakupila Gornji Ibar"},"content":{"rendered":"<p><img decoding=\"async\" src=\"http:\/\/www.bankar.me\/wp-content\/uploads\/2014\/12\/GornjiIbar_zps155bf29c-600x330.jpg\" alt=\"Turci zakupili Gornji Ibar\" \/><\/p>\n<p><strong>Ro\u017eaje &#8211; Vlada je na ju\u010dera\u0161njoj sjednici odobrila davanje u zakup pogona \u201eGornjeg Ibra\u201c, lamelirnicu sa magacinom i su\u0161arom, pilanu, panele i kotlarnicu, ukupne povr\u0161ine 72,6 hiljada kvadrata turskoj kompaniji Sancakli. Taje firma, kako se navodi u informaciji kojaje usvojena naju\u010dera\u0161njoj sjednici Vlade, iskazala namjeru da rekonstrui\u0161e te pogone i u prvoj godini zaposli najmanje 75 radnika.<br \/>\n<\/strong><br \/>\nKako Zakon o dr\u017eavnoj imovini defini\u0161e da se sredstva ostvarena prodajom dr\u017eavne imovine koriste za realizaciju strukturnih reformi, otvaranje radnih mjesta, ulaganje u infrastrukturu i druge kapitalne investicije od interesa za Crnu Goru, Ministarstvo finansija je mi\u0161ljenja da sredstva ostvarena predmetnom valorizacijom treba da predstavljaju prihod bud\u017eeta Crne Gore isti\u010de se u informaciji.<\/p>\n<p>Vlada i ,,Gornji Ibar\u201c u ste\u010daju zaklju\u010dili su ugovor o kupoprodaji dijela imovine firme. Donesena je i odluka da i dalje va\u017ee garancije Ministarstva finansija izdate Universal Capital banci za kredit kod Evropske investicione banke. Te su garancije obezbije\u0111ene sa mjenicama i mjeni\u010dnim ovla\u0161\u0107enjima First Financial banke, koja je promijenila ime u Universal Capital Bank AD Podgorica. Nakon vlasni\u010dkih promjena pomenuta banka je pravni nasljednik svih prava i obaveza FF banke, navodi se u informaciji.<\/p>\n<p>Ministarstvo finansija i EIB su zaklju\u010dili su 2009. godine ugovor o garanciji, kojim je Vlada garantovala za kreditne aran\u017emane izme\u0111u EIB i komercijalnih banaka u Crnoj Gori u iznosu do 90 miliona eura.<\/p>\n<p><strong>Imenovanja<br \/>\n<\/strong><br \/>\nMarija Radenovi\u0107 imenovana je za generalnu direktoricu za finansiranje i ugovaranje sredstava EU pomo\u0107i u Ministarstvu finansija.<\/p>\n<p>Za generalnu direktorku za imovinsko-pravne poslove postavljena je Ana Cerovi\u0107, a za generalnog direktora za poreski i carinski sistem Novo Radovi\u0107. Oboje su do sada bili v.d.<\/p>\n<p>(Bankar.me)<\/p>\n","protected":false},"excerpt":{"rendered":"<p>U prvoj godini \u0107e zaposliti najmanje 75 radnika.<\/p>\n","protected":false},"author":83,"featured_media":117100,"comment_status":"open","ping_status":"open","sticky":false,"template":"","format":"standard","meta":{"footnotes":""},"categories":[398,3,798,10193],"tags":[],"class_list":{"0":"post-117099","1":"post","2":"type-post","3":"status-publish","4":"format-standard","5":"has-post-thumbnail","7":"category-rozaje","8":"category-privreda","9":"category-teme","10":"category-sandzak-2"},"yoast_head":"<!-- This site is optimized with the Yoast SEO Premium plugin v23.1 (Yoast SEO v24.9) - https:\/\/yoast.com\/wordpress\/plugins\/seo\/ -->\n<title>Turska frima Sancakli zakupila Gornji Ibar<\/title>\n<meta name=\"robots\" content=\"index, follow, max-snippet:-1, max-image-preview:large, max-video-preview:-1\" \/>\n<link rel=\"canonical\" href=\"https:\/\/sandzakpress.net\/arhiva\/turska-frima-sancakli-zakupila-gornji-ibar\/\" \/>\n<meta property=\"og:locale\" content=\"bs_BA\" \/>\n<meta property=\"og:type\" content=\"article\" \/>\n<meta property=\"og:title\" content=\"Turska frima Sancakli zakupila Gornji Ibar\" \/>\n<meta property=\"og:description\" content=\"U prvoj godini \u0107e zaposliti najmanje 75 radnika.\" \/>\n<meta property=\"og:url\" content=\"https:\/\/sandzakpress.net\/arhiva\/turska-frima-sancakli-zakupila-gornji-ibar\/\" \/>\n<meta property=\"og:site_name\" content=\"Sand\u017eak PRESS\" \/>\n<meta property=\"article:published_time\" content=\"2014-12-15T12:13:23+00:00\" \/>\n<meta property=\"og:image\" content=\"https:\/\/sandzakpress.net\/arhiva\/wp-content\/uploads\/2014\/12\/GornjiIbar_zps155bf29c-600x330.jpg\" \/>\n\t<meta property=\"og:image:width\" content=\"600\" \/>\n\t<meta property=\"og:image:height\" content=\"330\" \/>\n\t<meta property=\"og:image:type\" content=\"image\/jpeg\" \/>\n<meta name=\"author\" content=\"bosniak\" \/>\n<meta name=\"twitter:card\" content=\"summary_large_image\" \/>\n<meta name=\"twitter:label1\" content=\"Written by\" \/>\n\t<meta name=\"twitter:data1\" content=\"bosniak\" \/>\n\t<meta name=\"twitter:label2\" content=\"Est. reading time\" \/>\n\t<meta name=\"twitter:data2\" content=\"1 minuta\" \/>\n<script type=\"application\/ld+json\" class=\"yoast-schema-graph\">{\"@context\":\"https:\/\/schema.org\",\"@graph\":[{\"@type\":\"Article\",\"@id\":\"https:\/\/sandzakpress.net\/arhiva\/turska-frima-sancakli-zakupila-gornji-ibar\/#article\",\"isPartOf\":{\"@id\":\"https:\/\/sandzakpress.net\/arhiva\/turska-frima-sancakli-zakupila-gornji-ibar\/\"},\"author\":{\"name\":\"bosniak\",\"@id\":\"https:\/\/sandzakpress.net\/arhiva\/#\/schema\/person\/c8baee722073534b583ea7bdb2e36c02\"},\"headline\":\"Turska frima Sancakli zakupila Gornji Ibar\",\"datePublished\":\"2014-12-15T12:13:23+00:00\",\"mainEntityOfPage\":{\"@id\":\"https:\/\/sandzakpress.net\/arhiva\/turska-frima-sancakli-zakupila-gornji-ibar\/\"},\"wordCount\":293,\"commentCount\":3,\"publisher\":{\"@id\":\"https:\/\/sandzakpress.net\/arhiva\/#\/schema\/person\/6e72b67d6e51910a1117b3b483ba20bd\"},\"image\":{\"@id\":\"https:\/\/sandzakpress.net\/arhiva\/turska-frima-sancakli-zakupila-gornji-ibar\/#primaryimage\"},\"thumbnailUrl\":\"https:\/\/sandzakpress.net\/arhiva\/wp-content\/uploads\/2014\/12\/GornjiIbar_zps155bf29c-600x330.jpg\",\"articleSection\":[\"Ro\u017eaje\",\"Privreda\",\"NAJNOVIJE\",\"Sand\u017eak\"],\"inLanguage\":\"bs-BA\",\"potentialAction\":[{\"@type\":\"CommentAction\",\"name\":\"Comment\",\"target\":[\"https:\/\/sandzakpress.net\/arhiva\/turska-frima-sancakli-zakupila-gornji-ibar\/#respond\"]}]},{\"@type\":\"WebPage\",\"@id\":\"https:\/\/sandzakpress.net\/arhiva\/turska-frima-sancakli-zakupila-gornji-ibar\/\",\"url\":\"https:\/\/sandzakpress.net\/arhiva\/turska-frima-sancakli-zakupila-gornji-ibar\/\",\"name\":\"Turska frima Sancakli zakupila Gornji Ibar\",\"isPartOf\":{\"@id\":\"https:\/\/sandzakpress.net\/arhiva\/#website\"},\"primaryImageOfPage\":{\"@id\":\"https:\/\/sandzakpress.net\/arhiva\/turska-frima-sancakli-zakupila-gornji-ibar\/#primaryimage\"},\"image\":{\"@id\":\"https:\/\/sandzakpress.net\/arhiva\/turska-frima-sancakli-zakupila-gornji-ibar\/#primaryimage\"},\"thumbnailUrl\":\"https:\/\/sandzakpress.net\/arhiva\/wp-content\/uploads\/2014\/12\/GornjiIbar_zps155bf29c-600x330.jpg\",\"datePublished\":\"2014-12-15T12:13:23+00:00\",\"breadcrumb\":{\"@id\":\"https:\/\/sandzakpress.net\/arhiva\/turska-frima-sancakli-zakupila-gornji-ibar\/#breadcrumb\"},\"inLanguage\":\"bs-BA\",\"potentialAction\":[{\"@type\":\"ReadAction\",\"target\":[\"https:\/\/sandzakpress.net\/arhiva\/turska-frima-sancakli-zakupila-gornji-ibar\/\"]}]},{\"@type\":\"ImageObject\",\"inLanguage\":\"bs-BA\",\"@id\":\"https:\/\/sandzakpress.net\/arhiva\/turska-frima-sancakli-zakupila-gornji-ibar\/#primaryimage\",\"url\":\"https:\/\/sandzakpress.net\/arhiva\/wp-content\/uploads\/2014\/12\/GornjiIbar_zps155bf29c-600x330.jpg\",\"contentUrl\":\"https:\/\/sandzakpress.net\/arhiva\/wp-content\/uploads\/2014\/12\/GornjiIbar_zps155bf29c-600x330.jpg\",\"width\":600,\"height\":330},{\"@type\":\"BreadcrumbList\",\"@id\":\"https:\/\/sandzakpress.net\/arhiva\/turska-frima-sancakli-zakupila-gornji-ibar\/#breadcrumb\",\"itemListElement\":[{\"@type\":\"ListItem\",\"position\":1,\"name\":\"Home\",\"item\":\"https:\/\/sandzakpress.net\/arhiva\/\"},{\"@type\":\"ListItem\",\"position\":2,\"name\":\"Turska frima Sancakli zakupila Gornji Ibar\"}]},{\"@type\":\"WebSite\",\"@id\":\"https:\/\/sandzakpress.net\/arhiva\/#website\",\"url\":\"https:\/\/sandzakpress.net\/arhiva\/\",\"name\":\"Sand\u017eak PRESS\",\"description\":\"Prve elektronske novine u Sand\u017eaku\",\"publisher\":{\"@id\":\"https:\/\/sandzakpress.net\/arhiva\/#\/schema\/person\/6e72b67d6e51910a1117b3b483ba20bd\"},\"potentialAction\":[{\"@type\":\"SearchAction\",\"target\":{\"@type\":\"EntryPoint\",\"urlTemplate\":\"https:\/\/sandzakpress.net\/arhiva\/?s={search_term_string}\"},\"query-input\":{\"@type\":\"PropertyValueSpecification\",\"valueRequired\":true,\"valueName\":\"search_term_string\"}}],\"inLanguage\":\"bs-BA\"},{\"@type\":[\"Person\",\"Organization\"],\"@id\":\"https:\/\/sandzakpress.net\/arhiva\/#\/schema\/person\/6e72b67d6e51910a1117b3b483ba20bd\",\"name\":\"Kul\",\"image\":{\"@type\":\"ImageObject\",\"inLanguage\":\"bs-BA\",\"@id\":\"https:\/\/sandzakpress.net\/arhiva\/#\/schema\/person\/image\/\",\"url\":\"https:\/\/secure.gravatar.com\/avatar\/42263f39aa27ac04c43cab85c280eb2e?s=96&d=mm&r=pg\",\"contentUrl\":\"https:\/\/secure.gravatar.com\/avatar\/42263f39aa27ac04c43cab85c280eb2e?s=96&d=mm&r=pg\",\"caption\":\"Kul\"},\"logo\":{\"@id\":\"https:\/\/sandzakpress.net\/arhiva\/#\/schema\/person\/image\/\"}},{\"@type\":\"Person\",\"@id\":\"https:\/\/sandzakpress.net\/arhiva\/#\/schema\/person\/c8baee722073534b583ea7bdb2e36c02\",\"name\":\"bosniak\",\"image\":{\"@type\":\"ImageObject\",\"inLanguage\":\"bs-BA\",\"@id\":\"https:\/\/sandzakpress.net\/arhiva\/#\/schema\/person\/image\/\",\"url\":\"https:\/\/secure.gravatar.com\/avatar\/a04fd330bfe3a36a72a0ad4a6d89fca7?s=96&d=mm&r=pg\",\"contentUrl\":\"https:\/\/secure.gravatar.com\/avatar\/a04fd330bfe3a36a72a0ad4a6d89fca7?s=96&d=mm&r=pg\",\"caption\":\"bosniak\"},\"url\":\"https:\/\/sandzakpress.net\/arhiva\/author\/bosniak\/\"}]}<\/script>\n<!-- \/ Yoast SEO Premium plugin. -->","yoast_head_json":{"title":"Turska frima Sancakli zakupila Gornji Ibar","robots":{"index":"index","follow":"follow","max-snippet":"max-snippet:-1","max-image-preview":"max-image-preview:large","max-video-preview":"max-video-preview:-1"},"canonical":"https:\/\/sandzakpress.net\/arhiva\/turska-frima-sancakli-zakupila-gornji-ibar\/","og_locale":"bs_BA","og_type":"article","og_title":"Turska frima Sancakli zakupila Gornji Ibar","og_description":"U prvoj godini \u0107e zaposliti najmanje 75 radnika.","og_url":"https:\/\/sandzakpress.net\/arhiva\/turska-frima-sancakli-zakupila-gornji-ibar\/","og_site_name":"Sand\u017eak PRESS","article_published_time":"2014-12-15T12:13:23+00:00","og_image":[{"width":600,"height":330,"url":"https:\/\/sandzakpress.net\/arhiva\/wp-content\/uploads\/2014\/12\/GornjiIbar_zps155bf29c-600x330.jpg","type":"image\/jpeg"}],"author":"bosniak","twitter_card":"summary_large_image","twitter_misc":{"Written by":"bosniak","Est. reading time":"1 minuta"},"schema":{"@context":"https:\/\/schema.org","@graph":[{"@type":"Article","@id":"https:\/\/sandzakpress.net\/arhiva\/turska-frima-sancakli-zakupila-gornji-ibar\/#article","isPartOf":{"@id":"https:\/\/sandzakpress.net\/arhiva\/turska-frima-sancakli-zakupila-gornji-ibar\/"},"author":{"name":"bosniak","@id":"https:\/\/sandzakpress.net\/arhiva\/#\/schema\/person\/c8baee722073534b583ea7bdb2e36c02"},"headline":"Turska frima Sancakli zakupila Gornji Ibar","datePublished":"2014-12-15T12:13:23+00:00","mainEntityOfPage":{"@id":"https:\/\/sandzakpress.net\/arhiva\/turska-frima-sancakli-zakupila-gornji-ibar\/"},"wordCount":293,"commentCount":3,"publisher":{"@id":"https:\/\/sandzakpress.net\/arhiva\/#\/schema\/person\/6e72b67d6e51910a1117b3b483ba20bd"},"image":{"@id":"https:\/\/sandzakpress.net\/arhiva\/turska-frima-sancakli-zakupila-gornji-ibar\/#primaryimage"},"thumbnailUrl":"https:\/\/sandzakpress.net\/arhiva\/wp-content\/uploads\/2014\/12\/GornjiIbar_zps155bf29c-600x330.jpg","articleSection":["Ro\u017eaje","Privreda","NAJNOVIJE","Sand\u017eak"],"inLanguage":"bs-BA","potentialAction":[{"@type":"CommentAction","name":"Comment","target":["https:\/\/sandzakpress.net\/arhiva\/turska-frima-sancakli-zakupila-gornji-ibar\/#respond"]}]},{"@type":"WebPage","@id":"https:\/\/sandzakpress.net\/arhiva\/turska-frima-sancakli-zakupila-gornji-ibar\/","url":"https:\/\/sandzakpress.net\/arhiva\/turska-frima-sancakli-zakupila-gornji-ibar\/","name":"Turska frima Sancakli zakupila Gornji Ibar","isPartOf":{"@id":"https:\/\/sandzakpress.net\/arhiva\/#website"},"primaryImageOfPage":{"@id":"https:\/\/sandzakpress.net\/arhiva\/turska-frima-sancakli-zakupila-gornji-ibar\/#primaryimage"},"image":{"@id":"https:\/\/sandzakpress.net\/arhiva\/turska-frima-sancakli-zakupila-gornji-ibar\/#primaryimage"},"thumbnailUrl":"https:\/\/sandzakpress.net\/arhiva\/wp-content\/uploads\/2014\/12\/GornjiIbar_zps155bf29c-600x330.jpg","datePublished":"2014-12-15T12:13:23+00:00","breadcrumb":{"@id":"https:\/\/sandzakpress.net\/arhiva\/turska-frima-sancakli-zakupila-gornji-ibar\/#breadcrumb"},"inLanguage":"bs-BA","potentialAction":[{"@type":"ReadAction","target":["https:\/\/sandzakpress.net\/arhiva\/turska-frima-sancakli-zakupila-gornji-ibar\/"]}]},{"@type":"ImageObject","inLanguage":"bs-BA","@id":"https:\/\/sandzakpress.net\/arhiva\/turska-frima-sancakli-zakupila-gornji-ibar\/#primaryimage","url":"https:\/\/sandzakpress.net\/arhiva\/wp-content\/uploads\/2014\/12\/GornjiIbar_zps155bf29c-600x330.jpg","contentUrl":"https:\/\/sandzakpress.net\/arhiva\/wp-content\/uploads\/2014\/12\/GornjiIbar_zps155bf29c-600x330.jpg","width":600,"height":330},{"@type":"BreadcrumbList","@id":"https:\/\/sandzakpress.net\/arhiva\/turska-frima-sancakli-zakupila-gornji-ibar\/#breadcrumb","itemListElement":[{"@type":"ListItem","position":1,"name":"Home","item":"https:\/\/sandzakpress.net\/arhiva\/"},{"@type":"ListItem","position":2,"name":"Turska frima Sancakli zakupila Gornji Ibar"}]},{"@type":"WebSite","@id":"https:\/\/sandzakpress.net\/arhiva\/#website","url":"https:\/\/sandzakpress.net\/arhiva\/","name":"Sand\u017eak PRESS","description":"Prve elektronske novine u Sand\u017eaku","publisher":{"@id":"https:\/\/sandzakpress.net\/arhiva\/#\/schema\/person\/6e72b67d6e51910a1117b3b483ba20bd"},"potentialAction":[{"@type":"SearchAction","target":{"@type":"EntryPoint","urlTemplate":"https:\/\/sandzakpress.net\/arhiva\/?s={search_term_string}"},"query-input":{"@type":"PropertyValueSpecification","valueRequired":true,"valueName":"search_term_string"}}],"inLanguage":"bs-BA"},{"@type":["Person","Organization"],"@id":"https:\/\/sandzakpress.net\/arhiva\/#\/schema\/person\/6e72b67d6e51910a1117b3b483ba20bd","name":"Kul","image":{"@type":"ImageObject","inLanguage":"bs-BA","@id":"https:\/\/sandzakpress.net\/arhiva\/#\/schema\/person\/image\/","url":"https:\/\/secure.gravatar.com\/avatar\/42263f39aa27ac04c43cab85c280eb2e?s=96&d=mm&r=pg","contentUrl":"https:\/\/secure.gravatar.com\/avatar\/42263f39aa27ac04c43cab85c280eb2e?s=96&d=mm&r=pg","caption":"Kul"},"logo":{"@id":"https:\/\/sandzakpress.net\/arhiva\/#\/schema\/person\/image\/"}},{"@type":"Person","@id":"https:\/\/sandzakpress.net\/arhiva\/#\/schema\/person\/c8baee722073534b583ea7bdb2e36c02","name":"bosniak","image":{"@type":"ImageObject","inLanguage":"bs-BA","@id":"https:\/\/sandzakpress.net\/arhiva\/#\/schema\/person\/image\/","url":"https:\/\/secure.gravatar.com\/avatar\/a04fd330bfe3a36a72a0ad4a6d89fca7?s=96&d=mm&r=pg","contentUrl":"https:\/\/secure.gravatar.com\/avatar\/a04fd330bfe3a36a72a0ad4a6d89fca7?s=96&d=mm&r=pg","caption":"bosniak"},"url":"https:\/\/sandzakpress.net\/arhiva\/author\/bosniak\/"}]}},"_links":{"self":[{"href":"https:\/\/sandzakpress.net\/arhiva\/wp-json\/wp\/v2\/posts\/117099"}],"collection":[{"href":"https:\/\/sandzakpress.net\/arhiva\/wp-json\/wp\/v2\/posts"}],"about":[{"href":"https:\/\/sandzakpress.net\/arhiva\/wp-json\/wp\/v2\/types\/post"}],"author":[{"embeddable":true,"href":"https:\/\/sandzakpress.net\/arhiva\/wp-json\/wp\/v2\/users\/83"}],"replies":[{"embeddable":true,"href":"https:\/\/sandzakpress.net\/arhiva\/wp-json\/wp\/v2\/comments?post=117099"}],"version-history":[{"count":0,"href":"https:\/\/sandzakpress.net\/arhiva\/wp-json\/wp\/v2\/posts\/117099\/revisions"}],"wp:featuredmedia":[{"embeddable":true,"href":"https:\/\/sandzakpress.net\/arhiva\/wp-json\/wp\/v2\/media\/117100"}],"wp:attachment":[{"href":"https:\/\/sandzakpress.net\/arhiva\/wp-json\/wp\/v2\/media?parent=117099"}],"wp:term":[{"taxonomy":"category","embeddable":true,"href":"https:\/\/sandzakpress.net\/arhiva\/wp-json\/wp\/v2\/categories?post=117099"},{"taxonomy":"post_tag","embeddable":true,"href":"https:\/\/sandzakpress.net\/arhiva\/wp-json\/wp\/v2\/tags?post=117099"}],"curies":[{"name":"wp","href":"https:\/\/api.w.org\/{rel}","templated":true}]}}