{"id":11698,"date":"2011-01-24T12:48:14","date_gmt":"2011-01-24T11:48:14","guid":{"rendered":"https:\/\/sandzakpress.net\/arhiva\/?p=11698"},"modified":"2011-01-24T12:48:14","modified_gmt":"2011-01-24T11:48:14","slug":"gurdijeljac-u-skumbiniju","status":"publish","type":"post","link":"https:\/\/sandzakpress.net\/arhiva\/gurdijeljac-u-skumbiniju\/","title":{"rendered":"Gurdijeljac u \u0160kumbiniju"},"content":{"rendered":"<p><strong><a href=\"https:\/\/sandzakpress.net\/arhiva\/wp-content\/uploads\/2011\/01\/images1.jpg\"><img loading=\"lazy\" decoding=\"async\" class=\"alignleft size-full wp-image-11699\" title=\"images\" src=\"https:\/\/sandzakpress.net\/arhiva\/wp-content\/uploads\/2011\/01\/images1.jpg\" alt=\"\" width=\"160\" height=\"213\" \/><\/a>Novi Pazar &#8211; Doskora\u0161nji fudbaler Novog Pazara Aldin Gurdijeljac karijeru \u0107e nastaviti u \u0160kumbiniju iz Pe\u0107ina, za koji ve\u0107 nastupaju Ahmed Mujdragi\u0107 i Altin Grbovi\u0107.<\/strong><\/p>\n<p>Gurdijeljac(33)\u00a0je izrazio zadovoljstvo zbog postignutog dogovora sa trenutno osmoplasiranim timom u albanskoj Super ligi.<\/p>\n<p>\u201cPrezadovoljan sam. Liga u Albaniji je sve ja\u010da, nedavno je, recimo, u Dinamo iz Tirane do\u0161ao i jedan od najboljih srpskih defanzivaca Milovan Milovi\u0107. Grad je lijep, nalazi se blizu prijestolnice i ljudi, sli\u010dno kao u Novom Pazaru, \u017eive za fudbal. Treninzi su ne\u0161to te\u017ei i du\u017ei nego obi\u010dno, ali izdr\u017eavam sve napore. Prvenstvo se nastavlja ve\u0107 26. januara i jedva \u010dekam da debitujem\u201d, rekao je Aldin Gurdijeljac radiju Sto plus.<\/p>\n<p>Fudbalski klub Novi Pazar se nedavno odrekao usluga svog nekada\u0161njeg kapitena, staviv\u0161i ga, zajedno sa jo\u0161 11 igra\u010da, na transfer-listu.<\/p>\n<p>\u201cNisam ljut zbog toga, mada boli po\u0161to se ne de\u0161ava prvi put. Tokom svih ovih godina bio sam vi\u0161e nego korektan prema klubu, bio sam tu kada je bilo najte\u017ee, \u010desto igrao povrije\u0111en. Sada nisam potreban, ka\u017eu zbog godina, a \u017eele da dovedu igra\u010da koji je \u0161est godina stariji od mene. Bez obzira na sve, od srca \u017eelim plavima da u\u0111u u Super ligu, jer grad i sjajni navija\u010di to zaslu\u017euju\u201d, rekao je Gurdijeljac.<\/p>\n<p>Izvor: <strong>RadioStoPlus.com<\/strong><\/p>\n","protected":false},"excerpt":{"rendered":"<p>Novi Pazar &#8211; Doskora\u0161nji fudbaler Novog Pazara Aldin Gurdijeljac karijeru \u0107e nastaviti u \u0160kumbiniju iz Pe\u0107ina, za koji ve\u0107 nastupaju Ahmed Mujdragi\u0107 i Altin Grbovi\u0107. Gurdijeljac(33)\u00a0je izrazio zadovoljstvo zbog postignutog dogovora sa trenutno osmoplasiranim timom u albanskoj Super ligi. \u201cPrezadovoljan sam. Liga u Albaniji je sve ja\u010da, nedavno je, recimo, u Dinamo iz Tirane do\u0161ao [&hellip;]<\/p>\n","protected":false},"author":83,"featured_media":11699,"comment_status":"open","ping_status":"open","sticky":false,"template":"","format":"standard","meta":{"footnotes":""},"categories":[72,13],"tags":[],"class_list":{"0":"post-11698","1":"post","2":"type-post","3":"status-publish","4":"format-standard","5":"has-post-thumbnail","7":"category-novi-pazar","8":"category-sport"},"yoast_head":"<!-- This site is optimized with the Yoast SEO Premium plugin v23.1 (Yoast SEO v24.9) - https:\/\/yoast.com\/wordpress\/plugins\/seo\/ -->\n<title>Gurdijeljac u \u0160kumbiniju<\/title>\n<meta name=\"robots\" content=\"index, follow, max-snippet:-1, max-image-preview:large, max-video-preview:-1\" \/>\n<link rel=\"canonical\" href=\"https:\/\/sandzakpress.net\/arhiva\/gurdijeljac-u-skumbiniju\/\" \/>\n<meta property=\"og:locale\" content=\"bs_BA\" \/>\n<meta property=\"og:type\" content=\"article\" \/>\n<meta property=\"og:title\" content=\"Gurdijeljac u \u0160kumbiniju\" \/>\n<meta property=\"og:description\" content=\"Novi Pazar &#8211; Doskora\u0161nji fudbaler Novog Pazara Aldin Gurdijeljac karijeru \u0107e nastaviti u \u0160kumbiniju iz Pe\u0107ina, za koji ve\u0107 nastupaju Ahmed Mujdragi\u0107 i Altin Grbovi\u0107. Gurdijeljac(33)\u00a0je izrazio zadovoljstvo zbog postignutog dogovora sa trenutno osmoplasiranim timom u albanskoj Super ligi. \u201cPrezadovoljan sam. Liga u Albaniji je sve ja\u010da, nedavno je, recimo, u Dinamo iz Tirane do\u0161ao [&hellip;]\" \/>\n<meta property=\"og:url\" content=\"https:\/\/sandzakpress.net\/arhiva\/gurdijeljac-u-skumbiniju\/\" \/>\n<meta property=\"og:site_name\" content=\"Sand\u017eak PRESS\" \/>\n<meta property=\"article:published_time\" content=\"2011-01-24T11:48:14+00:00\" \/>\n<meta property=\"og:image\" content=\"https:\/\/sandzakpress.net\/arhiva\/wp-content\/uploads\/2011\/01\/images1.jpg\" \/>\n\t<meta property=\"og:image:width\" content=\"160\" \/>\n\t<meta property=\"og:image:height\" content=\"213\" \/>\n\t<meta property=\"og:image:type\" content=\"image\/jpeg\" \/>\n<meta name=\"author\" content=\"bosniak\" \/>\n<meta name=\"twitter:card\" content=\"summary_large_image\" \/>\n<meta name=\"twitter:label1\" content=\"Written by\" \/>\n\t<meta name=\"twitter:data1\" content=\"bosniak\" \/>\n\t<meta name=\"twitter:label2\" content=\"Est. reading time\" \/>\n\t<meta name=\"twitter:data2\" content=\"1 minuta\" \/>\n<script type=\"application\/ld+json\" class=\"yoast-schema-graph\">{\"@context\":\"https:\/\/schema.org\",\"@graph\":[{\"@type\":\"Article\",\"@id\":\"https:\/\/sandzakpress.net\/arhiva\/gurdijeljac-u-skumbiniju\/#article\",\"isPartOf\":{\"@id\":\"https:\/\/sandzakpress.net\/arhiva\/gurdijeljac-u-skumbiniju\/\"},\"author\":{\"name\":\"bosniak\",\"@id\":\"https:\/\/sandzakpress.net\/arhiva\/#\/schema\/person\/c8baee722073534b583ea7bdb2e36c02\"},\"headline\":\"Gurdijeljac u \u0160kumbiniju\",\"datePublished\":\"2011-01-24T11:48:14+00:00\",\"mainEntityOfPage\":{\"@id\":\"https:\/\/sandzakpress.net\/arhiva\/gurdijeljac-u-skumbiniju\/\"},\"wordCount\":232,\"commentCount\":1,\"publisher\":{\"@id\":\"https:\/\/sandzakpress.net\/arhiva\/#\/schema\/person\/6e72b67d6e51910a1117b3b483ba20bd\"},\"image\":{\"@id\":\"https:\/\/sandzakpress.net\/arhiva\/gurdijeljac-u-skumbiniju\/#primaryimage\"},\"thumbnailUrl\":\"https:\/\/sandzakpress.net\/arhiva\/wp-content\/uploads\/2011\/01\/images1.jpg\",\"articleSection\":[\"Novi Pazar\",\"Sport\"],\"inLanguage\":\"bs-BA\",\"potentialAction\":[{\"@type\":\"CommentAction\",\"name\":\"Comment\",\"target\":[\"https:\/\/sandzakpress.net\/arhiva\/gurdijeljac-u-skumbiniju\/#respond\"]}]},{\"@type\":\"WebPage\",\"@id\":\"https:\/\/sandzakpress.net\/arhiva\/gurdijeljac-u-skumbiniju\/\",\"url\":\"https:\/\/sandzakpress.net\/arhiva\/gurdijeljac-u-skumbiniju\/\",\"name\":\"Gurdijeljac u \u0160kumbiniju\",\"isPartOf\":{\"@id\":\"https:\/\/sandzakpress.net\/arhiva\/#website\"},\"primaryImageOfPage\":{\"@id\":\"https:\/\/sandzakpress.net\/arhiva\/gurdijeljac-u-skumbiniju\/#primaryimage\"},\"image\":{\"@id\":\"https:\/\/sandzakpress.net\/arhiva\/gurdijeljac-u-skumbiniju\/#primaryimage\"},\"thumbnailUrl\":\"https:\/\/sandzakpress.net\/arhiva\/wp-content\/uploads\/2011\/01\/images1.jpg\",\"datePublished\":\"2011-01-24T11:48:14+00:00\",\"breadcrumb\":{\"@id\":\"https:\/\/sandzakpress.net\/arhiva\/gurdijeljac-u-skumbiniju\/#breadcrumb\"},\"inLanguage\":\"bs-BA\",\"potentialAction\":[{\"@type\":\"ReadAction\",\"target\":[\"https:\/\/sandzakpress.net\/arhiva\/gurdijeljac-u-skumbiniju\/\"]}]},{\"@type\":\"ImageObject\",\"inLanguage\":\"bs-BA\",\"@id\":\"https:\/\/sandzakpress.net\/arhiva\/gurdijeljac-u-skumbiniju\/#primaryimage\",\"url\":\"https:\/\/sandzakpress.net\/arhiva\/wp-content\/uploads\/2011\/01\/images1.jpg\",\"contentUrl\":\"https:\/\/sandzakpress.net\/arhiva\/wp-content\/uploads\/2011\/01\/images1.jpg\",\"width\":160,\"height\":213},{\"@type\":\"BreadcrumbList\",\"@id\":\"https:\/\/sandzakpress.net\/arhiva\/gurdijeljac-u-skumbiniju\/#breadcrumb\",\"itemListElement\":[{\"@type\":\"ListItem\",\"position\":1,\"name\":\"Home\",\"item\":\"https:\/\/sandzakpress.net\/arhiva\/\"},{\"@type\":\"ListItem\",\"position\":2,\"name\":\"Gurdijeljac u \u0160kumbiniju\"}]},{\"@type\":\"WebSite\",\"@id\":\"https:\/\/sandzakpress.net\/arhiva\/#website\",\"url\":\"https:\/\/sandzakpress.net\/arhiva\/\",\"name\":\"Sand\u017eak PRESS\",\"description\":\"Prve elektronske novine u Sand\u017eaku\",\"publisher\":{\"@id\":\"https:\/\/sandzakpress.net\/arhiva\/#\/schema\/person\/6e72b67d6e51910a1117b3b483ba20bd\"},\"potentialAction\":[{\"@type\":\"SearchAction\",\"target\":{\"@type\":\"EntryPoint\",\"urlTemplate\":\"https:\/\/sandzakpress.net\/arhiva\/?s={search_term_string}\"},\"query-input\":{\"@type\":\"PropertyValueSpecification\",\"valueRequired\":true,\"valueName\":\"search_term_string\"}}],\"inLanguage\":\"bs-BA\"},{\"@type\":[\"Person\",\"Organization\"],\"@id\":\"https:\/\/sandzakpress.net\/arhiva\/#\/schema\/person\/6e72b67d6e51910a1117b3b483ba20bd\",\"name\":\"Kul\",\"image\":{\"@type\":\"ImageObject\",\"inLanguage\":\"bs-BA\",\"@id\":\"https:\/\/sandzakpress.net\/arhiva\/#\/schema\/person\/image\/\",\"url\":\"https:\/\/secure.gravatar.com\/avatar\/42263f39aa27ac04c43cab85c280eb2e?s=96&d=mm&r=pg\",\"contentUrl\":\"https:\/\/secure.gravatar.com\/avatar\/42263f39aa27ac04c43cab85c280eb2e?s=96&d=mm&r=pg\",\"caption\":\"Kul\"},\"logo\":{\"@id\":\"https:\/\/sandzakpress.net\/arhiva\/#\/schema\/person\/image\/\"}},{\"@type\":\"Person\",\"@id\":\"https:\/\/sandzakpress.net\/arhiva\/#\/schema\/person\/c8baee722073534b583ea7bdb2e36c02\",\"name\":\"bosniak\",\"image\":{\"@type\":\"ImageObject\",\"inLanguage\":\"bs-BA\",\"@id\":\"https:\/\/sandzakpress.net\/arhiva\/#\/schema\/person\/image\/\",\"url\":\"https:\/\/secure.gravatar.com\/avatar\/a04fd330bfe3a36a72a0ad4a6d89fca7?s=96&d=mm&r=pg\",\"contentUrl\":\"https:\/\/secure.gravatar.com\/avatar\/a04fd330bfe3a36a72a0ad4a6d89fca7?s=96&d=mm&r=pg\",\"caption\":\"bosniak\"},\"url\":\"https:\/\/sandzakpress.net\/arhiva\/author\/bosniak\/\"}]}<\/script>\n<!-- \/ Yoast SEO Premium plugin. -->","yoast_head_json":{"title":"Gurdijeljac u \u0160kumbiniju","robots":{"index":"index","follow":"follow","max-snippet":"max-snippet:-1","max-image-preview":"max-image-preview:large","max-video-preview":"max-video-preview:-1"},"canonical":"https:\/\/sandzakpress.net\/arhiva\/gurdijeljac-u-skumbiniju\/","og_locale":"bs_BA","og_type":"article","og_title":"Gurdijeljac u \u0160kumbiniju","og_description":"Novi Pazar &#8211; Doskora\u0161nji fudbaler Novog Pazara Aldin Gurdijeljac karijeru \u0107e nastaviti u \u0160kumbiniju iz Pe\u0107ina, za koji ve\u0107 nastupaju Ahmed Mujdragi\u0107 i Altin Grbovi\u0107. Gurdijeljac(33)\u00a0je izrazio zadovoljstvo zbog postignutog dogovora sa trenutno osmoplasiranim timom u albanskoj Super ligi. \u201cPrezadovoljan sam. Liga u Albaniji je sve ja\u010da, nedavno je, recimo, u Dinamo iz Tirane do\u0161ao [&hellip;]","og_url":"https:\/\/sandzakpress.net\/arhiva\/gurdijeljac-u-skumbiniju\/","og_site_name":"Sand\u017eak PRESS","article_published_time":"2011-01-24T11:48:14+00:00","og_image":[{"width":160,"height":213,"url":"https:\/\/sandzakpress.net\/arhiva\/wp-content\/uploads\/2011\/01\/images1.jpg","type":"image\/jpeg"}],"author":"bosniak","twitter_card":"summary_large_image","twitter_misc":{"Written by":"bosniak","Est. reading time":"1 minuta"},"schema":{"@context":"https:\/\/schema.org","@graph":[{"@type":"Article","@id":"https:\/\/sandzakpress.net\/arhiva\/gurdijeljac-u-skumbiniju\/#article","isPartOf":{"@id":"https:\/\/sandzakpress.net\/arhiva\/gurdijeljac-u-skumbiniju\/"},"author":{"name":"bosniak","@id":"https:\/\/sandzakpress.net\/arhiva\/#\/schema\/person\/c8baee722073534b583ea7bdb2e36c02"},"headline":"Gurdijeljac u \u0160kumbiniju","datePublished":"2011-01-24T11:48:14+00:00","mainEntityOfPage":{"@id":"https:\/\/sandzakpress.net\/arhiva\/gurdijeljac-u-skumbiniju\/"},"wordCount":232,"commentCount":1,"publisher":{"@id":"https:\/\/sandzakpress.net\/arhiva\/#\/schema\/person\/6e72b67d6e51910a1117b3b483ba20bd"},"image":{"@id":"https:\/\/sandzakpress.net\/arhiva\/gurdijeljac-u-skumbiniju\/#primaryimage"},"thumbnailUrl":"https:\/\/sandzakpress.net\/arhiva\/wp-content\/uploads\/2011\/01\/images1.jpg","articleSection":["Novi Pazar","Sport"],"inLanguage":"bs-BA","potentialAction":[{"@type":"CommentAction","name":"Comment","target":["https:\/\/sandzakpress.net\/arhiva\/gurdijeljac-u-skumbiniju\/#respond"]}]},{"@type":"WebPage","@id":"https:\/\/sandzakpress.net\/arhiva\/gurdijeljac-u-skumbiniju\/","url":"https:\/\/sandzakpress.net\/arhiva\/gurdijeljac-u-skumbiniju\/","name":"Gurdijeljac u \u0160kumbiniju","isPartOf":{"@id":"https:\/\/sandzakpress.net\/arhiva\/#website"},"primaryImageOfPage":{"@id":"https:\/\/sandzakpress.net\/arhiva\/gurdijeljac-u-skumbiniju\/#primaryimage"},"image":{"@id":"https:\/\/sandzakpress.net\/arhiva\/gurdijeljac-u-skumbiniju\/#primaryimage"},"thumbnailUrl":"https:\/\/sandzakpress.net\/arhiva\/wp-content\/uploads\/2011\/01\/images1.jpg","datePublished":"2011-01-24T11:48:14+00:00","breadcrumb":{"@id":"https:\/\/sandzakpress.net\/arhiva\/gurdijeljac-u-skumbiniju\/#breadcrumb"},"inLanguage":"bs-BA","potentialAction":[{"@type":"ReadAction","target":["https:\/\/sandzakpress.net\/arhiva\/gurdijeljac-u-skumbiniju\/"]}]},{"@type":"ImageObject","inLanguage":"bs-BA","@id":"https:\/\/sandzakpress.net\/arhiva\/gurdijeljac-u-skumbiniju\/#primaryimage","url":"https:\/\/sandzakpress.net\/arhiva\/wp-content\/uploads\/2011\/01\/images1.jpg","contentUrl":"https:\/\/sandzakpress.net\/arhiva\/wp-content\/uploads\/2011\/01\/images1.jpg","width":160,"height":213},{"@type":"BreadcrumbList","@id":"https:\/\/sandzakpress.net\/arhiva\/gurdijeljac-u-skumbiniju\/#breadcrumb","itemListElement":[{"@type":"ListItem","position":1,"name":"Home","item":"https:\/\/sandzakpress.net\/arhiva\/"},{"@type":"ListItem","position":2,"name":"Gurdijeljac u \u0160kumbiniju"}]},{"@type":"WebSite","@id":"https:\/\/sandzakpress.net\/arhiva\/#website","url":"https:\/\/sandzakpress.net\/arhiva\/","name":"Sand\u017eak PRESS","description":"Prve elektronske novine u Sand\u017eaku","publisher":{"@id":"https:\/\/sandzakpress.net\/arhiva\/#\/schema\/person\/6e72b67d6e51910a1117b3b483ba20bd"},"potentialAction":[{"@type":"SearchAction","target":{"@type":"EntryPoint","urlTemplate":"https:\/\/sandzakpress.net\/arhiva\/?s={search_term_string}"},"query-input":{"@type":"PropertyValueSpecification","valueRequired":true,"valueName":"search_term_string"}}],"inLanguage":"bs-BA"},{"@type":["Person","Organization"],"@id":"https:\/\/sandzakpress.net\/arhiva\/#\/schema\/person\/6e72b67d6e51910a1117b3b483ba20bd","name":"Kul","image":{"@type":"ImageObject","inLanguage":"bs-BA","@id":"https:\/\/sandzakpress.net\/arhiva\/#\/schema\/person\/image\/","url":"https:\/\/secure.gravatar.com\/avatar\/42263f39aa27ac04c43cab85c280eb2e?s=96&d=mm&r=pg","contentUrl":"https:\/\/secure.gravatar.com\/avatar\/42263f39aa27ac04c43cab85c280eb2e?s=96&d=mm&r=pg","caption":"Kul"},"logo":{"@id":"https:\/\/sandzakpress.net\/arhiva\/#\/schema\/person\/image\/"}},{"@type":"Person","@id":"https:\/\/sandzakpress.net\/arhiva\/#\/schema\/person\/c8baee722073534b583ea7bdb2e36c02","name":"bosniak","image":{"@type":"ImageObject","inLanguage":"bs-BA","@id":"https:\/\/sandzakpress.net\/arhiva\/#\/schema\/person\/image\/","url":"https:\/\/secure.gravatar.com\/avatar\/a04fd330bfe3a36a72a0ad4a6d89fca7?s=96&d=mm&r=pg","contentUrl":"https:\/\/secure.gravatar.com\/avatar\/a04fd330bfe3a36a72a0ad4a6d89fca7?s=96&d=mm&r=pg","caption":"bosniak"},"url":"https:\/\/sandzakpress.net\/arhiva\/author\/bosniak\/"}]}},"_links":{"self":[{"href":"https:\/\/sandzakpress.net\/arhiva\/wp-json\/wp\/v2\/posts\/11698"}],"collection":[{"href":"https:\/\/sandzakpress.net\/arhiva\/wp-json\/wp\/v2\/posts"}],"about":[{"href":"https:\/\/sandzakpress.net\/arhiva\/wp-json\/wp\/v2\/types\/post"}],"author":[{"embeddable":true,"href":"https:\/\/sandzakpress.net\/arhiva\/wp-json\/wp\/v2\/users\/83"}],"replies":[{"embeddable":true,"href":"https:\/\/sandzakpress.net\/arhiva\/wp-json\/wp\/v2\/comments?post=11698"}],"version-history":[{"count":0,"href":"https:\/\/sandzakpress.net\/arhiva\/wp-json\/wp\/v2\/posts\/11698\/revisions"}],"wp:featuredmedia":[{"embeddable":true,"href":"https:\/\/sandzakpress.net\/arhiva\/wp-json\/wp\/v2\/media\/11699"}],"wp:attachment":[{"href":"https:\/\/sandzakpress.net\/arhiva\/wp-json\/wp\/v2\/media?parent=11698"}],"wp:term":[{"taxonomy":"category","embeddable":true,"href":"https:\/\/sandzakpress.net\/arhiva\/wp-json\/wp\/v2\/categories?post=11698"},{"taxonomy":"post_tag","embeddable":true,"href":"https:\/\/sandzakpress.net\/arhiva\/wp-json\/wp\/v2\/tags?post=11698"}],"curies":[{"name":"wp","href":"https:\/\/api.w.org\/{rel}","templated":true}]}}