{"id":116955,"date":"2014-12-12T21:00:14","date_gmt":"2014-12-12T20:00:14","guid":{"rendered":"https:\/\/sandzakpress.net\/arhiva\/?p=116955"},"modified":"2014-12-13T13:12:12","modified_gmt":"2014-12-13T12:12:12","slug":"drzavni-tuzilac-slucaj-ibrahima-cikica-opet-aktivan","status":"publish","type":"post","link":"https:\/\/sandzakpress.net\/arhiva\/drzavni-tuzilac-slucaj-ibrahima-cikica-opet-aktivan\/","title":{"rendered":"Dr\u017eavni tu\u017eilac: Slu\u010daj Ibrahima \u010ciki\u0107a opet aktivan"},"content":{"rendered":"<p><a href=\"https:\/\/sandzakpress.net\/arhiva\/wp-content\/uploads\/2014\/12\/stankovicivica.jpg\"><img loading=\"lazy\" decoding=\"async\" class=\"aligncenter size-full wp-image-116956\" src=\"https:\/\/sandzakpress.net\/arhiva\/wp-content\/uploads\/2014\/12\/stankovicivica.jpg\" alt=\"stankovicivica\" width=\"616\" height=\"390\" \/><\/a><\/p>\n<p><strong>Bijelo Polje &#8211; Specijalno odjeljenje obavijestilo je podnosioce krivi\u010dne prijave da je ona odba\u010dena, ali je VDT korigovao takvu odluku i nalo\u017eio postupanje po konkretnim upustvima<\/strong><\/p>\n<p>Vrhovni dr\u017eavni tu\u017eilac Ivica Stankovi\u0107 vratio je Specijalnom odjeljenju za suzbijanje organizovanog kriminala i korupcije, terorizma i ratnih zlo\u010dina, spise predmeta o krivi\u010dnoj prijavi protiv Mila \u0110ukanovi\u0107a i Vrhovnog dr\u017eavnog tu\u017eila\u0161tava (VDT) za krivi\u010dno djelo genocid u vezi sa slu\u010dajem Ibrahima \u010ciki\u0107a.<\/p>\n<p>Krivi\u010dne prijave podnijeli su profesor Milan Popovi\u0107, urednik Monitora Esad Ko\u010dan i poslanik Demokratskog fronta Ko\u010da Pavlovi\u0107.<\/p>\n<p>Specijalno odjeljenje obavijestilo je podnosioce krivi\u010dne prijave da je ona odba\u010dena, ali je VDT korigovao takvu odluku i nalo\u017eio postupanje po konkretnim upustvima.<\/p>\n<p>Iz Tu\u017eila\u0161tva saop\u0161teno je da su Popovi\u0107, Ko\u010dan i Pavlovi\u0107 podnijeli krivi\u010dnu prijavu 11. septembra, protiv \u0110ukanovi\u0107a, predsjednika Vlade i tada\u0161njeg, a najve\u0107im dijelom i dana\u0161njeg vrha crnogorske vlasti, zbog krivi\u010dnog djela &#8211; genocid, kao i protiv vrhovnih dr\u017eavnih tu\u017eilaca i njihovih \u201einvolviranih\u201c saradnika zbog krivi\u010dnog djela &#8211; genocida putem pomaganja izvr\u0161enog od 1994. do 2014. godine.<\/p>\n<p>Tu\u017eila\u0161tvo podsje\u0107a da je krivi\u010dna prijava podnijeta protiv poznatih lica, \u0110ukanovi\u0107a, vrhovnih dr\u017eavnih tu\u017eilaca koji su ovu funkciju obavljali u navedenom periodu i drugih, za sada nepoznatih izvr\u0161ilaca, zbog odre\u0111enog krivi\u010dnog djela za koje se goni po slu\u017ebenoj du\u017enosti.<\/p>\n<p>\u201cVDT nalo\u017eio je Specijalnom odjeljenju da formira predmet i da prije dono\u0161enja odluke zatra\u017ei od podnosilaca krivi\u010dne prijave da prijavu dopune podacima o identitetu drugih lica (tada\u0161njeg, a najve\u0107im dijelom i dana\u0161njeg vrha crnogorske vlasti i involviranih saradnika) i da eventualno pozovu druga lica za koja se ocijeni da mogu pru\u017eiti relevantne podatke od zna\u010daja za dono\u0161enje odluke po prijavi\u201d, ka\u017ee se u saop\u0161tenju.<\/p>\n<p>Navodi se da je Stankovi\u0107 nalo\u017eio je Specijalnom odjeljenju da ga obavje\u0161tava o svim postupanjima po uputstvu.<br \/>\n(bosnjaci.net)<\/p>\n","protected":false},"excerpt":{"rendered":"<p>Bijelo Polje &#8211; Specijalno odjeljenje obavijestilo je podnosioce krivi\u010dne prijave da je ona odba\u010dena, ali je VDT korigovao takvu odluku i nalo\u017eio postupanje po konkretnim upustvima Vrhovni dr\u017eavni tu\u017eilac Ivica Stankovi\u0107 vratio je Specijalnom odjeljenju za suzbijanje organizovanog kriminala i korupcije, terorizma i ratnih zlo\u010dina, spise predmeta o krivi\u010dnoj prijavi protiv Mila \u0110ukanovi\u0107a i Vrhovnog [&hellip;]<\/p>\n","protected":false},"author":83,"featured_media":116956,"comment_status":"open","ping_status":"open","sticky":false,"template":"","format":"standard","meta":{"footnotes":""},"categories":[800,396,8957,798],"tags":[],"class_list":{"0":"post-116955","1":"post","2":"type-post","3":"status-publish","4":"format-standard","5":"has-post-thumbnail","7":"category-nacija","8":"category-bijelo_polje","9":"category-vijesti-dana","10":"category-teme"},"yoast_head":"<!-- This site is optimized with the Yoast SEO Premium plugin v23.1 (Yoast SEO v24.9) - https:\/\/yoast.com\/wordpress\/plugins\/seo\/ -->\n<title>Dr\u017eavni tu\u017eilac: Slu\u010daj Ibrahima \u010ciki\u0107a opet aktivan<\/title>\n<meta name=\"robots\" content=\"index, follow, max-snippet:-1, max-image-preview:large, max-video-preview:-1\" \/>\n<link rel=\"canonical\" href=\"https:\/\/sandzakpress.net\/arhiva\/drzavni-tuzilac-slucaj-ibrahima-cikica-opet-aktivan\/\" \/>\n<meta property=\"og:locale\" content=\"bs_BA\" \/>\n<meta property=\"og:type\" content=\"article\" \/>\n<meta property=\"og:title\" content=\"Dr\u017eavni tu\u017eilac: Slu\u010daj Ibrahima \u010ciki\u0107a opet aktivan\" \/>\n<meta property=\"og:description\" content=\"Bijelo Polje &#8211; Specijalno odjeljenje obavijestilo je podnosioce krivi\u010dne prijave da je ona odba\u010dena, ali je VDT korigovao takvu odluku i nalo\u017eio postupanje po konkretnim upustvima Vrhovni dr\u017eavni tu\u017eilac Ivica Stankovi\u0107 vratio je Specijalnom odjeljenju za suzbijanje organizovanog kriminala i korupcije, terorizma i ratnih zlo\u010dina, spise predmeta o krivi\u010dnoj prijavi protiv Mila \u0110ukanovi\u0107a i Vrhovnog [&hellip;]\" \/>\n<meta property=\"og:url\" content=\"https:\/\/sandzakpress.net\/arhiva\/drzavni-tuzilac-slucaj-ibrahima-cikica-opet-aktivan\/\" \/>\n<meta property=\"og:site_name\" content=\"Sand\u017eak PRESS\" \/>\n<meta property=\"article:published_time\" content=\"2014-12-12T20:00:14+00:00\" \/>\n<meta property=\"article:modified_time\" content=\"2014-12-13T12:12:12+00:00\" \/>\n<meta property=\"og:image\" content=\"https:\/\/sandzakpress.net\/arhiva\/wp-content\/uploads\/2014\/12\/stankovicivica.jpg\" \/>\n\t<meta property=\"og:image:width\" content=\"616\" \/>\n\t<meta property=\"og:image:height\" content=\"390\" \/>\n\t<meta property=\"og:image:type\" content=\"image\/jpeg\" \/>\n<meta name=\"author\" content=\"bosniak\" \/>\n<meta name=\"twitter:card\" content=\"summary_large_image\" \/>\n<meta name=\"twitter:label1\" content=\"Written by\" \/>\n\t<meta name=\"twitter:data1\" content=\"bosniak\" \/>\n\t<meta name=\"twitter:label2\" content=\"Est. reading time\" \/>\n\t<meta name=\"twitter:data2\" content=\"2 minute\" \/>\n<script type=\"application\/ld+json\" class=\"yoast-schema-graph\">{\"@context\":\"https:\/\/schema.org\",\"@graph\":[{\"@type\":\"Article\",\"@id\":\"https:\/\/sandzakpress.net\/arhiva\/drzavni-tuzilac-slucaj-ibrahima-cikica-opet-aktivan\/#article\",\"isPartOf\":{\"@id\":\"https:\/\/sandzakpress.net\/arhiva\/drzavni-tuzilac-slucaj-ibrahima-cikica-opet-aktivan\/\"},\"author\":{\"name\":\"bosniak\",\"@id\":\"https:\/\/sandzakpress.net\/arhiva\/#\/schema\/person\/c8baee722073534b583ea7bdb2e36c02\"},\"headline\":\"Dr\u017eavni tu\u017eilac: Slu\u010daj Ibrahima \u010ciki\u0107a opet aktivan\",\"datePublished\":\"2014-12-12T20:00:14+00:00\",\"dateModified\":\"2014-12-13T12:12:12+00:00\",\"mainEntityOfPage\":{\"@id\":\"https:\/\/sandzakpress.net\/arhiva\/drzavni-tuzilac-slucaj-ibrahima-cikica-opet-aktivan\/\"},\"wordCount\":355,\"commentCount\":1,\"publisher\":{\"@id\":\"https:\/\/sandzakpress.net\/arhiva\/#\/schema\/person\/6e72b67d6e51910a1117b3b483ba20bd\"},\"image\":{\"@id\":\"https:\/\/sandzakpress.net\/arhiva\/drzavni-tuzilac-slucaj-ibrahima-cikica-opet-aktivan\/#primaryimage\"},\"thumbnailUrl\":\"https:\/\/sandzakpress.net\/arhiva\/wp-content\/uploads\/2014\/12\/stankovicivica.jpg\",\"articleSection\":[\"Nacija\",\"Bijelo Polje\",\"VIJESTI DANA\",\"NAJNOVIJE\"],\"inLanguage\":\"bs-BA\",\"potentialAction\":[{\"@type\":\"CommentAction\",\"name\":\"Comment\",\"target\":[\"https:\/\/sandzakpress.net\/arhiva\/drzavni-tuzilac-slucaj-ibrahima-cikica-opet-aktivan\/#respond\"]}]},{\"@type\":\"WebPage\",\"@id\":\"https:\/\/sandzakpress.net\/arhiva\/drzavni-tuzilac-slucaj-ibrahima-cikica-opet-aktivan\/\",\"url\":\"https:\/\/sandzakpress.net\/arhiva\/drzavni-tuzilac-slucaj-ibrahima-cikica-opet-aktivan\/\",\"name\":\"Dr\u017eavni tu\u017eilac: Slu\u010daj Ibrahima \u010ciki\u0107a opet aktivan\",\"isPartOf\":{\"@id\":\"https:\/\/sandzakpress.net\/arhiva\/#website\"},\"primaryImageOfPage\":{\"@id\":\"https:\/\/sandzakpress.net\/arhiva\/drzavni-tuzilac-slucaj-ibrahima-cikica-opet-aktivan\/#primaryimage\"},\"image\":{\"@id\":\"https:\/\/sandzakpress.net\/arhiva\/drzavni-tuzilac-slucaj-ibrahima-cikica-opet-aktivan\/#primaryimage\"},\"thumbnailUrl\":\"https:\/\/sandzakpress.net\/arhiva\/wp-content\/uploads\/2014\/12\/stankovicivica.jpg\",\"datePublished\":\"2014-12-12T20:00:14+00:00\",\"dateModified\":\"2014-12-13T12:12:12+00:00\",\"breadcrumb\":{\"@id\":\"https:\/\/sandzakpress.net\/arhiva\/drzavni-tuzilac-slucaj-ibrahima-cikica-opet-aktivan\/#breadcrumb\"},\"inLanguage\":\"bs-BA\",\"potentialAction\":[{\"@type\":\"ReadAction\",\"target\":[\"https:\/\/sandzakpress.net\/arhiva\/drzavni-tuzilac-slucaj-ibrahima-cikica-opet-aktivan\/\"]}]},{\"@type\":\"ImageObject\",\"inLanguage\":\"bs-BA\",\"@id\":\"https:\/\/sandzakpress.net\/arhiva\/drzavni-tuzilac-slucaj-ibrahima-cikica-opet-aktivan\/#primaryimage\",\"url\":\"https:\/\/sandzakpress.net\/arhiva\/wp-content\/uploads\/2014\/12\/stankovicivica.jpg\",\"contentUrl\":\"https:\/\/sandzakpress.net\/arhiva\/wp-content\/uploads\/2014\/12\/stankovicivica.jpg\",\"width\":616,\"height\":390},{\"@type\":\"BreadcrumbList\",\"@id\":\"https:\/\/sandzakpress.net\/arhiva\/drzavni-tuzilac-slucaj-ibrahima-cikica-opet-aktivan\/#breadcrumb\",\"itemListElement\":[{\"@type\":\"ListItem\",\"position\":1,\"name\":\"Home\",\"item\":\"https:\/\/sandzakpress.net\/arhiva\/\"},{\"@type\":\"ListItem\",\"position\":2,\"name\":\"Dr\u017eavni tu\u017eilac: Slu\u010daj Ibrahima \u010ciki\u0107a opet aktivan\"}]},{\"@type\":\"WebSite\",\"@id\":\"https:\/\/sandzakpress.net\/arhiva\/#website\",\"url\":\"https:\/\/sandzakpress.net\/arhiva\/\",\"name\":\"Sand\u017eak PRESS\",\"description\":\"Prve elektronske novine u Sand\u017eaku\",\"publisher\":{\"@id\":\"https:\/\/sandzakpress.net\/arhiva\/#\/schema\/person\/6e72b67d6e51910a1117b3b483ba20bd\"},\"potentialAction\":[{\"@type\":\"SearchAction\",\"target\":{\"@type\":\"EntryPoint\",\"urlTemplate\":\"https:\/\/sandzakpress.net\/arhiva\/?s={search_term_string}\"},\"query-input\":{\"@type\":\"PropertyValueSpecification\",\"valueRequired\":true,\"valueName\":\"search_term_string\"}}],\"inLanguage\":\"bs-BA\"},{\"@type\":[\"Person\",\"Organization\"],\"@id\":\"https:\/\/sandzakpress.net\/arhiva\/#\/schema\/person\/6e72b67d6e51910a1117b3b483ba20bd\",\"name\":\"Kul\",\"image\":{\"@type\":\"ImageObject\",\"inLanguage\":\"bs-BA\",\"@id\":\"https:\/\/sandzakpress.net\/arhiva\/#\/schema\/person\/image\/\",\"url\":\"https:\/\/secure.gravatar.com\/avatar\/42263f39aa27ac04c43cab85c280eb2e?s=96&d=mm&r=pg\",\"contentUrl\":\"https:\/\/secure.gravatar.com\/avatar\/42263f39aa27ac04c43cab85c280eb2e?s=96&d=mm&r=pg\",\"caption\":\"Kul\"},\"logo\":{\"@id\":\"https:\/\/sandzakpress.net\/arhiva\/#\/schema\/person\/image\/\"}},{\"@type\":\"Person\",\"@id\":\"https:\/\/sandzakpress.net\/arhiva\/#\/schema\/person\/c8baee722073534b583ea7bdb2e36c02\",\"name\":\"bosniak\",\"image\":{\"@type\":\"ImageObject\",\"inLanguage\":\"bs-BA\",\"@id\":\"https:\/\/sandzakpress.net\/arhiva\/#\/schema\/person\/image\/\",\"url\":\"https:\/\/secure.gravatar.com\/avatar\/a04fd330bfe3a36a72a0ad4a6d89fca7?s=96&d=mm&r=pg\",\"contentUrl\":\"https:\/\/secure.gravatar.com\/avatar\/a04fd330bfe3a36a72a0ad4a6d89fca7?s=96&d=mm&r=pg\",\"caption\":\"bosniak\"},\"url\":\"https:\/\/sandzakpress.net\/arhiva\/author\/bosniak\/\"}]}<\/script>\n<!-- \/ Yoast SEO Premium plugin. -->","yoast_head_json":{"title":"Dr\u017eavni tu\u017eilac: Slu\u010daj Ibrahima \u010ciki\u0107a opet aktivan","robots":{"index":"index","follow":"follow","max-snippet":"max-snippet:-1","max-image-preview":"max-image-preview:large","max-video-preview":"max-video-preview:-1"},"canonical":"https:\/\/sandzakpress.net\/arhiva\/drzavni-tuzilac-slucaj-ibrahima-cikica-opet-aktivan\/","og_locale":"bs_BA","og_type":"article","og_title":"Dr\u017eavni tu\u017eilac: Slu\u010daj Ibrahima \u010ciki\u0107a opet aktivan","og_description":"Bijelo Polje &#8211; Specijalno odjeljenje obavijestilo je podnosioce krivi\u010dne prijave da je ona odba\u010dena, ali je VDT korigovao takvu odluku i nalo\u017eio postupanje po konkretnim upustvima Vrhovni dr\u017eavni tu\u017eilac Ivica Stankovi\u0107 vratio je Specijalnom odjeljenju za suzbijanje organizovanog kriminala i korupcije, terorizma i ratnih zlo\u010dina, spise predmeta o krivi\u010dnoj prijavi protiv Mila \u0110ukanovi\u0107a i Vrhovnog [&hellip;]","og_url":"https:\/\/sandzakpress.net\/arhiva\/drzavni-tuzilac-slucaj-ibrahima-cikica-opet-aktivan\/","og_site_name":"Sand\u017eak PRESS","article_published_time":"2014-12-12T20:00:14+00:00","article_modified_time":"2014-12-13T12:12:12+00:00","og_image":[{"width":616,"height":390,"url":"https:\/\/sandzakpress.net\/arhiva\/wp-content\/uploads\/2014\/12\/stankovicivica.jpg","type":"image\/jpeg"}],"author":"bosniak","twitter_card":"summary_large_image","twitter_misc":{"Written by":"bosniak","Est. reading time":"2 minute"},"schema":{"@context":"https:\/\/schema.org","@graph":[{"@type":"Article","@id":"https:\/\/sandzakpress.net\/arhiva\/drzavni-tuzilac-slucaj-ibrahima-cikica-opet-aktivan\/#article","isPartOf":{"@id":"https:\/\/sandzakpress.net\/arhiva\/drzavni-tuzilac-slucaj-ibrahima-cikica-opet-aktivan\/"},"author":{"name":"bosniak","@id":"https:\/\/sandzakpress.net\/arhiva\/#\/schema\/person\/c8baee722073534b583ea7bdb2e36c02"},"headline":"Dr\u017eavni tu\u017eilac: Slu\u010daj Ibrahima \u010ciki\u0107a opet aktivan","datePublished":"2014-12-12T20:00:14+00:00","dateModified":"2014-12-13T12:12:12+00:00","mainEntityOfPage":{"@id":"https:\/\/sandzakpress.net\/arhiva\/drzavni-tuzilac-slucaj-ibrahima-cikica-opet-aktivan\/"},"wordCount":355,"commentCount":1,"publisher":{"@id":"https:\/\/sandzakpress.net\/arhiva\/#\/schema\/person\/6e72b67d6e51910a1117b3b483ba20bd"},"image":{"@id":"https:\/\/sandzakpress.net\/arhiva\/drzavni-tuzilac-slucaj-ibrahima-cikica-opet-aktivan\/#primaryimage"},"thumbnailUrl":"https:\/\/sandzakpress.net\/arhiva\/wp-content\/uploads\/2014\/12\/stankovicivica.jpg","articleSection":["Nacija","Bijelo Polje","VIJESTI DANA","NAJNOVIJE"],"inLanguage":"bs-BA","potentialAction":[{"@type":"CommentAction","name":"Comment","target":["https:\/\/sandzakpress.net\/arhiva\/drzavni-tuzilac-slucaj-ibrahima-cikica-opet-aktivan\/#respond"]}]},{"@type":"WebPage","@id":"https:\/\/sandzakpress.net\/arhiva\/drzavni-tuzilac-slucaj-ibrahima-cikica-opet-aktivan\/","url":"https:\/\/sandzakpress.net\/arhiva\/drzavni-tuzilac-slucaj-ibrahima-cikica-opet-aktivan\/","name":"Dr\u017eavni tu\u017eilac: Slu\u010daj Ibrahima \u010ciki\u0107a opet aktivan","isPartOf":{"@id":"https:\/\/sandzakpress.net\/arhiva\/#website"},"primaryImageOfPage":{"@id":"https:\/\/sandzakpress.net\/arhiva\/drzavni-tuzilac-slucaj-ibrahima-cikica-opet-aktivan\/#primaryimage"},"image":{"@id":"https:\/\/sandzakpress.net\/arhiva\/drzavni-tuzilac-slucaj-ibrahima-cikica-opet-aktivan\/#primaryimage"},"thumbnailUrl":"https:\/\/sandzakpress.net\/arhiva\/wp-content\/uploads\/2014\/12\/stankovicivica.jpg","datePublished":"2014-12-12T20:00:14+00:00","dateModified":"2014-12-13T12:12:12+00:00","breadcrumb":{"@id":"https:\/\/sandzakpress.net\/arhiva\/drzavni-tuzilac-slucaj-ibrahima-cikica-opet-aktivan\/#breadcrumb"},"inLanguage":"bs-BA","potentialAction":[{"@type":"ReadAction","target":["https:\/\/sandzakpress.net\/arhiva\/drzavni-tuzilac-slucaj-ibrahima-cikica-opet-aktivan\/"]}]},{"@type":"ImageObject","inLanguage":"bs-BA","@id":"https:\/\/sandzakpress.net\/arhiva\/drzavni-tuzilac-slucaj-ibrahima-cikica-opet-aktivan\/#primaryimage","url":"https:\/\/sandzakpress.net\/arhiva\/wp-content\/uploads\/2014\/12\/stankovicivica.jpg","contentUrl":"https:\/\/sandzakpress.net\/arhiva\/wp-content\/uploads\/2014\/12\/stankovicivica.jpg","width":616,"height":390},{"@type":"BreadcrumbList","@id":"https:\/\/sandzakpress.net\/arhiva\/drzavni-tuzilac-slucaj-ibrahima-cikica-opet-aktivan\/#breadcrumb","itemListElement":[{"@type":"ListItem","position":1,"name":"Home","item":"https:\/\/sandzakpress.net\/arhiva\/"},{"@type":"ListItem","position":2,"name":"Dr\u017eavni tu\u017eilac: Slu\u010daj Ibrahima \u010ciki\u0107a opet aktivan"}]},{"@type":"WebSite","@id":"https:\/\/sandzakpress.net\/arhiva\/#website","url":"https:\/\/sandzakpress.net\/arhiva\/","name":"Sand\u017eak PRESS","description":"Prve elektronske novine u Sand\u017eaku","publisher":{"@id":"https:\/\/sandzakpress.net\/arhiva\/#\/schema\/person\/6e72b67d6e51910a1117b3b483ba20bd"},"potentialAction":[{"@type":"SearchAction","target":{"@type":"EntryPoint","urlTemplate":"https:\/\/sandzakpress.net\/arhiva\/?s={search_term_string}"},"query-input":{"@type":"PropertyValueSpecification","valueRequired":true,"valueName":"search_term_string"}}],"inLanguage":"bs-BA"},{"@type":["Person","Organization"],"@id":"https:\/\/sandzakpress.net\/arhiva\/#\/schema\/person\/6e72b67d6e51910a1117b3b483ba20bd","name":"Kul","image":{"@type":"ImageObject","inLanguage":"bs-BA","@id":"https:\/\/sandzakpress.net\/arhiva\/#\/schema\/person\/image\/","url":"https:\/\/secure.gravatar.com\/avatar\/42263f39aa27ac04c43cab85c280eb2e?s=96&d=mm&r=pg","contentUrl":"https:\/\/secure.gravatar.com\/avatar\/42263f39aa27ac04c43cab85c280eb2e?s=96&d=mm&r=pg","caption":"Kul"},"logo":{"@id":"https:\/\/sandzakpress.net\/arhiva\/#\/schema\/person\/image\/"}},{"@type":"Person","@id":"https:\/\/sandzakpress.net\/arhiva\/#\/schema\/person\/c8baee722073534b583ea7bdb2e36c02","name":"bosniak","image":{"@type":"ImageObject","inLanguage":"bs-BA","@id":"https:\/\/sandzakpress.net\/arhiva\/#\/schema\/person\/image\/","url":"https:\/\/secure.gravatar.com\/avatar\/a04fd330bfe3a36a72a0ad4a6d89fca7?s=96&d=mm&r=pg","contentUrl":"https:\/\/secure.gravatar.com\/avatar\/a04fd330bfe3a36a72a0ad4a6d89fca7?s=96&d=mm&r=pg","caption":"bosniak"},"url":"https:\/\/sandzakpress.net\/arhiva\/author\/bosniak\/"}]}},"_links":{"self":[{"href":"https:\/\/sandzakpress.net\/arhiva\/wp-json\/wp\/v2\/posts\/116955"}],"collection":[{"href":"https:\/\/sandzakpress.net\/arhiva\/wp-json\/wp\/v2\/posts"}],"about":[{"href":"https:\/\/sandzakpress.net\/arhiva\/wp-json\/wp\/v2\/types\/post"}],"author":[{"embeddable":true,"href":"https:\/\/sandzakpress.net\/arhiva\/wp-json\/wp\/v2\/users\/83"}],"replies":[{"embeddable":true,"href":"https:\/\/sandzakpress.net\/arhiva\/wp-json\/wp\/v2\/comments?post=116955"}],"version-history":[{"count":0,"href":"https:\/\/sandzakpress.net\/arhiva\/wp-json\/wp\/v2\/posts\/116955\/revisions"}],"wp:featuredmedia":[{"embeddable":true,"href":"https:\/\/sandzakpress.net\/arhiva\/wp-json\/wp\/v2\/media\/116956"}],"wp:attachment":[{"href":"https:\/\/sandzakpress.net\/arhiva\/wp-json\/wp\/v2\/media?parent=116955"}],"wp:term":[{"taxonomy":"category","embeddable":true,"href":"https:\/\/sandzakpress.net\/arhiva\/wp-json\/wp\/v2\/categories?post=116955"},{"taxonomy":"post_tag","embeddable":true,"href":"https:\/\/sandzakpress.net\/arhiva\/wp-json\/wp\/v2\/tags?post=116955"}],"curies":[{"name":"wp","href":"https:\/\/api.w.org\/{rel}","templated":true}]}}