{"id":116918,"date":"2014-12-12T20:02:52","date_gmt":"2014-12-12T19:02:52","guid":{"rendered":"https:\/\/sandzakpress.net\/arhiva\/?p=116918"},"modified":"2014-12-12T20:06:17","modified_gmt":"2014-12-12T19:06:17","slug":"delegacija-muftijstva-tuzlanskog-posjetila-mesihat","status":"publish","type":"post","link":"https:\/\/sandzakpress.net\/arhiva\/delegacija-muftijstva-tuzlanskog-posjetila-mesihat\/","title":{"rendered":"Delegacija Muftijstva tuzlanskog posjetila Me\u0161ihat"},"content":{"rendered":"<p><a href=\"https:\/\/sandzakpress.net\/arhiva\/wp-content\/uploads\/2014\/12\/muftija-tuzlanski-u-posjeti-mesihatu-11.jpg\"><img loading=\"lazy\" decoding=\"async\" class=\"aligncenter size-full wp-image-116927\" src=\"https:\/\/sandzakpress.net\/arhiva\/wp-content\/uploads\/2014\/12\/muftija-tuzlanski-u-posjeti-mesihatu-11.jpg\" alt=\"muftija tuzlanski u posjeti mesihatu  (1)\" width=\"616\" height=\"379\" \/><\/a><\/p>\n<p><strong>Novi Pazar, BiH &#8211; U okviru posjete ustanovama Islamske zajednice u Srbiji, delegacija Muftijstva tuzlanskog na \u010delu sa muftijom Vahid ef. Fazlovi\u0107em, 12.12.2014. godine, posjetila je Me\u0161ihat gdje ih je primio predsjednik Me\u0161ihata muftija dr. Mevlud ef. Dudi\u0107 sa saradnicima.<\/strong><\/p>\n<p>Tom prilikom muftija Fazlovi\u0107 je iznio svoje impresije svime onim \u0161to je Islamska zajednica na ovim prostorima postigla u posljednje dvije decenije u uslovima u kakvim je radila, dodaju\u0107i da je ovo samo nastavak duge i plodonosne saradnje zapo\u010dete sa nivoa Tuzlanske i Novopazarske medrese.<\/p>\n<p>Muftija Dudi\u0107 je izrazio zahvalnost za posjetu i podr\u0161ku Tuzlanskog muftijstva ustanovama Islamske zajednice u Srbiji, posebno naglasiv\u0161i zna\u010daj saradnje na vjersko-prosvjetnom planu, uz nadu da \u0107e ona u budu\u0107nosti biti na jo\u0161 ve\u0107em nivou. Tako\u0111e je istakao da Sand\u017eak, osim brendova po kojima je prepoznatljiv, postaje poznat i po originalnim nau\u010dnim projektima kakav je Enciklopedija sand\u017ea\u010dko-bo\u0161nja\u010dke knji\u017eevnosti autora dr. Jahje Fehratovi\u0107a, koju je tom prilikom poklonio Muftiji tuzlanskom.<\/p>\n<p><a href=\"https:\/\/sandzakpress.net\/arhiva\/wp-content\/uploads\/2014\/12\/muftija-tuzlanski-u-posjeti-mesihatu-3.jpg\"><img loading=\"lazy\" decoding=\"async\" class=\"aligncenter size-full wp-image-116919\" src=\"https:\/\/sandzakpress.net\/arhiva\/wp-content\/uploads\/2014\/12\/muftija-tuzlanski-u-posjeti-mesihatu-3.jpg\" alt=\"muftija tuzlanski u posjeti mesihatu  (3)\" width=\"616\" height=\"409\" \/><\/a> <a href=\"https:\/\/sandzakpress.net\/arhiva\/wp-content\/uploads\/2014\/12\/muftija-tuzlanski-u-posjeti-mesihatu-4.jpg\"><img loading=\"lazy\" decoding=\"async\" class=\"aligncenter size-large wp-image-116920\" src=\"https:\/\/sandzakpress.net\/arhiva\/wp-content\/uploads\/2014\/12\/muftija-tuzlanski-u-posjeti-mesihatu-4.jpg\" alt=\"muftija tuzlanski u posjeti mesihatu  (4)\" width=\"600\" height=\"357\" \/><\/a> <a href=\"https:\/\/sandzakpress.net\/arhiva\/wp-content\/uploads\/2014\/12\/muftija-tuzlanski-u-posjeti-mesihatu-6.jpg\"><img loading=\"lazy\" decoding=\"async\" class=\"aligncenter size-large wp-image-116921\" src=\"https:\/\/sandzakpress.net\/arhiva\/wp-content\/uploads\/2014\/12\/muftija-tuzlanski-u-posjeti-mesihatu-6.jpg\" alt=\"muftija tuzlanski u posjeti mesihatu  (6)\" width=\"600\" height=\"457\" \/><\/a> <a href=\"https:\/\/sandzakpress.net\/arhiva\/wp-content\/uploads\/2014\/12\/muftija-tuzlanski-u-posjeti-mesihatu-9.jpg\"><img loading=\"lazy\" decoding=\"async\" class=\"aligncenter size-large wp-image-116922\" src=\"https:\/\/sandzakpress.net\/arhiva\/wp-content\/uploads\/2014\/12\/muftija-tuzlanski-u-posjeti-mesihatu-9.jpg\" alt=\"muftija tuzlanski u posjeti mesihatu  (9)\" width=\"600\" height=\"398\" \/><\/a> <a href=\"https:\/\/sandzakpress.net\/arhiva\/wp-content\/uploads\/2014\/12\/muftija-tuzlanski-u-posjeti-mesihatu-10.jpg\"><img loading=\"lazy\" decoding=\"async\" class=\"aligncenter size-large wp-image-116923\" src=\"https:\/\/sandzakpress.net\/arhiva\/wp-content\/uploads\/2014\/12\/muftija-tuzlanski-u-posjeti-mesihatu-10.jpg\" alt=\"muftija tuzlanski u posjeti mesihatu  (10)\" width=\"600\" height=\"398\" \/><\/a> <a href=\"https:\/\/sandzakpress.net\/arhiva\/wp-content\/uploads\/2014\/12\/muftija-tuzlanski-u-posjeti-mesihatu-16.jpg\"><img loading=\"lazy\" decoding=\"async\" class=\"aligncenter size-large wp-image-116924\" src=\"https:\/\/sandzakpress.net\/arhiva\/wp-content\/uploads\/2014\/12\/muftija-tuzlanski-u-posjeti-mesihatu-16.jpg\" alt=\"muftija tuzlanski u posjeti mesihatu  (16)\" width=\"600\" height=\"398\" \/><\/a> <a href=\"https:\/\/sandzakpress.net\/arhiva\/wp-content\/uploads\/2014\/12\/muftija-tuzlanski-u-posjeti-mesihatu-15.jpg\"><img loading=\"lazy\" decoding=\"async\" class=\"aligncenter size-large wp-image-116926\" src=\"https:\/\/sandzakpress.net\/arhiva\/wp-content\/uploads\/2014\/12\/muftija-tuzlanski-u-posjeti-mesihatu-15.jpg\" alt=\"muftija tuzlanski u posjeti mesihatu  (15)\" width=\"600\" height=\"398\" \/><\/a>(mesihat)<\/p>\n<p>&nbsp;<\/p>\n","protected":false},"excerpt":{"rendered":"<p>Novi Pazar, BiH &#8211; U okviru posjete ustanovama Islamske zajednice u Srbiji, delegacija Muftijstva tuzlanskog na \u010delu sa muftijom Vahid ef. Fazlovi\u0107em, 12.12.2014. godine, posjetila je Me\u0161ihat gdje ih je primio predsjednik Me\u0161ihata muftija dr. Mevlud ef. Dudi\u0107 sa saradnicima. Tom prilikom muftija Fazlovi\u0107 je iznio svoje impresije svime onim \u0161to je Islamska zajednica na [&hellip;]<\/p>\n","protected":false},"author":83,"featured_media":116927,"comment_status":"open","ping_status":"open","sticky":false,"template":"","format":"standard","meta":{"footnotes":""},"categories":[72,2860,802,8957,798],"tags":[10271],"class_list":{"0":"post-116918","1":"post","2":"type-post","3":"status-publish","4":"format-standard","5":"has-post-thumbnail","7":"category-novi-pazar","8":"category-bosna-i-hercegovina-gradovi","9":"category-islamska_zajednica","10":"category-vijesti-dana","11":"category-teme","12":"tag-mevlud-dudic"},"yoast_head":"<!-- This site is optimized with the Yoast SEO Premium plugin v23.1 (Yoast SEO v24.9) - https:\/\/yoast.com\/wordpress\/plugins\/seo\/ -->\n<title>Delegacija Muftijstva tuzlanskog posjetila Me\u0161ihat<\/title>\n<meta name=\"robots\" content=\"index, follow, max-snippet:-1, max-image-preview:large, max-video-preview:-1\" \/>\n<link rel=\"canonical\" href=\"https:\/\/sandzakpress.net\/arhiva\/delegacija-muftijstva-tuzlanskog-posjetila-mesihat\/\" \/>\n<meta property=\"og:locale\" content=\"bs_BA\" \/>\n<meta property=\"og:type\" content=\"article\" \/>\n<meta property=\"og:title\" content=\"Delegacija Muftijstva tuzlanskog posjetila Me\u0161ihat\" \/>\n<meta property=\"og:description\" content=\"Novi Pazar, BiH &#8211; U okviru posjete ustanovama Islamske zajednice u Srbiji, delegacija Muftijstva tuzlanskog na \u010delu sa muftijom Vahid ef. Fazlovi\u0107em, 12.12.2014. godine, posjetila je Me\u0161ihat gdje ih je primio predsjednik Me\u0161ihata muftija dr. Mevlud ef. Dudi\u0107 sa saradnicima. Tom prilikom muftija Fazlovi\u0107 je iznio svoje impresije svime onim \u0161to je Islamska zajednica na [&hellip;]\" \/>\n<meta property=\"og:url\" content=\"https:\/\/sandzakpress.net\/arhiva\/delegacija-muftijstva-tuzlanskog-posjetila-mesihat\/\" \/>\n<meta property=\"og:site_name\" content=\"Sand\u017eak PRESS\" \/>\n<meta property=\"article:published_time\" content=\"2014-12-12T19:02:52+00:00\" \/>\n<meta property=\"article:modified_time\" content=\"2014-12-12T19:06:17+00:00\" \/>\n<meta property=\"og:image\" content=\"https:\/\/sandzakpress.net\/arhiva\/wp-content\/uploads\/2014\/12\/muftija-tuzlanski-u-posjeti-mesihatu-11.jpg\" \/>\n\t<meta property=\"og:image:width\" content=\"616\" \/>\n\t<meta property=\"og:image:height\" content=\"379\" \/>\n\t<meta property=\"og:image:type\" content=\"image\/jpeg\" \/>\n<meta name=\"author\" content=\"bosniak\" \/>\n<meta name=\"twitter:card\" content=\"summary_large_image\" \/>\n<meta name=\"twitter:label1\" content=\"Written by\" \/>\n\t<meta name=\"twitter:data1\" content=\"bosniak\" \/>\n\t<meta name=\"twitter:label2\" content=\"Est. reading time\" \/>\n\t<meta name=\"twitter:data2\" content=\"1 minuta\" \/>\n<script type=\"application\/ld+json\" class=\"yoast-schema-graph\">{\"@context\":\"https:\/\/schema.org\",\"@graph\":[{\"@type\":\"Article\",\"@id\":\"https:\/\/sandzakpress.net\/arhiva\/delegacija-muftijstva-tuzlanskog-posjetila-mesihat\/#article\",\"isPartOf\":{\"@id\":\"https:\/\/sandzakpress.net\/arhiva\/delegacija-muftijstva-tuzlanskog-posjetila-mesihat\/\"},\"author\":{\"name\":\"bosniak\",\"@id\":\"https:\/\/sandzakpress.net\/arhiva\/#\/schema\/person\/c8baee722073534b583ea7bdb2e36c02\"},\"headline\":\"Delegacija Muftijstva tuzlanskog posjetila Me\u0161ihat\",\"datePublished\":\"2014-12-12T19:02:52+00:00\",\"dateModified\":\"2014-12-12T19:06:17+00:00\",\"mainEntityOfPage\":{\"@id\":\"https:\/\/sandzakpress.net\/arhiva\/delegacija-muftijstva-tuzlanskog-posjetila-mesihat\/\"},\"wordCount\":180,\"commentCount\":1,\"publisher\":{\"@id\":\"https:\/\/sandzakpress.net\/arhiva\/#\/schema\/person\/6e72b67d6e51910a1117b3b483ba20bd\"},\"image\":{\"@id\":\"https:\/\/sandzakpress.net\/arhiva\/delegacija-muftijstva-tuzlanskog-posjetila-mesihat\/#primaryimage\"},\"thumbnailUrl\":\"https:\/\/sandzakpress.net\/arhiva\/wp-content\/uploads\/2014\/12\/muftija-tuzlanski-u-posjeti-mesihatu-11.jpg\",\"keywords\":[\"Mevlud Dudi\u0107\"],\"articleSection\":[\"Novi Pazar\",\"Bosna i Hercegovina\",\"Islamska zajednica\",\"VIJESTI DANA\",\"NAJNOVIJE\"],\"inLanguage\":\"bs-BA\",\"potentialAction\":[{\"@type\":\"CommentAction\",\"name\":\"Comment\",\"target\":[\"https:\/\/sandzakpress.net\/arhiva\/delegacija-muftijstva-tuzlanskog-posjetila-mesihat\/#respond\"]}]},{\"@type\":\"WebPage\",\"@id\":\"https:\/\/sandzakpress.net\/arhiva\/delegacija-muftijstva-tuzlanskog-posjetila-mesihat\/\",\"url\":\"https:\/\/sandzakpress.net\/arhiva\/delegacija-muftijstva-tuzlanskog-posjetila-mesihat\/\",\"name\":\"Delegacija Muftijstva tuzlanskog posjetila Me\u0161ihat\",\"isPartOf\":{\"@id\":\"https:\/\/sandzakpress.net\/arhiva\/#website\"},\"primaryImageOfPage\":{\"@id\":\"https:\/\/sandzakpress.net\/arhiva\/delegacija-muftijstva-tuzlanskog-posjetila-mesihat\/#primaryimage\"},\"image\":{\"@id\":\"https:\/\/sandzakpress.net\/arhiva\/delegacija-muftijstva-tuzlanskog-posjetila-mesihat\/#primaryimage\"},\"thumbnailUrl\":\"https:\/\/sandzakpress.net\/arhiva\/wp-content\/uploads\/2014\/12\/muftija-tuzlanski-u-posjeti-mesihatu-11.jpg\",\"datePublished\":\"2014-12-12T19:02:52+00:00\",\"dateModified\":\"2014-12-12T19:06:17+00:00\",\"breadcrumb\":{\"@id\":\"https:\/\/sandzakpress.net\/arhiva\/delegacija-muftijstva-tuzlanskog-posjetila-mesihat\/#breadcrumb\"},\"inLanguage\":\"bs-BA\",\"potentialAction\":[{\"@type\":\"ReadAction\",\"target\":[\"https:\/\/sandzakpress.net\/arhiva\/delegacija-muftijstva-tuzlanskog-posjetila-mesihat\/\"]}]},{\"@type\":\"ImageObject\",\"inLanguage\":\"bs-BA\",\"@id\":\"https:\/\/sandzakpress.net\/arhiva\/delegacija-muftijstva-tuzlanskog-posjetila-mesihat\/#primaryimage\",\"url\":\"https:\/\/sandzakpress.net\/arhiva\/wp-content\/uploads\/2014\/12\/muftija-tuzlanski-u-posjeti-mesihatu-11.jpg\",\"contentUrl\":\"https:\/\/sandzakpress.net\/arhiva\/wp-content\/uploads\/2014\/12\/muftija-tuzlanski-u-posjeti-mesihatu-11.jpg\",\"width\":616,\"height\":379},{\"@type\":\"BreadcrumbList\",\"@id\":\"https:\/\/sandzakpress.net\/arhiva\/delegacija-muftijstva-tuzlanskog-posjetila-mesihat\/#breadcrumb\",\"itemListElement\":[{\"@type\":\"ListItem\",\"position\":1,\"name\":\"Home\",\"item\":\"https:\/\/sandzakpress.net\/arhiva\/\"},{\"@type\":\"ListItem\",\"position\":2,\"name\":\"Delegacija Muftijstva tuzlanskog posjetila Me\u0161ihat\"}]},{\"@type\":\"WebSite\",\"@id\":\"https:\/\/sandzakpress.net\/arhiva\/#website\",\"url\":\"https:\/\/sandzakpress.net\/arhiva\/\",\"name\":\"Sand\u017eak PRESS\",\"description\":\"Prve elektronske novine u Sand\u017eaku\",\"publisher\":{\"@id\":\"https:\/\/sandzakpress.net\/arhiva\/#\/schema\/person\/6e72b67d6e51910a1117b3b483ba20bd\"},\"potentialAction\":[{\"@type\":\"SearchAction\",\"target\":{\"@type\":\"EntryPoint\",\"urlTemplate\":\"https:\/\/sandzakpress.net\/arhiva\/?s={search_term_string}\"},\"query-input\":{\"@type\":\"PropertyValueSpecification\",\"valueRequired\":true,\"valueName\":\"search_term_string\"}}],\"inLanguage\":\"bs-BA\"},{\"@type\":[\"Person\",\"Organization\"],\"@id\":\"https:\/\/sandzakpress.net\/arhiva\/#\/schema\/person\/6e72b67d6e51910a1117b3b483ba20bd\",\"name\":\"Kul\",\"image\":{\"@type\":\"ImageObject\",\"inLanguage\":\"bs-BA\",\"@id\":\"https:\/\/sandzakpress.net\/arhiva\/#\/schema\/person\/image\/\",\"url\":\"https:\/\/secure.gravatar.com\/avatar\/42263f39aa27ac04c43cab85c280eb2e?s=96&d=mm&r=pg\",\"contentUrl\":\"https:\/\/secure.gravatar.com\/avatar\/42263f39aa27ac04c43cab85c280eb2e?s=96&d=mm&r=pg\",\"caption\":\"Kul\"},\"logo\":{\"@id\":\"https:\/\/sandzakpress.net\/arhiva\/#\/schema\/person\/image\/\"}},{\"@type\":\"Person\",\"@id\":\"https:\/\/sandzakpress.net\/arhiva\/#\/schema\/person\/c8baee722073534b583ea7bdb2e36c02\",\"name\":\"bosniak\",\"image\":{\"@type\":\"ImageObject\",\"inLanguage\":\"bs-BA\",\"@id\":\"https:\/\/sandzakpress.net\/arhiva\/#\/schema\/person\/image\/\",\"url\":\"https:\/\/secure.gravatar.com\/avatar\/a04fd330bfe3a36a72a0ad4a6d89fca7?s=96&d=mm&r=pg\",\"contentUrl\":\"https:\/\/secure.gravatar.com\/avatar\/a04fd330bfe3a36a72a0ad4a6d89fca7?s=96&d=mm&r=pg\",\"caption\":\"bosniak\"},\"url\":\"https:\/\/sandzakpress.net\/arhiva\/author\/bosniak\/\"}]}<\/script>\n<!-- \/ Yoast SEO Premium plugin. -->","yoast_head_json":{"title":"Delegacija Muftijstva tuzlanskog posjetila Me\u0161ihat","robots":{"index":"index","follow":"follow","max-snippet":"max-snippet:-1","max-image-preview":"max-image-preview:large","max-video-preview":"max-video-preview:-1"},"canonical":"https:\/\/sandzakpress.net\/arhiva\/delegacija-muftijstva-tuzlanskog-posjetila-mesihat\/","og_locale":"bs_BA","og_type":"article","og_title":"Delegacija Muftijstva tuzlanskog posjetila Me\u0161ihat","og_description":"Novi Pazar, BiH &#8211; U okviru posjete ustanovama Islamske zajednice u Srbiji, delegacija Muftijstva tuzlanskog na \u010delu sa muftijom Vahid ef. Fazlovi\u0107em, 12.12.2014. godine, posjetila je Me\u0161ihat gdje ih je primio predsjednik Me\u0161ihata muftija dr. Mevlud ef. Dudi\u0107 sa saradnicima. Tom prilikom muftija Fazlovi\u0107 je iznio svoje impresije svime onim \u0161to je Islamska zajednica na [&hellip;]","og_url":"https:\/\/sandzakpress.net\/arhiva\/delegacija-muftijstva-tuzlanskog-posjetila-mesihat\/","og_site_name":"Sand\u017eak PRESS","article_published_time":"2014-12-12T19:02:52+00:00","article_modified_time":"2014-12-12T19:06:17+00:00","og_image":[{"width":616,"height":379,"url":"https:\/\/sandzakpress.net\/arhiva\/wp-content\/uploads\/2014\/12\/muftija-tuzlanski-u-posjeti-mesihatu-11.jpg","type":"image\/jpeg"}],"author":"bosniak","twitter_card":"summary_large_image","twitter_misc":{"Written by":"bosniak","Est. reading time":"1 minuta"},"schema":{"@context":"https:\/\/schema.org","@graph":[{"@type":"Article","@id":"https:\/\/sandzakpress.net\/arhiva\/delegacija-muftijstva-tuzlanskog-posjetila-mesihat\/#article","isPartOf":{"@id":"https:\/\/sandzakpress.net\/arhiva\/delegacija-muftijstva-tuzlanskog-posjetila-mesihat\/"},"author":{"name":"bosniak","@id":"https:\/\/sandzakpress.net\/arhiva\/#\/schema\/person\/c8baee722073534b583ea7bdb2e36c02"},"headline":"Delegacija Muftijstva tuzlanskog posjetila Me\u0161ihat","datePublished":"2014-12-12T19:02:52+00:00","dateModified":"2014-12-12T19:06:17+00:00","mainEntityOfPage":{"@id":"https:\/\/sandzakpress.net\/arhiva\/delegacija-muftijstva-tuzlanskog-posjetila-mesihat\/"},"wordCount":180,"commentCount":1,"publisher":{"@id":"https:\/\/sandzakpress.net\/arhiva\/#\/schema\/person\/6e72b67d6e51910a1117b3b483ba20bd"},"image":{"@id":"https:\/\/sandzakpress.net\/arhiva\/delegacija-muftijstva-tuzlanskog-posjetila-mesihat\/#primaryimage"},"thumbnailUrl":"https:\/\/sandzakpress.net\/arhiva\/wp-content\/uploads\/2014\/12\/muftija-tuzlanski-u-posjeti-mesihatu-11.jpg","keywords":["Mevlud Dudi\u0107"],"articleSection":["Novi Pazar","Bosna i Hercegovina","Islamska zajednica","VIJESTI DANA","NAJNOVIJE"],"inLanguage":"bs-BA","potentialAction":[{"@type":"CommentAction","name":"Comment","target":["https:\/\/sandzakpress.net\/arhiva\/delegacija-muftijstva-tuzlanskog-posjetila-mesihat\/#respond"]}]},{"@type":"WebPage","@id":"https:\/\/sandzakpress.net\/arhiva\/delegacija-muftijstva-tuzlanskog-posjetila-mesihat\/","url":"https:\/\/sandzakpress.net\/arhiva\/delegacija-muftijstva-tuzlanskog-posjetila-mesihat\/","name":"Delegacija Muftijstva tuzlanskog posjetila Me\u0161ihat","isPartOf":{"@id":"https:\/\/sandzakpress.net\/arhiva\/#website"},"primaryImageOfPage":{"@id":"https:\/\/sandzakpress.net\/arhiva\/delegacija-muftijstva-tuzlanskog-posjetila-mesihat\/#primaryimage"},"image":{"@id":"https:\/\/sandzakpress.net\/arhiva\/delegacija-muftijstva-tuzlanskog-posjetila-mesihat\/#primaryimage"},"thumbnailUrl":"https:\/\/sandzakpress.net\/arhiva\/wp-content\/uploads\/2014\/12\/muftija-tuzlanski-u-posjeti-mesihatu-11.jpg","datePublished":"2014-12-12T19:02:52+00:00","dateModified":"2014-12-12T19:06:17+00:00","breadcrumb":{"@id":"https:\/\/sandzakpress.net\/arhiva\/delegacija-muftijstva-tuzlanskog-posjetila-mesihat\/#breadcrumb"},"inLanguage":"bs-BA","potentialAction":[{"@type":"ReadAction","target":["https:\/\/sandzakpress.net\/arhiva\/delegacija-muftijstva-tuzlanskog-posjetila-mesihat\/"]}]},{"@type":"ImageObject","inLanguage":"bs-BA","@id":"https:\/\/sandzakpress.net\/arhiva\/delegacija-muftijstva-tuzlanskog-posjetila-mesihat\/#primaryimage","url":"https:\/\/sandzakpress.net\/arhiva\/wp-content\/uploads\/2014\/12\/muftija-tuzlanski-u-posjeti-mesihatu-11.jpg","contentUrl":"https:\/\/sandzakpress.net\/arhiva\/wp-content\/uploads\/2014\/12\/muftija-tuzlanski-u-posjeti-mesihatu-11.jpg","width":616,"height":379},{"@type":"BreadcrumbList","@id":"https:\/\/sandzakpress.net\/arhiva\/delegacija-muftijstva-tuzlanskog-posjetila-mesihat\/#breadcrumb","itemListElement":[{"@type":"ListItem","position":1,"name":"Home","item":"https:\/\/sandzakpress.net\/arhiva\/"},{"@type":"ListItem","position":2,"name":"Delegacija Muftijstva tuzlanskog posjetila Me\u0161ihat"}]},{"@type":"WebSite","@id":"https:\/\/sandzakpress.net\/arhiva\/#website","url":"https:\/\/sandzakpress.net\/arhiva\/","name":"Sand\u017eak PRESS","description":"Prve elektronske novine u Sand\u017eaku","publisher":{"@id":"https:\/\/sandzakpress.net\/arhiva\/#\/schema\/person\/6e72b67d6e51910a1117b3b483ba20bd"},"potentialAction":[{"@type":"SearchAction","target":{"@type":"EntryPoint","urlTemplate":"https:\/\/sandzakpress.net\/arhiva\/?s={search_term_string}"},"query-input":{"@type":"PropertyValueSpecification","valueRequired":true,"valueName":"search_term_string"}}],"inLanguage":"bs-BA"},{"@type":["Person","Organization"],"@id":"https:\/\/sandzakpress.net\/arhiva\/#\/schema\/person\/6e72b67d6e51910a1117b3b483ba20bd","name":"Kul","image":{"@type":"ImageObject","inLanguage":"bs-BA","@id":"https:\/\/sandzakpress.net\/arhiva\/#\/schema\/person\/image\/","url":"https:\/\/secure.gravatar.com\/avatar\/42263f39aa27ac04c43cab85c280eb2e?s=96&d=mm&r=pg","contentUrl":"https:\/\/secure.gravatar.com\/avatar\/42263f39aa27ac04c43cab85c280eb2e?s=96&d=mm&r=pg","caption":"Kul"},"logo":{"@id":"https:\/\/sandzakpress.net\/arhiva\/#\/schema\/person\/image\/"}},{"@type":"Person","@id":"https:\/\/sandzakpress.net\/arhiva\/#\/schema\/person\/c8baee722073534b583ea7bdb2e36c02","name":"bosniak","image":{"@type":"ImageObject","inLanguage":"bs-BA","@id":"https:\/\/sandzakpress.net\/arhiva\/#\/schema\/person\/image\/","url":"https:\/\/secure.gravatar.com\/avatar\/a04fd330bfe3a36a72a0ad4a6d89fca7?s=96&d=mm&r=pg","contentUrl":"https:\/\/secure.gravatar.com\/avatar\/a04fd330bfe3a36a72a0ad4a6d89fca7?s=96&d=mm&r=pg","caption":"bosniak"},"url":"https:\/\/sandzakpress.net\/arhiva\/author\/bosniak\/"}]}},"_links":{"self":[{"href":"https:\/\/sandzakpress.net\/arhiva\/wp-json\/wp\/v2\/posts\/116918"}],"collection":[{"href":"https:\/\/sandzakpress.net\/arhiva\/wp-json\/wp\/v2\/posts"}],"about":[{"href":"https:\/\/sandzakpress.net\/arhiva\/wp-json\/wp\/v2\/types\/post"}],"author":[{"embeddable":true,"href":"https:\/\/sandzakpress.net\/arhiva\/wp-json\/wp\/v2\/users\/83"}],"replies":[{"embeddable":true,"href":"https:\/\/sandzakpress.net\/arhiva\/wp-json\/wp\/v2\/comments?post=116918"}],"version-history":[{"count":0,"href":"https:\/\/sandzakpress.net\/arhiva\/wp-json\/wp\/v2\/posts\/116918\/revisions"}],"wp:featuredmedia":[{"embeddable":true,"href":"https:\/\/sandzakpress.net\/arhiva\/wp-json\/wp\/v2\/media\/116927"}],"wp:attachment":[{"href":"https:\/\/sandzakpress.net\/arhiva\/wp-json\/wp\/v2\/media?parent=116918"}],"wp:term":[{"taxonomy":"category","embeddable":true,"href":"https:\/\/sandzakpress.net\/arhiva\/wp-json\/wp\/v2\/categories?post=116918"},{"taxonomy":"post_tag","embeddable":true,"href":"https:\/\/sandzakpress.net\/arhiva\/wp-json\/wp\/v2\/tags?post=116918"}],"curies":[{"name":"wp","href":"https:\/\/api.w.org\/{rel}","templated":true}]}}