{"id":116798,"date":"2014-12-11T17:13:41","date_gmt":"2014-12-11T16:13:41","guid":{"rendered":"https:\/\/sandzakpress.net\/arhiva\/?p=116798"},"modified":"2014-12-11T17:13:41","modified_gmt":"2014-12-11T16:13:41","slug":"sulejmane-ciji-si-ti-lider","status":"publish","type":"post","link":"https:\/\/sandzakpress.net\/arhiva\/sulejmane-ciji-si-ti-lider\/","title":{"rendered":"Sulejmane, \u010diji si ti lider?"},"content":{"rendered":"<p><strong><img loading=\"lazy\" decoding=\"async\" class=\"aligncenter\" src=\"http:\/\/radiosarajevo.ba\/img\/s\/627x344\/upload\/images\/sulejman%20ugljanin.jpg\" alt=\"\" width=\"617\" height=\"338\" \/>Sulejmane, kakva ti je pravda?!!<\/strong><span id=\"more-129168\"><\/span><\/p>\n<p>Kakva ti je pravda kada si godinama u ministarstvo bio bez ikakve koristi za svoj narod. \u010cak i to malo plastenika \u0161to si podijelio i to su uzeli isklju\u010divo simpatizeri tvoje stranke. O kakvoj nam to\u00a0 pravdi zapravo govori\u0161?<\/p>\n<p>\u010cije Vije\u0107e ti predstavlja\u0161?<\/p>\n<p>Zar ti koji\u00a0 Svetoga Savu svojim smatra\u0161, a da pritom I ne zna\u0161 ko je A\u0107if efendija Had\u017eiahmetovi\u0107, koga onda, i \u010dije Vije\u0107e ti predstavlja\u0161? Bo\u0161nja\u010dko sigurno ne! Kako onda misli\u0161 voditi vije\u0107e, a ne zna\u0160 svoj maternji jezik bosanski.<\/p>\n<p>Kako ti se mo\u017ee vjerovati na rije\u010d? Ti koji o srbijanskoj policiji govori\u0161 sve najgore prije bijega u Tursku,a\u00a0 po\u00a0 dolasku o istoj toj policiji govori\u0161 da se promijenila i da je dobra. Kad je tvoj sin imao probleme sa tom istom policijom,\u00a0 po tre\u0107i put si mijenjao retoriku prema toj istoj policiji. \u0160ta si to Sulejmane uradio za Dijasporu, koja kada dolazi vidjeti svoju rodbinu u Sand\u017eak policajci plja\u010dkaju.<\/p>\n<p>\u0160ta si to Sulejmane uradio za svoj narod? Osim \u0161to si im ukrao i potro\u0161io vrijeme, a oni su ti vjerovali i glasali za tvoju platu.<\/p>\n<p>\u0160ta si to Sulejmane dosad uradio za svoju vjeru, osim \u0161to si pomogao podjelu Islamske zajednice.<\/p>\n<p>Zbog svega toga Sulejmane, da imas \u010dasti koliko ima\u0161 nepo\u0161tenja spasio bi ovaj narod od samoga sebe, jer im to duguje\u0161.<\/p>\n<p>Zbog svega navedenog, Sulejmane budi jednom u \u017eivotu po\u0161ten i poslu\u0161aj prijedlog prijatelja Bo\u0161nja\u010dkog naroda i podnesi ostavku, i dozvoli da na tvome mjestu do\u0161e neko ko \u0107e istinski i sa znanjem, u\u010diniti ono \u0161to ti godinama nisi imao sposobnosti uraditi, jer tako \u0107e\u0161 makar jednom u \u017eivotu pomo\u0107i svoj narod. Bo\u0161nja\u010dko nacionalno vije\u0107e nije stranka, nije politika licemjerstva koja se po Srbiji servira, u BNV nema promjene stavova, ne mo\u017eemo danas biti Bo\u0161njaci, a sutra \u017eelim biti BG igra\u010d, ve\u0107 se mora zauzeti stav, po\u0161tovanjem\u00a0 pravila, po\u0161tovanjem vije\u0107nika, i znati ispravno Vije\u0107e voditi.<\/p>\n<p>Sulejmane, \u00a0Vije\u0107e nije Va\u0161a privatna svojina, Vije\u0107e nije politika, u BNV moraju biti ljudi koji znaju svoj jezik i koji znaju svoju historiju.<\/p>\n<p>Nakon 24 godine (ne)rada, izgleda da \u0107e biti potrebno bar jo\u0161 toliko da nau\u010dite osnovne stvari, i to kako bi se jedan lider trebao obra\u0107ati naciji i vije\u0107nicima, a ne izdavanjem nare\u0111enja i kr\u0161enja pravila \u00a0ne dozvoljavaju\u0107i vije\u0107nicima da iznesu svoje demotratske stavove. Od ovoga gore navedenog gospodine Sulejmane, pokazali ste da ne znate ko je Va\u0161 narod,\u00a0\u00a0 na\u017ealost. O\u010dito, ne znate ni gdje je Va\u0161e mjesto.<\/p>\n<p>\u0160ta se desilo sa porodicama koje su devedesetih bje\u017eali po bijelom svijetu ili sa onom djecom \u010diji su roditelji \u00a0pod batinama te Va\u0161e i neva\u0161e policije umirali.<\/p>\n<p>\u0160ta je sa autonomijom Sand\u017eaka, ne nema je, jer ste ve\u0107 postavili sohe koje dijele Sand\u017eak.<\/p>\n<p>Autor: <strong>Asmir Bihorac<\/strong> &#8211;\u00a0<em>Podpredsjednik BKZ-Luksemburg<\/em><\/p>\n","protected":false},"excerpt":{"rendered":"<p>Asmir Bihorac<\/p>\n","protected":false},"author":83,"featured_media":116799,"comment_status":"open","ping_status":"open","sticky":false,"template":"","format":"standard","meta":{"footnotes":""},"categories":[72,10196,52,327,392,393,394,9549,10193],"tags":[10269,10369],"class_list":{"0":"post-116798","1":"post","2":"type-post","3":"status-publish","4":"format-standard","5":"has-post-thumbnail","7":"category-novi-pazar","8":"category-iz-pera-nasih-autora","9":"category-sjenica","10":"category-tutin","11":"category-prijepolje_","12":"category-priboj","13":"category-nova-varos","14":"category-luxemburg","15":"category-sandzak-2","16":"tag-sulejman-ugljanin","17":"tag-asmir-bihorac"},"yoast_head":"<!-- This site is optimized with the Yoast SEO Premium plugin v23.1 (Yoast SEO v24.9) - https:\/\/yoast.com\/wordpress\/plugins\/seo\/ -->\n<title>Sulejmane, \u010diji si ti lider?<\/title>\n<meta name=\"robots\" content=\"index, follow, max-snippet:-1, max-image-preview:large, max-video-preview:-1\" \/>\n<link rel=\"canonical\" href=\"https:\/\/sandzakpress.net\/arhiva\/sulejmane-ciji-si-ti-lider\/\" \/>\n<meta property=\"og:locale\" content=\"bs_BA\" \/>\n<meta property=\"og:type\" content=\"article\" \/>\n<meta property=\"og:title\" content=\"Sulejmane, \u010diji si ti lider?\" \/>\n<meta property=\"og:description\" content=\"Asmir Bihorac\" \/>\n<meta property=\"og:url\" content=\"https:\/\/sandzakpress.net\/arhiva\/sulejmane-ciji-si-ti-lider\/\" \/>\n<meta property=\"og:site_name\" content=\"Sand\u017eak PRESS\" \/>\n<meta property=\"article:published_time\" content=\"2014-12-11T16:13:41+00:00\" \/>\n<meta property=\"og:image\" content=\"https:\/\/sandzakpress.net\/arhiva\/wp-content\/uploads\/2014\/12\/sulejman-ugljanin.jpg\" \/>\n\t<meta property=\"og:image:width\" content=\"627\" \/>\n\t<meta property=\"og:image:height\" content=\"344\" \/>\n\t<meta property=\"og:image:type\" content=\"image\/jpeg\" \/>\n<meta name=\"author\" content=\"bosniak\" \/>\n<meta name=\"twitter:card\" content=\"summary_large_image\" \/>\n<meta name=\"twitter:label1\" content=\"Written by\" \/>\n\t<meta name=\"twitter:data1\" content=\"bosniak\" \/>\n\t<meta name=\"twitter:label2\" content=\"Est. reading time\" \/>\n\t<meta name=\"twitter:data2\" content=\"3 minute\" \/>\n<script type=\"application\/ld+json\" class=\"yoast-schema-graph\">{\"@context\":\"https:\/\/schema.org\",\"@graph\":[{\"@type\":\"Article\",\"@id\":\"https:\/\/sandzakpress.net\/arhiva\/sulejmane-ciji-si-ti-lider\/#article\",\"isPartOf\":{\"@id\":\"https:\/\/sandzakpress.net\/arhiva\/sulejmane-ciji-si-ti-lider\/\"},\"author\":{\"name\":\"bosniak\",\"@id\":\"https:\/\/sandzakpress.net\/arhiva\/#\/schema\/person\/c8baee722073534b583ea7bdb2e36c02\"},\"headline\":\"Sulejmane, \u010diji si ti lider?\",\"datePublished\":\"2014-12-11T16:13:41+00:00\",\"mainEntityOfPage\":{\"@id\":\"https:\/\/sandzakpress.net\/arhiva\/sulejmane-ciji-si-ti-lider\/\"},\"wordCount\":508,\"commentCount\":53,\"publisher\":{\"@id\":\"https:\/\/sandzakpress.net\/arhiva\/#\/schema\/person\/6e72b67d6e51910a1117b3b483ba20bd\"},\"image\":{\"@id\":\"https:\/\/sandzakpress.net\/arhiva\/sulejmane-ciji-si-ti-lider\/#primaryimage\"},\"thumbnailUrl\":\"https:\/\/sandzakpress.net\/arhiva\/wp-content\/uploads\/2014\/12\/sulejman-ugljanin.jpg\",\"keywords\":[\"Sulejman Ugljanin\",\"Asmir Bihorac\"],\"articleSection\":[\"Novi Pazar\",\"Iz pera na\u0161ih autora\",\"Sjenica\",\"Tutin\",\"Prijepolje\",\"Priboj\",\"Nova Varo\u0161\",\"Luksemburg\",\"Sand\u017eak\"],\"inLanguage\":\"bs-BA\",\"potentialAction\":[{\"@type\":\"CommentAction\",\"name\":\"Comment\",\"target\":[\"https:\/\/sandzakpress.net\/arhiva\/sulejmane-ciji-si-ti-lider\/#respond\"]}]},{\"@type\":\"WebPage\",\"@id\":\"https:\/\/sandzakpress.net\/arhiva\/sulejmane-ciji-si-ti-lider\/\",\"url\":\"https:\/\/sandzakpress.net\/arhiva\/sulejmane-ciji-si-ti-lider\/\",\"name\":\"Sulejmane, \u010diji si ti lider?\",\"isPartOf\":{\"@id\":\"https:\/\/sandzakpress.net\/arhiva\/#website\"},\"primaryImageOfPage\":{\"@id\":\"https:\/\/sandzakpress.net\/arhiva\/sulejmane-ciji-si-ti-lider\/#primaryimage\"},\"image\":{\"@id\":\"https:\/\/sandzakpress.net\/arhiva\/sulejmane-ciji-si-ti-lider\/#primaryimage\"},\"thumbnailUrl\":\"https:\/\/sandzakpress.net\/arhiva\/wp-content\/uploads\/2014\/12\/sulejman-ugljanin.jpg\",\"datePublished\":\"2014-12-11T16:13:41+00:00\",\"breadcrumb\":{\"@id\":\"https:\/\/sandzakpress.net\/arhiva\/sulejmane-ciji-si-ti-lider\/#breadcrumb\"},\"inLanguage\":\"bs-BA\",\"potentialAction\":[{\"@type\":\"ReadAction\",\"target\":[\"https:\/\/sandzakpress.net\/arhiva\/sulejmane-ciji-si-ti-lider\/\"]}]},{\"@type\":\"ImageObject\",\"inLanguage\":\"bs-BA\",\"@id\":\"https:\/\/sandzakpress.net\/arhiva\/sulejmane-ciji-si-ti-lider\/#primaryimage\",\"url\":\"https:\/\/sandzakpress.net\/arhiva\/wp-content\/uploads\/2014\/12\/sulejman-ugljanin.jpg\",\"contentUrl\":\"https:\/\/sandzakpress.net\/arhiva\/wp-content\/uploads\/2014\/12\/sulejman-ugljanin.jpg\",\"width\":627,\"height\":344},{\"@type\":\"BreadcrumbList\",\"@id\":\"https:\/\/sandzakpress.net\/arhiva\/sulejmane-ciji-si-ti-lider\/#breadcrumb\",\"itemListElement\":[{\"@type\":\"ListItem\",\"position\":1,\"name\":\"Home\",\"item\":\"https:\/\/sandzakpress.net\/arhiva\/\"},{\"@type\":\"ListItem\",\"position\":2,\"name\":\"Sulejmane, \u010diji si ti lider?\"}]},{\"@type\":\"WebSite\",\"@id\":\"https:\/\/sandzakpress.net\/arhiva\/#website\",\"url\":\"https:\/\/sandzakpress.net\/arhiva\/\",\"name\":\"Sand\u017eak PRESS\",\"description\":\"Prve elektronske novine u Sand\u017eaku\",\"publisher\":{\"@id\":\"https:\/\/sandzakpress.net\/arhiva\/#\/schema\/person\/6e72b67d6e51910a1117b3b483ba20bd\"},\"potentialAction\":[{\"@type\":\"SearchAction\",\"target\":{\"@type\":\"EntryPoint\",\"urlTemplate\":\"https:\/\/sandzakpress.net\/arhiva\/?s={search_term_string}\"},\"query-input\":{\"@type\":\"PropertyValueSpecification\",\"valueRequired\":true,\"valueName\":\"search_term_string\"}}],\"inLanguage\":\"bs-BA\"},{\"@type\":[\"Person\",\"Organization\"],\"@id\":\"https:\/\/sandzakpress.net\/arhiva\/#\/schema\/person\/6e72b67d6e51910a1117b3b483ba20bd\",\"name\":\"Kul\",\"image\":{\"@type\":\"ImageObject\",\"inLanguage\":\"bs-BA\",\"@id\":\"https:\/\/sandzakpress.net\/arhiva\/#\/schema\/person\/image\/\",\"url\":\"https:\/\/secure.gravatar.com\/avatar\/42263f39aa27ac04c43cab85c280eb2e?s=96&d=mm&r=pg\",\"contentUrl\":\"https:\/\/secure.gravatar.com\/avatar\/42263f39aa27ac04c43cab85c280eb2e?s=96&d=mm&r=pg\",\"caption\":\"Kul\"},\"logo\":{\"@id\":\"https:\/\/sandzakpress.net\/arhiva\/#\/schema\/person\/image\/\"}},{\"@type\":\"Person\",\"@id\":\"https:\/\/sandzakpress.net\/arhiva\/#\/schema\/person\/c8baee722073534b583ea7bdb2e36c02\",\"name\":\"bosniak\",\"image\":{\"@type\":\"ImageObject\",\"inLanguage\":\"bs-BA\",\"@id\":\"https:\/\/sandzakpress.net\/arhiva\/#\/schema\/person\/image\/\",\"url\":\"https:\/\/secure.gravatar.com\/avatar\/a04fd330bfe3a36a72a0ad4a6d89fca7?s=96&d=mm&r=pg\",\"contentUrl\":\"https:\/\/secure.gravatar.com\/avatar\/a04fd330bfe3a36a72a0ad4a6d89fca7?s=96&d=mm&r=pg\",\"caption\":\"bosniak\"},\"url\":\"https:\/\/sandzakpress.net\/arhiva\/author\/bosniak\/\"}]}<\/script>\n<!-- \/ Yoast SEO Premium plugin. -->","yoast_head_json":{"title":"Sulejmane, \u010diji si ti lider?","robots":{"index":"index","follow":"follow","max-snippet":"max-snippet:-1","max-image-preview":"max-image-preview:large","max-video-preview":"max-video-preview:-1"},"canonical":"https:\/\/sandzakpress.net\/arhiva\/sulejmane-ciji-si-ti-lider\/","og_locale":"bs_BA","og_type":"article","og_title":"Sulejmane, \u010diji si ti lider?","og_description":"Asmir Bihorac","og_url":"https:\/\/sandzakpress.net\/arhiva\/sulejmane-ciji-si-ti-lider\/","og_site_name":"Sand\u017eak PRESS","article_published_time":"2014-12-11T16:13:41+00:00","og_image":[{"width":627,"height":344,"url":"https:\/\/sandzakpress.net\/arhiva\/wp-content\/uploads\/2014\/12\/sulejman-ugljanin.jpg","type":"image\/jpeg"}],"author":"bosniak","twitter_card":"summary_large_image","twitter_misc":{"Written by":"bosniak","Est. reading time":"3 minute"},"schema":{"@context":"https:\/\/schema.org","@graph":[{"@type":"Article","@id":"https:\/\/sandzakpress.net\/arhiva\/sulejmane-ciji-si-ti-lider\/#article","isPartOf":{"@id":"https:\/\/sandzakpress.net\/arhiva\/sulejmane-ciji-si-ti-lider\/"},"author":{"name":"bosniak","@id":"https:\/\/sandzakpress.net\/arhiva\/#\/schema\/person\/c8baee722073534b583ea7bdb2e36c02"},"headline":"Sulejmane, \u010diji si ti lider?","datePublished":"2014-12-11T16:13:41+00:00","mainEntityOfPage":{"@id":"https:\/\/sandzakpress.net\/arhiva\/sulejmane-ciji-si-ti-lider\/"},"wordCount":508,"commentCount":53,"publisher":{"@id":"https:\/\/sandzakpress.net\/arhiva\/#\/schema\/person\/6e72b67d6e51910a1117b3b483ba20bd"},"image":{"@id":"https:\/\/sandzakpress.net\/arhiva\/sulejmane-ciji-si-ti-lider\/#primaryimage"},"thumbnailUrl":"https:\/\/sandzakpress.net\/arhiva\/wp-content\/uploads\/2014\/12\/sulejman-ugljanin.jpg","keywords":["Sulejman Ugljanin","Asmir Bihorac"],"articleSection":["Novi Pazar","Iz pera na\u0161ih autora","Sjenica","Tutin","Prijepolje","Priboj","Nova Varo\u0161","Luksemburg","Sand\u017eak"],"inLanguage":"bs-BA","potentialAction":[{"@type":"CommentAction","name":"Comment","target":["https:\/\/sandzakpress.net\/arhiva\/sulejmane-ciji-si-ti-lider\/#respond"]}]},{"@type":"WebPage","@id":"https:\/\/sandzakpress.net\/arhiva\/sulejmane-ciji-si-ti-lider\/","url":"https:\/\/sandzakpress.net\/arhiva\/sulejmane-ciji-si-ti-lider\/","name":"Sulejmane, \u010diji si ti lider?","isPartOf":{"@id":"https:\/\/sandzakpress.net\/arhiva\/#website"},"primaryImageOfPage":{"@id":"https:\/\/sandzakpress.net\/arhiva\/sulejmane-ciji-si-ti-lider\/#primaryimage"},"image":{"@id":"https:\/\/sandzakpress.net\/arhiva\/sulejmane-ciji-si-ti-lider\/#primaryimage"},"thumbnailUrl":"https:\/\/sandzakpress.net\/arhiva\/wp-content\/uploads\/2014\/12\/sulejman-ugljanin.jpg","datePublished":"2014-12-11T16:13:41+00:00","breadcrumb":{"@id":"https:\/\/sandzakpress.net\/arhiva\/sulejmane-ciji-si-ti-lider\/#breadcrumb"},"inLanguage":"bs-BA","potentialAction":[{"@type":"ReadAction","target":["https:\/\/sandzakpress.net\/arhiva\/sulejmane-ciji-si-ti-lider\/"]}]},{"@type":"ImageObject","inLanguage":"bs-BA","@id":"https:\/\/sandzakpress.net\/arhiva\/sulejmane-ciji-si-ti-lider\/#primaryimage","url":"https:\/\/sandzakpress.net\/arhiva\/wp-content\/uploads\/2014\/12\/sulejman-ugljanin.jpg","contentUrl":"https:\/\/sandzakpress.net\/arhiva\/wp-content\/uploads\/2014\/12\/sulejman-ugljanin.jpg","width":627,"height":344},{"@type":"BreadcrumbList","@id":"https:\/\/sandzakpress.net\/arhiva\/sulejmane-ciji-si-ti-lider\/#breadcrumb","itemListElement":[{"@type":"ListItem","position":1,"name":"Home","item":"https:\/\/sandzakpress.net\/arhiva\/"},{"@type":"ListItem","position":2,"name":"Sulejmane, \u010diji si ti lider?"}]},{"@type":"WebSite","@id":"https:\/\/sandzakpress.net\/arhiva\/#website","url":"https:\/\/sandzakpress.net\/arhiva\/","name":"Sand\u017eak PRESS","description":"Prve elektronske novine u Sand\u017eaku","publisher":{"@id":"https:\/\/sandzakpress.net\/arhiva\/#\/schema\/person\/6e72b67d6e51910a1117b3b483ba20bd"},"potentialAction":[{"@type":"SearchAction","target":{"@type":"EntryPoint","urlTemplate":"https:\/\/sandzakpress.net\/arhiva\/?s={search_term_string}"},"query-input":{"@type":"PropertyValueSpecification","valueRequired":true,"valueName":"search_term_string"}}],"inLanguage":"bs-BA"},{"@type":["Person","Organization"],"@id":"https:\/\/sandzakpress.net\/arhiva\/#\/schema\/person\/6e72b67d6e51910a1117b3b483ba20bd","name":"Kul","image":{"@type":"ImageObject","inLanguage":"bs-BA","@id":"https:\/\/sandzakpress.net\/arhiva\/#\/schema\/person\/image\/","url":"https:\/\/secure.gravatar.com\/avatar\/42263f39aa27ac04c43cab85c280eb2e?s=96&d=mm&r=pg","contentUrl":"https:\/\/secure.gravatar.com\/avatar\/42263f39aa27ac04c43cab85c280eb2e?s=96&d=mm&r=pg","caption":"Kul"},"logo":{"@id":"https:\/\/sandzakpress.net\/arhiva\/#\/schema\/person\/image\/"}},{"@type":"Person","@id":"https:\/\/sandzakpress.net\/arhiva\/#\/schema\/person\/c8baee722073534b583ea7bdb2e36c02","name":"bosniak","image":{"@type":"ImageObject","inLanguage":"bs-BA","@id":"https:\/\/sandzakpress.net\/arhiva\/#\/schema\/person\/image\/","url":"https:\/\/secure.gravatar.com\/avatar\/a04fd330bfe3a36a72a0ad4a6d89fca7?s=96&d=mm&r=pg","contentUrl":"https:\/\/secure.gravatar.com\/avatar\/a04fd330bfe3a36a72a0ad4a6d89fca7?s=96&d=mm&r=pg","caption":"bosniak"},"url":"https:\/\/sandzakpress.net\/arhiva\/author\/bosniak\/"}]}},"_links":{"self":[{"href":"https:\/\/sandzakpress.net\/arhiva\/wp-json\/wp\/v2\/posts\/116798"}],"collection":[{"href":"https:\/\/sandzakpress.net\/arhiva\/wp-json\/wp\/v2\/posts"}],"about":[{"href":"https:\/\/sandzakpress.net\/arhiva\/wp-json\/wp\/v2\/types\/post"}],"author":[{"embeddable":true,"href":"https:\/\/sandzakpress.net\/arhiva\/wp-json\/wp\/v2\/users\/83"}],"replies":[{"embeddable":true,"href":"https:\/\/sandzakpress.net\/arhiva\/wp-json\/wp\/v2\/comments?post=116798"}],"version-history":[{"count":0,"href":"https:\/\/sandzakpress.net\/arhiva\/wp-json\/wp\/v2\/posts\/116798\/revisions"}],"wp:featuredmedia":[{"embeddable":true,"href":"https:\/\/sandzakpress.net\/arhiva\/wp-json\/wp\/v2\/media\/116799"}],"wp:attachment":[{"href":"https:\/\/sandzakpress.net\/arhiva\/wp-json\/wp\/v2\/media?parent=116798"}],"wp:term":[{"taxonomy":"category","embeddable":true,"href":"https:\/\/sandzakpress.net\/arhiva\/wp-json\/wp\/v2\/categories?post=116798"},{"taxonomy":"post_tag","embeddable":true,"href":"https:\/\/sandzakpress.net\/arhiva\/wp-json\/wp\/v2\/tags?post=116798"}],"curies":[{"name":"wp","href":"https:\/\/api.w.org\/{rel}","templated":true}]}}