{"id":116356,"date":"2014-12-07T01:56:38","date_gmt":"2014-12-07T00:56:38","guid":{"rendered":"https:\/\/sandzakpress.net\/arhiva\/?p=116356"},"modified":"2014-12-07T02:06:14","modified_gmt":"2014-12-07T01:06:14","slug":"ko-siri-mrznju-i-razjedinjuje-bosnjake-putem-medija","status":"publish","type":"post","link":"https:\/\/sandzakpress.net\/arhiva\/ko-siri-mrznju-i-razjedinjuje-bosnjake-putem-medija\/","title":{"rendered":"Ko \u0161iri mr\u017enju i razjedinjuje Bo\u0161njake putem medija?"},"content":{"rendered":"<p><img loading=\"lazy\" decoding=\"async\" class=\"aligncenter  wp-image-116363\" src=\"https:\/\/sandzakpress.net\/arhiva\/wp-content\/uploads\/2014\/12\/Capture7.jpg\" alt=\"Capture\" width=\"559\" height=\"184\" \/><\/p>\n<p>&nbsp;<\/p>\n<p>Bo\u0161njaci Sand\u017eaka su danas svjedoci kako na niske grane mo\u017ee pasti jedna politika i jedna politi\u010dka opcija. Naime, Ugljanin i njegove pristalice se nisu uspijele oporaviti od debakla kojeg su do\u017eivjeli na sjednici BNV &#8211; kakav im se do sada u svojoj historiji nije dogodio. Kao \u0161to su gra\u0111ani vidjeli, predsjednik BNV-a na svojoj 25. godi\u0161njici predsjedavanja Bo\u0161nja\u010dkim nacionalnim vije\u0107em je priznao da ne zna voditi sjednice i da u tom poslu ba\u0161 i nije &#8220;vi\u0107an&#8221;<\/p>\n<p>&nbsp;<\/p>\n<div class=\"youtube-embed\" data-video_id=\"8SWUGey0z9E\"><iframe loading=\"lazy\" title=\"Suljo na 25. godi\u0161njicu predsjedavanja BNV-om poru\u010dio da ne zna da vodi sjednice\" width=\"696\" height=\"522\" src=\"https:\/\/www.youtube.com\/embed\/8SWUGey0z9E?feature=oembed&#038;enablejsapi=1\" frameborder=\"0\" allow=\"accelerometer; autoplay; encrypted-media; gyroscope; picture-in-picture\" allowfullscreen><\/iframe><\/div>\n<p>&nbsp;<\/p>\n<p>Me\u0111utim, kao \u0161to im je do sada i bila praksa, za to se morao targetirati krivac. Neko obja\u0161enjenje se moralo dati bira\u010dima. Naro\u010dito onim aktivistima stranke koji su svojim o\u010dima postali svjedoci nesposobnosti svog &#8220;neprikosnovenog&#8221; lidera. Naravno, glavni krivac je bio nosilac opozicije dr. Jahja Fehratovi\u0107, predvodnik neustra\u0161ivih boraca koji se ne libe govoriti i iznositi istinu na svakom mjestu.<\/p>\n<p>Dr. Jahja je kriv \u0161to je Ugljaninu jasno i glasno, u brk, kazao\u00a0da njegova opcija ne\u0107e dozvoliti da se posredstvom BNV-a u budu\u0107e cijepa Islamska zajednica, skrnavi lik Poslanika, s.a.w.s. i da se bo\u0161nja\u010dka djeca tjeraju da u\u010de Sv. Savu i Bo\u017ei\u0107, estakfirullah!<\/p>\n<p>&nbsp;<\/p>\n<div class=\"youtube-embed\" data-video_id=\"-UUmJlokQ6o\"><iframe loading=\"lazy\" title=\"Pogledajte \u0161ta je naljutilo Ugljanina na sjednici BNV?\" width=\"696\" height=\"522\" src=\"https:\/\/www.youtube.com\/embed\/-UUmJlokQ6o?feature=oembed&#038;enablejsapi=1\" frameborder=\"0\" allow=\"accelerometer; autoplay; encrypted-media; gyroscope; picture-in-picture\" allowfullscreen><\/iframe><\/div>\n<p>&nbsp;<\/p>\n<p>Kako se manifestovao taj Ugljaninov hroptaj. U nedostatku Regionalne televiziji, za koju je Ugljanin na sjednici rekao da je \u017eeli pod svoje krilo, jedini Ugljaninov medijski prozor u svijet su elektronska novina &#8220;Sand\u017eak Avaz&#8221; i facebook stranica &#8220;Exclusive Novi Pazar&#8221;, a poznavaocima prilika nije bilo te\u0161ko zaklju\u010diti da se radi o istim administratorima ta dva &#8220;medija&#8221;.<\/p>\n<p>Nakon \u0161to je Ugljanin prekinuo sjednicu BNV-a i negdje u mraku\u00a0opet donio odluke u ime BNV-a i bo\u0161nja\u010dkog naroda, po ugledu na 2007. kada je cijepao Islamsku zajednicu, jedino medijsko obja\u0161njenje cijelog pokreta SDA Sand\u017eaka na sve \u0161to se zbilo u BNV-u je ova facebook objava:<\/p>\n<p>&nbsp;<\/p>\n<p><img loading=\"lazy\" decoding=\"async\" class=\"aligncenter size-full wp-image-116358\" src=\"https:\/\/sandzakpress.net\/arhiva\/wp-content\/uploads\/2014\/12\/Capture5.jpg\" alt=\"Capture\" width=\"514\" height=\"592\" \/><\/p>\n<p>&nbsp;<\/p>\n<p>Po komentarima \u010ditaoca koji su ubrzo uklonjeni, da se zaklju\u010diti kako ova nakradna Ugljaninova politika vrije\u0111a muslimane-Bo\u0161njake, ljude koji klanjaju pet vakat namaza, ljude koji su iza sebe stavili kapitnalna djela i oblasti sand\u017ea\u010dko bo\u0161nja\u010dke knji\u017eevnosti i tako produbljuje mr\u017enju i jaz koji su isti oni zapo\u010deli\u00a0jo\u0161 2007. godine.<\/p>\n<p>Sada se \u010ditaoci vjerovatno pitaju: &#8216;A gdje je dokaz da iza ove gnusne, sramne i poni\u017eavaju\u0107e objave stoji gospodin Ugljanin? Zar bi jedan predsjednik stranke pao na tako niske grane?&#8217;<\/p>\n<p>Evo i dokaza:<\/p>\n<p>1. Glavni administrator Ugljaninovih &#8220;prozora u medijski svijet&#8221; je Aladin Lotinac. U prilogu vam dostavljamo administratorsku plo\u010du kao dokaz, gdje se jasno vidi da je u lijevoj koloni, drugi po redu, glavni menad\u017eer <a href=\"https:\/\/www.facebook.com\/aladin.loto?fref=ts\"><strong>Aladin Lotinac<\/strong><\/a>:<\/p>\n<p>&nbsp;<\/p>\n<p><img loading=\"lazy\" decoding=\"async\" class=\"aligncenter size-large wp-image-116359\" src=\"https:\/\/sandzakpress.net\/arhiva\/wp-content\/uploads\/2014\/12\/0f7720b54526d361dda567fe5a0abd1acecf31c6c74c443447d1ba9c74f70009-616x360.jpg\" alt=\"0f7720b54526d361dda567fe5a0abd1acecf31c6c74c443447d1ba9c74f70009\" width=\"600\" height=\"350\" srcset=\"https:\/\/sandzakpress.net\/arhiva\/wp-content\/uploads\/2014\/12\/0f7720b54526d361dda567fe5a0abd1acecf31c6c74c443447d1ba9c74f70009-616x360.jpg 616w, https:\/\/sandzakpress.net\/arhiva\/wp-content\/uploads\/2014\/12\/0f7720b54526d361dda567fe5a0abd1acecf31c6c74c443447d1ba9c74f70009-600x350.jpg 600w, https:\/\/sandzakpress.net\/arhiva\/wp-content\/uploads\/2014\/12\/0f7720b54526d361dda567fe5a0abd1acecf31c6c74c443447d1ba9c74f70009.jpg 948w\" sizes=\"(max-width: 600px) 100vw, 600px\" \/><\/p>\n<p>&nbsp;<\/p>\n<p>2. Aladin Lotinac je vrlo blizak Ugljaninu, \u0161to dokazuje i ova fotografija:<\/p>\n<p>&nbsp;<\/p>\n<p><img loading=\"lazy\" decoding=\"async\" class=\"aligncenter size-large wp-image-116360\" src=\"https:\/\/sandzakpress.net\/arhiva\/wp-content\/uploads\/2014\/12\/1012670_10203325840251148_7924193745672442741_n-1-616x472.jpg\" alt=\"1012670_10203325840251148_7924193745672442741_n (1)\" width=\"600\" height=\"459\" \/><\/p>\n<p>&nbsp;<\/p>\n<p>3. Aladin Lotinac je sekretar u SDA kancelariji, \u0161to zna\u010di da se Ugljaninovi &#8220;prozori u medijski svijet&#8221; ure\u0111uju iz njegove centrale. Osim toga, Lotinac je i kandidat za vije\u0107nika BNV-a ispred Ugljaninove liste.<\/p>\n<p>&nbsp;<\/p>\n<p><img loading=\"lazy\" decoding=\"async\" class=\"aligncenter size-full wp-image-116361\" src=\"https:\/\/sandzakpress.net\/arhiva\/wp-content\/uploads\/2014\/12\/242424.jpg\" alt=\"242424\" width=\"467\" height=\"54\" \/> <img loading=\"lazy\" decoding=\"async\" class=\"aligncenter size-large wp-image-116362\" src=\"https:\/\/sandzakpress.net\/arhiva\/wp-content\/uploads\/2014\/12\/Capture6.jpg\" alt=\"Capture\" width=\"498\" height=\"485\" \/><\/p>\n<p>&nbsp;<\/p>\n<p>P. S. \u017delimo da se izvinimo Aladinu Lotincu kao pojedincu \u00a0\u0161to smo ga morali koristit kao dokaz i primjer kako Ugljanin i mrzovoljni pojedinci iz njegovog okru\u017eenja \u0161ire mr\u017enju i razjedinjuju Bo\u0161njake putem medija u Sand\u017eaku. Svjesni smo da je on manje-vi\u0161e nebitna figura u ovoj krupnoj temi i pri\u010di.<\/p>\n<p>Zaklju\u010dak: NEMA PRAVO SULEJMAN UGLJANIN GOVORITI O &#8216;BO\u0160NJA\u010cKOM JEDINSTVU&#8217; DOK GOD NE BUDE SPREMAN DA POGLEDA OPOZICIJI U O\u010cI, DOK NE PRESTANE \u0160IRITI MR\u017dNJU PUTEM MEDIJA KOJE KONTROLI\u0160E I DOK NE BUDE SPREMAN PRIZNATI I ISPRAVITI KATASTROFALNU GRE\u0160KU I IZDAJU KOJU JE NAPRAVIO PREMA ISLAMSKOJ ZAJEDNICI I BO\u0160NJACIMA SAND\u017dAKA U PRO\u0160LOSTI, CIJEPAJU\u0106I ZAJEDNICU I STAVLJAJU\u0106I JE NA USLUGU\u00a0BEOGRADU.<\/p>\n","protected":false},"excerpt":{"rendered":"<p>Istra\u017eujemo<\/p>\n","protected":false},"author":83,"featured_media":116363,"comment_status":"open","ping_status":"open","sticky":false,"template":"","format":"standard","meta":{"footnotes":""},"categories":[72,52,10196,327,392],"tags":[10269],"class_list":{"0":"post-116356","1":"post","2":"type-post","3":"status-publish","4":"format-standard","5":"has-post-thumbnail","7":"category-novi-pazar","8":"category-sjenica","9":"category-iz-pera-nasih-autora","10":"category-tutin","11":"category-prijepolje_","12":"tag-sulejman-ugljanin"},"yoast_head":"<!-- This site is optimized with the Yoast SEO Premium plugin v23.1 (Yoast SEO v24.9) - https:\/\/yoast.com\/wordpress\/plugins\/seo\/ -->\n<title>Ko \u0161iri mr\u017enju i razjedinjuje Bo\u0161njake putem medija?<\/title>\n<meta name=\"robots\" content=\"index, follow, max-snippet:-1, max-image-preview:large, max-video-preview:-1\" \/>\n<link rel=\"canonical\" href=\"https:\/\/sandzakpress.net\/arhiva\/ko-siri-mrznju-i-razjedinjuje-bosnjake-putem-medija\/\" \/>\n<meta property=\"og:locale\" content=\"bs_BA\" \/>\n<meta property=\"og:type\" content=\"article\" \/>\n<meta property=\"og:title\" content=\"Ko \u0161iri mr\u017enju i razjedinjuje Bo\u0161njake putem medija?\" \/>\n<meta property=\"og:description\" content=\"Istra\u017eujemo\" \/>\n<meta property=\"og:url\" content=\"https:\/\/sandzakpress.net\/arhiva\/ko-siri-mrznju-i-razjedinjuje-bosnjake-putem-medija\/\" \/>\n<meta property=\"og:site_name\" content=\"Sand\u017eak PRESS\" \/>\n<meta property=\"article:published_time\" content=\"2014-12-07T00:56:38+00:00\" \/>\n<meta property=\"article:modified_time\" content=\"2014-12-07T01:06:14+00:00\" \/>\n<meta property=\"og:image\" content=\"https:\/\/sandzakpress.net\/arhiva\/wp-content\/uploads\/2014\/12\/Capture7.jpg\" \/>\n\t<meta property=\"og:image:width\" content=\"474\" \/>\n\t<meta property=\"og:image:height\" content=\"156\" \/>\n\t<meta property=\"og:image:type\" content=\"image\/jpeg\" \/>\n<meta name=\"author\" content=\"bosniak\" \/>\n<meta name=\"twitter:card\" content=\"summary_large_image\" \/>\n<meta name=\"twitter:label1\" content=\"Written by\" \/>\n\t<meta name=\"twitter:data1\" content=\"bosniak\" \/>\n\t<meta name=\"twitter:label2\" content=\"Est. reading time\" \/>\n\t<meta name=\"twitter:data2\" content=\"3 minute\" \/>\n<script type=\"application\/ld+json\" class=\"yoast-schema-graph\">{\"@context\":\"https:\/\/schema.org\",\"@graph\":[{\"@type\":\"Article\",\"@id\":\"https:\/\/sandzakpress.net\/arhiva\/ko-siri-mrznju-i-razjedinjuje-bosnjake-putem-medija\/#article\",\"isPartOf\":{\"@id\":\"https:\/\/sandzakpress.net\/arhiva\/ko-siri-mrznju-i-razjedinjuje-bosnjake-putem-medija\/\"},\"author\":{\"name\":\"bosniak\",\"@id\":\"https:\/\/sandzakpress.net\/arhiva\/#\/schema\/person\/c8baee722073534b583ea7bdb2e36c02\"},\"headline\":\"Ko \u0161iri mr\u017enju i razjedinjuje Bo\u0161njake putem medija?\",\"datePublished\":\"2014-12-07T00:56:38+00:00\",\"dateModified\":\"2014-12-07T01:06:14+00:00\",\"mainEntityOfPage\":{\"@id\":\"https:\/\/sandzakpress.net\/arhiva\/ko-siri-mrznju-i-razjedinjuje-bosnjake-putem-medija\/\"},\"wordCount\":657,\"commentCount\":25,\"publisher\":{\"@id\":\"https:\/\/sandzakpress.net\/arhiva\/#\/schema\/person\/6e72b67d6e51910a1117b3b483ba20bd\"},\"image\":{\"@id\":\"https:\/\/sandzakpress.net\/arhiva\/ko-siri-mrznju-i-razjedinjuje-bosnjake-putem-medija\/#primaryimage\"},\"thumbnailUrl\":\"https:\/\/sandzakpress.net\/arhiva\/wp-content\/uploads\/2014\/12\/Capture7.jpg\",\"keywords\":[\"Sulejman Ugljanin\"],\"articleSection\":[\"Novi Pazar\",\"Sjenica\",\"Iz pera na\u0161ih autora\",\"Tutin\",\"Prijepolje\"],\"inLanguage\":\"bs-BA\",\"potentialAction\":[{\"@type\":\"CommentAction\",\"name\":\"Comment\",\"target\":[\"https:\/\/sandzakpress.net\/arhiva\/ko-siri-mrznju-i-razjedinjuje-bosnjake-putem-medija\/#respond\"]}]},{\"@type\":\"WebPage\",\"@id\":\"https:\/\/sandzakpress.net\/arhiva\/ko-siri-mrznju-i-razjedinjuje-bosnjake-putem-medija\/\",\"url\":\"https:\/\/sandzakpress.net\/arhiva\/ko-siri-mrznju-i-razjedinjuje-bosnjake-putem-medija\/\",\"name\":\"Ko \u0161iri mr\u017enju i razjedinjuje Bo\u0161njake putem medija?\",\"isPartOf\":{\"@id\":\"https:\/\/sandzakpress.net\/arhiva\/#website\"},\"primaryImageOfPage\":{\"@id\":\"https:\/\/sandzakpress.net\/arhiva\/ko-siri-mrznju-i-razjedinjuje-bosnjake-putem-medija\/#primaryimage\"},\"image\":{\"@id\":\"https:\/\/sandzakpress.net\/arhiva\/ko-siri-mrznju-i-razjedinjuje-bosnjake-putem-medija\/#primaryimage\"},\"thumbnailUrl\":\"https:\/\/sandzakpress.net\/arhiva\/wp-content\/uploads\/2014\/12\/Capture7.jpg\",\"datePublished\":\"2014-12-07T00:56:38+00:00\",\"dateModified\":\"2014-12-07T01:06:14+00:00\",\"breadcrumb\":{\"@id\":\"https:\/\/sandzakpress.net\/arhiva\/ko-siri-mrznju-i-razjedinjuje-bosnjake-putem-medija\/#breadcrumb\"},\"inLanguage\":\"bs-BA\",\"potentialAction\":[{\"@type\":\"ReadAction\",\"target\":[\"https:\/\/sandzakpress.net\/arhiva\/ko-siri-mrznju-i-razjedinjuje-bosnjake-putem-medija\/\"]}]},{\"@type\":\"ImageObject\",\"inLanguage\":\"bs-BA\",\"@id\":\"https:\/\/sandzakpress.net\/arhiva\/ko-siri-mrznju-i-razjedinjuje-bosnjake-putem-medija\/#primaryimage\",\"url\":\"https:\/\/sandzakpress.net\/arhiva\/wp-content\/uploads\/2014\/12\/Capture7.jpg\",\"contentUrl\":\"https:\/\/sandzakpress.net\/arhiva\/wp-content\/uploads\/2014\/12\/Capture7.jpg\",\"width\":474,\"height\":156},{\"@type\":\"BreadcrumbList\",\"@id\":\"https:\/\/sandzakpress.net\/arhiva\/ko-siri-mrznju-i-razjedinjuje-bosnjake-putem-medija\/#breadcrumb\",\"itemListElement\":[{\"@type\":\"ListItem\",\"position\":1,\"name\":\"Home\",\"item\":\"https:\/\/sandzakpress.net\/arhiva\/\"},{\"@type\":\"ListItem\",\"position\":2,\"name\":\"Ko \u0161iri mr\u017enju i razjedinjuje Bo\u0161njake putem medija?\"}]},{\"@type\":\"WebSite\",\"@id\":\"https:\/\/sandzakpress.net\/arhiva\/#website\",\"url\":\"https:\/\/sandzakpress.net\/arhiva\/\",\"name\":\"Sand\u017eak PRESS\",\"description\":\"Prve elektronske novine u Sand\u017eaku\",\"publisher\":{\"@id\":\"https:\/\/sandzakpress.net\/arhiva\/#\/schema\/person\/6e72b67d6e51910a1117b3b483ba20bd\"},\"potentialAction\":[{\"@type\":\"SearchAction\",\"target\":{\"@type\":\"EntryPoint\",\"urlTemplate\":\"https:\/\/sandzakpress.net\/arhiva\/?s={search_term_string}\"},\"query-input\":{\"@type\":\"PropertyValueSpecification\",\"valueRequired\":true,\"valueName\":\"search_term_string\"}}],\"inLanguage\":\"bs-BA\"},{\"@type\":[\"Person\",\"Organization\"],\"@id\":\"https:\/\/sandzakpress.net\/arhiva\/#\/schema\/person\/6e72b67d6e51910a1117b3b483ba20bd\",\"name\":\"Kul\",\"image\":{\"@type\":\"ImageObject\",\"inLanguage\":\"bs-BA\",\"@id\":\"https:\/\/sandzakpress.net\/arhiva\/#\/schema\/person\/image\/\",\"url\":\"https:\/\/secure.gravatar.com\/avatar\/42263f39aa27ac04c43cab85c280eb2e?s=96&d=mm&r=pg\",\"contentUrl\":\"https:\/\/secure.gravatar.com\/avatar\/42263f39aa27ac04c43cab85c280eb2e?s=96&d=mm&r=pg\",\"caption\":\"Kul\"},\"logo\":{\"@id\":\"https:\/\/sandzakpress.net\/arhiva\/#\/schema\/person\/image\/\"}},{\"@type\":\"Person\",\"@id\":\"https:\/\/sandzakpress.net\/arhiva\/#\/schema\/person\/c8baee722073534b583ea7bdb2e36c02\",\"name\":\"bosniak\",\"image\":{\"@type\":\"ImageObject\",\"inLanguage\":\"bs-BA\",\"@id\":\"https:\/\/sandzakpress.net\/arhiva\/#\/schema\/person\/image\/\",\"url\":\"https:\/\/secure.gravatar.com\/avatar\/a04fd330bfe3a36a72a0ad4a6d89fca7?s=96&d=mm&r=pg\",\"contentUrl\":\"https:\/\/secure.gravatar.com\/avatar\/a04fd330bfe3a36a72a0ad4a6d89fca7?s=96&d=mm&r=pg\",\"caption\":\"bosniak\"},\"url\":\"https:\/\/sandzakpress.net\/arhiva\/author\/bosniak\/\"}]}<\/script>\n<!-- \/ Yoast SEO Premium plugin. -->","yoast_head_json":{"title":"Ko \u0161iri mr\u017enju i razjedinjuje Bo\u0161njake putem medija?","robots":{"index":"index","follow":"follow","max-snippet":"max-snippet:-1","max-image-preview":"max-image-preview:large","max-video-preview":"max-video-preview:-1"},"canonical":"https:\/\/sandzakpress.net\/arhiva\/ko-siri-mrznju-i-razjedinjuje-bosnjake-putem-medija\/","og_locale":"bs_BA","og_type":"article","og_title":"Ko \u0161iri mr\u017enju i razjedinjuje Bo\u0161njake putem medija?","og_description":"Istra\u017eujemo","og_url":"https:\/\/sandzakpress.net\/arhiva\/ko-siri-mrznju-i-razjedinjuje-bosnjake-putem-medija\/","og_site_name":"Sand\u017eak PRESS","article_published_time":"2014-12-07T00:56:38+00:00","article_modified_time":"2014-12-07T01:06:14+00:00","og_image":[{"width":474,"height":156,"url":"https:\/\/sandzakpress.net\/arhiva\/wp-content\/uploads\/2014\/12\/Capture7.jpg","type":"image\/jpeg"}],"author":"bosniak","twitter_card":"summary_large_image","twitter_misc":{"Written by":"bosniak","Est. reading time":"3 minute"},"schema":{"@context":"https:\/\/schema.org","@graph":[{"@type":"Article","@id":"https:\/\/sandzakpress.net\/arhiva\/ko-siri-mrznju-i-razjedinjuje-bosnjake-putem-medija\/#article","isPartOf":{"@id":"https:\/\/sandzakpress.net\/arhiva\/ko-siri-mrznju-i-razjedinjuje-bosnjake-putem-medija\/"},"author":{"name":"bosniak","@id":"https:\/\/sandzakpress.net\/arhiva\/#\/schema\/person\/c8baee722073534b583ea7bdb2e36c02"},"headline":"Ko \u0161iri mr\u017enju i razjedinjuje Bo\u0161njake putem medija?","datePublished":"2014-12-07T00:56:38+00:00","dateModified":"2014-12-07T01:06:14+00:00","mainEntityOfPage":{"@id":"https:\/\/sandzakpress.net\/arhiva\/ko-siri-mrznju-i-razjedinjuje-bosnjake-putem-medija\/"},"wordCount":657,"commentCount":25,"publisher":{"@id":"https:\/\/sandzakpress.net\/arhiva\/#\/schema\/person\/6e72b67d6e51910a1117b3b483ba20bd"},"image":{"@id":"https:\/\/sandzakpress.net\/arhiva\/ko-siri-mrznju-i-razjedinjuje-bosnjake-putem-medija\/#primaryimage"},"thumbnailUrl":"https:\/\/sandzakpress.net\/arhiva\/wp-content\/uploads\/2014\/12\/Capture7.jpg","keywords":["Sulejman Ugljanin"],"articleSection":["Novi Pazar","Sjenica","Iz pera na\u0161ih autora","Tutin","Prijepolje"],"inLanguage":"bs-BA","potentialAction":[{"@type":"CommentAction","name":"Comment","target":["https:\/\/sandzakpress.net\/arhiva\/ko-siri-mrznju-i-razjedinjuje-bosnjake-putem-medija\/#respond"]}]},{"@type":"WebPage","@id":"https:\/\/sandzakpress.net\/arhiva\/ko-siri-mrznju-i-razjedinjuje-bosnjake-putem-medija\/","url":"https:\/\/sandzakpress.net\/arhiva\/ko-siri-mrznju-i-razjedinjuje-bosnjake-putem-medija\/","name":"Ko \u0161iri mr\u017enju i razjedinjuje Bo\u0161njake putem medija?","isPartOf":{"@id":"https:\/\/sandzakpress.net\/arhiva\/#website"},"primaryImageOfPage":{"@id":"https:\/\/sandzakpress.net\/arhiva\/ko-siri-mrznju-i-razjedinjuje-bosnjake-putem-medija\/#primaryimage"},"image":{"@id":"https:\/\/sandzakpress.net\/arhiva\/ko-siri-mrznju-i-razjedinjuje-bosnjake-putem-medija\/#primaryimage"},"thumbnailUrl":"https:\/\/sandzakpress.net\/arhiva\/wp-content\/uploads\/2014\/12\/Capture7.jpg","datePublished":"2014-12-07T00:56:38+00:00","dateModified":"2014-12-07T01:06:14+00:00","breadcrumb":{"@id":"https:\/\/sandzakpress.net\/arhiva\/ko-siri-mrznju-i-razjedinjuje-bosnjake-putem-medija\/#breadcrumb"},"inLanguage":"bs-BA","potentialAction":[{"@type":"ReadAction","target":["https:\/\/sandzakpress.net\/arhiva\/ko-siri-mrznju-i-razjedinjuje-bosnjake-putem-medija\/"]}]},{"@type":"ImageObject","inLanguage":"bs-BA","@id":"https:\/\/sandzakpress.net\/arhiva\/ko-siri-mrznju-i-razjedinjuje-bosnjake-putem-medija\/#primaryimage","url":"https:\/\/sandzakpress.net\/arhiva\/wp-content\/uploads\/2014\/12\/Capture7.jpg","contentUrl":"https:\/\/sandzakpress.net\/arhiva\/wp-content\/uploads\/2014\/12\/Capture7.jpg","width":474,"height":156},{"@type":"BreadcrumbList","@id":"https:\/\/sandzakpress.net\/arhiva\/ko-siri-mrznju-i-razjedinjuje-bosnjake-putem-medija\/#breadcrumb","itemListElement":[{"@type":"ListItem","position":1,"name":"Home","item":"https:\/\/sandzakpress.net\/arhiva\/"},{"@type":"ListItem","position":2,"name":"Ko \u0161iri mr\u017enju i razjedinjuje Bo\u0161njake putem medija?"}]},{"@type":"WebSite","@id":"https:\/\/sandzakpress.net\/arhiva\/#website","url":"https:\/\/sandzakpress.net\/arhiva\/","name":"Sand\u017eak PRESS","description":"Prve elektronske novine u Sand\u017eaku","publisher":{"@id":"https:\/\/sandzakpress.net\/arhiva\/#\/schema\/person\/6e72b67d6e51910a1117b3b483ba20bd"},"potentialAction":[{"@type":"SearchAction","target":{"@type":"EntryPoint","urlTemplate":"https:\/\/sandzakpress.net\/arhiva\/?s={search_term_string}"},"query-input":{"@type":"PropertyValueSpecification","valueRequired":true,"valueName":"search_term_string"}}],"inLanguage":"bs-BA"},{"@type":["Person","Organization"],"@id":"https:\/\/sandzakpress.net\/arhiva\/#\/schema\/person\/6e72b67d6e51910a1117b3b483ba20bd","name":"Kul","image":{"@type":"ImageObject","inLanguage":"bs-BA","@id":"https:\/\/sandzakpress.net\/arhiva\/#\/schema\/person\/image\/","url":"https:\/\/secure.gravatar.com\/avatar\/42263f39aa27ac04c43cab85c280eb2e?s=96&d=mm&r=pg","contentUrl":"https:\/\/secure.gravatar.com\/avatar\/42263f39aa27ac04c43cab85c280eb2e?s=96&d=mm&r=pg","caption":"Kul"},"logo":{"@id":"https:\/\/sandzakpress.net\/arhiva\/#\/schema\/person\/image\/"}},{"@type":"Person","@id":"https:\/\/sandzakpress.net\/arhiva\/#\/schema\/person\/c8baee722073534b583ea7bdb2e36c02","name":"bosniak","image":{"@type":"ImageObject","inLanguage":"bs-BA","@id":"https:\/\/sandzakpress.net\/arhiva\/#\/schema\/person\/image\/","url":"https:\/\/secure.gravatar.com\/avatar\/a04fd330bfe3a36a72a0ad4a6d89fca7?s=96&d=mm&r=pg","contentUrl":"https:\/\/secure.gravatar.com\/avatar\/a04fd330bfe3a36a72a0ad4a6d89fca7?s=96&d=mm&r=pg","caption":"bosniak"},"url":"https:\/\/sandzakpress.net\/arhiva\/author\/bosniak\/"}]}},"_links":{"self":[{"href":"https:\/\/sandzakpress.net\/arhiva\/wp-json\/wp\/v2\/posts\/116356"}],"collection":[{"href":"https:\/\/sandzakpress.net\/arhiva\/wp-json\/wp\/v2\/posts"}],"about":[{"href":"https:\/\/sandzakpress.net\/arhiva\/wp-json\/wp\/v2\/types\/post"}],"author":[{"embeddable":true,"href":"https:\/\/sandzakpress.net\/arhiva\/wp-json\/wp\/v2\/users\/83"}],"replies":[{"embeddable":true,"href":"https:\/\/sandzakpress.net\/arhiva\/wp-json\/wp\/v2\/comments?post=116356"}],"version-history":[{"count":0,"href":"https:\/\/sandzakpress.net\/arhiva\/wp-json\/wp\/v2\/posts\/116356\/revisions"}],"wp:featuredmedia":[{"embeddable":true,"href":"https:\/\/sandzakpress.net\/arhiva\/wp-json\/wp\/v2\/media\/116363"}],"wp:attachment":[{"href":"https:\/\/sandzakpress.net\/arhiva\/wp-json\/wp\/v2\/media?parent=116356"}],"wp:term":[{"taxonomy":"category","embeddable":true,"href":"https:\/\/sandzakpress.net\/arhiva\/wp-json\/wp\/v2\/categories?post=116356"},{"taxonomy":"post_tag","embeddable":true,"href":"https:\/\/sandzakpress.net\/arhiva\/wp-json\/wp\/v2\/tags?post=116356"}],"curies":[{"name":"wp","href":"https:\/\/api.w.org\/{rel}","templated":true}]}}