{"id":116354,"date":"2015-02-26T11:00:54","date_gmt":"2015-02-26T10:00:54","guid":{"rendered":"https:\/\/sandzakpress.net\/arhiva\/?p=116354"},"modified":"2015-02-26T10:57:10","modified_gmt":"2015-02-26T09:57:10","slug":"strpci-zlocin-koji-je-planirao-vrh-srbije","status":"publish","type":"post","link":"https:\/\/sandzakpress.net\/arhiva\/strpci-zlocin-koji-je-planirao-vrh-srbije\/","title":{"rendered":"\u0160trpci &#8211; zlo\u010din koji je planirao vrh Srbije"},"content":{"rendered":"<p class=\"standfirst\"><img loading=\"lazy\" decoding=\"async\" class=\"aligncenter\" src=\"http:\/\/balkans.aljazeera.net\/sites\/staff.balkans.aljazeera.com\/files\/styles\/aljazeera_photo_gallery_article\/public\/strpci5-tuzilastvobih-main.jpg?itok=DBzAUQJT\" alt=\"\" width=\"616\" height=\"466\" \/>&#8216;Ko u ovoj zemlji zaboravi stanicu \u0160trpci i 27. februar 1993. odustao je od budu\u0107nosti&#8217;, pi\u0161e na spomen-obilje\u017eju u Prijepolju.<\/p>\n<p>Zloslutna ti\u0161ina nadvila se nad Limskom dolinom tog 27. februara 1993. godine. Zatomila je ti\u0161ina struganje ko\u010dnica voza na pruzi Beograd &#8211; Bar i\u00a0 stanici \u0160trpci. Putnici voza 671, na tra\u017eenje konduktera, pokazali su karte. Bio je to drugi zahtjev za pokaz karata od kako su se u voz ukrcali u Beogradu. I ne bi to bio neobi\u010dan zahtjev da uz kartu nisu trebali pokazati i li\u010dne karte. Nesrbima su sa li\u010dnih dokumenata imena upisana na karte, mimo dotada\u0161njeg obi\u010daja.<\/p>\n<p>&#8220;Obilje\u017eeni&#8221; su upitali &#8211; za\u0161to? &#8211; ali odgovora nije bilo ni tada, ni sada.\u00a0 Zloslutna ti\u0161ina zatomila je zveket oru\u017eija i brundanje motora, koji su odvezli 20 civila &#8211; 18 Bo\u0161njaka, jednog Hrvata i jednog crnoputog putnika nepoznatog identiteta. Odvedeni su u nepoznato, a &#8220;oteli&#8221; su ih nepoznati (?!) vojnici.<\/p>\n<p>&#8220;Nismo isti dan znali \u0161ta se dogodilo. Tek sutradan. Jutrom, po\u010delo se govoriti o vozu 671 i Prijepoljcima koji se nisu vratili domovima. Jer, u tom vozu najvi\u0161e je bilo Prijepoljaca &#8211; \u010dak njih 11&#8221;, prisjetio se umjetnik iz Prijepolja Me\u0161a Brni\u010danin doga\u0111aja od prije 21 godinu. Tada se dogodio surovi zlo\u010din na stanici u \u0160trpcima. Nakon tog nedjela, uslijedila je \u0161utnja srbijanskih politi\u010dara i izvr\u0161ioca vlasti, ali i srbijanske javnosti&#8230; Zlokobnu \u0161utnju i ti\u0161inu nije naru\u0161io ni jecaj o\u010dajnih roditelja i prijatelja, suze majki, sestara, supruga, sinova i k\u0107eri&#8230;<\/p>\n<p>Sa ove vremenske distance izgleda naivno, ali gra\u0111ani Prijepolja dan nakon \u0161to se &#8220;otmica&#8221; putnika dogodila okupili su se ispred zgrade op\u0161tine Prijepolje. Bilo ih je 4.000-5.000. \u010cekali su da im neko objasni \u0161ta se dogodilo s njihovim sugra\u0111anima.<\/p>\n<h3><strong>Pitaljke za specijalce<\/strong><\/h3>\n<p>&#8220;Okru\u017eili su nas specijalci, kojima smo oko ak\u0161ama, po\u0161to je bio ramazan, po\u010deli nuditi pitaljke [lokalizam somun]. Na to je jedan od specijalaca promrmljao kolegi: &#8216;Mi do\u0161li da ih pobijemo, a oni nama daju lepinje'&#8221;, odmahuju\u0107i glavom i sabiraju\u0107i nabujale emocije, kazao je Brni\u010danin.<\/p>\n<p>Ni njemu nakon vi\u0161e od dvije decenije nije jasno kako su naivno Prijepoljci iza\u0161li na ulice. Pitali su tiho i dostojanstveno gdje su njihovi sugra\u0111ani. Brni\u010daninu to s vremenskim odmakom izgleda kao da su se dobrovoljno javljali za logore. S nevjericom se sje\u0107a kako su (i on, i ostali sugra\u0111ani) vjerovali da \u0107e im tada\u0161nji predsjednik Savezne Republike Jugoslavije i lider Socijalisti\u010dke partije Srbije Slobodan Milo\u0161evi\u0107 ispuniti obe\u0107anje i prona\u0107i njihove sugra\u0111ane, a po\u010dinioce nedjela kazniti. Milo\u0161evi\u0107 je tada u Prijepolju rekao da \u0107e &#8220;podi\u0107i svaki kamen dok ih ne prona\u0111u&#8221;.<\/p>\n<p>Srbija nikada nije krvi\u010dno gonila po\u010dinioce. Tu i tamo sporadi\u010dno dr\u017eavno Tu\u017eila\u0161tvo se bavilo tim slu\u010dajem. Od 20 otetih putnika, prona\u0111eni su posmrtni ostaci tek dva tijela u jezeru Peru\u0107ac. Su\u0161tina je da je jedini procesuirani za otmicu 20 nedu\u017enih gra\u0111ana u \u0160trpcima Neboj\u0161a Ranisavljevi\u0107 iz Despotovca, koji je iz zatvora pu\u0161ten 2011. godine, nakon \u0161to je izdr\u017eao kaznu. Uhap\u0161en je u oktobru 1996, a pred Vi\u0161im sudom u Bijelom Polju (Crna Gora), 9. septembra 2002. osu\u0111en je na 15 godina zatvora. Tokom su\u0111enja je kazao da je grupom komandovao Milan Luki\u0107, koji je pred Ha\u0161kim sudom osu\u0111en zbog zlo\u010dina po\u010dinjenih nad bo\u0161nja\u010dkim civilima u Vi\u0161egradu tokom rata u Bosni i Hercegovini, ali njegova optu\u017enica nije obuhvatala zlo\u010din u \u0160trpcima.<\/p>\n<p>Biv\u0161i predsjednik Helsin\u0161kog odbora za ljudska prava iz Sand\u017eaka \u0160efko Alomerovi\u0107 vi\u0161e puta je optu\u017eio biv\u0161eg predsjednika SR Jugoslavije Dobricu \u0106osi\u0107a i njegovog savjetnika Vladimira Matovi\u0107a da su podstakli i potom zata\u0161kali otmicu na \u017eeljezni\u010dkoj stanici \u0160trpci. Pred novosadskim Op\u0161tinskim sudom, u postupku po tu\u017ebi \u0106osi\u0107a i Matovi\u0107a zbog uvrede i klevete, Alomerovi\u0107 je tada primijetio da nijedan tu\u017eilac nije razmotrio njihovu krivicu za otmicu i kasnije ubistvo 20 putnika iz voza Beograd &#8211; Bar 27. februara 1993. godine.<\/p>\n<h3><strong>Pregovori s Milo\u0161evi\u0107em<\/strong><\/h3>\n<p>No, sve je to do\u0161lo kasnije. Ali, tog februara 1993. godine, prema svjedo\u010denju drugih gra\u0111ana Prijepolja, zlo\u010dinci iz stanice \u0160trpci bili su na granici s Bosnom i Hercegovinom. Tada\u0161nji predstavnici prijepoljske Stranke demokratske akcije su u no\u0107i sa 27. na 28. februar pregovarali upravo s Milo\u0161evi\u0107em. \u010cinjenica je da Luki\u0107 nije do\u0161ao u Prijepolje, ali i da &#8220;oteti&#8221; putnici nisu prona\u0111eni. Nerijetko su se svi nesrbi koji su se vozili prugom Beograd &#8211; Bar upitali jesu li to mogli biti oni, ali i pribojavali svaki naredni put kada bi u voz ulazili.<\/p>\n<p>Prema pri\u010danju Brni\u010danina, histori\u010dari i publicisti, uglavnom Bo\u0161njaci, koji su kasnije istra\u017eivali i rekonstriirali zlo\u010din u \u0160trpcima utvrdili su da je sve mjesecima unaprijed bilo planirano. U knjizi <em>Usud imena<\/em>autora Mirsada Rastodera objavljeni su dokumenti u kojima se navodi da su \u017deljeznice Srbije, policijski i vojni zvani\u010dnici znali za plan za doga\u0111aje u \u0160trpcima.<\/p>\n<p>Nakon protesta u Prijepolju, dugo se o \u0160trpcima \u0161utjelo. Srbijanski i crnogorski mediji ovaj doga\u0111aj u to vrijeme uglavnom su ignorirali. Prvi je porodice nestalih posjetio Pribojac D\u017eemail Halilagi\u0107 1997. godine i njihove ispovijesti objavio u <em>Sand\u017ea\u010dkim novinama<\/em>. Tada je tek svjedo\u010danstvo malog \u010dovjeka &#8220;pogre\u0161nog&#8221; imena potisnulo \u0161utnju koja je zamijenila ti\u0161inu iz 1993. godine.<\/p>\n<p>&#8220;Niko do tada od novinara nije posjetio porodice nestalih &#8211; tako su mi kazali&#8221;, objasnio je Halilagi\u0107, koji je mnogo istra\u017eivao i pisao o zlo\u010dinima u \u0160trpcima (1993), Sjeverinu (1992) i Kukurovi\u0107ima. Istakao je da je \u0161utnja srbijanskog pravosu\u0111a spram ovih zlo\u010dina grozomorna poruka Bo\u0161njacima da zlo\u010dini po\u010dinjeni nad njima nisu ka\u017enjivi, \u0161to je, prema njegovom mi\u0161ljenju, uvertira za novi genocid. Ocijenio je da je \u0161utnja Ha\u0161kog tribunala i me\u0111unarodne zajednice za zlo\u010dine po\u010dinjene nad Bo\u0161njacima u Srbiji pre\u0161utno odobravanje za prekomponiranje etni\u010dkih prostora.<\/p>\n<p>Bojan Ton\u010di\u0107 je lani u <em>e-novinama.com<\/em>, na 20. godi\u0161njicu zlo\u010dina u \u0160trpcima, napisao da je prvi pisani trag o pripremanju otmice nastao u \u017delezni\u010dko-transportnom preduze\u0107u Beograd, \u010diji je direktor bio Milomir Mini\u0107, koji je pripadao vrhu\u0161ci SPS-a. Dokument pod naslovom &#8220;Procena politi\u010dko-bezbednosne situacije u \u017eelezni\u010dkom \u010dvoru U\u017eice&#8221;, namijenjen samom dr\u017eavnom vrhu, nastao u &#8220;\u017eelezni\u010dko-bezbednosnim strukturama&#8221;, donosi stravi\u010dni sadr\u017eaj:<\/p>\n<h3><strong>Mirno kora\u010dali u smrt<\/strong><\/h3>\n<p>&#8220;Najve\u0107u opasnost za bezbednost pruge i objekata na njoj predstavljaju radnici muslimanske nacionalnosti. Oni su upoznati sa svim detaljima organizovanja \u017eeleznice, jer su uklju\u010deni u svakodnevan proces rada. \u0160to se ti\u010de radnika muslimanske nacionalnosti zaposlenih u \u017dTO (kojih ima 732), za sada se ne eksponiraju kao neprijatelji, ali nam ote\u017eavaju posao, jer zbog njih, tj. nepoverenja u njih, ne mo\u017eemo da realizujemo neke operativne zamisli&#8230;&#8221;<\/p>\n<p>D\u017eemail Halilagi\u0107 iz odbora za Ljudska prava u Priboju ka\u017ee da su, prema iskazu jedinog izvr\u0161ioca zlo\u010dina u \u0160trpcima kojeg je osudio crnogorski sud, \u017ertve kidnapirali i likvidirali pripadnici Interventne \u010dete Vi\u0161egradske brigade srpske vojske, \u010diji je komandant bio potpukovnik Luka Dragi\u010devi\u0107, a zlo\u010dince je predvodio zloglasni Milan Luki\u0107. Izvedeni putnici iz voza su ukrcani na kamion, a potom odvedeni u selo Prelovo, u op\u0161tini Vi\u0161egrad, gdje su likvidirani.<\/p>\n<p>Prema izjavama o\u010devidaca, putnici su izvo\u0111eni i provo\u0111eni do kamiona potpuno mirno, bez ikakvih incidenata, bez opiranja, bez bilo kakvog povika ili protesta.Sve se to odvijalo nao\u010digled deset policajaca, pripadnika Ministarstva unutra\u0161njih psolova Srbije, koji su bili iz Priboja i Prijepolja. Imena policajaca su: Miroslav Gazdi\u0107, ZoranUdovi\u010di\u0107, Miroslav Vrani\u0107, Ljubi\u0161a Radomirovi\u0107, Goran Bukvi\u0107, \u017deljko \u0160alipur, Goran Vukovi\u0107, Radojko Je\u0161i\u0107, Nenad Cvijovi\u0107 i Peri\u0161a Golubovi\u0107.<\/p>\n<p>Prijepoljci nisu odustajali od tra\u017eenja istine za nestale u \u0160trpcima. Izvr\u0161ioci vlasti u Srbiji uskratili su ih za istinu i pravdu. Jedno \u0161to su im udovoljili je da na 16 godi\u0161njicu zlo\u010dina u \u0160trpcima podignu spomen-obilje\u017eje u Prijepolju. Kamen simboli\u010dno postavljen pokraj mosta na obali rijeke Lim jedinstven je podsjetnik. Brni\u010danin ka\u017ee da je, zbog protivljenja pojedinih poslanika u mjesnoj skup\u0161tini, na spomen-obilje\u017eju zlo\u010dina u \u0160trpcima ispisano samo 11 imena, uz rije\u010di &#8220;Ko u ovoj zemlji zaboravi stanicu \u0160trpci i 27. februar 1993, odustao je od budu\u0107nosti&#8221;.<\/p>\n<h3>POSLJEDNJE PUTOVANJE<\/h3>\n<blockquote><p>Na poslednji put prije 21 godinu na voz za Beograd su se ukrcali: Esad Kapetanovi\u0107 (19 godina), zaposlen u preduze\u0107u Rad iz Beograda; Ilijaz Li\u010dina (43), zaposlen u firmi &#8220;Ratko Mitrovi\u0107&#8221; iz Beograda, Fehim Bakija (43), zaposlen u Planumu iz Beograda; \u0160e\u0107o Softi\u0107 (48), zaposlen u \u017dTP-u Beograd; Rifet Husovi\u0107 (26), zaposlen u Bijelom Polju; Ismet Baba\u010di\u0107 (30), zaposlen u preduze\u0107u Wall Street u Podgorici; Hail Zup\u010devi\u0107 (49), izbeglica iz Trebinja, Adem Alomerovi\u0107 (59), zaposlen u Raketi iz Prijepolja; Rasim \u0106ori\u0107 (40), zaposlen u Limci iz Prijepolja; Fikret Memetovi\u0107 (40), zaposlen u \u017dTP-u Beograd; Favzija Zekovi\u0107 (54), vlasnik radnje u Kraljevu; Nijazim Kajevi\u0107 (30), zaposlen u pribojskoj po\u0161ti; Muhedin Hani\u0107 (27), zaposlen u Zmaju iz Beograda; Safet Preljevi\u0107 (22), zaposlen u privatnoj radnji u Beogradu; D\u017eafer Topuzovi\u0107 (55), zaposlen u Planumu iz Prijepolja, Jusuf Rastoder (45), zaposlen u Beogradu; Zvezdan Zuli\u010di\u0107 (23), student, izbeglica iz Sarajeva; Tomo Buzov, vojni penzioner iz Beograda; te najmla\u0111i me\u0111u njima, \u0161esnaestogodi\u0161nji Sead \u0110e\u010devi\u0107, u\u010denik iz Bara.<\/p><\/blockquote>\n<p>Autor:\u00a0<strong>Saida\u00a0Mustajbegovi\u0107<\/strong><\/p>\n","protected":false},"excerpt":{"rendered":"<p>Saida Mustajbegovi\u0107<\/p>\n","protected":false},"author":83,"featured_media":116355,"comment_status":"open","ping_status":"open","sticky":false,"template":"","format":"standard","meta":{"footnotes":""},"categories":[14,10196,392],"tags":[],"class_list":{"0":"post-116354","1":"post","2":"type-post","3":"status-publish","4":"format-standard","5":"has-post-thumbnail","7":"category-sandzak-historija","8":"category-iz-pera-nasih-autora","9":"category-prijepolje_"},"yoast_head":"<!-- This site is optimized with the Yoast SEO Premium plugin v23.1 (Yoast SEO v24.9) - https:\/\/yoast.com\/wordpress\/plugins\/seo\/ -->\n<title>\u0160trpci - zlo\u010din koji je planirao vrh Srbije<\/title>\n<meta name=\"robots\" content=\"index, follow, max-snippet:-1, max-image-preview:large, max-video-preview:-1\" \/>\n<link rel=\"canonical\" href=\"https:\/\/sandzakpress.net\/arhiva\/strpci-zlocin-koji-je-planirao-vrh-srbije\/\" \/>\n<meta property=\"og:locale\" content=\"bs_BA\" \/>\n<meta property=\"og:type\" content=\"article\" \/>\n<meta property=\"og:title\" content=\"\u0160trpci - zlo\u010din koji je planirao vrh Srbije\" \/>\n<meta property=\"og:description\" content=\"Saida Mustajbegovi\u0107\" \/>\n<meta property=\"og:url\" content=\"https:\/\/sandzakpress.net\/arhiva\/strpci-zlocin-koji-je-planirao-vrh-srbije\/\" \/>\n<meta property=\"og:site_name\" content=\"Sand\u017eak PRESS\" \/>\n<meta property=\"article:published_time\" content=\"2015-02-26T10:00:54+00:00\" \/>\n<meta property=\"og:image\" content=\"https:\/\/sandzakpress.net\/arhiva\/wp-content\/uploads\/2014\/12\/strpci5-tuzilastvobih-main.jpg\" \/>\n\t<meta property=\"og:image:width\" content=\"635\" \/>\n\t<meta property=\"og:image:height\" content=\"480\" \/>\n\t<meta property=\"og:image:type\" content=\"image\/jpeg\" \/>\n<meta name=\"author\" content=\"bosniak\" \/>\n<meta name=\"twitter:card\" content=\"summary_large_image\" \/>\n<meta name=\"twitter:label1\" content=\"Written by\" \/>\n\t<meta name=\"twitter:data1\" content=\"bosniak\" \/>\n\t<meta name=\"twitter:label2\" content=\"Est. reading time\" \/>\n\t<meta name=\"twitter:data2\" content=\"8 minuta\" \/>\n<script type=\"application\/ld+json\" class=\"yoast-schema-graph\">{\"@context\":\"https:\/\/schema.org\",\"@graph\":[{\"@type\":\"Article\",\"@id\":\"https:\/\/sandzakpress.net\/arhiva\/strpci-zlocin-koji-je-planirao-vrh-srbije\/#article\",\"isPartOf\":{\"@id\":\"https:\/\/sandzakpress.net\/arhiva\/strpci-zlocin-koji-je-planirao-vrh-srbije\/\"},\"author\":{\"name\":\"bosniak\",\"@id\":\"https:\/\/sandzakpress.net\/arhiva\/#\/schema\/person\/c8baee722073534b583ea7bdb2e36c02\"},\"headline\":\"\u0160trpci &#8211; zlo\u010din koji je planirao vrh Srbije\",\"datePublished\":\"2015-02-26T10:00:54+00:00\",\"mainEntityOfPage\":{\"@id\":\"https:\/\/sandzakpress.net\/arhiva\/strpci-zlocin-koji-je-planirao-vrh-srbije\/\"},\"wordCount\":1584,\"commentCount\":63,\"publisher\":{\"@id\":\"https:\/\/sandzakpress.net\/arhiva\/#\/schema\/person\/6e72b67d6e51910a1117b3b483ba20bd\"},\"image\":{\"@id\":\"https:\/\/sandzakpress.net\/arhiva\/strpci-zlocin-koji-je-planirao-vrh-srbije\/#primaryimage\"},\"thumbnailUrl\":\"https:\/\/sandzakpress.net\/arhiva\/wp-content\/uploads\/2014\/12\/strpci5-tuzilastvobih-main.jpg\",\"articleSection\":[\"Sand\u017eak HISTORIJA\",\"Iz pera na\u0161ih autora\",\"Prijepolje\"],\"inLanguage\":\"bs-BA\",\"potentialAction\":[{\"@type\":\"CommentAction\",\"name\":\"Comment\",\"target\":[\"https:\/\/sandzakpress.net\/arhiva\/strpci-zlocin-koji-je-planirao-vrh-srbije\/#respond\"]}]},{\"@type\":\"WebPage\",\"@id\":\"https:\/\/sandzakpress.net\/arhiva\/strpci-zlocin-koji-je-planirao-vrh-srbije\/\",\"url\":\"https:\/\/sandzakpress.net\/arhiva\/strpci-zlocin-koji-je-planirao-vrh-srbije\/\",\"name\":\"\u0160trpci - zlo\u010din koji je planirao vrh Srbije\",\"isPartOf\":{\"@id\":\"https:\/\/sandzakpress.net\/arhiva\/#website\"},\"primaryImageOfPage\":{\"@id\":\"https:\/\/sandzakpress.net\/arhiva\/strpci-zlocin-koji-je-planirao-vrh-srbije\/#primaryimage\"},\"image\":{\"@id\":\"https:\/\/sandzakpress.net\/arhiva\/strpci-zlocin-koji-je-planirao-vrh-srbije\/#primaryimage\"},\"thumbnailUrl\":\"https:\/\/sandzakpress.net\/arhiva\/wp-content\/uploads\/2014\/12\/strpci5-tuzilastvobih-main.jpg\",\"datePublished\":\"2015-02-26T10:00:54+00:00\",\"breadcrumb\":{\"@id\":\"https:\/\/sandzakpress.net\/arhiva\/strpci-zlocin-koji-je-planirao-vrh-srbije\/#breadcrumb\"},\"inLanguage\":\"bs-BA\",\"potentialAction\":[{\"@type\":\"ReadAction\",\"target\":[\"https:\/\/sandzakpress.net\/arhiva\/strpci-zlocin-koji-je-planirao-vrh-srbije\/\"]}]},{\"@type\":\"ImageObject\",\"inLanguage\":\"bs-BA\",\"@id\":\"https:\/\/sandzakpress.net\/arhiva\/strpci-zlocin-koji-je-planirao-vrh-srbije\/#primaryimage\",\"url\":\"https:\/\/sandzakpress.net\/arhiva\/wp-content\/uploads\/2014\/12\/strpci5-tuzilastvobih-main.jpg\",\"contentUrl\":\"https:\/\/sandzakpress.net\/arhiva\/wp-content\/uploads\/2014\/12\/strpci5-tuzilastvobih-main.jpg\",\"width\":635,\"height\":480},{\"@type\":\"BreadcrumbList\",\"@id\":\"https:\/\/sandzakpress.net\/arhiva\/strpci-zlocin-koji-je-planirao-vrh-srbije\/#breadcrumb\",\"itemListElement\":[{\"@type\":\"ListItem\",\"position\":1,\"name\":\"Home\",\"item\":\"https:\/\/sandzakpress.net\/arhiva\/\"},{\"@type\":\"ListItem\",\"position\":2,\"name\":\"\u0160trpci &#8211; zlo\u010din koji je planirao vrh Srbije\"}]},{\"@type\":\"WebSite\",\"@id\":\"https:\/\/sandzakpress.net\/arhiva\/#website\",\"url\":\"https:\/\/sandzakpress.net\/arhiva\/\",\"name\":\"Sand\u017eak PRESS\",\"description\":\"Prve elektronske novine u Sand\u017eaku\",\"publisher\":{\"@id\":\"https:\/\/sandzakpress.net\/arhiva\/#\/schema\/person\/6e72b67d6e51910a1117b3b483ba20bd\"},\"potentialAction\":[{\"@type\":\"SearchAction\",\"target\":{\"@type\":\"EntryPoint\",\"urlTemplate\":\"https:\/\/sandzakpress.net\/arhiva\/?s={search_term_string}\"},\"query-input\":{\"@type\":\"PropertyValueSpecification\",\"valueRequired\":true,\"valueName\":\"search_term_string\"}}],\"inLanguage\":\"bs-BA\"},{\"@type\":[\"Person\",\"Organization\"],\"@id\":\"https:\/\/sandzakpress.net\/arhiva\/#\/schema\/person\/6e72b67d6e51910a1117b3b483ba20bd\",\"name\":\"Kul\",\"image\":{\"@type\":\"ImageObject\",\"inLanguage\":\"bs-BA\",\"@id\":\"https:\/\/sandzakpress.net\/arhiva\/#\/schema\/person\/image\/\",\"url\":\"https:\/\/secure.gravatar.com\/avatar\/42263f39aa27ac04c43cab85c280eb2e?s=96&d=mm&r=pg\",\"contentUrl\":\"https:\/\/secure.gravatar.com\/avatar\/42263f39aa27ac04c43cab85c280eb2e?s=96&d=mm&r=pg\",\"caption\":\"Kul\"},\"logo\":{\"@id\":\"https:\/\/sandzakpress.net\/arhiva\/#\/schema\/person\/image\/\"}},{\"@type\":\"Person\",\"@id\":\"https:\/\/sandzakpress.net\/arhiva\/#\/schema\/person\/c8baee722073534b583ea7bdb2e36c02\",\"name\":\"bosniak\",\"image\":{\"@type\":\"ImageObject\",\"inLanguage\":\"bs-BA\",\"@id\":\"https:\/\/sandzakpress.net\/arhiva\/#\/schema\/person\/image\/\",\"url\":\"https:\/\/secure.gravatar.com\/avatar\/a04fd330bfe3a36a72a0ad4a6d89fca7?s=96&d=mm&r=pg\",\"contentUrl\":\"https:\/\/secure.gravatar.com\/avatar\/a04fd330bfe3a36a72a0ad4a6d89fca7?s=96&d=mm&r=pg\",\"caption\":\"bosniak\"},\"url\":\"https:\/\/sandzakpress.net\/arhiva\/author\/bosniak\/\"}]}<\/script>\n<!-- \/ Yoast SEO Premium plugin. -->","yoast_head_json":{"title":"\u0160trpci - zlo\u010din koji je planirao vrh Srbije","robots":{"index":"index","follow":"follow","max-snippet":"max-snippet:-1","max-image-preview":"max-image-preview:large","max-video-preview":"max-video-preview:-1"},"canonical":"https:\/\/sandzakpress.net\/arhiva\/strpci-zlocin-koji-je-planirao-vrh-srbije\/","og_locale":"bs_BA","og_type":"article","og_title":"\u0160trpci - zlo\u010din koji je planirao vrh Srbije","og_description":"Saida Mustajbegovi\u0107","og_url":"https:\/\/sandzakpress.net\/arhiva\/strpci-zlocin-koji-je-planirao-vrh-srbije\/","og_site_name":"Sand\u017eak PRESS","article_published_time":"2015-02-26T10:00:54+00:00","og_image":[{"width":635,"height":480,"url":"https:\/\/sandzakpress.net\/arhiva\/wp-content\/uploads\/2014\/12\/strpci5-tuzilastvobih-main.jpg","type":"image\/jpeg"}],"author":"bosniak","twitter_card":"summary_large_image","twitter_misc":{"Written by":"bosniak","Est. reading time":"8 minuta"},"schema":{"@context":"https:\/\/schema.org","@graph":[{"@type":"Article","@id":"https:\/\/sandzakpress.net\/arhiva\/strpci-zlocin-koji-je-planirao-vrh-srbije\/#article","isPartOf":{"@id":"https:\/\/sandzakpress.net\/arhiva\/strpci-zlocin-koji-je-planirao-vrh-srbije\/"},"author":{"name":"bosniak","@id":"https:\/\/sandzakpress.net\/arhiva\/#\/schema\/person\/c8baee722073534b583ea7bdb2e36c02"},"headline":"\u0160trpci &#8211; zlo\u010din koji je planirao vrh Srbije","datePublished":"2015-02-26T10:00:54+00:00","mainEntityOfPage":{"@id":"https:\/\/sandzakpress.net\/arhiva\/strpci-zlocin-koji-je-planirao-vrh-srbije\/"},"wordCount":1584,"commentCount":63,"publisher":{"@id":"https:\/\/sandzakpress.net\/arhiva\/#\/schema\/person\/6e72b67d6e51910a1117b3b483ba20bd"},"image":{"@id":"https:\/\/sandzakpress.net\/arhiva\/strpci-zlocin-koji-je-planirao-vrh-srbije\/#primaryimage"},"thumbnailUrl":"https:\/\/sandzakpress.net\/arhiva\/wp-content\/uploads\/2014\/12\/strpci5-tuzilastvobih-main.jpg","articleSection":["Sand\u017eak HISTORIJA","Iz pera na\u0161ih autora","Prijepolje"],"inLanguage":"bs-BA","potentialAction":[{"@type":"CommentAction","name":"Comment","target":["https:\/\/sandzakpress.net\/arhiva\/strpci-zlocin-koji-je-planirao-vrh-srbije\/#respond"]}]},{"@type":"WebPage","@id":"https:\/\/sandzakpress.net\/arhiva\/strpci-zlocin-koji-je-planirao-vrh-srbije\/","url":"https:\/\/sandzakpress.net\/arhiva\/strpci-zlocin-koji-je-planirao-vrh-srbije\/","name":"\u0160trpci - zlo\u010din koji je planirao vrh Srbije","isPartOf":{"@id":"https:\/\/sandzakpress.net\/arhiva\/#website"},"primaryImageOfPage":{"@id":"https:\/\/sandzakpress.net\/arhiva\/strpci-zlocin-koji-je-planirao-vrh-srbije\/#primaryimage"},"image":{"@id":"https:\/\/sandzakpress.net\/arhiva\/strpci-zlocin-koji-je-planirao-vrh-srbije\/#primaryimage"},"thumbnailUrl":"https:\/\/sandzakpress.net\/arhiva\/wp-content\/uploads\/2014\/12\/strpci5-tuzilastvobih-main.jpg","datePublished":"2015-02-26T10:00:54+00:00","breadcrumb":{"@id":"https:\/\/sandzakpress.net\/arhiva\/strpci-zlocin-koji-je-planirao-vrh-srbije\/#breadcrumb"},"inLanguage":"bs-BA","potentialAction":[{"@type":"ReadAction","target":["https:\/\/sandzakpress.net\/arhiva\/strpci-zlocin-koji-je-planirao-vrh-srbije\/"]}]},{"@type":"ImageObject","inLanguage":"bs-BA","@id":"https:\/\/sandzakpress.net\/arhiva\/strpci-zlocin-koji-je-planirao-vrh-srbije\/#primaryimage","url":"https:\/\/sandzakpress.net\/arhiva\/wp-content\/uploads\/2014\/12\/strpci5-tuzilastvobih-main.jpg","contentUrl":"https:\/\/sandzakpress.net\/arhiva\/wp-content\/uploads\/2014\/12\/strpci5-tuzilastvobih-main.jpg","width":635,"height":480},{"@type":"BreadcrumbList","@id":"https:\/\/sandzakpress.net\/arhiva\/strpci-zlocin-koji-je-planirao-vrh-srbije\/#breadcrumb","itemListElement":[{"@type":"ListItem","position":1,"name":"Home","item":"https:\/\/sandzakpress.net\/arhiva\/"},{"@type":"ListItem","position":2,"name":"\u0160trpci &#8211; zlo\u010din koji je planirao vrh Srbije"}]},{"@type":"WebSite","@id":"https:\/\/sandzakpress.net\/arhiva\/#website","url":"https:\/\/sandzakpress.net\/arhiva\/","name":"Sand\u017eak PRESS","description":"Prve elektronske novine u Sand\u017eaku","publisher":{"@id":"https:\/\/sandzakpress.net\/arhiva\/#\/schema\/person\/6e72b67d6e51910a1117b3b483ba20bd"},"potentialAction":[{"@type":"SearchAction","target":{"@type":"EntryPoint","urlTemplate":"https:\/\/sandzakpress.net\/arhiva\/?s={search_term_string}"},"query-input":{"@type":"PropertyValueSpecification","valueRequired":true,"valueName":"search_term_string"}}],"inLanguage":"bs-BA"},{"@type":["Person","Organization"],"@id":"https:\/\/sandzakpress.net\/arhiva\/#\/schema\/person\/6e72b67d6e51910a1117b3b483ba20bd","name":"Kul","image":{"@type":"ImageObject","inLanguage":"bs-BA","@id":"https:\/\/sandzakpress.net\/arhiva\/#\/schema\/person\/image\/","url":"https:\/\/secure.gravatar.com\/avatar\/42263f39aa27ac04c43cab85c280eb2e?s=96&d=mm&r=pg","contentUrl":"https:\/\/secure.gravatar.com\/avatar\/42263f39aa27ac04c43cab85c280eb2e?s=96&d=mm&r=pg","caption":"Kul"},"logo":{"@id":"https:\/\/sandzakpress.net\/arhiva\/#\/schema\/person\/image\/"}},{"@type":"Person","@id":"https:\/\/sandzakpress.net\/arhiva\/#\/schema\/person\/c8baee722073534b583ea7bdb2e36c02","name":"bosniak","image":{"@type":"ImageObject","inLanguage":"bs-BA","@id":"https:\/\/sandzakpress.net\/arhiva\/#\/schema\/person\/image\/","url":"https:\/\/secure.gravatar.com\/avatar\/a04fd330bfe3a36a72a0ad4a6d89fca7?s=96&d=mm&r=pg","contentUrl":"https:\/\/secure.gravatar.com\/avatar\/a04fd330bfe3a36a72a0ad4a6d89fca7?s=96&d=mm&r=pg","caption":"bosniak"},"url":"https:\/\/sandzakpress.net\/arhiva\/author\/bosniak\/"}]}},"_links":{"self":[{"href":"https:\/\/sandzakpress.net\/arhiva\/wp-json\/wp\/v2\/posts\/116354"}],"collection":[{"href":"https:\/\/sandzakpress.net\/arhiva\/wp-json\/wp\/v2\/posts"}],"about":[{"href":"https:\/\/sandzakpress.net\/arhiva\/wp-json\/wp\/v2\/types\/post"}],"author":[{"embeddable":true,"href":"https:\/\/sandzakpress.net\/arhiva\/wp-json\/wp\/v2\/users\/83"}],"replies":[{"embeddable":true,"href":"https:\/\/sandzakpress.net\/arhiva\/wp-json\/wp\/v2\/comments?post=116354"}],"version-history":[{"count":0,"href":"https:\/\/sandzakpress.net\/arhiva\/wp-json\/wp\/v2\/posts\/116354\/revisions"}],"wp:featuredmedia":[{"embeddable":true,"href":"https:\/\/sandzakpress.net\/arhiva\/wp-json\/wp\/v2\/media\/116355"}],"wp:attachment":[{"href":"https:\/\/sandzakpress.net\/arhiva\/wp-json\/wp\/v2\/media?parent=116354"}],"wp:term":[{"taxonomy":"category","embeddable":true,"href":"https:\/\/sandzakpress.net\/arhiva\/wp-json\/wp\/v2\/categories?post=116354"},{"taxonomy":"post_tag","embeddable":true,"href":"https:\/\/sandzakpress.net\/arhiva\/wp-json\/wp\/v2\/tags?post=116354"}],"curies":[{"name":"wp","href":"https:\/\/api.w.org\/{rel}","templated":true}]}}