{"id":11629,"date":"2011-01-22T16:41:26","date_gmt":"2011-01-22T15:41:26","guid":{"rendered":"https:\/\/sandzakpress.net\/arhiva\/?p=11629"},"modified":"2011-01-22T16:43:29","modified_gmt":"2011-01-22T15:43:29","slug":"celo-srpstvo-slavi-slavu-svetog-oca-svetog-savu","status":"publish","type":"post","link":"https:\/\/sandzakpress.net\/arhiva\/celo-srpstvo-slavi-slavu-svetog-oca-svetog-savu\/","title":{"rendered":"&#8220;Celo Srpstvo Slavi Slavu, Svetog Oca Svetog Savu&#8221;"},"content":{"rendered":"<p><strong><a href=\"https:\/\/sandzakpress.net\/arhiva\/wp-content\/uploads\/2011\/01\/sava.jpg\"><img loading=\"lazy\" decoding=\"async\" class=\"alignleft size-full wp-image-11630\" title=\"sava\" src=\"https:\/\/sandzakpress.net\/arhiva\/wp-content\/uploads\/2011\/01\/sava.jpg\" alt=\"\" width=\"135\" height=\"203\" \/><\/a>Sjeverni Sand\u017eak &#8211; Mirsko ime Rastko, sin Stefana Nemanje velikog \u017eupana srpskog, ro\u0111en 1169. god. Kao mladi\u0107 \u017eudeo za duhovnim \u017eivotom, zbog \u010dega je odbjegao u Svetu Goru gdje se zamona\u0161io i sa retkom revno\u0161\u0107u pro\u0161ao ceo podvi\u017eni\u010dkis ustav. <\/strong><\/p>\n<p>Nemanja posleduje primjeru sina te i sam dolazi u Svetu Goru gdje se i on zamona\u0161i i upokoji kao monah Simeon. Sava je izdejstvovao kod cara i carigradskog patrijarha nezavisnost srpske crkve, i postao prvi arhiepiskop srpski. Podigao je, zajedno sa ocem svojim, manastir Hilandar, a potom i mnoge druge manastire, crkve i \u0161kole po zemlji srpskoj.<\/p>\n<p>Putovao je u dva maha na poklonjenje svetinjama Svete zemlje. Mirio bra\u0107u svoju; zava\u0111enu oko vlasti, mirio Srbe sa susjedima njihovim, i stvaraju\u0107i srpsku crkvu, stvarao je kroz to srpsku dr\u017eavu i kulturu. Unosio je mir me\u0111u sve balkanske narode i radio je na dobro sviju, zbog \u010dega je bio i po\u0161tovan i voljen od svih balkanaca.<\/p>\n<p>Narodu srpskom on je dao hri\u0161\u0107ansku du\u0161u koja nije propala sa propa\u0161\u0107u srpske dr\u017eave.<\/p>\n<p>Upokojio se u Gospodu u Trnovu u vrijeme cara Asena razboljev\u0161i se poslije slu\u017ebe Bo\u017eije na Bogojavljenje, 12. januara 1236 .godine. Tijelo mu je prenio kralj Vladislav u manastir Mile\u0161evo, odakle ga Sinan-pa\u0161a uze i spali na Vra\u010daru u Beogradu, 27. aprila 1595. god.<\/p>\n<p>Vlasti u sand\u017ea\u010dkim gradovima sa \u010de\u017enjom o\u010dekuju ovaj dan, koji \u0107e biti obele\u017een na najbolji na\u010din i sa \u0161to vi\u0161e bo\u0161nja\u010dke dece.<\/p>\n<p>Izvor:<strong> Ses-Doboj.rs<\/strong><\/p>\n","protected":false},"excerpt":{"rendered":"<p>Sjeverni Sand\u017eak &#8211; Mirsko ime Rastko, sin Stefana Nemanje velikog \u017eupana srpskog, ro\u0111en 1169. god. Kao mladi\u0107 \u017eudeo za duhovnim \u017eivotom, zbog \u010dega je odbjegao u Svetu Goru gdje se zamona\u0161io i sa retkom revno\u0161\u0107u pro\u0161ao ceo podvi\u017eni\u010dkis ustav. Nemanja posleduje primjeru sina te i sam dolazi u Svetu Goru gdje se i on zamona\u0161i [&hellip;]<\/p>\n","protected":false},"author":83,"featured_media":11630,"comment_status":"open","ping_status":"open","sticky":false,"template":"","format":"standard","meta":{"footnotes":""},"categories":[72,52,327,392,393,394,4],"tags":[],"class_list":{"0":"post-11629","1":"post","2":"type-post","3":"status-publish","4":"format-standard","5":"has-post-thumbnail","7":"category-novi-pazar","8":"category-sjenica","9":"category-tutin","10":"category-prijepolje_","11":"category-priboj","12":"category-nova-varos","13":"category-obrazovanje"},"yoast_head":"<!-- This site is optimized with the Yoast SEO Premium plugin v23.1 (Yoast SEO v24.9) - https:\/\/yoast.com\/wordpress\/plugins\/seo\/ -->\n<title>&quot;Celo Srpstvo Slavi Slavu, Svetog Oca Svetog Savu&quot;<\/title>\n<meta name=\"robots\" content=\"index, follow, max-snippet:-1, max-image-preview:large, max-video-preview:-1\" \/>\n<link rel=\"canonical\" href=\"https:\/\/sandzakpress.net\/arhiva\/celo-srpstvo-slavi-slavu-svetog-oca-svetog-savu\/\" \/>\n<meta property=\"og:locale\" content=\"bs_BA\" \/>\n<meta property=\"og:type\" content=\"article\" \/>\n<meta property=\"og:title\" content=\"&quot;Celo Srpstvo Slavi Slavu, Svetog Oca Svetog Savu&quot;\" \/>\n<meta property=\"og:description\" content=\"Sjeverni Sand\u017eak &#8211; Mirsko ime Rastko, sin Stefana Nemanje velikog \u017eupana srpskog, ro\u0111en 1169. god. Kao mladi\u0107 \u017eudeo za duhovnim \u017eivotom, zbog \u010dega je odbjegao u Svetu Goru gdje se zamona\u0161io i sa retkom revno\u0161\u0107u pro\u0161ao ceo podvi\u017eni\u010dkis ustav. Nemanja posleduje primjeru sina te i sam dolazi u Svetu Goru gdje se i on zamona\u0161i [&hellip;]\" \/>\n<meta property=\"og:url\" content=\"https:\/\/sandzakpress.net\/arhiva\/celo-srpstvo-slavi-slavu-svetog-oca-svetog-savu\/\" \/>\n<meta property=\"og:site_name\" content=\"Sand\u017eak PRESS\" \/>\n<meta property=\"article:published_time\" content=\"2011-01-22T15:41:26+00:00\" \/>\n<meta property=\"article:modified_time\" content=\"2011-01-22T15:43:29+00:00\" \/>\n<meta property=\"og:image\" content=\"https:\/\/sandzakpress.net\/arhiva\/wp-content\/uploads\/2011\/01\/sava.jpg\" \/>\n\t<meta property=\"og:image:width\" content=\"135\" \/>\n\t<meta property=\"og:image:height\" content=\"203\" \/>\n\t<meta property=\"og:image:type\" content=\"image\/jpeg\" \/>\n<meta name=\"author\" content=\"bosniak\" \/>\n<meta name=\"twitter:card\" content=\"summary_large_image\" \/>\n<meta name=\"twitter:label1\" content=\"Written by\" \/>\n\t<meta name=\"twitter:data1\" content=\"bosniak\" \/>\n\t<meta name=\"twitter:label2\" content=\"Est. reading time\" \/>\n\t<meta name=\"twitter:data2\" content=\"1 minuta\" \/>\n<script type=\"application\/ld+json\" class=\"yoast-schema-graph\">{\"@context\":\"https:\/\/schema.org\",\"@graph\":[{\"@type\":\"Article\",\"@id\":\"https:\/\/sandzakpress.net\/arhiva\/celo-srpstvo-slavi-slavu-svetog-oca-svetog-savu\/#article\",\"isPartOf\":{\"@id\":\"https:\/\/sandzakpress.net\/arhiva\/celo-srpstvo-slavi-slavu-svetog-oca-svetog-savu\/\"},\"author\":{\"name\":\"bosniak\",\"@id\":\"https:\/\/sandzakpress.net\/arhiva\/#\/schema\/person\/c8baee722073534b583ea7bdb2e36c02\"},\"headline\":\"&#8220;Celo Srpstvo Slavi Slavu, Svetog Oca Svetog Savu&#8221;\",\"datePublished\":\"2011-01-22T15:41:26+00:00\",\"dateModified\":\"2011-01-22T15:43:29+00:00\",\"mainEntityOfPage\":{\"@id\":\"https:\/\/sandzakpress.net\/arhiva\/celo-srpstvo-slavi-slavu-svetog-oca-svetog-savu\/\"},\"wordCount\":272,\"commentCount\":16,\"publisher\":{\"@id\":\"https:\/\/sandzakpress.net\/arhiva\/#\/schema\/person\/6e72b67d6e51910a1117b3b483ba20bd\"},\"image\":{\"@id\":\"https:\/\/sandzakpress.net\/arhiva\/celo-srpstvo-slavi-slavu-svetog-oca-svetog-savu\/#primaryimage\"},\"thumbnailUrl\":\"https:\/\/sandzakpress.net\/arhiva\/wp-content\/uploads\/2011\/01\/sava.jpg\",\"articleSection\":[\"Novi Pazar\",\"Sjenica\",\"Tutin\",\"Prijepolje\",\"Priboj\",\"Nova Varo\u0161\",\"Obrazovanje\"],\"inLanguage\":\"bs-BA\",\"potentialAction\":[{\"@type\":\"CommentAction\",\"name\":\"Comment\",\"target\":[\"https:\/\/sandzakpress.net\/arhiva\/celo-srpstvo-slavi-slavu-svetog-oca-svetog-savu\/#respond\"]}]},{\"@type\":\"WebPage\",\"@id\":\"https:\/\/sandzakpress.net\/arhiva\/celo-srpstvo-slavi-slavu-svetog-oca-svetog-savu\/\",\"url\":\"https:\/\/sandzakpress.net\/arhiva\/celo-srpstvo-slavi-slavu-svetog-oca-svetog-savu\/\",\"name\":\"\\\"Celo Srpstvo Slavi Slavu, Svetog Oca Svetog Savu\\\"\",\"isPartOf\":{\"@id\":\"https:\/\/sandzakpress.net\/arhiva\/#website\"},\"primaryImageOfPage\":{\"@id\":\"https:\/\/sandzakpress.net\/arhiva\/celo-srpstvo-slavi-slavu-svetog-oca-svetog-savu\/#primaryimage\"},\"image\":{\"@id\":\"https:\/\/sandzakpress.net\/arhiva\/celo-srpstvo-slavi-slavu-svetog-oca-svetog-savu\/#primaryimage\"},\"thumbnailUrl\":\"https:\/\/sandzakpress.net\/arhiva\/wp-content\/uploads\/2011\/01\/sava.jpg\",\"datePublished\":\"2011-01-22T15:41:26+00:00\",\"dateModified\":\"2011-01-22T15:43:29+00:00\",\"breadcrumb\":{\"@id\":\"https:\/\/sandzakpress.net\/arhiva\/celo-srpstvo-slavi-slavu-svetog-oca-svetog-savu\/#breadcrumb\"},\"inLanguage\":\"bs-BA\",\"potentialAction\":[{\"@type\":\"ReadAction\",\"target\":[\"https:\/\/sandzakpress.net\/arhiva\/celo-srpstvo-slavi-slavu-svetog-oca-svetog-savu\/\"]}]},{\"@type\":\"ImageObject\",\"inLanguage\":\"bs-BA\",\"@id\":\"https:\/\/sandzakpress.net\/arhiva\/celo-srpstvo-slavi-slavu-svetog-oca-svetog-savu\/#primaryimage\",\"url\":\"https:\/\/sandzakpress.net\/arhiva\/wp-content\/uploads\/2011\/01\/sava.jpg\",\"contentUrl\":\"https:\/\/sandzakpress.net\/arhiva\/wp-content\/uploads\/2011\/01\/sava.jpg\",\"width\":135,\"height\":203},{\"@type\":\"BreadcrumbList\",\"@id\":\"https:\/\/sandzakpress.net\/arhiva\/celo-srpstvo-slavi-slavu-svetog-oca-svetog-savu\/#breadcrumb\",\"itemListElement\":[{\"@type\":\"ListItem\",\"position\":1,\"name\":\"Home\",\"item\":\"https:\/\/sandzakpress.net\/arhiva\/\"},{\"@type\":\"ListItem\",\"position\":2,\"name\":\"&#8220;Celo Srpstvo Slavi Slavu, Svetog Oca Svetog Savu&#8221;\"}]},{\"@type\":\"WebSite\",\"@id\":\"https:\/\/sandzakpress.net\/arhiva\/#website\",\"url\":\"https:\/\/sandzakpress.net\/arhiva\/\",\"name\":\"Sand\u017eak PRESS\",\"description\":\"Prve elektronske novine u Sand\u017eaku\",\"publisher\":{\"@id\":\"https:\/\/sandzakpress.net\/arhiva\/#\/schema\/person\/6e72b67d6e51910a1117b3b483ba20bd\"},\"potentialAction\":[{\"@type\":\"SearchAction\",\"target\":{\"@type\":\"EntryPoint\",\"urlTemplate\":\"https:\/\/sandzakpress.net\/arhiva\/?s={search_term_string}\"},\"query-input\":{\"@type\":\"PropertyValueSpecification\",\"valueRequired\":true,\"valueName\":\"search_term_string\"}}],\"inLanguage\":\"bs-BA\"},{\"@type\":[\"Person\",\"Organization\"],\"@id\":\"https:\/\/sandzakpress.net\/arhiva\/#\/schema\/person\/6e72b67d6e51910a1117b3b483ba20bd\",\"name\":\"Kul\",\"image\":{\"@type\":\"ImageObject\",\"inLanguage\":\"bs-BA\",\"@id\":\"https:\/\/sandzakpress.net\/arhiva\/#\/schema\/person\/image\/\",\"url\":\"https:\/\/secure.gravatar.com\/avatar\/42263f39aa27ac04c43cab85c280eb2e?s=96&d=mm&r=pg\",\"contentUrl\":\"https:\/\/secure.gravatar.com\/avatar\/42263f39aa27ac04c43cab85c280eb2e?s=96&d=mm&r=pg\",\"caption\":\"Kul\"},\"logo\":{\"@id\":\"https:\/\/sandzakpress.net\/arhiva\/#\/schema\/person\/image\/\"}},{\"@type\":\"Person\",\"@id\":\"https:\/\/sandzakpress.net\/arhiva\/#\/schema\/person\/c8baee722073534b583ea7bdb2e36c02\",\"name\":\"bosniak\",\"image\":{\"@type\":\"ImageObject\",\"inLanguage\":\"bs-BA\",\"@id\":\"https:\/\/sandzakpress.net\/arhiva\/#\/schema\/person\/image\/\",\"url\":\"https:\/\/secure.gravatar.com\/avatar\/a04fd330bfe3a36a72a0ad4a6d89fca7?s=96&d=mm&r=pg\",\"contentUrl\":\"https:\/\/secure.gravatar.com\/avatar\/a04fd330bfe3a36a72a0ad4a6d89fca7?s=96&d=mm&r=pg\",\"caption\":\"bosniak\"},\"url\":\"https:\/\/sandzakpress.net\/arhiva\/author\/bosniak\/\"}]}<\/script>\n<!-- \/ Yoast SEO Premium plugin. -->","yoast_head_json":{"title":"\"Celo Srpstvo Slavi Slavu, Svetog Oca Svetog Savu\"","robots":{"index":"index","follow":"follow","max-snippet":"max-snippet:-1","max-image-preview":"max-image-preview:large","max-video-preview":"max-video-preview:-1"},"canonical":"https:\/\/sandzakpress.net\/arhiva\/celo-srpstvo-slavi-slavu-svetog-oca-svetog-savu\/","og_locale":"bs_BA","og_type":"article","og_title":"\"Celo Srpstvo Slavi Slavu, Svetog Oca Svetog Savu\"","og_description":"Sjeverni Sand\u017eak &#8211; Mirsko ime Rastko, sin Stefana Nemanje velikog \u017eupana srpskog, ro\u0111en 1169. god. Kao mladi\u0107 \u017eudeo za duhovnim \u017eivotom, zbog \u010dega je odbjegao u Svetu Goru gdje se zamona\u0161io i sa retkom revno\u0161\u0107u pro\u0161ao ceo podvi\u017eni\u010dkis ustav. Nemanja posleduje primjeru sina te i sam dolazi u Svetu Goru gdje se i on zamona\u0161i [&hellip;]","og_url":"https:\/\/sandzakpress.net\/arhiva\/celo-srpstvo-slavi-slavu-svetog-oca-svetog-savu\/","og_site_name":"Sand\u017eak PRESS","article_published_time":"2011-01-22T15:41:26+00:00","article_modified_time":"2011-01-22T15:43:29+00:00","og_image":[{"width":135,"height":203,"url":"https:\/\/sandzakpress.net\/arhiva\/wp-content\/uploads\/2011\/01\/sava.jpg","type":"image\/jpeg"}],"author":"bosniak","twitter_card":"summary_large_image","twitter_misc":{"Written by":"bosniak","Est. reading time":"1 minuta"},"schema":{"@context":"https:\/\/schema.org","@graph":[{"@type":"Article","@id":"https:\/\/sandzakpress.net\/arhiva\/celo-srpstvo-slavi-slavu-svetog-oca-svetog-savu\/#article","isPartOf":{"@id":"https:\/\/sandzakpress.net\/arhiva\/celo-srpstvo-slavi-slavu-svetog-oca-svetog-savu\/"},"author":{"name":"bosniak","@id":"https:\/\/sandzakpress.net\/arhiva\/#\/schema\/person\/c8baee722073534b583ea7bdb2e36c02"},"headline":"&#8220;Celo Srpstvo Slavi Slavu, Svetog Oca Svetog Savu&#8221;","datePublished":"2011-01-22T15:41:26+00:00","dateModified":"2011-01-22T15:43:29+00:00","mainEntityOfPage":{"@id":"https:\/\/sandzakpress.net\/arhiva\/celo-srpstvo-slavi-slavu-svetog-oca-svetog-savu\/"},"wordCount":272,"commentCount":16,"publisher":{"@id":"https:\/\/sandzakpress.net\/arhiva\/#\/schema\/person\/6e72b67d6e51910a1117b3b483ba20bd"},"image":{"@id":"https:\/\/sandzakpress.net\/arhiva\/celo-srpstvo-slavi-slavu-svetog-oca-svetog-savu\/#primaryimage"},"thumbnailUrl":"https:\/\/sandzakpress.net\/arhiva\/wp-content\/uploads\/2011\/01\/sava.jpg","articleSection":["Novi Pazar","Sjenica","Tutin","Prijepolje","Priboj","Nova Varo\u0161","Obrazovanje"],"inLanguage":"bs-BA","potentialAction":[{"@type":"CommentAction","name":"Comment","target":["https:\/\/sandzakpress.net\/arhiva\/celo-srpstvo-slavi-slavu-svetog-oca-svetog-savu\/#respond"]}]},{"@type":"WebPage","@id":"https:\/\/sandzakpress.net\/arhiva\/celo-srpstvo-slavi-slavu-svetog-oca-svetog-savu\/","url":"https:\/\/sandzakpress.net\/arhiva\/celo-srpstvo-slavi-slavu-svetog-oca-svetog-savu\/","name":"\"Celo Srpstvo Slavi Slavu, Svetog Oca Svetog Savu\"","isPartOf":{"@id":"https:\/\/sandzakpress.net\/arhiva\/#website"},"primaryImageOfPage":{"@id":"https:\/\/sandzakpress.net\/arhiva\/celo-srpstvo-slavi-slavu-svetog-oca-svetog-savu\/#primaryimage"},"image":{"@id":"https:\/\/sandzakpress.net\/arhiva\/celo-srpstvo-slavi-slavu-svetog-oca-svetog-savu\/#primaryimage"},"thumbnailUrl":"https:\/\/sandzakpress.net\/arhiva\/wp-content\/uploads\/2011\/01\/sava.jpg","datePublished":"2011-01-22T15:41:26+00:00","dateModified":"2011-01-22T15:43:29+00:00","breadcrumb":{"@id":"https:\/\/sandzakpress.net\/arhiva\/celo-srpstvo-slavi-slavu-svetog-oca-svetog-savu\/#breadcrumb"},"inLanguage":"bs-BA","potentialAction":[{"@type":"ReadAction","target":["https:\/\/sandzakpress.net\/arhiva\/celo-srpstvo-slavi-slavu-svetog-oca-svetog-savu\/"]}]},{"@type":"ImageObject","inLanguage":"bs-BA","@id":"https:\/\/sandzakpress.net\/arhiva\/celo-srpstvo-slavi-slavu-svetog-oca-svetog-savu\/#primaryimage","url":"https:\/\/sandzakpress.net\/arhiva\/wp-content\/uploads\/2011\/01\/sava.jpg","contentUrl":"https:\/\/sandzakpress.net\/arhiva\/wp-content\/uploads\/2011\/01\/sava.jpg","width":135,"height":203},{"@type":"BreadcrumbList","@id":"https:\/\/sandzakpress.net\/arhiva\/celo-srpstvo-slavi-slavu-svetog-oca-svetog-savu\/#breadcrumb","itemListElement":[{"@type":"ListItem","position":1,"name":"Home","item":"https:\/\/sandzakpress.net\/arhiva\/"},{"@type":"ListItem","position":2,"name":"&#8220;Celo Srpstvo Slavi Slavu, Svetog Oca Svetog Savu&#8221;"}]},{"@type":"WebSite","@id":"https:\/\/sandzakpress.net\/arhiva\/#website","url":"https:\/\/sandzakpress.net\/arhiva\/","name":"Sand\u017eak PRESS","description":"Prve elektronske novine u Sand\u017eaku","publisher":{"@id":"https:\/\/sandzakpress.net\/arhiva\/#\/schema\/person\/6e72b67d6e51910a1117b3b483ba20bd"},"potentialAction":[{"@type":"SearchAction","target":{"@type":"EntryPoint","urlTemplate":"https:\/\/sandzakpress.net\/arhiva\/?s={search_term_string}"},"query-input":{"@type":"PropertyValueSpecification","valueRequired":true,"valueName":"search_term_string"}}],"inLanguage":"bs-BA"},{"@type":["Person","Organization"],"@id":"https:\/\/sandzakpress.net\/arhiva\/#\/schema\/person\/6e72b67d6e51910a1117b3b483ba20bd","name":"Kul","image":{"@type":"ImageObject","inLanguage":"bs-BA","@id":"https:\/\/sandzakpress.net\/arhiva\/#\/schema\/person\/image\/","url":"https:\/\/secure.gravatar.com\/avatar\/42263f39aa27ac04c43cab85c280eb2e?s=96&d=mm&r=pg","contentUrl":"https:\/\/secure.gravatar.com\/avatar\/42263f39aa27ac04c43cab85c280eb2e?s=96&d=mm&r=pg","caption":"Kul"},"logo":{"@id":"https:\/\/sandzakpress.net\/arhiva\/#\/schema\/person\/image\/"}},{"@type":"Person","@id":"https:\/\/sandzakpress.net\/arhiva\/#\/schema\/person\/c8baee722073534b583ea7bdb2e36c02","name":"bosniak","image":{"@type":"ImageObject","inLanguage":"bs-BA","@id":"https:\/\/sandzakpress.net\/arhiva\/#\/schema\/person\/image\/","url":"https:\/\/secure.gravatar.com\/avatar\/a04fd330bfe3a36a72a0ad4a6d89fca7?s=96&d=mm&r=pg","contentUrl":"https:\/\/secure.gravatar.com\/avatar\/a04fd330bfe3a36a72a0ad4a6d89fca7?s=96&d=mm&r=pg","caption":"bosniak"},"url":"https:\/\/sandzakpress.net\/arhiva\/author\/bosniak\/"}]}},"_links":{"self":[{"href":"https:\/\/sandzakpress.net\/arhiva\/wp-json\/wp\/v2\/posts\/11629"}],"collection":[{"href":"https:\/\/sandzakpress.net\/arhiva\/wp-json\/wp\/v2\/posts"}],"about":[{"href":"https:\/\/sandzakpress.net\/arhiva\/wp-json\/wp\/v2\/types\/post"}],"author":[{"embeddable":true,"href":"https:\/\/sandzakpress.net\/arhiva\/wp-json\/wp\/v2\/users\/83"}],"replies":[{"embeddable":true,"href":"https:\/\/sandzakpress.net\/arhiva\/wp-json\/wp\/v2\/comments?post=11629"}],"version-history":[{"count":0,"href":"https:\/\/sandzakpress.net\/arhiva\/wp-json\/wp\/v2\/posts\/11629\/revisions"}],"wp:featuredmedia":[{"embeddable":true,"href":"https:\/\/sandzakpress.net\/arhiva\/wp-json\/wp\/v2\/media\/11630"}],"wp:attachment":[{"href":"https:\/\/sandzakpress.net\/arhiva\/wp-json\/wp\/v2\/media?parent=11629"}],"wp:term":[{"taxonomy":"category","embeddable":true,"href":"https:\/\/sandzakpress.net\/arhiva\/wp-json\/wp\/v2\/categories?post=11629"},{"taxonomy":"post_tag","embeddable":true,"href":"https:\/\/sandzakpress.net\/arhiva\/wp-json\/wp\/v2\/tags?post=11629"}],"curies":[{"name":"wp","href":"https:\/\/api.w.org\/{rel}","templated":true}]}}