{"id":11626,"date":"2011-01-22T16:38:43","date_gmt":"2011-01-22T15:38:43","guid":{"rendered":"https:\/\/sandzakpress.net\/arhiva\/?p=11626"},"modified":"2011-01-22T16:38:43","modified_gmt":"2011-01-22T15:38:43","slug":"magla-progutala-pljevlja","status":"publish","type":"post","link":"https:\/\/sandzakpress.net\/arhiva\/magla-progutala-pljevlja\/","title":{"rendered":"Magla progutala Pljevlja"},"content":{"rendered":"<p><strong><a href=\"https:\/\/sandzakpress.net\/arhiva\/wp-content\/uploads\/2011\/01\/reg-pljevlja-magla.jpg\"><img loading=\"lazy\" decoding=\"async\" class=\"alignleft size-medium wp-image-11627\" title=\"reg-pljevlja-magla\" src=\"https:\/\/sandzakpress.net\/arhiva\/wp-content\/uploads\/2011\/01\/reg-pljevlja-magla-300x240.jpg\" alt=\"\" width=\"300\" height=\"240\" \/><\/a>Pljevlja &#8211; Pljevlja se ovih dana ne vide od magle. Vidljivost je samo nekoliko desetina metara, vlaga i hladno\u0107a pritiskaju, a osje\u0107aju se uobi\u010dajeni mirisi izgorjelog uglja i izduvnih gasova.<\/strong><\/p>\n<p>Naselje je u kotlini, na obalama tri reke sa nepovoljnom konfiguracijom terena, gdje ne postoje uslovi za prirodno provetravanje, pa periodi \u201ctihog vremena\u201d \u010dine ve\u0107inu dana u godini. Lokalna mikroklima je takva da tokom ve\u0107eg dela godine Pljevlja imaju maglu koja zadr\u017eava sva emitovana zaga\u0111enja u prizemnom sloju. Zato je odavno, u \u0161ali, nastala izreka da bi Pljevljaci kada bi prodavali maglu, bili bogati ljudi.<\/p>\n<p>Od 365 dana u godini ovdje magle caruju oko 150 dana i no\u0107i. Ako se tome doda rad gradske kotlarnice i oko deset hiljada dimnjaka koji u atmosferu izbacuju tone ugljendioksida, a tu su jo\u0161 i veliki zaga\u0111iva\u010di Rudnik uglja i Termoelektrana, o zdravom \u017eivotu u gradu pod Golubinjom suvi\u0161no je govoriti.<\/p>\n<p>\u201cPo Taslid\u017ei pala magla povazdan\u201d ka\u017ee pjesma stara vi\u0161e od 500 godina, kako su se tada zvala Pljevlja. Pljevaljska kotlina je sa svih strana oivi\u010dena brdima i pogodna za formiranje \u201cjezera hladnog vazduha\u201d.<\/p>\n<p>Svakodnevne su pri\u010de o zaga\u0111enosti vazduha i posljedicama po zdravlje, fizi\u010dko i du\u0161evno, o uzrocima promjena konfiguracije terena zbog otvaranja kopova. Neizostavne su i ideje kako sve rije\u0161iti, kako ugasiti hiljade dimnjaka i procjene kad \u0107e biti ostvaren san o toplifikaciji grada star vi\u0161e decenija.<\/p>\n<p>A sve to potpuno druga\u010dije izgleda tu \u201cnadomak ruke\u201d, ili ta\u010dnije re\u010deno ve\u0107 na Dajevi\u0107a hanu, da ne pominjemo Rudnicu, Tvrda\u0161 ili Goste\u010d. Tamo je sasvim drugi svet. Sve je okupano suncem od jutra do ve\u010deri, jer gore nema oblaka. Temperatura vazduha \u010dim dan odmakne ve\u0107a je za desetak podioka na celzijusovoj skali. Sa ovoga jmesta najbolje se vidi koliko je gusta magla nad Pljevljima jer su dimnjaci Termoelektrane jedini znak da ispod oblaka postoji neki grad.<\/p>\n<p>Izvor: <strong>Novosti.rs<\/strong><\/p>\n","protected":false},"excerpt":{"rendered":"<p>Pljevlja &#8211; Pljevlja se ovih dana ne vide od magle. Vidljivost je samo nekoliko desetina metara, vlaga i hladno\u0107a pritiskaju, a osje\u0107aju se uobi\u010dajeni mirisi izgorjelog uglja i izduvnih gasova. Naselje je u kotlini, na obalama tri reke sa nepovoljnom konfiguracijom terena, gdje ne postoje uslovi za prirodno provetravanje, pa periodi \u201ctihog vremena\u201d \u010dine ve\u0107inu [&hellip;]<\/p>\n","protected":false},"author":83,"featured_media":11627,"comment_status":"open","ping_status":"open","sticky":false,"template":"","format":"standard","meta":{"footnotes":""},"categories":[3,395],"tags":[],"class_list":{"0":"post-11626","1":"post","2":"type-post","3":"status-publish","4":"format-standard","5":"has-post-thumbnail","7":"category-privreda","8":"category-pljevlja_"},"yoast_head":"<!-- This site is optimized with the Yoast SEO Premium plugin v23.1 (Yoast SEO v24.9) - https:\/\/yoast.com\/wordpress\/plugins\/seo\/ -->\n<title>Magla progutala Pljevlja<\/title>\n<meta name=\"robots\" content=\"index, follow, max-snippet:-1, max-image-preview:large, max-video-preview:-1\" \/>\n<link rel=\"canonical\" href=\"https:\/\/sandzakpress.net\/arhiva\/magla-progutala-pljevlja\/\" \/>\n<meta property=\"og:locale\" content=\"bs_BA\" \/>\n<meta property=\"og:type\" content=\"article\" \/>\n<meta property=\"og:title\" content=\"Magla progutala Pljevlja\" \/>\n<meta property=\"og:description\" content=\"Pljevlja &#8211; Pljevlja se ovih dana ne vide od magle. Vidljivost je samo nekoliko desetina metara, vlaga i hladno\u0107a pritiskaju, a osje\u0107aju se uobi\u010dajeni mirisi izgorjelog uglja i izduvnih gasova. Naselje je u kotlini, na obalama tri reke sa nepovoljnom konfiguracijom terena, gdje ne postoje uslovi za prirodno provetravanje, pa periodi \u201ctihog vremena\u201d \u010dine ve\u0107inu [&hellip;]\" \/>\n<meta property=\"og:url\" content=\"https:\/\/sandzakpress.net\/arhiva\/magla-progutala-pljevlja\/\" \/>\n<meta property=\"og:site_name\" content=\"Sand\u017eak PRESS\" \/>\n<meta property=\"article:published_time\" content=\"2011-01-22T15:38:43+00:00\" \/>\n<meta property=\"og:image\" content=\"https:\/\/sandzakpress.net\/arhiva\/wp-content\/uploads\/2011\/01\/reg-pljevlja-magla.jpg\" \/>\n\t<meta property=\"og:image:width\" content=\"616\" \/>\n\t<meta property=\"og:image:height\" content=\"493\" \/>\n\t<meta property=\"og:image:type\" content=\"image\/jpeg\" \/>\n<meta name=\"author\" content=\"bosniak\" \/>\n<meta name=\"twitter:card\" content=\"summary_large_image\" \/>\n<meta name=\"twitter:label1\" content=\"Written by\" \/>\n\t<meta name=\"twitter:data1\" content=\"bosniak\" \/>\n\t<meta name=\"twitter:label2\" content=\"Est. reading time\" \/>\n\t<meta name=\"twitter:data2\" content=\"2 minute\" \/>\n<script type=\"application\/ld+json\" class=\"yoast-schema-graph\">{\"@context\":\"https:\/\/schema.org\",\"@graph\":[{\"@type\":\"Article\",\"@id\":\"https:\/\/sandzakpress.net\/arhiva\/magla-progutala-pljevlja\/#article\",\"isPartOf\":{\"@id\":\"https:\/\/sandzakpress.net\/arhiva\/magla-progutala-pljevlja\/\"},\"author\":{\"name\":\"bosniak\",\"@id\":\"https:\/\/sandzakpress.net\/arhiva\/#\/schema\/person\/c8baee722073534b583ea7bdb2e36c02\"},\"headline\":\"Magla progutala Pljevlja\",\"datePublished\":\"2011-01-22T15:38:43+00:00\",\"mainEntityOfPage\":{\"@id\":\"https:\/\/sandzakpress.net\/arhiva\/magla-progutala-pljevlja\/\"},\"wordCount\":332,\"commentCount\":0,\"publisher\":{\"@id\":\"https:\/\/sandzakpress.net\/arhiva\/#\/schema\/person\/6e72b67d6e51910a1117b3b483ba20bd\"},\"image\":{\"@id\":\"https:\/\/sandzakpress.net\/arhiva\/magla-progutala-pljevlja\/#primaryimage\"},\"thumbnailUrl\":\"https:\/\/sandzakpress.net\/arhiva\/wp-content\/uploads\/2011\/01\/reg-pljevlja-magla.jpg\",\"articleSection\":[\"Privreda\",\"Pljevlja\"],\"inLanguage\":\"bs-BA\",\"potentialAction\":[{\"@type\":\"CommentAction\",\"name\":\"Comment\",\"target\":[\"https:\/\/sandzakpress.net\/arhiva\/magla-progutala-pljevlja\/#respond\"]}]},{\"@type\":\"WebPage\",\"@id\":\"https:\/\/sandzakpress.net\/arhiva\/magla-progutala-pljevlja\/\",\"url\":\"https:\/\/sandzakpress.net\/arhiva\/magla-progutala-pljevlja\/\",\"name\":\"Magla progutala Pljevlja\",\"isPartOf\":{\"@id\":\"https:\/\/sandzakpress.net\/arhiva\/#website\"},\"primaryImageOfPage\":{\"@id\":\"https:\/\/sandzakpress.net\/arhiva\/magla-progutala-pljevlja\/#primaryimage\"},\"image\":{\"@id\":\"https:\/\/sandzakpress.net\/arhiva\/magla-progutala-pljevlja\/#primaryimage\"},\"thumbnailUrl\":\"https:\/\/sandzakpress.net\/arhiva\/wp-content\/uploads\/2011\/01\/reg-pljevlja-magla.jpg\",\"datePublished\":\"2011-01-22T15:38:43+00:00\",\"breadcrumb\":{\"@id\":\"https:\/\/sandzakpress.net\/arhiva\/magla-progutala-pljevlja\/#breadcrumb\"},\"inLanguage\":\"bs-BA\",\"potentialAction\":[{\"@type\":\"ReadAction\",\"target\":[\"https:\/\/sandzakpress.net\/arhiva\/magla-progutala-pljevlja\/\"]}]},{\"@type\":\"ImageObject\",\"inLanguage\":\"bs-BA\",\"@id\":\"https:\/\/sandzakpress.net\/arhiva\/magla-progutala-pljevlja\/#primaryimage\",\"url\":\"https:\/\/sandzakpress.net\/arhiva\/wp-content\/uploads\/2011\/01\/reg-pljevlja-magla.jpg\",\"contentUrl\":\"https:\/\/sandzakpress.net\/arhiva\/wp-content\/uploads\/2011\/01\/reg-pljevlja-magla.jpg\",\"width\":616,\"height\":493},{\"@type\":\"BreadcrumbList\",\"@id\":\"https:\/\/sandzakpress.net\/arhiva\/magla-progutala-pljevlja\/#breadcrumb\",\"itemListElement\":[{\"@type\":\"ListItem\",\"position\":1,\"name\":\"Home\",\"item\":\"https:\/\/sandzakpress.net\/arhiva\/\"},{\"@type\":\"ListItem\",\"position\":2,\"name\":\"Magla progutala Pljevlja\"}]},{\"@type\":\"WebSite\",\"@id\":\"https:\/\/sandzakpress.net\/arhiva\/#website\",\"url\":\"https:\/\/sandzakpress.net\/arhiva\/\",\"name\":\"Sand\u017eak PRESS\",\"description\":\"Prve elektronske novine u Sand\u017eaku\",\"publisher\":{\"@id\":\"https:\/\/sandzakpress.net\/arhiva\/#\/schema\/person\/6e72b67d6e51910a1117b3b483ba20bd\"},\"potentialAction\":[{\"@type\":\"SearchAction\",\"target\":{\"@type\":\"EntryPoint\",\"urlTemplate\":\"https:\/\/sandzakpress.net\/arhiva\/?s={search_term_string}\"},\"query-input\":{\"@type\":\"PropertyValueSpecification\",\"valueRequired\":true,\"valueName\":\"search_term_string\"}}],\"inLanguage\":\"bs-BA\"},{\"@type\":[\"Person\",\"Organization\"],\"@id\":\"https:\/\/sandzakpress.net\/arhiva\/#\/schema\/person\/6e72b67d6e51910a1117b3b483ba20bd\",\"name\":\"Kul\",\"image\":{\"@type\":\"ImageObject\",\"inLanguage\":\"bs-BA\",\"@id\":\"https:\/\/sandzakpress.net\/arhiva\/#\/schema\/person\/image\/\",\"url\":\"https:\/\/secure.gravatar.com\/avatar\/42263f39aa27ac04c43cab85c280eb2e?s=96&d=mm&r=pg\",\"contentUrl\":\"https:\/\/secure.gravatar.com\/avatar\/42263f39aa27ac04c43cab85c280eb2e?s=96&d=mm&r=pg\",\"caption\":\"Kul\"},\"logo\":{\"@id\":\"https:\/\/sandzakpress.net\/arhiva\/#\/schema\/person\/image\/\"}},{\"@type\":\"Person\",\"@id\":\"https:\/\/sandzakpress.net\/arhiva\/#\/schema\/person\/c8baee722073534b583ea7bdb2e36c02\",\"name\":\"bosniak\",\"image\":{\"@type\":\"ImageObject\",\"inLanguage\":\"bs-BA\",\"@id\":\"https:\/\/sandzakpress.net\/arhiva\/#\/schema\/person\/image\/\",\"url\":\"https:\/\/secure.gravatar.com\/avatar\/a04fd330bfe3a36a72a0ad4a6d89fca7?s=96&d=mm&r=pg\",\"contentUrl\":\"https:\/\/secure.gravatar.com\/avatar\/a04fd330bfe3a36a72a0ad4a6d89fca7?s=96&d=mm&r=pg\",\"caption\":\"bosniak\"},\"url\":\"https:\/\/sandzakpress.net\/arhiva\/author\/bosniak\/\"}]}<\/script>\n<!-- \/ Yoast SEO Premium plugin. -->","yoast_head_json":{"title":"Magla progutala Pljevlja","robots":{"index":"index","follow":"follow","max-snippet":"max-snippet:-1","max-image-preview":"max-image-preview:large","max-video-preview":"max-video-preview:-1"},"canonical":"https:\/\/sandzakpress.net\/arhiva\/magla-progutala-pljevlja\/","og_locale":"bs_BA","og_type":"article","og_title":"Magla progutala Pljevlja","og_description":"Pljevlja &#8211; Pljevlja se ovih dana ne vide od magle. Vidljivost je samo nekoliko desetina metara, vlaga i hladno\u0107a pritiskaju, a osje\u0107aju se uobi\u010dajeni mirisi izgorjelog uglja i izduvnih gasova. Naselje je u kotlini, na obalama tri reke sa nepovoljnom konfiguracijom terena, gdje ne postoje uslovi za prirodno provetravanje, pa periodi \u201ctihog vremena\u201d \u010dine ve\u0107inu [&hellip;]","og_url":"https:\/\/sandzakpress.net\/arhiva\/magla-progutala-pljevlja\/","og_site_name":"Sand\u017eak PRESS","article_published_time":"2011-01-22T15:38:43+00:00","og_image":[{"width":616,"height":493,"url":"https:\/\/sandzakpress.net\/arhiva\/wp-content\/uploads\/2011\/01\/reg-pljevlja-magla.jpg","type":"image\/jpeg"}],"author":"bosniak","twitter_card":"summary_large_image","twitter_misc":{"Written by":"bosniak","Est. reading time":"2 minute"},"schema":{"@context":"https:\/\/schema.org","@graph":[{"@type":"Article","@id":"https:\/\/sandzakpress.net\/arhiva\/magla-progutala-pljevlja\/#article","isPartOf":{"@id":"https:\/\/sandzakpress.net\/arhiva\/magla-progutala-pljevlja\/"},"author":{"name":"bosniak","@id":"https:\/\/sandzakpress.net\/arhiva\/#\/schema\/person\/c8baee722073534b583ea7bdb2e36c02"},"headline":"Magla progutala Pljevlja","datePublished":"2011-01-22T15:38:43+00:00","mainEntityOfPage":{"@id":"https:\/\/sandzakpress.net\/arhiva\/magla-progutala-pljevlja\/"},"wordCount":332,"commentCount":0,"publisher":{"@id":"https:\/\/sandzakpress.net\/arhiva\/#\/schema\/person\/6e72b67d6e51910a1117b3b483ba20bd"},"image":{"@id":"https:\/\/sandzakpress.net\/arhiva\/magla-progutala-pljevlja\/#primaryimage"},"thumbnailUrl":"https:\/\/sandzakpress.net\/arhiva\/wp-content\/uploads\/2011\/01\/reg-pljevlja-magla.jpg","articleSection":["Privreda","Pljevlja"],"inLanguage":"bs-BA","potentialAction":[{"@type":"CommentAction","name":"Comment","target":["https:\/\/sandzakpress.net\/arhiva\/magla-progutala-pljevlja\/#respond"]}]},{"@type":"WebPage","@id":"https:\/\/sandzakpress.net\/arhiva\/magla-progutala-pljevlja\/","url":"https:\/\/sandzakpress.net\/arhiva\/magla-progutala-pljevlja\/","name":"Magla progutala Pljevlja","isPartOf":{"@id":"https:\/\/sandzakpress.net\/arhiva\/#website"},"primaryImageOfPage":{"@id":"https:\/\/sandzakpress.net\/arhiva\/magla-progutala-pljevlja\/#primaryimage"},"image":{"@id":"https:\/\/sandzakpress.net\/arhiva\/magla-progutala-pljevlja\/#primaryimage"},"thumbnailUrl":"https:\/\/sandzakpress.net\/arhiva\/wp-content\/uploads\/2011\/01\/reg-pljevlja-magla.jpg","datePublished":"2011-01-22T15:38:43+00:00","breadcrumb":{"@id":"https:\/\/sandzakpress.net\/arhiva\/magla-progutala-pljevlja\/#breadcrumb"},"inLanguage":"bs-BA","potentialAction":[{"@type":"ReadAction","target":["https:\/\/sandzakpress.net\/arhiva\/magla-progutala-pljevlja\/"]}]},{"@type":"ImageObject","inLanguage":"bs-BA","@id":"https:\/\/sandzakpress.net\/arhiva\/magla-progutala-pljevlja\/#primaryimage","url":"https:\/\/sandzakpress.net\/arhiva\/wp-content\/uploads\/2011\/01\/reg-pljevlja-magla.jpg","contentUrl":"https:\/\/sandzakpress.net\/arhiva\/wp-content\/uploads\/2011\/01\/reg-pljevlja-magla.jpg","width":616,"height":493},{"@type":"BreadcrumbList","@id":"https:\/\/sandzakpress.net\/arhiva\/magla-progutala-pljevlja\/#breadcrumb","itemListElement":[{"@type":"ListItem","position":1,"name":"Home","item":"https:\/\/sandzakpress.net\/arhiva\/"},{"@type":"ListItem","position":2,"name":"Magla progutala Pljevlja"}]},{"@type":"WebSite","@id":"https:\/\/sandzakpress.net\/arhiva\/#website","url":"https:\/\/sandzakpress.net\/arhiva\/","name":"Sand\u017eak PRESS","description":"Prve elektronske novine u Sand\u017eaku","publisher":{"@id":"https:\/\/sandzakpress.net\/arhiva\/#\/schema\/person\/6e72b67d6e51910a1117b3b483ba20bd"},"potentialAction":[{"@type":"SearchAction","target":{"@type":"EntryPoint","urlTemplate":"https:\/\/sandzakpress.net\/arhiva\/?s={search_term_string}"},"query-input":{"@type":"PropertyValueSpecification","valueRequired":true,"valueName":"search_term_string"}}],"inLanguage":"bs-BA"},{"@type":["Person","Organization"],"@id":"https:\/\/sandzakpress.net\/arhiva\/#\/schema\/person\/6e72b67d6e51910a1117b3b483ba20bd","name":"Kul","image":{"@type":"ImageObject","inLanguage":"bs-BA","@id":"https:\/\/sandzakpress.net\/arhiva\/#\/schema\/person\/image\/","url":"https:\/\/secure.gravatar.com\/avatar\/42263f39aa27ac04c43cab85c280eb2e?s=96&d=mm&r=pg","contentUrl":"https:\/\/secure.gravatar.com\/avatar\/42263f39aa27ac04c43cab85c280eb2e?s=96&d=mm&r=pg","caption":"Kul"},"logo":{"@id":"https:\/\/sandzakpress.net\/arhiva\/#\/schema\/person\/image\/"}},{"@type":"Person","@id":"https:\/\/sandzakpress.net\/arhiva\/#\/schema\/person\/c8baee722073534b583ea7bdb2e36c02","name":"bosniak","image":{"@type":"ImageObject","inLanguage":"bs-BA","@id":"https:\/\/sandzakpress.net\/arhiva\/#\/schema\/person\/image\/","url":"https:\/\/secure.gravatar.com\/avatar\/a04fd330bfe3a36a72a0ad4a6d89fca7?s=96&d=mm&r=pg","contentUrl":"https:\/\/secure.gravatar.com\/avatar\/a04fd330bfe3a36a72a0ad4a6d89fca7?s=96&d=mm&r=pg","caption":"bosniak"},"url":"https:\/\/sandzakpress.net\/arhiva\/author\/bosniak\/"}]}},"_links":{"self":[{"href":"https:\/\/sandzakpress.net\/arhiva\/wp-json\/wp\/v2\/posts\/11626"}],"collection":[{"href":"https:\/\/sandzakpress.net\/arhiva\/wp-json\/wp\/v2\/posts"}],"about":[{"href":"https:\/\/sandzakpress.net\/arhiva\/wp-json\/wp\/v2\/types\/post"}],"author":[{"embeddable":true,"href":"https:\/\/sandzakpress.net\/arhiva\/wp-json\/wp\/v2\/users\/83"}],"replies":[{"embeddable":true,"href":"https:\/\/sandzakpress.net\/arhiva\/wp-json\/wp\/v2\/comments?post=11626"}],"version-history":[{"count":0,"href":"https:\/\/sandzakpress.net\/arhiva\/wp-json\/wp\/v2\/posts\/11626\/revisions"}],"wp:featuredmedia":[{"embeddable":true,"href":"https:\/\/sandzakpress.net\/arhiva\/wp-json\/wp\/v2\/media\/11627"}],"wp:attachment":[{"href":"https:\/\/sandzakpress.net\/arhiva\/wp-json\/wp\/v2\/media?parent=11626"}],"wp:term":[{"taxonomy":"category","embeddable":true,"href":"https:\/\/sandzakpress.net\/arhiva\/wp-json\/wp\/v2\/categories?post=11626"},{"taxonomy":"post_tag","embeddable":true,"href":"https:\/\/sandzakpress.net\/arhiva\/wp-json\/wp\/v2\/tags?post=11626"}],"curies":[{"name":"wp","href":"https:\/\/api.w.org\/{rel}","templated":true}]}}