{"id":11623,"date":"2011-01-22T16:33:16","date_gmt":"2011-01-22T15:33:16","guid":{"rendered":"https:\/\/sandzakpress.net\/arhiva\/?p=11623"},"modified":"2011-01-22T16:33:16","modified_gmt":"2011-01-22T15:33:16","slug":"muftija-preporucio-osnivanje-instituta-za-istrazivanje-genocida-u-sandzaku","status":"publish","type":"post","link":"https:\/\/sandzakpress.net\/arhiva\/muftija-preporucio-osnivanje-instituta-za-istrazivanje-genocida-u-sandzaku\/","title":{"rendered":"Muftija preporu\u010dio osnivanje Instituta za istra\u017eivanje genocida u Sand\u017eaku"},"content":{"rendered":"<p><strong><a href=\"https:\/\/sandzakpress.net\/arhiva\/wp-content\/uploads\/2011\/01\/Muftija-Muamer-Zukorlic.jpg\"><img loading=\"lazy\" decoding=\"async\" class=\"alignleft size-medium wp-image-11624\" title=\"Muftija Muamer Zukorlic\" src=\"https:\/\/sandzakpress.net\/arhiva\/wp-content\/uploads\/2011\/01\/Muftija-Muamer-Zukorlic-300x225.jpg\" alt=\"\" width=\"300\" height=\"225\" \/><\/a>Sand\u017eak &#8211; Glavni muftija Islamske zajednice u Srbiji Muamer ef. Zukorli\u0107 izjavio da je nad Bo\u0161njacima izvr\u0161eno vi\u0161e od deset genocida, od kojih &#8220;vi\u0161e od polovine u Sand\u017eaku&#8221;.<\/strong><strong><\/p>\n<p><\/strong>On je najavio osnivanje Centra za istra\u017eivanje masovnih zlo\u010dina u Sand\u017eaku.<\/p>\n<p>&#8220;Kroz taj centar, sa mladim profesorima i istra\u017eiva\u010dima, utvrdit \u0107emo svaki detalj genocida u Sand\u017eaku i tako ovjeriti svoju intelektualnu, ljudsku, moralnu slobodu&#8221;, rekao je muftija Zukorli\u0107.<\/p>\n<p>On je na tribini o genocidu nad Bo\u0161njacima u Sand\u017eaku izrazio razumijevanje za, kako je rekao, \u010detnike koji sada \u017eele da opravdaju ono \u0161to su tada \u010dinili, da umanje zlo\u010dine ili da ih predstave na druga\u010diji na\u010din.\u00a0On razumije, kako je izjavio, i one kojima je te\u0161ko da se suo\u010de sa tom &#8220;gnusnom i bolnom istinom&#8221;, kao i razne poku\u0161aje da se te &#8220;stranice historije prevrnu i otpo\u010dnu nove&#8221;, ali ne razumije, ne prihvata i tvrdi da nikada ne\u0107e prihvatiti, kao \u0161to vjeruje da to ne\u0107e prihvatiti nijedan dostojanstveni Bo\u0161njak, da oni koji se predstavljaju kao bo\u0161nja\u010dki prvaci &#8220;danas di\u017eu ruku u srpskom parlamentu, glasaju\u0107i za rehabilitaciju tih \u010detnika&#8221;.<\/p>\n<p>&#8220;Pogotovo ne razumijem da jedan bo\u0161nja\u010dki ministar u svom bud\u017eetu ima nekoliko miliona dinara godi\u0161nje odre\u0111enih para za Ravnogorski \u010detni\u010dki pokret i da se i u vladi i u parlamentu zala\u017ee da se taj iznos uve\u0107a&#8221;, rekao je muftija Zukorli\u0107, pozivaju\u0107i Bo\u0161njake da se ne svete, ali i da ne zaborave.<\/p>\n<p>S druge strane, sve istine o Bo\u0161njacima i bo\u0161nja\u010dkoj kulturi su zatrpane, rekao je muftija Zukorli\u0107, tvrde\u0107i da upravo tu le\u017ei odgovor na pitanje &#8220;kome i za\u0161to smeta islamska zajednica&#8221;, ali ne svaka islamska zajednica, ve\u0107 ovakva koja se brine o muslimanima.<\/p>\n<p>Izvor:<strong> B92.net<\/strong><\/p>\n","protected":false},"excerpt":{"rendered":"<p>Sand\u017eak &#8211; Glavni muftija Islamske zajednice u Srbiji Muamer ef. Zukorli\u0107 izjavio da je nad Bo\u0161njacima izvr\u0161eno vi\u0161e od deset genocida, od kojih &#8220;vi\u0161e od polovine u Sand\u017eaku&#8221;. On je najavio osnivanje Centra za istra\u017eivanje masovnih zlo\u010dina u Sand\u017eaku. &#8220;Kroz taj centar, sa mladim profesorima i istra\u017eiva\u010dima, utvrdit \u0107emo svaki detalj genocida u Sand\u017eaku i [&hellip;]<\/p>\n","protected":false},"author":83,"featured_media":11624,"comment_status":"open","ping_status":"open","sticky":false,"template":"","format":"standard","meta":{"footnotes":""},"categories":[72,398,52,397,327,392,396,393,395,802,394,399],"tags":[],"class_list":{"0":"post-11623","1":"post","2":"type-post","3":"status-publish","4":"format-standard","5":"has-post-thumbnail","7":"category-novi-pazar","8":"category-rozaje","9":"category-sjenica","10":"category-berane","11":"category-tutin","12":"category-prijepolje_","13":"category-bijelo_polje","14":"category-priboj","15":"category-pljevlja_","16":"category-islamska_zajednica","17":"category-nova-varos","18":"category-plav_"},"yoast_head":"<!-- This site is optimized with the Yoast SEO Premium plugin v23.1 (Yoast SEO v24.9) - https:\/\/yoast.com\/wordpress\/plugins\/seo\/ -->\n<title>Muftija preporu\u010dio osnivanje Instituta za istra\u017eivanje genocida u Sand\u017eaku<\/title>\n<meta name=\"robots\" content=\"index, follow, max-snippet:-1, max-image-preview:large, max-video-preview:-1\" \/>\n<link rel=\"canonical\" href=\"https:\/\/sandzakpress.net\/arhiva\/muftija-preporucio-osnivanje-instituta-za-istrazivanje-genocida-u-sandzaku\/\" \/>\n<meta property=\"og:locale\" content=\"bs_BA\" \/>\n<meta property=\"og:type\" content=\"article\" \/>\n<meta property=\"og:title\" content=\"Muftija preporu\u010dio osnivanje Instituta za istra\u017eivanje genocida u Sand\u017eaku\" \/>\n<meta property=\"og:description\" content=\"Sand\u017eak &#8211; Glavni muftija Islamske zajednice u Srbiji Muamer ef. Zukorli\u0107 izjavio da je nad Bo\u0161njacima izvr\u0161eno vi\u0161e od deset genocida, od kojih &#8220;vi\u0161e od polovine u Sand\u017eaku&#8221;. On je najavio osnivanje Centra za istra\u017eivanje masovnih zlo\u010dina u Sand\u017eaku. &#8220;Kroz taj centar, sa mladim profesorima i istra\u017eiva\u010dima, utvrdit \u0107emo svaki detalj genocida u Sand\u017eaku i [&hellip;]\" \/>\n<meta property=\"og:url\" content=\"https:\/\/sandzakpress.net\/arhiva\/muftija-preporucio-osnivanje-instituta-za-istrazivanje-genocida-u-sandzaku\/\" \/>\n<meta property=\"og:site_name\" content=\"Sand\u017eak PRESS\" \/>\n<meta property=\"article:published_time\" content=\"2011-01-22T15:33:16+00:00\" \/>\n<meta property=\"og:image\" content=\"https:\/\/sandzakpress.net\/arhiva\/wp-content\/uploads\/2011\/01\/Muftija-Muamer-Zukorlic.jpg\" \/>\n\t<meta property=\"og:image:width\" content=\"400\" \/>\n\t<meta property=\"og:image:height\" content=\"300\" \/>\n\t<meta property=\"og:image:type\" content=\"image\/jpeg\" \/>\n<meta name=\"author\" content=\"bosniak\" \/>\n<meta name=\"twitter:card\" content=\"summary_large_image\" \/>\n<meta name=\"twitter:label1\" content=\"Written by\" \/>\n\t<meta name=\"twitter:data1\" content=\"bosniak\" \/>\n\t<meta name=\"twitter:label2\" content=\"Est. reading time\" \/>\n\t<meta name=\"twitter:data2\" content=\"2 minute\" \/>\n<script type=\"application\/ld+json\" class=\"yoast-schema-graph\">{\"@context\":\"https:\/\/schema.org\",\"@graph\":[{\"@type\":\"Article\",\"@id\":\"https:\/\/sandzakpress.net\/arhiva\/muftija-preporucio-osnivanje-instituta-za-istrazivanje-genocida-u-sandzaku\/#article\",\"isPartOf\":{\"@id\":\"https:\/\/sandzakpress.net\/arhiva\/muftija-preporucio-osnivanje-instituta-za-istrazivanje-genocida-u-sandzaku\/\"},\"author\":{\"name\":\"bosniak\",\"@id\":\"https:\/\/sandzakpress.net\/arhiva\/#\/schema\/person\/c8baee722073534b583ea7bdb2e36c02\"},\"headline\":\"Muftija preporu\u010dio osnivanje Instituta za istra\u017eivanje genocida u Sand\u017eaku\",\"datePublished\":\"2011-01-22T15:33:16+00:00\",\"mainEntityOfPage\":{\"@id\":\"https:\/\/sandzakpress.net\/arhiva\/muftija-preporucio-osnivanje-instituta-za-istrazivanje-genocida-u-sandzaku\/\"},\"wordCount\":327,\"commentCount\":5,\"publisher\":{\"@id\":\"https:\/\/sandzakpress.net\/arhiva\/#\/schema\/person\/6e72b67d6e51910a1117b3b483ba20bd\"},\"image\":{\"@id\":\"https:\/\/sandzakpress.net\/arhiva\/muftija-preporucio-osnivanje-instituta-za-istrazivanje-genocida-u-sandzaku\/#primaryimage\"},\"thumbnailUrl\":\"https:\/\/sandzakpress.net\/arhiva\/wp-content\/uploads\/2011\/01\/Muftija-Muamer-Zukorlic.jpg\",\"articleSection\":[\"Novi Pazar\",\"Ro\u017eaje\",\"Sjenica\",\"Berane\",\"Tutin\",\"Prijepolje\",\"Bijelo Polje\",\"Priboj\",\"Pljevlja\",\"Islamska zajednica\",\"Nova Varo\u0161\",\"Plav\"],\"inLanguage\":\"bs-BA\",\"potentialAction\":[{\"@type\":\"CommentAction\",\"name\":\"Comment\",\"target\":[\"https:\/\/sandzakpress.net\/arhiva\/muftija-preporucio-osnivanje-instituta-za-istrazivanje-genocida-u-sandzaku\/#respond\"]}]},{\"@type\":\"WebPage\",\"@id\":\"https:\/\/sandzakpress.net\/arhiva\/muftija-preporucio-osnivanje-instituta-za-istrazivanje-genocida-u-sandzaku\/\",\"url\":\"https:\/\/sandzakpress.net\/arhiva\/muftija-preporucio-osnivanje-instituta-za-istrazivanje-genocida-u-sandzaku\/\",\"name\":\"Muftija preporu\u010dio osnivanje Instituta za istra\u017eivanje genocida u Sand\u017eaku\",\"isPartOf\":{\"@id\":\"https:\/\/sandzakpress.net\/arhiva\/#website\"},\"primaryImageOfPage\":{\"@id\":\"https:\/\/sandzakpress.net\/arhiva\/muftija-preporucio-osnivanje-instituta-za-istrazivanje-genocida-u-sandzaku\/#primaryimage\"},\"image\":{\"@id\":\"https:\/\/sandzakpress.net\/arhiva\/muftija-preporucio-osnivanje-instituta-za-istrazivanje-genocida-u-sandzaku\/#primaryimage\"},\"thumbnailUrl\":\"https:\/\/sandzakpress.net\/arhiva\/wp-content\/uploads\/2011\/01\/Muftija-Muamer-Zukorlic.jpg\",\"datePublished\":\"2011-01-22T15:33:16+00:00\",\"breadcrumb\":{\"@id\":\"https:\/\/sandzakpress.net\/arhiva\/muftija-preporucio-osnivanje-instituta-za-istrazivanje-genocida-u-sandzaku\/#breadcrumb\"},\"inLanguage\":\"bs-BA\",\"potentialAction\":[{\"@type\":\"ReadAction\",\"target\":[\"https:\/\/sandzakpress.net\/arhiva\/muftija-preporucio-osnivanje-instituta-za-istrazivanje-genocida-u-sandzaku\/\"]}]},{\"@type\":\"ImageObject\",\"inLanguage\":\"bs-BA\",\"@id\":\"https:\/\/sandzakpress.net\/arhiva\/muftija-preporucio-osnivanje-instituta-za-istrazivanje-genocida-u-sandzaku\/#primaryimage\",\"url\":\"https:\/\/sandzakpress.net\/arhiva\/wp-content\/uploads\/2011\/01\/Muftija-Muamer-Zukorlic.jpg\",\"contentUrl\":\"https:\/\/sandzakpress.net\/arhiva\/wp-content\/uploads\/2011\/01\/Muftija-Muamer-Zukorlic.jpg\",\"width\":400,\"height\":300},{\"@type\":\"BreadcrumbList\",\"@id\":\"https:\/\/sandzakpress.net\/arhiva\/muftija-preporucio-osnivanje-instituta-za-istrazivanje-genocida-u-sandzaku\/#breadcrumb\",\"itemListElement\":[{\"@type\":\"ListItem\",\"position\":1,\"name\":\"Home\",\"item\":\"https:\/\/sandzakpress.net\/arhiva\/\"},{\"@type\":\"ListItem\",\"position\":2,\"name\":\"Muftija preporu\u010dio osnivanje Instituta za istra\u017eivanje genocida u Sand\u017eaku\"}]},{\"@type\":\"WebSite\",\"@id\":\"https:\/\/sandzakpress.net\/arhiva\/#website\",\"url\":\"https:\/\/sandzakpress.net\/arhiva\/\",\"name\":\"Sand\u017eak PRESS\",\"description\":\"Prve elektronske novine u Sand\u017eaku\",\"publisher\":{\"@id\":\"https:\/\/sandzakpress.net\/arhiva\/#\/schema\/person\/6e72b67d6e51910a1117b3b483ba20bd\"},\"potentialAction\":[{\"@type\":\"SearchAction\",\"target\":{\"@type\":\"EntryPoint\",\"urlTemplate\":\"https:\/\/sandzakpress.net\/arhiva\/?s={search_term_string}\"},\"query-input\":{\"@type\":\"PropertyValueSpecification\",\"valueRequired\":true,\"valueName\":\"search_term_string\"}}],\"inLanguage\":\"bs-BA\"},{\"@type\":[\"Person\",\"Organization\"],\"@id\":\"https:\/\/sandzakpress.net\/arhiva\/#\/schema\/person\/6e72b67d6e51910a1117b3b483ba20bd\",\"name\":\"Kul\",\"image\":{\"@type\":\"ImageObject\",\"inLanguage\":\"bs-BA\",\"@id\":\"https:\/\/sandzakpress.net\/arhiva\/#\/schema\/person\/image\/\",\"url\":\"https:\/\/secure.gravatar.com\/avatar\/42263f39aa27ac04c43cab85c280eb2e?s=96&d=mm&r=pg\",\"contentUrl\":\"https:\/\/secure.gravatar.com\/avatar\/42263f39aa27ac04c43cab85c280eb2e?s=96&d=mm&r=pg\",\"caption\":\"Kul\"},\"logo\":{\"@id\":\"https:\/\/sandzakpress.net\/arhiva\/#\/schema\/person\/image\/\"}},{\"@type\":\"Person\",\"@id\":\"https:\/\/sandzakpress.net\/arhiva\/#\/schema\/person\/c8baee722073534b583ea7bdb2e36c02\",\"name\":\"bosniak\",\"image\":{\"@type\":\"ImageObject\",\"inLanguage\":\"bs-BA\",\"@id\":\"https:\/\/sandzakpress.net\/arhiva\/#\/schema\/person\/image\/\",\"url\":\"https:\/\/secure.gravatar.com\/avatar\/a04fd330bfe3a36a72a0ad4a6d89fca7?s=96&d=mm&r=pg\",\"contentUrl\":\"https:\/\/secure.gravatar.com\/avatar\/a04fd330bfe3a36a72a0ad4a6d89fca7?s=96&d=mm&r=pg\",\"caption\":\"bosniak\"},\"url\":\"https:\/\/sandzakpress.net\/arhiva\/author\/bosniak\/\"}]}<\/script>\n<!-- \/ Yoast SEO Premium plugin. -->","yoast_head_json":{"title":"Muftija preporu\u010dio osnivanje Instituta za istra\u017eivanje genocida u Sand\u017eaku","robots":{"index":"index","follow":"follow","max-snippet":"max-snippet:-1","max-image-preview":"max-image-preview:large","max-video-preview":"max-video-preview:-1"},"canonical":"https:\/\/sandzakpress.net\/arhiva\/muftija-preporucio-osnivanje-instituta-za-istrazivanje-genocida-u-sandzaku\/","og_locale":"bs_BA","og_type":"article","og_title":"Muftija preporu\u010dio osnivanje Instituta za istra\u017eivanje genocida u Sand\u017eaku","og_description":"Sand\u017eak &#8211; Glavni muftija Islamske zajednice u Srbiji Muamer ef. Zukorli\u0107 izjavio da je nad Bo\u0161njacima izvr\u0161eno vi\u0161e od deset genocida, od kojih &#8220;vi\u0161e od polovine u Sand\u017eaku&#8221;. On je najavio osnivanje Centra za istra\u017eivanje masovnih zlo\u010dina u Sand\u017eaku. &#8220;Kroz taj centar, sa mladim profesorima i istra\u017eiva\u010dima, utvrdit \u0107emo svaki detalj genocida u Sand\u017eaku i [&hellip;]","og_url":"https:\/\/sandzakpress.net\/arhiva\/muftija-preporucio-osnivanje-instituta-za-istrazivanje-genocida-u-sandzaku\/","og_site_name":"Sand\u017eak PRESS","article_published_time":"2011-01-22T15:33:16+00:00","og_image":[{"width":400,"height":300,"url":"https:\/\/sandzakpress.net\/arhiva\/wp-content\/uploads\/2011\/01\/Muftija-Muamer-Zukorlic.jpg","type":"image\/jpeg"}],"author":"bosniak","twitter_card":"summary_large_image","twitter_misc":{"Written by":"bosniak","Est. reading time":"2 minute"},"schema":{"@context":"https:\/\/schema.org","@graph":[{"@type":"Article","@id":"https:\/\/sandzakpress.net\/arhiva\/muftija-preporucio-osnivanje-instituta-za-istrazivanje-genocida-u-sandzaku\/#article","isPartOf":{"@id":"https:\/\/sandzakpress.net\/arhiva\/muftija-preporucio-osnivanje-instituta-za-istrazivanje-genocida-u-sandzaku\/"},"author":{"name":"bosniak","@id":"https:\/\/sandzakpress.net\/arhiva\/#\/schema\/person\/c8baee722073534b583ea7bdb2e36c02"},"headline":"Muftija preporu\u010dio osnivanje Instituta za istra\u017eivanje genocida u Sand\u017eaku","datePublished":"2011-01-22T15:33:16+00:00","mainEntityOfPage":{"@id":"https:\/\/sandzakpress.net\/arhiva\/muftija-preporucio-osnivanje-instituta-za-istrazivanje-genocida-u-sandzaku\/"},"wordCount":327,"commentCount":5,"publisher":{"@id":"https:\/\/sandzakpress.net\/arhiva\/#\/schema\/person\/6e72b67d6e51910a1117b3b483ba20bd"},"image":{"@id":"https:\/\/sandzakpress.net\/arhiva\/muftija-preporucio-osnivanje-instituta-za-istrazivanje-genocida-u-sandzaku\/#primaryimage"},"thumbnailUrl":"https:\/\/sandzakpress.net\/arhiva\/wp-content\/uploads\/2011\/01\/Muftija-Muamer-Zukorlic.jpg","articleSection":["Novi Pazar","Ro\u017eaje","Sjenica","Berane","Tutin","Prijepolje","Bijelo Polje","Priboj","Pljevlja","Islamska zajednica","Nova Varo\u0161","Plav"],"inLanguage":"bs-BA","potentialAction":[{"@type":"CommentAction","name":"Comment","target":["https:\/\/sandzakpress.net\/arhiva\/muftija-preporucio-osnivanje-instituta-za-istrazivanje-genocida-u-sandzaku\/#respond"]}]},{"@type":"WebPage","@id":"https:\/\/sandzakpress.net\/arhiva\/muftija-preporucio-osnivanje-instituta-za-istrazivanje-genocida-u-sandzaku\/","url":"https:\/\/sandzakpress.net\/arhiva\/muftija-preporucio-osnivanje-instituta-za-istrazivanje-genocida-u-sandzaku\/","name":"Muftija preporu\u010dio osnivanje Instituta za istra\u017eivanje genocida u Sand\u017eaku","isPartOf":{"@id":"https:\/\/sandzakpress.net\/arhiva\/#website"},"primaryImageOfPage":{"@id":"https:\/\/sandzakpress.net\/arhiva\/muftija-preporucio-osnivanje-instituta-za-istrazivanje-genocida-u-sandzaku\/#primaryimage"},"image":{"@id":"https:\/\/sandzakpress.net\/arhiva\/muftija-preporucio-osnivanje-instituta-za-istrazivanje-genocida-u-sandzaku\/#primaryimage"},"thumbnailUrl":"https:\/\/sandzakpress.net\/arhiva\/wp-content\/uploads\/2011\/01\/Muftija-Muamer-Zukorlic.jpg","datePublished":"2011-01-22T15:33:16+00:00","breadcrumb":{"@id":"https:\/\/sandzakpress.net\/arhiva\/muftija-preporucio-osnivanje-instituta-za-istrazivanje-genocida-u-sandzaku\/#breadcrumb"},"inLanguage":"bs-BA","potentialAction":[{"@type":"ReadAction","target":["https:\/\/sandzakpress.net\/arhiva\/muftija-preporucio-osnivanje-instituta-za-istrazivanje-genocida-u-sandzaku\/"]}]},{"@type":"ImageObject","inLanguage":"bs-BA","@id":"https:\/\/sandzakpress.net\/arhiva\/muftija-preporucio-osnivanje-instituta-za-istrazivanje-genocida-u-sandzaku\/#primaryimage","url":"https:\/\/sandzakpress.net\/arhiva\/wp-content\/uploads\/2011\/01\/Muftija-Muamer-Zukorlic.jpg","contentUrl":"https:\/\/sandzakpress.net\/arhiva\/wp-content\/uploads\/2011\/01\/Muftija-Muamer-Zukorlic.jpg","width":400,"height":300},{"@type":"BreadcrumbList","@id":"https:\/\/sandzakpress.net\/arhiva\/muftija-preporucio-osnivanje-instituta-za-istrazivanje-genocida-u-sandzaku\/#breadcrumb","itemListElement":[{"@type":"ListItem","position":1,"name":"Home","item":"https:\/\/sandzakpress.net\/arhiva\/"},{"@type":"ListItem","position":2,"name":"Muftija preporu\u010dio osnivanje Instituta za istra\u017eivanje genocida u Sand\u017eaku"}]},{"@type":"WebSite","@id":"https:\/\/sandzakpress.net\/arhiva\/#website","url":"https:\/\/sandzakpress.net\/arhiva\/","name":"Sand\u017eak PRESS","description":"Prve elektronske novine u Sand\u017eaku","publisher":{"@id":"https:\/\/sandzakpress.net\/arhiva\/#\/schema\/person\/6e72b67d6e51910a1117b3b483ba20bd"},"potentialAction":[{"@type":"SearchAction","target":{"@type":"EntryPoint","urlTemplate":"https:\/\/sandzakpress.net\/arhiva\/?s={search_term_string}"},"query-input":{"@type":"PropertyValueSpecification","valueRequired":true,"valueName":"search_term_string"}}],"inLanguage":"bs-BA"},{"@type":["Person","Organization"],"@id":"https:\/\/sandzakpress.net\/arhiva\/#\/schema\/person\/6e72b67d6e51910a1117b3b483ba20bd","name":"Kul","image":{"@type":"ImageObject","inLanguage":"bs-BA","@id":"https:\/\/sandzakpress.net\/arhiva\/#\/schema\/person\/image\/","url":"https:\/\/secure.gravatar.com\/avatar\/42263f39aa27ac04c43cab85c280eb2e?s=96&d=mm&r=pg","contentUrl":"https:\/\/secure.gravatar.com\/avatar\/42263f39aa27ac04c43cab85c280eb2e?s=96&d=mm&r=pg","caption":"Kul"},"logo":{"@id":"https:\/\/sandzakpress.net\/arhiva\/#\/schema\/person\/image\/"}},{"@type":"Person","@id":"https:\/\/sandzakpress.net\/arhiva\/#\/schema\/person\/c8baee722073534b583ea7bdb2e36c02","name":"bosniak","image":{"@type":"ImageObject","inLanguage":"bs-BA","@id":"https:\/\/sandzakpress.net\/arhiva\/#\/schema\/person\/image\/","url":"https:\/\/secure.gravatar.com\/avatar\/a04fd330bfe3a36a72a0ad4a6d89fca7?s=96&d=mm&r=pg","contentUrl":"https:\/\/secure.gravatar.com\/avatar\/a04fd330bfe3a36a72a0ad4a6d89fca7?s=96&d=mm&r=pg","caption":"bosniak"},"url":"https:\/\/sandzakpress.net\/arhiva\/author\/bosniak\/"}]}},"_links":{"self":[{"href":"https:\/\/sandzakpress.net\/arhiva\/wp-json\/wp\/v2\/posts\/11623"}],"collection":[{"href":"https:\/\/sandzakpress.net\/arhiva\/wp-json\/wp\/v2\/posts"}],"about":[{"href":"https:\/\/sandzakpress.net\/arhiva\/wp-json\/wp\/v2\/types\/post"}],"author":[{"embeddable":true,"href":"https:\/\/sandzakpress.net\/arhiva\/wp-json\/wp\/v2\/users\/83"}],"replies":[{"embeddable":true,"href":"https:\/\/sandzakpress.net\/arhiva\/wp-json\/wp\/v2\/comments?post=11623"}],"version-history":[{"count":0,"href":"https:\/\/sandzakpress.net\/arhiva\/wp-json\/wp\/v2\/posts\/11623\/revisions"}],"wp:featuredmedia":[{"embeddable":true,"href":"https:\/\/sandzakpress.net\/arhiva\/wp-json\/wp\/v2\/media\/11624"}],"wp:attachment":[{"href":"https:\/\/sandzakpress.net\/arhiva\/wp-json\/wp\/v2\/media?parent=11623"}],"wp:term":[{"taxonomy":"category","embeddable":true,"href":"https:\/\/sandzakpress.net\/arhiva\/wp-json\/wp\/v2\/categories?post=11623"},{"taxonomy":"post_tag","embeddable":true,"href":"https:\/\/sandzakpress.net\/arhiva\/wp-json\/wp\/v2\/tags?post=11623"}],"curies":[{"name":"wp","href":"https:\/\/api.w.org\/{rel}","templated":true}]}}