{"id":116128,"date":"2014-12-04T15:38:56","date_gmt":"2014-12-04T14:38:56","guid":{"rendered":"https:\/\/sandzakpress.net\/arhiva\/?p=116128"},"modified":"2014-12-04T16:20:14","modified_gmt":"2014-12-04T15:20:14","slug":"jasavic-se-u-briselu-sastala-sa-predstavnicima-bosnjackih-udruzenja","status":"publish","type":"post","link":"https:\/\/sandzakpress.net\/arhiva\/jasavic-se-u-briselu-sastala-sa-predstavnicima-bosnjackih-udruzenja\/","title":{"rendered":"Jasavi\u0107 se u Briselu sastala sa predstavnicima Bo\u0161nja\u010dkih udru\u017eenja"},"content":{"rendered":"<p>&nbsp;<\/p>\n<p><a href=\"https:\/\/sandzakpress.net\/arhiva\/wp-content\/uploads\/2014\/12\/sefadil.jpg\"><img loading=\"lazy\" decoding=\"async\" class=\"size-full wp-image-116140 aligncenter\" src=\"https:\/\/sandzakpress.net\/arhiva\/wp-content\/uploads\/2014\/12\/sefadil.jpg\" alt=\"sefadil\" width=\"616\" height=\"462\" \/><\/a><\/p>\n<p><strong>Sand\u017eak &#8211; Povodom sramne presude izre\u010dene od strane crnogorskog re\u017eimskog sudstva \u017ertvi genocidne policijske akcije \u201cLim\u201d Ibrahimu \u010ciki\u0107u, ju\u010der 02. decembra u Briselu odr\u017eana je radna sjednica na kojoj su prisustvovali Azra Jasavi\u0107 narodna poslanica u Parlamentu Crne Gore, predsjednici Bo\u0161nja\u010dke kulturne zajednice u Francuskoj i Belgiji: \u0160efadil Li\u010dina i Ned\u017ead \u0106eman.<\/strong><\/p>\n<p>Prisutni su izrazili jaku zabrinutost zbog surovosti crnogorskog re\u017eima prema veteranima demokratskih promjena koje su se trebale desiti po\u010detkom devedesetih u Sand\u017eaku i Crnoj Gori te ustanovili da Slu\u010daj \u010ciki\u0107 je op\u0107i apsurd za sudstvo jedne dr\u017eave koja te\u017ei evropskim integracijama i da je u krajnjem slu\u010daju neprihvatljivo i neshvatljivo da \u017ertva torture i nev\u0111enih zlo\u010dina protiv \u010dovje\u010dnosti biva osu\u0111ena od strane svojih d\u017eelata, zbog sje\u0107anja, pisanja i svjedo\u010denja o onome \u0161to je nad \u017ertvama \u010dinjeno u re\u017eimskim kazamatama.<\/p>\n<p>Na sastanku je potvr\u0111eno je da \u0107e Bo\u0161njaci u dijaspori sa obije strane Atlantika budno pratiti kr\u0161enja elementarnih ljudskih prava koje provodi crnogorski re\u017eim nad na\u0161om zajednicom i pojedincima te da \u0107e adekvatno i demokratskim putem sprovoditi mjere za\u0161tite i ukazivati svjetskoj javnosti &#8220;gdje sunce ne grije&#8221;.<\/p>\n<p>Slu\u010dajem \u010ciki\u0107 se bavio ovih dana i Evropski parlament koji je tako\u0111er iskazao veliku zabrinutost zbog neka\u017enjivosti za ratne zlo\u010dine u Crnoj Gori i i sugerisao da aktualno vodstvo Crne Gore mora dodatno poja\u010dati svoje napore u borbi protiv neka\u017enjivosti ratnih zlo\u010dina i da se o\u010dekuju brzi i konkretni koraci na uspostavljanju stvarne demokratije na tom prostoru Evrope.<\/p>\n<p>(bosnjaci.net)<\/p>\n","protected":false},"excerpt":{"rendered":"<p>&nbsp; Sand\u017eak &#8211; Povodom sramne presude izre\u010dene od strane crnogorskog re\u017eimskog sudstva \u017ertvi genocidne policijske akcije \u201cLim\u201d Ibrahimu \u010ciki\u0107u, ju\u010der 02. decembra u Briselu odr\u017eana je radna sjednica na kojoj su prisustvovali Azra Jasavi\u0107 narodna poslanica u Parlamentu Crne Gore, predsjednici Bo\u0161nja\u010dke kulturne zajednice u Francuskoj i Belgiji: \u0160efadil Li\u010dina i Ned\u017ead \u0106eman. Prisutni su [&hellip;]<\/p>\n","protected":false},"author":83,"featured_media":116130,"comment_status":"open","ping_status":"open","sticky":false,"template":"","format":"standard","meta":{"footnotes":""},"categories":[398,800,397,10174,396,395,399,10173,798,16],"tags":[],"class_list":{"0":"post-116128","1":"post","2":"type-post","3":"status-publish","4":"format-standard","5":"has-post-thumbnail","7":"category-rozaje","8":"category-nacija","9":"category-berane","10":"category-petnjica-vase-vijesti","11":"category-bijelo_polje","12":"category-pljevlja_","13":"category-plav_","14":"category-gusinje-vase-vijesti","15":"category-teme","16":"category-novine"},"yoast_head":"<!-- This site is optimized with the Yoast SEO Premium plugin v23.1 (Yoast SEO v24.9) - https:\/\/yoast.com\/wordpress\/plugins\/seo\/ -->\n<title>Jasavi\u0107 se u Briselu sastala sa predstavnicima Bo\u0161nja\u010dkih udru\u017eenja<\/title>\n<meta name=\"robots\" content=\"index, follow, max-snippet:-1, max-image-preview:large, max-video-preview:-1\" \/>\n<link rel=\"canonical\" href=\"https:\/\/sandzakpress.net\/arhiva\/jasavic-se-u-briselu-sastala-sa-predstavnicima-bosnjackih-udruzenja\/\" \/>\n<meta property=\"og:locale\" content=\"bs_BA\" \/>\n<meta property=\"og:type\" content=\"article\" \/>\n<meta property=\"og:title\" content=\"Jasavi\u0107 se u Briselu sastala sa predstavnicima Bo\u0161nja\u010dkih udru\u017eenja\" \/>\n<meta property=\"og:description\" content=\"&nbsp; Sand\u017eak &#8211; Povodom sramne presude izre\u010dene od strane crnogorskog re\u017eimskog sudstva \u017ertvi genocidne policijske akcije \u201cLim\u201d Ibrahimu \u010ciki\u0107u, ju\u010der 02. decembra u Briselu odr\u017eana je radna sjednica na kojoj su prisustvovali Azra Jasavi\u0107 narodna poslanica u Parlamentu Crne Gore, predsjednici Bo\u0161nja\u010dke kulturne zajednice u Francuskoj i Belgiji: \u0160efadil Li\u010dina i Ned\u017ead \u0106eman. Prisutni su [&hellip;]\" \/>\n<meta property=\"og:url\" content=\"https:\/\/sandzakpress.net\/arhiva\/jasavic-se-u-briselu-sastala-sa-predstavnicima-bosnjackih-udruzenja\/\" \/>\n<meta property=\"og:site_name\" content=\"Sand\u017eak PRESS\" \/>\n<meta property=\"article:published_time\" content=\"2014-12-04T14:38:56+00:00\" \/>\n<meta property=\"article:modified_time\" content=\"2014-12-04T15:20:14+00:00\" \/>\n<meta property=\"og:image\" content=\"https:\/\/sandzakpress.net\/arhiva\/wp-content\/uploads\/2014\/12\/Brussels231.jpg\" \/>\n\t<meta property=\"og:image:width\" content=\"614\" \/>\n\t<meta property=\"og:image:height\" content=\"410\" \/>\n\t<meta property=\"og:image:type\" content=\"image\/jpeg\" \/>\n<meta name=\"author\" content=\"bosniak\" \/>\n<meta name=\"twitter:card\" content=\"summary_large_image\" \/>\n<meta name=\"twitter:label1\" content=\"Written by\" \/>\n\t<meta name=\"twitter:data1\" content=\"bosniak\" \/>\n\t<meta name=\"twitter:label2\" content=\"Est. reading time\" \/>\n\t<meta name=\"twitter:data2\" content=\"1 minuta\" \/>\n<script type=\"application\/ld+json\" class=\"yoast-schema-graph\">{\"@context\":\"https:\/\/schema.org\",\"@graph\":[{\"@type\":\"Article\",\"@id\":\"https:\/\/sandzakpress.net\/arhiva\/jasavic-se-u-briselu-sastala-sa-predstavnicima-bosnjackih-udruzenja\/#article\",\"isPartOf\":{\"@id\":\"https:\/\/sandzakpress.net\/arhiva\/jasavic-se-u-briselu-sastala-sa-predstavnicima-bosnjackih-udruzenja\/\"},\"author\":{\"name\":\"bosniak\",\"@id\":\"https:\/\/sandzakpress.net\/arhiva\/#\/schema\/person\/c8baee722073534b583ea7bdb2e36c02\"},\"headline\":\"Jasavi\u0107 se u Briselu sastala sa predstavnicima Bo\u0161nja\u010dkih udru\u017eenja\",\"datePublished\":\"2014-12-04T14:38:56+00:00\",\"dateModified\":\"2014-12-04T15:20:14+00:00\",\"mainEntityOfPage\":{\"@id\":\"https:\/\/sandzakpress.net\/arhiva\/jasavic-se-u-briselu-sastala-sa-predstavnicima-bosnjackih-udruzenja\/\"},\"wordCount\":290,\"commentCount\":1,\"publisher\":{\"@id\":\"https:\/\/sandzakpress.net\/arhiva\/#\/schema\/person\/6e72b67d6e51910a1117b3b483ba20bd\"},\"image\":{\"@id\":\"https:\/\/sandzakpress.net\/arhiva\/jasavic-se-u-briselu-sastala-sa-predstavnicima-bosnjackih-udruzenja\/#primaryimage\"},\"thumbnailUrl\":\"https:\/\/sandzakpress.net\/arhiva\/wp-content\/uploads\/2014\/12\/Brussels231.jpg\",\"articleSection\":[\"Ro\u017eaje\",\"Nacija\",\"Berane\",\"Petnjica\",\"Bijelo Polje\",\"Pljevlja\",\"Plav\",\"Gusinje\",\"NAJNOVIJE\",\"Novine\"],\"inLanguage\":\"bs-BA\",\"potentialAction\":[{\"@type\":\"CommentAction\",\"name\":\"Comment\",\"target\":[\"https:\/\/sandzakpress.net\/arhiva\/jasavic-se-u-briselu-sastala-sa-predstavnicima-bosnjackih-udruzenja\/#respond\"]}]},{\"@type\":\"WebPage\",\"@id\":\"https:\/\/sandzakpress.net\/arhiva\/jasavic-se-u-briselu-sastala-sa-predstavnicima-bosnjackih-udruzenja\/\",\"url\":\"https:\/\/sandzakpress.net\/arhiva\/jasavic-se-u-briselu-sastala-sa-predstavnicima-bosnjackih-udruzenja\/\",\"name\":\"Jasavi\u0107 se u Briselu sastala sa predstavnicima Bo\u0161nja\u010dkih udru\u017eenja\",\"isPartOf\":{\"@id\":\"https:\/\/sandzakpress.net\/arhiva\/#website\"},\"primaryImageOfPage\":{\"@id\":\"https:\/\/sandzakpress.net\/arhiva\/jasavic-se-u-briselu-sastala-sa-predstavnicima-bosnjackih-udruzenja\/#primaryimage\"},\"image\":{\"@id\":\"https:\/\/sandzakpress.net\/arhiva\/jasavic-se-u-briselu-sastala-sa-predstavnicima-bosnjackih-udruzenja\/#primaryimage\"},\"thumbnailUrl\":\"https:\/\/sandzakpress.net\/arhiva\/wp-content\/uploads\/2014\/12\/Brussels231.jpg\",\"datePublished\":\"2014-12-04T14:38:56+00:00\",\"dateModified\":\"2014-12-04T15:20:14+00:00\",\"breadcrumb\":{\"@id\":\"https:\/\/sandzakpress.net\/arhiva\/jasavic-se-u-briselu-sastala-sa-predstavnicima-bosnjackih-udruzenja\/#breadcrumb\"},\"inLanguage\":\"bs-BA\",\"potentialAction\":[{\"@type\":\"ReadAction\",\"target\":[\"https:\/\/sandzakpress.net\/arhiva\/jasavic-se-u-briselu-sastala-sa-predstavnicima-bosnjackih-udruzenja\/\"]}]},{\"@type\":\"ImageObject\",\"inLanguage\":\"bs-BA\",\"@id\":\"https:\/\/sandzakpress.net\/arhiva\/jasavic-se-u-briselu-sastala-sa-predstavnicima-bosnjackih-udruzenja\/#primaryimage\",\"url\":\"https:\/\/sandzakpress.net\/arhiva\/wp-content\/uploads\/2014\/12\/Brussels231.jpg\",\"contentUrl\":\"https:\/\/sandzakpress.net\/arhiva\/wp-content\/uploads\/2014\/12\/Brussels231.jpg\",\"width\":614,\"height\":410},{\"@type\":\"BreadcrumbList\",\"@id\":\"https:\/\/sandzakpress.net\/arhiva\/jasavic-se-u-briselu-sastala-sa-predstavnicima-bosnjackih-udruzenja\/#breadcrumb\",\"itemListElement\":[{\"@type\":\"ListItem\",\"position\":1,\"name\":\"Home\",\"item\":\"https:\/\/sandzakpress.net\/arhiva\/\"},{\"@type\":\"ListItem\",\"position\":2,\"name\":\"Jasavi\u0107 se u Briselu sastala sa predstavnicima Bo\u0161nja\u010dkih udru\u017eenja\"}]},{\"@type\":\"WebSite\",\"@id\":\"https:\/\/sandzakpress.net\/arhiva\/#website\",\"url\":\"https:\/\/sandzakpress.net\/arhiva\/\",\"name\":\"Sand\u017eak PRESS\",\"description\":\"Prve elektronske novine u Sand\u017eaku\",\"publisher\":{\"@id\":\"https:\/\/sandzakpress.net\/arhiva\/#\/schema\/person\/6e72b67d6e51910a1117b3b483ba20bd\"},\"potentialAction\":[{\"@type\":\"SearchAction\",\"target\":{\"@type\":\"EntryPoint\",\"urlTemplate\":\"https:\/\/sandzakpress.net\/arhiva\/?s={search_term_string}\"},\"query-input\":{\"@type\":\"PropertyValueSpecification\",\"valueRequired\":true,\"valueName\":\"search_term_string\"}}],\"inLanguage\":\"bs-BA\"},{\"@type\":[\"Person\",\"Organization\"],\"@id\":\"https:\/\/sandzakpress.net\/arhiva\/#\/schema\/person\/6e72b67d6e51910a1117b3b483ba20bd\",\"name\":\"Kul\",\"image\":{\"@type\":\"ImageObject\",\"inLanguage\":\"bs-BA\",\"@id\":\"https:\/\/sandzakpress.net\/arhiva\/#\/schema\/person\/image\/\",\"url\":\"https:\/\/secure.gravatar.com\/avatar\/42263f39aa27ac04c43cab85c280eb2e?s=96&d=mm&r=pg\",\"contentUrl\":\"https:\/\/secure.gravatar.com\/avatar\/42263f39aa27ac04c43cab85c280eb2e?s=96&d=mm&r=pg\",\"caption\":\"Kul\"},\"logo\":{\"@id\":\"https:\/\/sandzakpress.net\/arhiva\/#\/schema\/person\/image\/\"}},{\"@type\":\"Person\",\"@id\":\"https:\/\/sandzakpress.net\/arhiva\/#\/schema\/person\/c8baee722073534b583ea7bdb2e36c02\",\"name\":\"bosniak\",\"image\":{\"@type\":\"ImageObject\",\"inLanguage\":\"bs-BA\",\"@id\":\"https:\/\/sandzakpress.net\/arhiva\/#\/schema\/person\/image\/\",\"url\":\"https:\/\/secure.gravatar.com\/avatar\/a04fd330bfe3a36a72a0ad4a6d89fca7?s=96&d=mm&r=pg\",\"contentUrl\":\"https:\/\/secure.gravatar.com\/avatar\/a04fd330bfe3a36a72a0ad4a6d89fca7?s=96&d=mm&r=pg\",\"caption\":\"bosniak\"},\"url\":\"https:\/\/sandzakpress.net\/arhiva\/author\/bosniak\/\"}]}<\/script>\n<!-- \/ Yoast SEO Premium plugin. -->","yoast_head_json":{"title":"Jasavi\u0107 se u Briselu sastala sa predstavnicima Bo\u0161nja\u010dkih udru\u017eenja","robots":{"index":"index","follow":"follow","max-snippet":"max-snippet:-1","max-image-preview":"max-image-preview:large","max-video-preview":"max-video-preview:-1"},"canonical":"https:\/\/sandzakpress.net\/arhiva\/jasavic-se-u-briselu-sastala-sa-predstavnicima-bosnjackih-udruzenja\/","og_locale":"bs_BA","og_type":"article","og_title":"Jasavi\u0107 se u Briselu sastala sa predstavnicima Bo\u0161nja\u010dkih udru\u017eenja","og_description":"&nbsp; Sand\u017eak &#8211; Povodom sramne presude izre\u010dene od strane crnogorskog re\u017eimskog sudstva \u017ertvi genocidne policijske akcije \u201cLim\u201d Ibrahimu \u010ciki\u0107u, ju\u010der 02. decembra u Briselu odr\u017eana je radna sjednica na kojoj su prisustvovali Azra Jasavi\u0107 narodna poslanica u Parlamentu Crne Gore, predsjednici Bo\u0161nja\u010dke kulturne zajednice u Francuskoj i Belgiji: \u0160efadil Li\u010dina i Ned\u017ead \u0106eman. Prisutni su [&hellip;]","og_url":"https:\/\/sandzakpress.net\/arhiva\/jasavic-se-u-briselu-sastala-sa-predstavnicima-bosnjackih-udruzenja\/","og_site_name":"Sand\u017eak PRESS","article_published_time":"2014-12-04T14:38:56+00:00","article_modified_time":"2014-12-04T15:20:14+00:00","og_image":[{"width":614,"height":410,"url":"https:\/\/sandzakpress.net\/arhiva\/wp-content\/uploads\/2014\/12\/Brussels231.jpg","type":"image\/jpeg"}],"author":"bosniak","twitter_card":"summary_large_image","twitter_misc":{"Written by":"bosniak","Est. reading time":"1 minuta"},"schema":{"@context":"https:\/\/schema.org","@graph":[{"@type":"Article","@id":"https:\/\/sandzakpress.net\/arhiva\/jasavic-se-u-briselu-sastala-sa-predstavnicima-bosnjackih-udruzenja\/#article","isPartOf":{"@id":"https:\/\/sandzakpress.net\/arhiva\/jasavic-se-u-briselu-sastala-sa-predstavnicima-bosnjackih-udruzenja\/"},"author":{"name":"bosniak","@id":"https:\/\/sandzakpress.net\/arhiva\/#\/schema\/person\/c8baee722073534b583ea7bdb2e36c02"},"headline":"Jasavi\u0107 se u Briselu sastala sa predstavnicima Bo\u0161nja\u010dkih udru\u017eenja","datePublished":"2014-12-04T14:38:56+00:00","dateModified":"2014-12-04T15:20:14+00:00","mainEntityOfPage":{"@id":"https:\/\/sandzakpress.net\/arhiva\/jasavic-se-u-briselu-sastala-sa-predstavnicima-bosnjackih-udruzenja\/"},"wordCount":290,"commentCount":1,"publisher":{"@id":"https:\/\/sandzakpress.net\/arhiva\/#\/schema\/person\/6e72b67d6e51910a1117b3b483ba20bd"},"image":{"@id":"https:\/\/sandzakpress.net\/arhiva\/jasavic-se-u-briselu-sastala-sa-predstavnicima-bosnjackih-udruzenja\/#primaryimage"},"thumbnailUrl":"https:\/\/sandzakpress.net\/arhiva\/wp-content\/uploads\/2014\/12\/Brussels231.jpg","articleSection":["Ro\u017eaje","Nacija","Berane","Petnjica","Bijelo Polje","Pljevlja","Plav","Gusinje","NAJNOVIJE","Novine"],"inLanguage":"bs-BA","potentialAction":[{"@type":"CommentAction","name":"Comment","target":["https:\/\/sandzakpress.net\/arhiva\/jasavic-se-u-briselu-sastala-sa-predstavnicima-bosnjackih-udruzenja\/#respond"]}]},{"@type":"WebPage","@id":"https:\/\/sandzakpress.net\/arhiva\/jasavic-se-u-briselu-sastala-sa-predstavnicima-bosnjackih-udruzenja\/","url":"https:\/\/sandzakpress.net\/arhiva\/jasavic-se-u-briselu-sastala-sa-predstavnicima-bosnjackih-udruzenja\/","name":"Jasavi\u0107 se u Briselu sastala sa predstavnicima Bo\u0161nja\u010dkih udru\u017eenja","isPartOf":{"@id":"https:\/\/sandzakpress.net\/arhiva\/#website"},"primaryImageOfPage":{"@id":"https:\/\/sandzakpress.net\/arhiva\/jasavic-se-u-briselu-sastala-sa-predstavnicima-bosnjackih-udruzenja\/#primaryimage"},"image":{"@id":"https:\/\/sandzakpress.net\/arhiva\/jasavic-se-u-briselu-sastala-sa-predstavnicima-bosnjackih-udruzenja\/#primaryimage"},"thumbnailUrl":"https:\/\/sandzakpress.net\/arhiva\/wp-content\/uploads\/2014\/12\/Brussels231.jpg","datePublished":"2014-12-04T14:38:56+00:00","dateModified":"2014-12-04T15:20:14+00:00","breadcrumb":{"@id":"https:\/\/sandzakpress.net\/arhiva\/jasavic-se-u-briselu-sastala-sa-predstavnicima-bosnjackih-udruzenja\/#breadcrumb"},"inLanguage":"bs-BA","potentialAction":[{"@type":"ReadAction","target":["https:\/\/sandzakpress.net\/arhiva\/jasavic-se-u-briselu-sastala-sa-predstavnicima-bosnjackih-udruzenja\/"]}]},{"@type":"ImageObject","inLanguage":"bs-BA","@id":"https:\/\/sandzakpress.net\/arhiva\/jasavic-se-u-briselu-sastala-sa-predstavnicima-bosnjackih-udruzenja\/#primaryimage","url":"https:\/\/sandzakpress.net\/arhiva\/wp-content\/uploads\/2014\/12\/Brussels231.jpg","contentUrl":"https:\/\/sandzakpress.net\/arhiva\/wp-content\/uploads\/2014\/12\/Brussels231.jpg","width":614,"height":410},{"@type":"BreadcrumbList","@id":"https:\/\/sandzakpress.net\/arhiva\/jasavic-se-u-briselu-sastala-sa-predstavnicima-bosnjackih-udruzenja\/#breadcrumb","itemListElement":[{"@type":"ListItem","position":1,"name":"Home","item":"https:\/\/sandzakpress.net\/arhiva\/"},{"@type":"ListItem","position":2,"name":"Jasavi\u0107 se u Briselu sastala sa predstavnicima Bo\u0161nja\u010dkih udru\u017eenja"}]},{"@type":"WebSite","@id":"https:\/\/sandzakpress.net\/arhiva\/#website","url":"https:\/\/sandzakpress.net\/arhiva\/","name":"Sand\u017eak PRESS","description":"Prve elektronske novine u Sand\u017eaku","publisher":{"@id":"https:\/\/sandzakpress.net\/arhiva\/#\/schema\/person\/6e72b67d6e51910a1117b3b483ba20bd"},"potentialAction":[{"@type":"SearchAction","target":{"@type":"EntryPoint","urlTemplate":"https:\/\/sandzakpress.net\/arhiva\/?s={search_term_string}"},"query-input":{"@type":"PropertyValueSpecification","valueRequired":true,"valueName":"search_term_string"}}],"inLanguage":"bs-BA"},{"@type":["Person","Organization"],"@id":"https:\/\/sandzakpress.net\/arhiva\/#\/schema\/person\/6e72b67d6e51910a1117b3b483ba20bd","name":"Kul","image":{"@type":"ImageObject","inLanguage":"bs-BA","@id":"https:\/\/sandzakpress.net\/arhiva\/#\/schema\/person\/image\/","url":"https:\/\/secure.gravatar.com\/avatar\/42263f39aa27ac04c43cab85c280eb2e?s=96&d=mm&r=pg","contentUrl":"https:\/\/secure.gravatar.com\/avatar\/42263f39aa27ac04c43cab85c280eb2e?s=96&d=mm&r=pg","caption":"Kul"},"logo":{"@id":"https:\/\/sandzakpress.net\/arhiva\/#\/schema\/person\/image\/"}},{"@type":"Person","@id":"https:\/\/sandzakpress.net\/arhiva\/#\/schema\/person\/c8baee722073534b583ea7bdb2e36c02","name":"bosniak","image":{"@type":"ImageObject","inLanguage":"bs-BA","@id":"https:\/\/sandzakpress.net\/arhiva\/#\/schema\/person\/image\/","url":"https:\/\/secure.gravatar.com\/avatar\/a04fd330bfe3a36a72a0ad4a6d89fca7?s=96&d=mm&r=pg","contentUrl":"https:\/\/secure.gravatar.com\/avatar\/a04fd330bfe3a36a72a0ad4a6d89fca7?s=96&d=mm&r=pg","caption":"bosniak"},"url":"https:\/\/sandzakpress.net\/arhiva\/author\/bosniak\/"}]}},"_links":{"self":[{"href":"https:\/\/sandzakpress.net\/arhiva\/wp-json\/wp\/v2\/posts\/116128"}],"collection":[{"href":"https:\/\/sandzakpress.net\/arhiva\/wp-json\/wp\/v2\/posts"}],"about":[{"href":"https:\/\/sandzakpress.net\/arhiva\/wp-json\/wp\/v2\/types\/post"}],"author":[{"embeddable":true,"href":"https:\/\/sandzakpress.net\/arhiva\/wp-json\/wp\/v2\/users\/83"}],"replies":[{"embeddable":true,"href":"https:\/\/sandzakpress.net\/arhiva\/wp-json\/wp\/v2\/comments?post=116128"}],"version-history":[{"count":0,"href":"https:\/\/sandzakpress.net\/arhiva\/wp-json\/wp\/v2\/posts\/116128\/revisions"}],"wp:featuredmedia":[{"embeddable":true,"href":"https:\/\/sandzakpress.net\/arhiva\/wp-json\/wp\/v2\/media\/116130"}],"wp:attachment":[{"href":"https:\/\/sandzakpress.net\/arhiva\/wp-json\/wp\/v2\/media?parent=116128"}],"wp:term":[{"taxonomy":"category","embeddable":true,"href":"https:\/\/sandzakpress.net\/arhiva\/wp-json\/wp\/v2\/categories?post=116128"},{"taxonomy":"post_tag","embeddable":true,"href":"https:\/\/sandzakpress.net\/arhiva\/wp-json\/wp\/v2\/tags?post=116128"}],"curies":[{"name":"wp","href":"https:\/\/api.w.org\/{rel}","templated":true}]}}