{"id":116013,"date":"2014-12-03T15:57:35","date_gmt":"2014-12-03T14:57:35","guid":{"rendered":"https:\/\/sandzakpress.net\/arhiva\/?p=116013"},"modified":"2014-12-03T15:57:35","modified_gmt":"2014-12-03T14:57:35","slug":"pljevlja-preventivne-mjere-od-opasnosti-od-poplava","status":"publish","type":"post","link":"https:\/\/sandzakpress.net\/arhiva\/pljevlja-preventivne-mjere-od-opasnosti-od-poplava\/","title":{"rendered":"Pljevlja: Preventivne mjere od opasnosti od poplava"},"content":{"rendered":"<p><a href=\"https:\/\/sandzakpress.net\/arhiva\/wp-content\/uploads\/2014\/12\/krizni-770x472.jpg\"><img loading=\"lazy\" decoding=\"async\" class=\"size-full wp-image-116014 aligncenter\" src=\"https:\/\/sandzakpress.net\/arhiva\/wp-content\/uploads\/2014\/12\/krizni-770x472.jpg\" alt=\"krizni-770x472\" width=\"616\" height=\"377\" \/><\/a><br \/>\n<strong>Pljevlja &#8211; Nakon \u0161to je odr\u017eana je sjednica kriznog \u0161taba na kojoj su pored predstavnika lokalne uprave i Slu\u017ebe za\u0161tite i spa\u0161avanja, prisustvovali predstavnici Vojske Crne, Policije i predstavnici privrednih subjekata izdato jaop\u0161tenje koje je potpisao predsjednik Op\u0161tine Mirko \u0110a\u010di\u0107. Saop\u0161tenje prenosimo u cjelosti<\/strong><\/p>\n<p>Povodom akcidentne situacije u vezi sa izlivanjem rijeke \u0106ehotine iz svog korita na potezu od mosta na magistralnom putu Pljevlja-\u017dabljak do naselja \u017didovi\u0107i, a na osnovu procjene opasnosti od nastanka tehni\u010dko-tehnolo\u0161ke \u0161tete ili\/i ugro\u017eavanja \u017eivota i zdravlja ljudi, uz saglasnost Ministarstva unutra\u0161njih poslova i javne uprave \u2013 Direktorat za vanredne situacije \u2013 Podru\u010dna jedinica Pljevlja, odre\u0111uje se preduzimanje slijede\u0107ih hitnih operativnih mjera:<\/p>\n<p>1.Hitno preduzeti preventivne mjere na kriti\u010dnim lokacijama.<br \/>\n2.Izvr\u0161iti interventnu nabavku 2000 komada d\u017eakova i odlo\u017eiti ih u magacin Slu\u017ebe za\u0161tite.<br \/>\n3.Obezbjediti 300 m3 pijeska ili sitnijeg tampona i staviti na raspolaganje Slu\u017ebi za\u0161tite i spa\u0161avanja op\u0161tine Pljevlja (materijal obezbjediti iz kamenoloma Otilovi\u0107i, Bu\u0161nje, sa lagera preduzetnika i stovari\u0161ta gradjevinskog materijala)<br \/>\n4.Obezbjediti i staviti na raspolaganje gradjevinsku mehanizaciju (bageri, utovariva\u010di, kombinovane ma\u0161ine) i kamioni za transport pijeska i eventualni rad ne terenu (mehanizaciju i kamione anga\u017eovati od strane DOO Lokalni putevi, \u010cisto\u0107a, Vodovod, Rudnik uglja, Vektra Jaki\u0107, Crnagoraput i ostalih privrednih dru\u0161tava i preduzetnika).<br \/>\n5.Obezbjediti dovoljan broj izvr\u0161ilaca za rad na terenu (punjenje d\u017eakova, izgradnja nasipa). Potrebno ljudstvo obezbjediti anga\u017eovanjem: Slu\u017ebe za\u0161tite op\u0161tine Pljevlja, a po potrebi pripadnika Vojske Crne Gore, Uprave policije, jedinica za za\u0161titu i spa\u0161avanje privrednih dru\u0161tava, drugih pravnih lica i preduzetnika, mje\u0161tana ugro\u017eenih podru\u010dja i dobrovoljaca.<br \/>\n6.Svakodnevno pratiti vodostaj na rijekama, jezerima, hidrolo\u0161kim objektima, akumulacijama, kao i hidrometorolo\u0161ke uslove.<br \/>\n7.Zdrav stvene ustanove (Dom zdravlja i Op\u0161ta bolnica Pljevlja) da stave na raspolaganje op\u0161tinskom timu za upravljanje u vanrednim situacijama sanitetsko vozilo i ekipu od tri \u010dlana (ljekar, tehni\u010dar i voza\u010d), a po potrebi i dodatna sanitetska vozila i ljudstvo.<br \/>\n8. Zadu\u017eiti lokalna sredstva informisanja da pravovremeno informi\u0161u javnost o stanju na terenu, potencijalnim opasnostima i preduzetim mjerama.<\/p>\n<p>(pvportal)<\/p>\n","protected":false},"excerpt":{"rendered":"<p>Pljevlja &#8211; Nakon \u0161to je odr\u017eana je sjednica kriznog \u0161taba na kojoj su pored predstavnika lokalne uprave i Slu\u017ebe za\u0161tite i spa\u0161avanja, prisustvovali predstavnici Vojske Crne, Policije i predstavnici privrednih subjekata izdato jaop\u0161tenje koje je potpisao predsjednik Op\u0161tine Mirko \u0110a\u010di\u0107. Saop\u0161tenje prenosimo u cjelosti Povodom akcidentne situacije u vezi sa izlivanjem rijeke \u0106ehotine iz svog [&hellip;]<\/p>\n","protected":false},"author":83,"featured_media":116014,"comment_status":"open","ping_status":"open","sticky":false,"template":"","format":"standard","meta":{"footnotes":""},"categories":[1,395,798],"tags":[],"class_list":{"0":"post-116013","1":"post","2":"type-post","3":"status-publish","4":"format-standard","5":"has-post-thumbnail","7":"category-politika","8":"category-pljevlja_","9":"category-teme"},"yoast_head":"<!-- This site is optimized with the Yoast SEO Premium plugin v23.1 (Yoast SEO v24.9) - https:\/\/yoast.com\/wordpress\/plugins\/seo\/ -->\n<title>Pljevlja: Preventivne mjere od opasnosti od poplava<\/title>\n<meta name=\"robots\" content=\"index, follow, max-snippet:-1, max-image-preview:large, max-video-preview:-1\" \/>\n<link rel=\"canonical\" href=\"https:\/\/sandzakpress.net\/arhiva\/pljevlja-preventivne-mjere-od-opasnosti-od-poplava\/\" \/>\n<meta property=\"og:locale\" content=\"bs_BA\" \/>\n<meta property=\"og:type\" content=\"article\" \/>\n<meta property=\"og:title\" content=\"Pljevlja: Preventivne mjere od opasnosti od poplava\" \/>\n<meta property=\"og:description\" content=\"Pljevlja &#8211; Nakon \u0161to je odr\u017eana je sjednica kriznog \u0161taba na kojoj su pored predstavnika lokalne uprave i Slu\u017ebe za\u0161tite i spa\u0161avanja, prisustvovali predstavnici Vojske Crne, Policije i predstavnici privrednih subjekata izdato jaop\u0161tenje koje je potpisao predsjednik Op\u0161tine Mirko \u0110a\u010di\u0107. Saop\u0161tenje prenosimo u cjelosti Povodom akcidentne situacije u vezi sa izlivanjem rijeke \u0106ehotine iz svog [&hellip;]\" \/>\n<meta property=\"og:url\" content=\"https:\/\/sandzakpress.net\/arhiva\/pljevlja-preventivne-mjere-od-opasnosti-od-poplava\/\" \/>\n<meta property=\"og:site_name\" content=\"Sand\u017eak PRESS\" \/>\n<meta property=\"article:published_time\" content=\"2014-12-03T14:57:35+00:00\" \/>\n<meta property=\"og:image\" content=\"https:\/\/sandzakpress.net\/arhiva\/wp-content\/uploads\/2014\/12\/krizni-770x472.jpg\" \/>\n\t<meta property=\"og:image:width\" content=\"616\" \/>\n\t<meta property=\"og:image:height\" content=\"377\" \/>\n\t<meta property=\"og:image:type\" content=\"image\/jpeg\" \/>\n<meta name=\"author\" content=\"bosniak\" \/>\n<meta name=\"twitter:card\" content=\"summary_large_image\" \/>\n<meta name=\"twitter:label1\" content=\"Written by\" \/>\n\t<meta name=\"twitter:data1\" content=\"bosniak\" \/>\n\t<meta name=\"twitter:label2\" content=\"Est. reading time\" \/>\n\t<meta name=\"twitter:data2\" content=\"2 minute\" \/>\n<script type=\"application\/ld+json\" class=\"yoast-schema-graph\">{\"@context\":\"https:\/\/schema.org\",\"@graph\":[{\"@type\":\"Article\",\"@id\":\"https:\/\/sandzakpress.net\/arhiva\/pljevlja-preventivne-mjere-od-opasnosti-od-poplava\/#article\",\"isPartOf\":{\"@id\":\"https:\/\/sandzakpress.net\/arhiva\/pljevlja-preventivne-mjere-od-opasnosti-od-poplava\/\"},\"author\":{\"name\":\"bosniak\",\"@id\":\"https:\/\/sandzakpress.net\/arhiva\/#\/schema\/person\/c8baee722073534b583ea7bdb2e36c02\"},\"headline\":\"Pljevlja: Preventivne mjere od opasnosti od poplava\",\"datePublished\":\"2014-12-03T14:57:35+00:00\",\"mainEntityOfPage\":{\"@id\":\"https:\/\/sandzakpress.net\/arhiva\/pljevlja-preventivne-mjere-od-opasnosti-od-poplava\/\"},\"wordCount\":374,\"commentCount\":0,\"publisher\":{\"@id\":\"https:\/\/sandzakpress.net\/arhiva\/#\/schema\/person\/6e72b67d6e51910a1117b3b483ba20bd\"},\"image\":{\"@id\":\"https:\/\/sandzakpress.net\/arhiva\/pljevlja-preventivne-mjere-od-opasnosti-od-poplava\/#primaryimage\"},\"thumbnailUrl\":\"https:\/\/sandzakpress.net\/arhiva\/wp-content\/uploads\/2014\/12\/krizni-770x472.jpg\",\"articleSection\":[\"Politika\",\"Pljevlja\",\"NAJNOVIJE\"],\"inLanguage\":\"bs-BA\",\"potentialAction\":[{\"@type\":\"CommentAction\",\"name\":\"Comment\",\"target\":[\"https:\/\/sandzakpress.net\/arhiva\/pljevlja-preventivne-mjere-od-opasnosti-od-poplava\/#respond\"]}]},{\"@type\":\"WebPage\",\"@id\":\"https:\/\/sandzakpress.net\/arhiva\/pljevlja-preventivne-mjere-od-opasnosti-od-poplava\/\",\"url\":\"https:\/\/sandzakpress.net\/arhiva\/pljevlja-preventivne-mjere-od-opasnosti-od-poplava\/\",\"name\":\"Pljevlja: Preventivne mjere od opasnosti od poplava\",\"isPartOf\":{\"@id\":\"https:\/\/sandzakpress.net\/arhiva\/#website\"},\"primaryImageOfPage\":{\"@id\":\"https:\/\/sandzakpress.net\/arhiva\/pljevlja-preventivne-mjere-od-opasnosti-od-poplava\/#primaryimage\"},\"image\":{\"@id\":\"https:\/\/sandzakpress.net\/arhiva\/pljevlja-preventivne-mjere-od-opasnosti-od-poplava\/#primaryimage\"},\"thumbnailUrl\":\"https:\/\/sandzakpress.net\/arhiva\/wp-content\/uploads\/2014\/12\/krizni-770x472.jpg\",\"datePublished\":\"2014-12-03T14:57:35+00:00\",\"breadcrumb\":{\"@id\":\"https:\/\/sandzakpress.net\/arhiva\/pljevlja-preventivne-mjere-od-opasnosti-od-poplava\/#breadcrumb\"},\"inLanguage\":\"bs-BA\",\"potentialAction\":[{\"@type\":\"ReadAction\",\"target\":[\"https:\/\/sandzakpress.net\/arhiva\/pljevlja-preventivne-mjere-od-opasnosti-od-poplava\/\"]}]},{\"@type\":\"ImageObject\",\"inLanguage\":\"bs-BA\",\"@id\":\"https:\/\/sandzakpress.net\/arhiva\/pljevlja-preventivne-mjere-od-opasnosti-od-poplava\/#primaryimage\",\"url\":\"https:\/\/sandzakpress.net\/arhiva\/wp-content\/uploads\/2014\/12\/krizni-770x472.jpg\",\"contentUrl\":\"https:\/\/sandzakpress.net\/arhiva\/wp-content\/uploads\/2014\/12\/krizni-770x472.jpg\",\"width\":616,\"height\":377},{\"@type\":\"BreadcrumbList\",\"@id\":\"https:\/\/sandzakpress.net\/arhiva\/pljevlja-preventivne-mjere-od-opasnosti-od-poplava\/#breadcrumb\",\"itemListElement\":[{\"@type\":\"ListItem\",\"position\":1,\"name\":\"Home\",\"item\":\"https:\/\/sandzakpress.net\/arhiva\/\"},{\"@type\":\"ListItem\",\"position\":2,\"name\":\"Pljevlja: Preventivne mjere od opasnosti od poplava\"}]},{\"@type\":\"WebSite\",\"@id\":\"https:\/\/sandzakpress.net\/arhiva\/#website\",\"url\":\"https:\/\/sandzakpress.net\/arhiva\/\",\"name\":\"Sand\u017eak PRESS\",\"description\":\"Prve elektronske novine u Sand\u017eaku\",\"publisher\":{\"@id\":\"https:\/\/sandzakpress.net\/arhiva\/#\/schema\/person\/6e72b67d6e51910a1117b3b483ba20bd\"},\"potentialAction\":[{\"@type\":\"SearchAction\",\"target\":{\"@type\":\"EntryPoint\",\"urlTemplate\":\"https:\/\/sandzakpress.net\/arhiva\/?s={search_term_string}\"},\"query-input\":{\"@type\":\"PropertyValueSpecification\",\"valueRequired\":true,\"valueName\":\"search_term_string\"}}],\"inLanguage\":\"bs-BA\"},{\"@type\":[\"Person\",\"Organization\"],\"@id\":\"https:\/\/sandzakpress.net\/arhiva\/#\/schema\/person\/6e72b67d6e51910a1117b3b483ba20bd\",\"name\":\"Kul\",\"image\":{\"@type\":\"ImageObject\",\"inLanguage\":\"bs-BA\",\"@id\":\"https:\/\/sandzakpress.net\/arhiva\/#\/schema\/person\/image\/\",\"url\":\"https:\/\/secure.gravatar.com\/avatar\/42263f39aa27ac04c43cab85c280eb2e?s=96&d=mm&r=pg\",\"contentUrl\":\"https:\/\/secure.gravatar.com\/avatar\/42263f39aa27ac04c43cab85c280eb2e?s=96&d=mm&r=pg\",\"caption\":\"Kul\"},\"logo\":{\"@id\":\"https:\/\/sandzakpress.net\/arhiva\/#\/schema\/person\/image\/\"}},{\"@type\":\"Person\",\"@id\":\"https:\/\/sandzakpress.net\/arhiva\/#\/schema\/person\/c8baee722073534b583ea7bdb2e36c02\",\"name\":\"bosniak\",\"image\":{\"@type\":\"ImageObject\",\"inLanguage\":\"bs-BA\",\"@id\":\"https:\/\/sandzakpress.net\/arhiva\/#\/schema\/person\/image\/\",\"url\":\"https:\/\/secure.gravatar.com\/avatar\/a04fd330bfe3a36a72a0ad4a6d89fca7?s=96&d=mm&r=pg\",\"contentUrl\":\"https:\/\/secure.gravatar.com\/avatar\/a04fd330bfe3a36a72a0ad4a6d89fca7?s=96&d=mm&r=pg\",\"caption\":\"bosniak\"},\"url\":\"https:\/\/sandzakpress.net\/arhiva\/author\/bosniak\/\"}]}<\/script>\n<!-- \/ Yoast SEO Premium plugin. -->","yoast_head_json":{"title":"Pljevlja: Preventivne mjere od opasnosti od poplava","robots":{"index":"index","follow":"follow","max-snippet":"max-snippet:-1","max-image-preview":"max-image-preview:large","max-video-preview":"max-video-preview:-1"},"canonical":"https:\/\/sandzakpress.net\/arhiva\/pljevlja-preventivne-mjere-od-opasnosti-od-poplava\/","og_locale":"bs_BA","og_type":"article","og_title":"Pljevlja: Preventivne mjere od opasnosti od poplava","og_description":"Pljevlja &#8211; Nakon \u0161to je odr\u017eana je sjednica kriznog \u0161taba na kojoj su pored predstavnika lokalne uprave i Slu\u017ebe za\u0161tite i spa\u0161avanja, prisustvovali predstavnici Vojske Crne, Policije i predstavnici privrednih subjekata izdato jaop\u0161tenje koje je potpisao predsjednik Op\u0161tine Mirko \u0110a\u010di\u0107. Saop\u0161tenje prenosimo u cjelosti Povodom akcidentne situacije u vezi sa izlivanjem rijeke \u0106ehotine iz svog [&hellip;]","og_url":"https:\/\/sandzakpress.net\/arhiva\/pljevlja-preventivne-mjere-od-opasnosti-od-poplava\/","og_site_name":"Sand\u017eak PRESS","article_published_time":"2014-12-03T14:57:35+00:00","og_image":[{"width":616,"height":377,"url":"https:\/\/sandzakpress.net\/arhiva\/wp-content\/uploads\/2014\/12\/krizni-770x472.jpg","type":"image\/jpeg"}],"author":"bosniak","twitter_card":"summary_large_image","twitter_misc":{"Written by":"bosniak","Est. reading time":"2 minute"},"schema":{"@context":"https:\/\/schema.org","@graph":[{"@type":"Article","@id":"https:\/\/sandzakpress.net\/arhiva\/pljevlja-preventivne-mjere-od-opasnosti-od-poplava\/#article","isPartOf":{"@id":"https:\/\/sandzakpress.net\/arhiva\/pljevlja-preventivne-mjere-od-opasnosti-od-poplava\/"},"author":{"name":"bosniak","@id":"https:\/\/sandzakpress.net\/arhiva\/#\/schema\/person\/c8baee722073534b583ea7bdb2e36c02"},"headline":"Pljevlja: Preventivne mjere od opasnosti od poplava","datePublished":"2014-12-03T14:57:35+00:00","mainEntityOfPage":{"@id":"https:\/\/sandzakpress.net\/arhiva\/pljevlja-preventivne-mjere-od-opasnosti-od-poplava\/"},"wordCount":374,"commentCount":0,"publisher":{"@id":"https:\/\/sandzakpress.net\/arhiva\/#\/schema\/person\/6e72b67d6e51910a1117b3b483ba20bd"},"image":{"@id":"https:\/\/sandzakpress.net\/arhiva\/pljevlja-preventivne-mjere-od-opasnosti-od-poplava\/#primaryimage"},"thumbnailUrl":"https:\/\/sandzakpress.net\/arhiva\/wp-content\/uploads\/2014\/12\/krizni-770x472.jpg","articleSection":["Politika","Pljevlja","NAJNOVIJE"],"inLanguage":"bs-BA","potentialAction":[{"@type":"CommentAction","name":"Comment","target":["https:\/\/sandzakpress.net\/arhiva\/pljevlja-preventivne-mjere-od-opasnosti-od-poplava\/#respond"]}]},{"@type":"WebPage","@id":"https:\/\/sandzakpress.net\/arhiva\/pljevlja-preventivne-mjere-od-opasnosti-od-poplava\/","url":"https:\/\/sandzakpress.net\/arhiva\/pljevlja-preventivne-mjere-od-opasnosti-od-poplava\/","name":"Pljevlja: Preventivne mjere od opasnosti od poplava","isPartOf":{"@id":"https:\/\/sandzakpress.net\/arhiva\/#website"},"primaryImageOfPage":{"@id":"https:\/\/sandzakpress.net\/arhiva\/pljevlja-preventivne-mjere-od-opasnosti-od-poplava\/#primaryimage"},"image":{"@id":"https:\/\/sandzakpress.net\/arhiva\/pljevlja-preventivne-mjere-od-opasnosti-od-poplava\/#primaryimage"},"thumbnailUrl":"https:\/\/sandzakpress.net\/arhiva\/wp-content\/uploads\/2014\/12\/krizni-770x472.jpg","datePublished":"2014-12-03T14:57:35+00:00","breadcrumb":{"@id":"https:\/\/sandzakpress.net\/arhiva\/pljevlja-preventivne-mjere-od-opasnosti-od-poplava\/#breadcrumb"},"inLanguage":"bs-BA","potentialAction":[{"@type":"ReadAction","target":["https:\/\/sandzakpress.net\/arhiva\/pljevlja-preventivne-mjere-od-opasnosti-od-poplava\/"]}]},{"@type":"ImageObject","inLanguage":"bs-BA","@id":"https:\/\/sandzakpress.net\/arhiva\/pljevlja-preventivne-mjere-od-opasnosti-od-poplava\/#primaryimage","url":"https:\/\/sandzakpress.net\/arhiva\/wp-content\/uploads\/2014\/12\/krizni-770x472.jpg","contentUrl":"https:\/\/sandzakpress.net\/arhiva\/wp-content\/uploads\/2014\/12\/krizni-770x472.jpg","width":616,"height":377},{"@type":"BreadcrumbList","@id":"https:\/\/sandzakpress.net\/arhiva\/pljevlja-preventivne-mjere-od-opasnosti-od-poplava\/#breadcrumb","itemListElement":[{"@type":"ListItem","position":1,"name":"Home","item":"https:\/\/sandzakpress.net\/arhiva\/"},{"@type":"ListItem","position":2,"name":"Pljevlja: Preventivne mjere od opasnosti od poplava"}]},{"@type":"WebSite","@id":"https:\/\/sandzakpress.net\/arhiva\/#website","url":"https:\/\/sandzakpress.net\/arhiva\/","name":"Sand\u017eak PRESS","description":"Prve elektronske novine u Sand\u017eaku","publisher":{"@id":"https:\/\/sandzakpress.net\/arhiva\/#\/schema\/person\/6e72b67d6e51910a1117b3b483ba20bd"},"potentialAction":[{"@type":"SearchAction","target":{"@type":"EntryPoint","urlTemplate":"https:\/\/sandzakpress.net\/arhiva\/?s={search_term_string}"},"query-input":{"@type":"PropertyValueSpecification","valueRequired":true,"valueName":"search_term_string"}}],"inLanguage":"bs-BA"},{"@type":["Person","Organization"],"@id":"https:\/\/sandzakpress.net\/arhiva\/#\/schema\/person\/6e72b67d6e51910a1117b3b483ba20bd","name":"Kul","image":{"@type":"ImageObject","inLanguage":"bs-BA","@id":"https:\/\/sandzakpress.net\/arhiva\/#\/schema\/person\/image\/","url":"https:\/\/secure.gravatar.com\/avatar\/42263f39aa27ac04c43cab85c280eb2e?s=96&d=mm&r=pg","contentUrl":"https:\/\/secure.gravatar.com\/avatar\/42263f39aa27ac04c43cab85c280eb2e?s=96&d=mm&r=pg","caption":"Kul"},"logo":{"@id":"https:\/\/sandzakpress.net\/arhiva\/#\/schema\/person\/image\/"}},{"@type":"Person","@id":"https:\/\/sandzakpress.net\/arhiva\/#\/schema\/person\/c8baee722073534b583ea7bdb2e36c02","name":"bosniak","image":{"@type":"ImageObject","inLanguage":"bs-BA","@id":"https:\/\/sandzakpress.net\/arhiva\/#\/schema\/person\/image\/","url":"https:\/\/secure.gravatar.com\/avatar\/a04fd330bfe3a36a72a0ad4a6d89fca7?s=96&d=mm&r=pg","contentUrl":"https:\/\/secure.gravatar.com\/avatar\/a04fd330bfe3a36a72a0ad4a6d89fca7?s=96&d=mm&r=pg","caption":"bosniak"},"url":"https:\/\/sandzakpress.net\/arhiva\/author\/bosniak\/"}]}},"_links":{"self":[{"href":"https:\/\/sandzakpress.net\/arhiva\/wp-json\/wp\/v2\/posts\/116013"}],"collection":[{"href":"https:\/\/sandzakpress.net\/arhiva\/wp-json\/wp\/v2\/posts"}],"about":[{"href":"https:\/\/sandzakpress.net\/arhiva\/wp-json\/wp\/v2\/types\/post"}],"author":[{"embeddable":true,"href":"https:\/\/sandzakpress.net\/arhiva\/wp-json\/wp\/v2\/users\/83"}],"replies":[{"embeddable":true,"href":"https:\/\/sandzakpress.net\/arhiva\/wp-json\/wp\/v2\/comments?post=116013"}],"version-history":[{"count":0,"href":"https:\/\/sandzakpress.net\/arhiva\/wp-json\/wp\/v2\/posts\/116013\/revisions"}],"wp:featuredmedia":[{"embeddable":true,"href":"https:\/\/sandzakpress.net\/arhiva\/wp-json\/wp\/v2\/media\/116014"}],"wp:attachment":[{"href":"https:\/\/sandzakpress.net\/arhiva\/wp-json\/wp\/v2\/media?parent=116013"}],"wp:term":[{"taxonomy":"category","embeddable":true,"href":"https:\/\/sandzakpress.net\/arhiva\/wp-json\/wp\/v2\/categories?post=116013"},{"taxonomy":"post_tag","embeddable":true,"href":"https:\/\/sandzakpress.net\/arhiva\/wp-json\/wp\/v2\/tags?post=116013"}],"curies":[{"name":"wp","href":"https:\/\/api.w.org\/{rel}","templated":true}]}}